{"id":436609,"date":"2026-04-08T09:47:17","date_gmt":"2026-04-08T12:47:17","guid":{"rendered":"https:\/\/portaltela.pt\/noticias\/2026\/04\/08\/edificio-transparente-vira-apoio-de-praia-e-nao-tera-espaco-para-escritorios\/"},"modified":"2026-04-08T09:47:17","modified_gmt":"2026-04-08T12:47:17","slug":"edificio-transparente-vira-apoio-de-praia-e-nao-tera-espaco-para-escritorios","status":"publish","type":"post","link":"https:\/\/portaltela.pt\/sociedade\/2026\/04\/08\/edificio-transparente-vira-apoio-de-praia-e-nao-tera-espaco-para-escritorios\/","title":{"rendered":"Edif\u00edcio Transparente vira apoio de praia e n\u00e3o ter\u00e1 espa\u00e7o para escrit\u00f3rios"},"content":{"rendered":"<p>O Edif\u00edcio Transparente dever\u00e1 sofrer uma demoli\u00e7\u00e3o parcial, abrindo espa\u00e7o para um apoio de praia. A iniciativa foi anunciada pelo presidente da C\u00e2mara do Porto, Pedro Duarte, nesta quarta-feira, com o contrato atual de ocupa\u00e7\u00e3o a terminar em junho. A autarquia afirma que a nova estrutura n\u00e3o ter\u00e1 \u00e1rea para escrit\u00f3rios.<\/p>\n<p>A interven\u00e7\u00e3o dever\u00e1 demolir dois pisos e manter apenas servi\u00e7os de apoio \u00e0 zona costeira, como restaurantes, esplanadas e, por exemplo, escolas de surf com armaz\u00e9ns. Os espa\u00e7os de coworking instalados em 2021 n\u00e3o ter\u00e3o continuidade na nova configura\u00e7\u00e3o.<\/p>\n<p>A C\u00e2mara do Porto compromete-se a apoiar os comerciantes afetados pela obra e a discutir solu\u00e7\u00f5es de relocaliza\u00e7\u00e3o. O objetivo \u00e9 evitar rupturas na atividade, garantindo que o prazo de ocupa\u00e7\u00e3o at\u00e9 junho seja cumprido.<\/p>\n<h3>Estrutura nova<\/h3>\n<p>O projeto integra o Plano da Orla Costeira Caminha-Espinho e prev\u00ea, em vez da demoli\u00e7\u00e3o total, uma interven\u00e7\u00e3o parcial. O foco \u00e9 eliminar a barreira entre o parque urbano e a praia, permitindo uma integra\u00e7\u00e3o diferente do espa\u00e7o.<\/p>\n<p>Para o presidente, a prioridade n\u00e3o \u00e9 preservar o edif\u00edcio em si, mas melhorar a rela\u00e7\u00e3o entre a cidade e o litoral, beneficiando visitantes e residentes. A autarquia diz que o projeto dever\u00e1 avan\u00e7ar no pr\u00f3ximo ano, ap\u00f3s consultas aos envolvidos.<\/p>\n","protected":false},"excerpt":{"rendered":"<ul>\n<li>O Edif\u00edcio Transparente sofrer\u00e1 demoli\u00e7\u00e3o parcial, demolindo dois pisos para se transformar num \u201capoio de praia\u201d e n\u00e3o num espa\u00e7o para escrit\u00f3rios.<\/li>\n<li>A C\u00e2mara do Porto, atrav\u00e9s do presidente Pedro Duarte, disse que est\u00e1 dispon\u00edvel para apoiar os comerciantes com espa\u00e7os alternativos, j\u00e1 que o contrato de concess\u00e3o termina em junho.<\/li>\n<li>O projeto, ainda sem data definida e sem consolidar, prev\u00ea apenas servi\u00e7os de apoio \u00e0 praia (restaurantes, esplanadas, escolas de surf), sem espa\u00e7os empresariais.<\/li>\n<li>Os espa\u00e7os de coworking e escrit\u00f3rios existentes n\u00e3o ter\u00e3o lugar na nova estrutura; o contrato foi renovado apenas por um ano para ponderar estas mudan\u00e7as.<\/li>\n<li>A interven\u00e7\u00e3o faz parte do Plano da Orla Costeira Caminha-Espinho e visa eliminar a barreira arquitet\u00f3nica entre o parque da cidade e a praia, permitindo uma integra\u00e7\u00e3o mais ampla para visitantes e portugueses.<\/li>\n<\/ul>\n","protected":false},"author":2,"featured_media":436615,"comment_status":"closed","ping_status":"closed","sticky":false,"template":"","format":"standard","meta":{"footnotes":""},"categories":[6725,6871],"tags":[244,45,3148,982,169,189],"class_list":["post-436609","post","type-post","status-publish","format-standard","has-post-thumbnail","hentry","category-meio-ambiente","category-sociedade","tag-comercio","tag-meio-ambiente","tag-planeamento-urbano","tag-porto","tag-turismo","tag-urbanismo"],"yoast_head":"<!-- This site is optimized with the Yoast SEO plugin v27.2 - https:\/\/yoast.com\/product\/yoast-seo-wordpress\/ -->\n<title>Edif\u00edcio Transparente vira apoio de praia e n\u00e3o ter\u00e1 espa\u00e7o para escrit\u00f3rios - Portal Tela Portugal<\/title>\n<meta name=\"robots\" content=\"index, follow, max-snippet:-1, max-image-preview:large, max-video-preview:-1\" \/>\n<meta property=\"og:locale\" content=\"pt_PT\" \/>\n<meta property=\"og:type\" content=\"article\" \/>\n<meta property=\"og:title\" content=\"Edif\u00edcio Transparente vira apoio de praia e n\u00e3o ter\u00e1 espa\u00e7o para escrit\u00f3rios - Portal Tela Portugal\" \/>\n<meta property=\"og:description\" content=\"O Edif\u00edcio Transparente sofrer\u00e1 demoli\u00e7\u00e3o parcial, demolindo dois pisos para se transformar num \u201capoio de praia\u201d e n\u00e3o num espa\u00e7o para escrit\u00f3rios. A C\u00e2mara do Porto, atrav\u00e9s do presidente Pedro Duarte, disse que est\u00e1 dispon\u00edvel para apoiar os comerciantes com espa\u00e7os alternativos, j\u00e1 que o contrato de concess\u00e3o termina em junho. O projeto, ainda sem data definida e sem consolidar, prev\u00ea apenas servi\u00e7os de apoio \u00e0 praia (restaurantes, esplanadas, escolas de surf), sem espa\u00e7os empresariais. Os espa\u00e7os de coworking e escrit\u00f3rios existentes n\u00e3o ter\u00e3o lugar na nova estrutura; o contrato foi renovado apenas por um ano para ponderar estas mudan\u00e7as. A interven\u00e7\u00e3o faz parte do Plano da Orla Costeira Caminha-Espinho e visa eliminar a barreira arquitet\u00f3nica entre o parque da cidade e a praia, permitindo uma integra\u00e7\u00e3o mais ampla para visitantes e portugueses.\" \/>\n<meta property=\"og:url\" content=\"https:\/\/portaltela.pt\/noticias\/2026\/04\/08\/edificio-transparente-vira-apoio-de-praia-e-nao-tera-espaco-para-escritorios\/\" \/>\n<meta property=\"og:site_name\" content=\"Portal Tela Portugal\" \/>\n<meta property=\"article:published_time\" content=\"2026-04-08T12:47:17+00:00\" \/>\n<meta name=\"author\" content=\"Telinha\" \/>\n<meta name=\"twitter:card\" content=\"summary_large_image\" \/>\n<meta name=\"twitter:label1\" content=\"Escrito por\" \/>\n\t<meta name=\"twitter:data1\" content=\"Telinha\" \/>\n\t<meta name=\"twitter:label2\" content=\"Tempo estimado de leitura\" \/>\n\t<meta name=\"twitter:data2\" content=\"1 minuto\" \/>\n<script type=\"application\/ld+json\" class=\"yoast-schema-graph\">{\"@context\":\"https:\/\/schema.org\",\"@graph\":[{\"@type\":\"Article\",\"@id\":\"https:\/\/portaltela.pt\/noticias\/2026\/04\/08\/edificio-transparente-vira-apoio-de-praia-e-nao-tera-espaco-para-escritorios\/#article\",\"isPartOf\":{\"@id\":\"https:\/\/portaltela.pt\/noticias\/2026\/04\/08\/edificio-transparente-vira-apoio-de-praia-e-nao-tera-espaco-para-escritorios\/\"},\"author\":{\"name\":\"Telinha\",\"@id\":\"https:\/\/portaltela.pt\/#\/schema\/person\/c4278d4a6028830caff9ee44b42d32ed\"},\"headline\":\"Edif\u00edcio Transparente vira apoio de praia e n\u00e3o ter\u00e1 espa\u00e7o para escrit\u00f3rios\",\"datePublished\":\"2026-04-08T12:47:17+00:00\",\"mainEntityOfPage\":{\"@id\":\"https:\/\/portaltela.pt\/noticias\/2026\/04\/08\/edificio-transparente-vira-apoio-de-praia-e-nao-tera-espaco-para-escritorios\/\"},\"wordCount\":245,\"image\":{\"@id\":\"https:\/\/portaltela.pt\/noticias\/2026\/04\/08\/edificio-transparente-vira-apoio-de-praia-e-nao-tera-espaco-para-escritorios\/#primaryimage\"},\"thumbnailUrl\":\"https:\/\/portaltela.pt\/s.01k8rhncp4jt1\/2026\/04\/9cc90fa6-b1f3-4e60-a92c-2acc1fcf61a1_1200x675.jpg\",\"keywords\":[\"com\u00e9rcio\",\"meio-ambiente\",\"planeamento urbano\",\"Porto\",\"turismo\",\"urbanismo\"],\"articleSection\":[\"Meio Ambiente\",\"Sociedade\"],\"inLanguage\":\"pt-PT\"},{\"@type\":\"WebPage\",\"@id\":\"https:\/\/portaltela.pt\/noticias\/2026\/04\/08\/edificio-transparente-vira-apoio-de-praia-e-nao-tera-espaco-para-escritorios\/\",\"url\":\"https:\/\/portaltela.pt\/noticias\/2026\/04\/08\/edificio-transparente-vira-apoio-de-praia-e-nao-tera-espaco-para-escritorios\/\",\"name\":\"Edif\u00edcio Transparente vira apoio de praia e n\u00e3o ter\u00e1 espa\u00e7o para escrit\u00f3rios - Portal Tela Portugal\",\"isPartOf\":{\"@id\":\"https:\/\/portaltela.pt\/#website\"},\"primaryImageOfPage\":{\"@id\":\"https:\/\/portaltela.pt\/noticias\/2026\/04\/08\/edificio-transparente-vira-apoio-de-praia-e-nao-tera-espaco-para-escritorios\/#primaryimage\"},\"image\":{\"@id\":\"https:\/\/portaltela.pt\/noticias\/2026\/04\/08\/edificio-transparente-vira-apoio-de-praia-e-nao-tera-espaco-para-escritorios\/#primaryimage\"},\"thumbnailUrl\":\"https:\/\/portaltela.pt\/s.01k8rhncp4jt1\/2026\/04\/9cc90fa6-b1f3-4e60-a92c-2acc1fcf61a1_1200x675.jpg\",\"datePublished\":\"2026-04-08T12:47:17+00:00\",\"author\":{\"@id\":\"https:\/\/portaltela.pt\/#\/schema\/person\/c4278d4a6028830caff9ee44b42d32ed\"},\"breadcrumb\":{\"@id\":\"https:\/\/portaltela.pt\/noticias\/2026\/04\/08\/edificio-transparente-vira-apoio-de-praia-e-nao-tera-espaco-para-escritorios\/#breadcrumb\"},\"inLanguage\":\"pt-PT\",\"potentialAction\":[{\"@type\":\"ReadAction\",\"target\":[\"https:\/\/portaltela.pt\/noticias\/2026\/04\/08\/edificio-transparente-vira-apoio-de-praia-e-nao-tera-espaco-para-escritorios\/\"]}]},{\"@type\":\"ImageObject\",\"inLanguage\":\"pt-PT\",\"@id\":\"https:\/\/portaltela.pt\/noticias\/2026\/04\/08\/edificio-transparente-vira-apoio-de-praia-e-nao-tera-espaco-para-escritorios\/#primaryimage\",\"url\":\"https:\/\/portaltela.pt\/s.01k8rhncp4jt1\/2026\/04\/9cc90fa6-b1f3-4e60-a92c-2acc1fcf61a1_1200x675.jpg\",\"contentUrl\":\"https:\/\/portaltela.pt\/s.01k8rhncp4jt1\/2026\/04\/9cc90fa6-b1f3-4e60-a92c-2acc1fcf61a1_1200x675.jpg\",\"width\":796,\"height\":448,\"caption\":\"Projeto para demolir parte do Edif\u00edcio Transparente dever\u00e1 avan\u00e7ar no pr\u00f3ximo ano\"},{\"@type\":\"BreadcrumbList\",\"@id\":\"https:\/\/portaltela.pt\/noticias\/2026\/04\/08\/edificio-transparente-vira-apoio-de-praia-e-nao-tera-espaco-para-escritorios\/#breadcrumb\",\"itemListElement\":[{\"@type\":\"ListItem\",\"position\":1,\"name\":\"In\u00edcio\",\"item\":\"https:\/\/portaltela.pt\/\"},{\"@type\":\"ListItem\",\"position\":2,\"name\":\"Edif\u00edcio Transparente vira apoio de praia e n\u00e3o ter\u00e1 espa\u00e7o para escrit\u00f3rios\"}]},{\"@type\":\"WebSite\",\"@id\":\"https:\/\/portaltela.pt\/#website\",\"url\":\"https:\/\/portaltela.pt\/\",\"name\":\"Portal Tela Portugal\",\"description\":\"\",\"potentialAction\":[{\"@type\":\"SearchAction\",\"target\":{\"@type\":\"EntryPoint\",\"urlTemplate\":\"https:\/\/portaltela.pt\/?s={search_term_string}\"},\"query-input\":{\"@type\":\"PropertyValueSpecification\",\"valueRequired\":true,\"valueName\":\"search_term_string\"}}],\"inLanguage\":\"pt-PT\"},{\"@type\":\"Person\",\"@id\":\"https:\/\/portaltela.pt\/#\/schema\/person\/c4278d4a6028830caff9ee44b42d32ed\",\"name\":\"Telinha\",\"image\":{\"@type\":\"ImageObject\",\"inLanguage\":\"pt-PT\",\"@id\":\"https:\/\/portaltela.pt\/s.01k8rhncp4jt1\/2025\/11\/talking-bot-125x125.png\",\"url\":\"https:\/\/portaltela.pt\/s.01k8rhncp4jt1\/2025\/11\/talking-bot-125x125.png\",\"contentUrl\":\"https:\/\/portaltela.pt\/s.01k8rhncp4jt1\/2025\/11\/talking-bot-125x125.png\",\"caption\":\"Telinha\"},\"sameAs\":[\"https:\/\/portaltela.pt\/\"],\"url\":\"https:\/\/portaltela.pt\/por\/367410592786\/\"}]}<\/script>\n<!-- \/ Yoast SEO plugin. -->","yoast_head_json":{"title":"Edif\u00edcio Transparente vira apoio de praia e n\u00e3o ter\u00e1 espa\u00e7o para escrit\u00f3rios - Portal Tela Portugal","robots":{"index":"index","follow":"follow","max-snippet":"max-snippet:-1","max-image-preview":"max-image-preview:large","max-video-preview":"max-video-preview:-1"},"og_locale":"pt_PT","og_type":"article","og_title":"Edif\u00edcio Transparente vira apoio de praia e n\u00e3o ter\u00e1 espa\u00e7o para escrit\u00f3rios - Portal Tela Portugal","og_description":"O Edif\u00edcio Transparente sofrer\u00e1 demoli\u00e7\u00e3o parcial, demolindo dois pisos para se transformar num \u201capoio de praia\u201d e n\u00e3o num espa\u00e7o para escrit\u00f3rios. A C\u00e2mara do Porto, atrav\u00e9s do presidente Pedro Duarte, disse que est\u00e1 dispon\u00edvel para apoiar os comerciantes com espa\u00e7os alternativos, j\u00e1 que o contrato de concess\u00e3o termina em junho. O projeto, ainda sem data definida e sem consolidar, prev\u00ea apenas servi\u00e7os de apoio \u00e0 praia (restaurantes, esplanadas, escolas de surf), sem espa\u00e7os empresariais. Os espa\u00e7os de coworking e escrit\u00f3rios existentes n\u00e3o ter\u00e3o lugar na nova estrutura; o contrato foi renovado apenas por um ano para ponderar estas mudan\u00e7as. A interven\u00e7\u00e3o faz parte do Plano da Orla Costeira Caminha-Espinho e visa eliminar a barreira arquitet\u00f3nica entre o parque da cidade e a praia, permitindo uma integra\u00e7\u00e3o mais ampla para visitantes e portugueses.","og_url":"https:\/\/portaltela.pt\/noticias\/2026\/04\/08\/edificio-transparente-vira-apoio-de-praia-e-nao-tera-espaco-para-escritorios\/","og_site_name":"Portal Tela Portugal","article_published_time":"2026-04-08T12:47:17+00:00","author":"Telinha","twitter_card":"summary_large_image","twitter_misc":{"Escrito por":"Telinha","Tempo estimado de leitura":"1 minuto"},"schema":{"@context":"https:\/\/schema.org","@graph":[{"@type":"Article","@id":"https:\/\/portaltela.pt\/noticias\/2026\/04\/08\/edificio-transparente-vira-apoio-de-praia-e-nao-tera-espaco-para-escritorios\/#article","isPartOf":{"@id":"https:\/\/portaltela.pt\/noticias\/2026\/04\/08\/edificio-transparente-vira-apoio-de-praia-e-nao-tera-espaco-para-escritorios\/"},"author":{"name":"Telinha","@id":"https:\/\/portaltela.pt\/#\/schema\/person\/c4278d4a6028830caff9ee44b42d32ed"},"headline":"Edif\u00edcio Transparente vira apoio de praia e n\u00e3o ter\u00e1 espa\u00e7o para escrit\u00f3rios","datePublished":"2026-04-08T12:47:17+00:00","mainEntityOfPage":{"@id":"https:\/\/portaltela.pt\/noticias\/2026\/04\/08\/edificio-transparente-vira-apoio-de-praia-e-nao-tera-espaco-para-escritorios\/"},"wordCount":245,"image":{"@id":"https:\/\/portaltela.pt\/noticias\/2026\/04\/08\/edificio-transparente-vira-apoio-de-praia-e-nao-tera-espaco-para-escritorios\/#primaryimage"},"thumbnailUrl":"https:\/\/portaltela.pt\/s.01k8rhncp4jt1\/2026\/04\/9cc90fa6-b1f3-4e60-a92c-2acc1fcf61a1_1200x675.jpg","keywords":["com\u00e9rcio","meio-ambiente","planeamento urbano","Porto","turismo","urbanismo"],"articleSection":["Meio Ambiente","Sociedade"],"inLanguage":"pt-PT"},{"@type":"WebPage","@id":"https:\/\/portaltela.pt\/noticias\/2026\/04\/08\/edificio-transparente-vira-apoio-de-praia-e-nao-tera-espaco-para-escritorios\/","url":"https:\/\/portaltela.pt\/noticias\/2026\/04\/08\/edificio-transparente-vira-apoio-de-praia-e-nao-tera-espaco-para-escritorios\/","name":"Edif\u00edcio Transparente vira apoio de praia e n\u00e3o ter\u00e1 espa\u00e7o para escrit\u00f3rios - Portal Tela Portugal","isPartOf":{"@id":"https:\/\/portaltela.pt\/#website"},"primaryImageOfPage":{"@id":"https:\/\/portaltela.pt\/noticias\/2026\/04\/08\/edificio-transparente-vira-apoio-de-praia-e-nao-tera-espaco-para-escritorios\/#primaryimage"},"image":{"@id":"https:\/\/portaltela.pt\/noticias\/2026\/04\/08\/edificio-transparente-vira-apoio-de-praia-e-nao-tera-espaco-para-escritorios\/#primaryimage"},"thumbnailUrl":"https:\/\/portaltela.pt\/s.01k8rhncp4jt1\/2026\/04\/9cc90fa6-b1f3-4e60-a92c-2acc1fcf61a1_1200x675.jpg","datePublished":"2026-04-08T12:47:17+00:00","author":{"@id":"https:\/\/portaltela.pt\/#\/schema\/person\/c4278d4a6028830caff9ee44b42d32ed"},"breadcrumb":{"@id":"https:\/\/portaltela.pt\/noticias\/2026\/04\/08\/edificio-transparente-vira-apoio-de-praia-e-nao-tera-espaco-para-escritorios\/#breadcrumb"},"inLanguage":"pt-PT","potentialAction":[{"@type":"ReadAction","target":["https:\/\/portaltela.pt\/noticias\/2026\/04\/08\/edificio-transparente-vira-apoio-de-praia-e-nao-tera-espaco-para-escritorios\/"]}]},{"@type":"ImageObject","inLanguage":"pt-PT","@id":"https:\/\/portaltela.pt\/noticias\/2026\/04\/08\/edificio-transparente-vira-apoio-de-praia-e-nao-tera-espaco-para-escritorios\/#primaryimage","url":"https:\/\/portaltela.pt\/s.01k8rhncp4jt1\/2026\/04\/9cc90fa6-b1f3-4e60-a92c-2acc1fcf61a1_1200x675.jpg","contentUrl":"https:\/\/portaltela.pt\/s.01k8rhncp4jt1\/2026\/04\/9cc90fa6-b1f3-4e60-a92c-2acc1fcf61a1_1200x675.jpg","width":796,"height":448,"caption":"Projeto para demolir parte do Edif\u00edcio Transparente dever\u00e1 avan\u00e7ar no pr\u00f3ximo ano"},{"@type":"BreadcrumbList","@id":"https:\/\/portaltela.pt\/noticias\/2026\/04\/08\/edificio-transparente-vira-apoio-de-praia-e-nao-tera-espaco-para-escritorios\/#breadcrumb","itemListElement":[{"@type":"ListItem","position":1,"name":"In\u00edcio","item":"https:\/\/portaltela.pt\/"},{"@type":"ListItem","position":2,"name":"Edif\u00edcio Transparente vira apoio de praia e n\u00e3o ter\u00e1 espa\u00e7o para escrit\u00f3rios"}]},{"@type":"WebSite","@id":"https:\/\/portaltela.pt\/#website","url":"https:\/\/portaltela.pt\/","name":"Portal Tela Portugal","description":"","potentialAction":[{"@type":"SearchAction","target":{"@type":"EntryPoint","urlTemplate":"https:\/\/portaltela.pt\/?s={search_term_string}"},"query-input":{"@type":"PropertyValueSpecification","valueRequired":true,"valueName":"search_term_string"}}],"inLanguage":"pt-PT"},{"@type":"Person","@id":"https:\/\/portaltela.pt\/#\/schema\/person\/c4278d4a6028830caff9ee44b42d32ed","name":"Telinha","image":{"@type":"ImageObject","inLanguage":"pt-PT","@id":"https:\/\/portaltela.pt\/s.01k8rhncp4jt1\/2025\/11\/talking-bot-125x125.png","url":"https:\/\/portaltela.pt\/s.01k8rhncp4jt1\/2025\/11\/talking-bot-125x125.png","contentUrl":"https:\/\/portaltela.pt\/s.01k8rhncp4jt1\/2025\/11\/talking-bot-125x125.png","caption":"Telinha"},"sameAs":["https:\/\/portaltela.pt\/"],"url":"https:\/\/portaltela.pt\/por\/367410592786\/"}]}},"_links":{"self":[{"href":"https:\/\/portaltela.pt\/api\/wp\/v2\/posts\/436609","targetHints":{"allow":["GET"]}}],"collection":[{"href":"https:\/\/portaltela.pt\/api\/wp\/v2\/posts"}],"about":[{"href":"https:\/\/portaltela.pt\/api\/wp\/v2\/types\/post"}],"author":[{"embeddable":true,"href":"https:\/\/portaltela.pt\/api\/wp\/v2\/users\/2"}],"replies":[{"embeddable":true,"href":"https:\/\/portaltela.pt\/api\/wp\/v2\/comments?post=436609"}],"version-history":[{"count":0,"href":"https:\/\/portaltela.pt\/api\/wp\/v2\/posts\/436609\/revisions"}],"wp:featuredmedia":[{"embeddable":true,"href":"https:\/\/portaltela.pt\/api\/wp\/v2\/media\/436615"}],"wp:attachment":[{"href":"https:\/\/portaltela.pt\/api\/wp\/v2\/media?parent=436609"}],"wp:term":[{"taxonomy":"category","embeddable":true,"href":"https:\/\/portaltela.pt\/api\/wp\/v2\/categories?post=436609"},{"taxonomy":"post_tag","embeddable":true,"href":"https:\/\/portaltela.pt\/api\/wp\/v2\/tags?post=436609"}],"curies":[{"name":"wp","href":"https:\/\/api.w.org\/{rel}","templated":true}]}}