{"id":436608,"date":"2026-04-08T09:47:16","date_gmt":"2026-04-08T12:47:16","guid":{"rendered":"https:\/\/portaltela.pt\/noticias\/2026\/04\/08\/fragata-portuguesa-parte-para-o-baltico-para-supervisionar-presenca-russa\/"},"modified":"2026-04-08T09:47:16","modified_gmt":"2026-04-08T12:47:16","slug":"fragata-portuguesa-parte-para-o-baltico-para-supervisionar-presenca-russa","status":"publish","type":"post","link":"https:\/\/portaltela.pt\/seguranca\/2026\/04\/08\/fragata-portuguesa-parte-para-o-baltico-para-supervisionar-presenca-russa\/","title":{"rendered":"Fragata portuguesa parte para o B\u00e1ltico para supervisionar presen\u00e7a russa"},"content":{"rendered":"<p>A fragata portuguesa NRP \u00c1lvares Cabral partiu de Lisboa na manh\u00e3 de quarta-feira, 8 de abril, com destino ao B\u00e1ltico. A miss\u00e3o integra o plano da NATO para controlar a presen\u00e7a russa na regi\u00e3o e assegurar a estabilidade europeia.<\/p>\n<p>A opera\u00e7\u00e3o envolve a Marinha Portuguesa, que envia a fragata, e a For\u00e7a A\u00e9rea, que j\u00e1 disponibilizou aeronaves de apoio. O objetivo \u00e9 monitorizar e acompanhar o aumento da atividade militar russa na \u00e1rea.<\/p>\n<p>Segundo o Minist\u00e9rio da Defesa, o movimento responde \u00e0 intensifica\u00e7\u00e3o de a\u00e7\u00f5es na regi\u00e3o do B\u00e1ltico, em contexto de tens\u00f5es com a R\u00fassia. A fragata dever\u00e1 permanecer no local durante v\u00e1rias semanas.<\/p>\n<h3>Cooperar com aliados<\/h3>\n<p>A miss\u00e3o prev\u00ea coopera\u00e7\u00e3o com for\u00e7as locais e internacionais, refor\u00e7ando a presen\u00e7a aliada no atl\u00e2ntico norte e a capacidade de resposta da Marinha Portuguesa. A opera\u00e7\u00e3o insere-se numa a\u00e7\u00e3o regional de vigil\u00e2ncia e manuten\u00e7\u00e3o da paz.<\/p>\n","protected":false},"excerpt":{"rendered":"<ul>\n<li>A fragata portuguesa NRP \u00c1lvares Cabral segue para o B\u00e1ltico, integrada num plano da NATO para monitorizar a presen\u00e7a russa nos tr\u00eas pa\u00edses da regi\u00e3o.<\/li>\n<li>A embarca\u00e7\u00e3o da Marinha Portuguesa partiu de lisboa na manh\u00e3 de quarta-feira, 8 de abril, e dever\u00e1 chegar ao destino em breve.<\/li>\n<li>A miss\u00e3o visa supervisionar a atividade militar russa na regi\u00e3o, visando garantir seguran\u00e7a e estabilidade no espa\u00e7o europeu.<\/li>\n<li>A For\u00e7a A\u00e9rea Portuguesa tamb\u00e9m se junta \u00e0 iniciativa, enviando aeronaves para apoiar a opera\u00e7\u00e3o.<\/li>\n<li>A fragata \u00c1lvares Cabral permanece no B\u00e1ltico durante v\u00e1rias semanas, trabalhando em coopera\u00e7\u00e3o com for\u00e7as locais e internacionais para vigil\u00e2ncia e manuten\u00e7\u00e3o da paz.<\/li>\n<\/ul>\n","protected":false},"author":2,"featured_media":436612,"comment_status":"closed","ping_status":"closed","sticky":false,"template":"","format":"standard","meta":{"footnotes":""},"categories":[6814,6779],"tags":[256,2487,4299,1779,4298,1014],"class_list":["post-436608","post","type-post","status-publish","format-standard","has-post-thumbnail","hentry","category-geopolitica","category-seguranca","tag-cooperacao-internacional","tag-europa","tag-forca-aerea","tag-forcas-armadas","tag-marinha","tag-portugal"],"yoast_head":"<!-- This site is optimized with the Yoast SEO plugin v27.2 - https:\/\/yoast.com\/product\/yoast-seo-wordpress\/ -->\n<title>Fragata portuguesa parte para o B\u00e1ltico para supervisionar presen\u00e7a russa - Portal Tela Portugal<\/title>\n<meta name=\"robots\" content=\"index, follow, max-snippet:-1, max-image-preview:large, max-video-preview:-1\" \/>\n<meta property=\"og:locale\" content=\"pt_PT\" \/>\n<meta property=\"og:type\" content=\"article\" \/>\n<meta property=\"og:title\" content=\"Fragata portuguesa parte para o B\u00e1ltico para supervisionar presen\u00e7a russa - Portal Tela Portugal\" \/>\n<meta property=\"og:description\" content=\"A fragata portuguesa NRP \u00c1lvares Cabral segue para o B\u00e1ltico, integrada num plano da NATO para monitorizar a presen\u00e7a russa nos tr\u00eas pa\u00edses da regi\u00e3o. A embarca\u00e7\u00e3o da Marinha Portuguesa partiu de lisboa na manh\u00e3 de quarta-feira, 8 de abril, e dever\u00e1 chegar ao destino em breve. A miss\u00e3o visa supervisionar a atividade militar russa na regi\u00e3o, visando garantir seguran\u00e7a e estabilidade no espa\u00e7o europeu. A For\u00e7a A\u00e9rea Portuguesa tamb\u00e9m se junta \u00e0 iniciativa, enviando aeronaves para apoiar a opera\u00e7\u00e3o. A fragata \u00c1lvares Cabral permanece no B\u00e1ltico durante v\u00e1rias semanas, trabalhando em coopera\u00e7\u00e3o com for\u00e7as locais e internacionais para vigil\u00e2ncia e manuten\u00e7\u00e3o da paz.\" \/>\n<meta property=\"og:url\" content=\"https:\/\/portaltela.pt\/noticias\/2026\/04\/08\/fragata-portuguesa-parte-para-o-baltico-para-supervisionar-presenca-russa\/\" \/>\n<meta property=\"og:site_name\" content=\"Portal Tela Portugal\" \/>\n<meta property=\"article:published_time\" content=\"2026-04-08T12:47:16+00:00\" \/>\n<meta name=\"author\" content=\"Telinha\" \/>\n<meta name=\"twitter:card\" content=\"summary_large_image\" \/>\n<meta name=\"twitter:label1\" content=\"Escrito por\" \/>\n\t<meta name=\"twitter:data1\" content=\"Telinha\" \/>\n\t<meta name=\"twitter:label2\" content=\"Tempo estimado de leitura\" \/>\n\t<meta name=\"twitter:data2\" content=\"1 minuto\" \/>\n<script type=\"application\/ld+json\" class=\"yoast-schema-graph\">{\"@context\":\"https:\/\/schema.org\",\"@graph\":[{\"@type\":\"Article\",\"@id\":\"https:\/\/portaltela.pt\/noticias\/2026\/04\/08\/fragata-portuguesa-parte-para-o-baltico-para-supervisionar-presenca-russa\/#article\",\"isPartOf\":{\"@id\":\"https:\/\/portaltela.pt\/noticias\/2026\/04\/08\/fragata-portuguesa-parte-para-o-baltico-para-supervisionar-presenca-russa\/\"},\"author\":{\"name\":\"Telinha\",\"@id\":\"https:\/\/portaltela.pt\/#\/schema\/person\/c4278d4a6028830caff9ee44b42d32ed\"},\"headline\":\"Fragata portuguesa parte para o B\u00e1ltico para supervisionar presen\u00e7a russa\",\"datePublished\":\"2026-04-08T12:47:16+00:00\",\"mainEntityOfPage\":{\"@id\":\"https:\/\/portaltela.pt\/noticias\/2026\/04\/08\/fragata-portuguesa-parte-para-o-baltico-para-supervisionar-presenca-russa\/\"},\"wordCount\":178,\"image\":{\"@id\":\"https:\/\/portaltela.pt\/noticias\/2026\/04\/08\/fragata-portuguesa-parte-para-o-baltico-para-supervisionar-presenca-russa\/#primaryimage\"},\"thumbnailUrl\":\"https:\/\/portaltela.pt\/s.01k8rhncp4jt1\/2026\/04\/img_1280x722uu2024-05-22-20-08-47-1662326.jpg\",\"keywords\":[\"coopera\u00e7\u00e3o internacional\",\"Europa\",\"For\u00e7a A\u00e9rea\",\"For\u00e7as Armadas\",\"Marinha\",\"Portugal\"],\"articleSection\":[\"Geopol\u00edtica\",\"Seguran\u00e7a\"],\"inLanguage\":\"pt-PT\"},{\"@type\":\"WebPage\",\"@id\":\"https:\/\/portaltela.pt\/noticias\/2026\/04\/08\/fragata-portuguesa-parte-para-o-baltico-para-supervisionar-presenca-russa\/\",\"url\":\"https:\/\/portaltela.pt\/noticias\/2026\/04\/08\/fragata-portuguesa-parte-para-o-baltico-para-supervisionar-presenca-russa\/\",\"name\":\"Fragata portuguesa parte para o B\u00e1ltico para supervisionar presen\u00e7a russa - Portal Tela Portugal\",\"isPartOf\":{\"@id\":\"https:\/\/portaltela.pt\/#website\"},\"primaryImageOfPage\":{\"@id\":\"https:\/\/portaltela.pt\/noticias\/2026\/04\/08\/fragata-portuguesa-parte-para-o-baltico-para-supervisionar-presenca-russa\/#primaryimage\"},\"image\":{\"@id\":\"https:\/\/portaltela.pt\/noticias\/2026\/04\/08\/fragata-portuguesa-parte-para-o-baltico-para-supervisionar-presenca-russa\/#primaryimage\"},\"thumbnailUrl\":\"https:\/\/portaltela.pt\/s.01k8rhncp4jt1\/2026\/04\/img_1280x722uu2024-05-22-20-08-47-1662326.jpg\",\"datePublished\":\"2026-04-08T12:47:16+00:00\",\"author\":{\"@id\":\"https:\/\/portaltela.pt\/#\/schema\/person\/c4278d4a6028830caff9ee44b42d32ed\"},\"breadcrumb\":{\"@id\":\"https:\/\/portaltela.pt\/noticias\/2026\/04\/08\/fragata-portuguesa-parte-para-o-baltico-para-supervisionar-presenca-russa\/#breadcrumb\"},\"inLanguage\":\"pt-PT\",\"potentialAction\":[{\"@type\":\"ReadAction\",\"target\":[\"https:\/\/portaltela.pt\/noticias\/2026\/04\/08\/fragata-portuguesa-parte-para-o-baltico-para-supervisionar-presenca-russa\/\"]}]},{\"@type\":\"ImageObject\",\"inLanguage\":\"pt-PT\",\"@id\":\"https:\/\/portaltela.pt\/noticias\/2026\/04\/08\/fragata-portuguesa-parte-para-o-baltico-para-supervisionar-presenca-russa\/#primaryimage\",\"url\":\"https:\/\/portaltela.pt\/s.01k8rhncp4jt1\/2026\/04\/img_1280x722uu2024-05-22-20-08-47-1662326.jpg\",\"contentUrl\":\"https:\/\/portaltela.pt\/s.01k8rhncp4jt1\/2026\/04\/img_1280x722uu2024-05-22-20-08-47-1662326.jpg\",\"width\":796,\"height\":448,\"caption\":\"Photo\"},{\"@type\":\"BreadcrumbList\",\"@id\":\"https:\/\/portaltela.pt\/noticias\/2026\/04\/08\/fragata-portuguesa-parte-para-o-baltico-para-supervisionar-presenca-russa\/#breadcrumb\",\"itemListElement\":[{\"@type\":\"ListItem\",\"position\":1,\"name\":\"In\u00edcio\",\"item\":\"https:\/\/portaltela.pt\/\"},{\"@type\":\"ListItem\",\"position\":2,\"name\":\"Fragata portuguesa parte para o B\u00e1ltico para supervisionar presen\u00e7a russa\"}]},{\"@type\":\"WebSite\",\"@id\":\"https:\/\/portaltela.pt\/#website\",\"url\":\"https:\/\/portaltela.pt\/\",\"name\":\"Portal Tela Portugal\",\"description\":\"\",\"potentialAction\":[{\"@type\":\"SearchAction\",\"target\":{\"@type\":\"EntryPoint\",\"urlTemplate\":\"https:\/\/portaltela.pt\/?s={search_term_string}\"},\"query-input\":{\"@type\":\"PropertyValueSpecification\",\"valueRequired\":true,\"valueName\":\"search_term_string\"}}],\"inLanguage\":\"pt-PT\"},{\"@type\":\"Person\",\"@id\":\"https:\/\/portaltela.pt\/#\/schema\/person\/c4278d4a6028830caff9ee44b42d32ed\",\"name\":\"Telinha\",\"image\":{\"@type\":\"ImageObject\",\"inLanguage\":\"pt-PT\",\"@id\":\"https:\/\/portaltela.pt\/s.01k8rhncp4jt1\/2025\/11\/talking-bot-125x125.png\",\"url\":\"https:\/\/portaltela.pt\/s.01k8rhncp4jt1\/2025\/11\/talking-bot-125x125.png\",\"contentUrl\":\"https:\/\/portaltela.pt\/s.01k8rhncp4jt1\/2025\/11\/talking-bot-125x125.png\",\"caption\":\"Telinha\"},\"sameAs\":[\"https:\/\/portaltela.pt\/\"],\"url\":\"https:\/\/portaltela.pt\/por\/367410592786\/\"}]}<\/script>\n<!-- \/ Yoast SEO plugin. -->","yoast_head_json":{"title":"Fragata portuguesa parte para o B\u00e1ltico para supervisionar presen\u00e7a russa - Portal Tela Portugal","robots":{"index":"index","follow":"follow","max-snippet":"max-snippet:-1","max-image-preview":"max-image-preview:large","max-video-preview":"max-video-preview:-1"},"og_locale":"pt_PT","og_type":"article","og_title":"Fragata portuguesa parte para o B\u00e1ltico para supervisionar presen\u00e7a russa - Portal Tela Portugal","og_description":"A fragata portuguesa NRP \u00c1lvares Cabral segue para o B\u00e1ltico, integrada num plano da NATO para monitorizar a presen\u00e7a russa nos tr\u00eas pa\u00edses da regi\u00e3o. A embarca\u00e7\u00e3o da Marinha Portuguesa partiu de lisboa na manh\u00e3 de quarta-feira, 8 de abril, e dever\u00e1 chegar ao destino em breve. A miss\u00e3o visa supervisionar a atividade militar russa na regi\u00e3o, visando garantir seguran\u00e7a e estabilidade no espa\u00e7o europeu. A For\u00e7a A\u00e9rea Portuguesa tamb\u00e9m se junta \u00e0 iniciativa, enviando aeronaves para apoiar a opera\u00e7\u00e3o. A fragata \u00c1lvares Cabral permanece no B\u00e1ltico durante v\u00e1rias semanas, trabalhando em coopera\u00e7\u00e3o com for\u00e7as locais e internacionais para vigil\u00e2ncia e manuten\u00e7\u00e3o da paz.","og_url":"https:\/\/portaltela.pt\/noticias\/2026\/04\/08\/fragata-portuguesa-parte-para-o-baltico-para-supervisionar-presenca-russa\/","og_site_name":"Portal Tela Portugal","article_published_time":"2026-04-08T12:47:16+00:00","author":"Telinha","twitter_card":"summary_large_image","twitter_misc":{"Escrito por":"Telinha","Tempo estimado de leitura":"1 minuto"},"schema":{"@context":"https:\/\/schema.org","@graph":[{"@type":"Article","@id":"https:\/\/portaltela.pt\/noticias\/2026\/04\/08\/fragata-portuguesa-parte-para-o-baltico-para-supervisionar-presenca-russa\/#article","isPartOf":{"@id":"https:\/\/portaltela.pt\/noticias\/2026\/04\/08\/fragata-portuguesa-parte-para-o-baltico-para-supervisionar-presenca-russa\/"},"author":{"name":"Telinha","@id":"https:\/\/portaltela.pt\/#\/schema\/person\/c4278d4a6028830caff9ee44b42d32ed"},"headline":"Fragata portuguesa parte para o B\u00e1ltico para supervisionar presen\u00e7a russa","datePublished":"2026-04-08T12:47:16+00:00","mainEntityOfPage":{"@id":"https:\/\/portaltela.pt\/noticias\/2026\/04\/08\/fragata-portuguesa-parte-para-o-baltico-para-supervisionar-presenca-russa\/"},"wordCount":178,"image":{"@id":"https:\/\/portaltela.pt\/noticias\/2026\/04\/08\/fragata-portuguesa-parte-para-o-baltico-para-supervisionar-presenca-russa\/#primaryimage"},"thumbnailUrl":"https:\/\/portaltela.pt\/s.01k8rhncp4jt1\/2026\/04\/img_1280x722uu2024-05-22-20-08-47-1662326.jpg","keywords":["coopera\u00e7\u00e3o internacional","Europa","For\u00e7a A\u00e9rea","For\u00e7as Armadas","Marinha","Portugal"],"articleSection":["Geopol\u00edtica","Seguran\u00e7a"],"inLanguage":"pt-PT"},{"@type":"WebPage","@id":"https:\/\/portaltela.pt\/noticias\/2026\/04\/08\/fragata-portuguesa-parte-para-o-baltico-para-supervisionar-presenca-russa\/","url":"https:\/\/portaltela.pt\/noticias\/2026\/04\/08\/fragata-portuguesa-parte-para-o-baltico-para-supervisionar-presenca-russa\/","name":"Fragata portuguesa parte para o B\u00e1ltico para supervisionar presen\u00e7a russa - Portal Tela Portugal","isPartOf":{"@id":"https:\/\/portaltela.pt\/#website"},"primaryImageOfPage":{"@id":"https:\/\/portaltela.pt\/noticias\/2026\/04\/08\/fragata-portuguesa-parte-para-o-baltico-para-supervisionar-presenca-russa\/#primaryimage"},"image":{"@id":"https:\/\/portaltela.pt\/noticias\/2026\/04\/08\/fragata-portuguesa-parte-para-o-baltico-para-supervisionar-presenca-russa\/#primaryimage"},"thumbnailUrl":"https:\/\/portaltela.pt\/s.01k8rhncp4jt1\/2026\/04\/img_1280x722uu2024-05-22-20-08-47-1662326.jpg","datePublished":"2026-04-08T12:47:16+00:00","author":{"@id":"https:\/\/portaltela.pt\/#\/schema\/person\/c4278d4a6028830caff9ee44b42d32ed"},"breadcrumb":{"@id":"https:\/\/portaltela.pt\/noticias\/2026\/04\/08\/fragata-portuguesa-parte-para-o-baltico-para-supervisionar-presenca-russa\/#breadcrumb"},"inLanguage":"pt-PT","potentialAction":[{"@type":"ReadAction","target":["https:\/\/portaltela.pt\/noticias\/2026\/04\/08\/fragata-portuguesa-parte-para-o-baltico-para-supervisionar-presenca-russa\/"]}]},{"@type":"ImageObject","inLanguage":"pt-PT","@id":"https:\/\/portaltela.pt\/noticias\/2026\/04\/08\/fragata-portuguesa-parte-para-o-baltico-para-supervisionar-presenca-russa\/#primaryimage","url":"https:\/\/portaltela.pt\/s.01k8rhncp4jt1\/2026\/04\/img_1280x722uu2024-05-22-20-08-47-1662326.jpg","contentUrl":"https:\/\/portaltela.pt\/s.01k8rhncp4jt1\/2026\/04\/img_1280x722uu2024-05-22-20-08-47-1662326.jpg","width":796,"height":448,"caption":"Photo"},{"@type":"BreadcrumbList","@id":"https:\/\/portaltela.pt\/noticias\/2026\/04\/08\/fragata-portuguesa-parte-para-o-baltico-para-supervisionar-presenca-russa\/#breadcrumb","itemListElement":[{"@type":"ListItem","position":1,"name":"In\u00edcio","item":"https:\/\/portaltela.pt\/"},{"@type":"ListItem","position":2,"name":"Fragata portuguesa parte para o B\u00e1ltico para supervisionar presen\u00e7a russa"}]},{"@type":"WebSite","@id":"https:\/\/portaltela.pt\/#website","url":"https:\/\/portaltela.pt\/","name":"Portal Tela Portugal","description":"","potentialAction":[{"@type":"SearchAction","target":{"@type":"EntryPoint","urlTemplate":"https:\/\/portaltela.pt\/?s={search_term_string}"},"query-input":{"@type":"PropertyValueSpecification","valueRequired":true,"valueName":"search_term_string"}}],"inLanguage":"pt-PT"},{"@type":"Person","@id":"https:\/\/portaltela.pt\/#\/schema\/person\/c4278d4a6028830caff9ee44b42d32ed","name":"Telinha","image":{"@type":"ImageObject","inLanguage":"pt-PT","@id":"https:\/\/portaltela.pt\/s.01k8rhncp4jt1\/2025\/11\/talking-bot-125x125.png","url":"https:\/\/portaltela.pt\/s.01k8rhncp4jt1\/2025\/11\/talking-bot-125x125.png","contentUrl":"https:\/\/portaltela.pt\/s.01k8rhncp4jt1\/2025\/11\/talking-bot-125x125.png","caption":"Telinha"},"sameAs":["https:\/\/portaltela.pt\/"],"url":"https:\/\/portaltela.pt\/por\/367410592786\/"}]}},"_links":{"self":[{"href":"https:\/\/portaltela.pt\/api\/wp\/v2\/posts\/436608","targetHints":{"allow":["GET"]}}],"collection":[{"href":"https:\/\/portaltela.pt\/api\/wp\/v2\/posts"}],"about":[{"href":"https:\/\/portaltela.pt\/api\/wp\/v2\/types\/post"}],"author":[{"embeddable":true,"href":"https:\/\/portaltela.pt\/api\/wp\/v2\/users\/2"}],"replies":[{"embeddable":true,"href":"https:\/\/portaltela.pt\/api\/wp\/v2\/comments?post=436608"}],"version-history":[{"count":0,"href":"https:\/\/portaltela.pt\/api\/wp\/v2\/posts\/436608\/revisions"}],"wp:featuredmedia":[{"embeddable":true,"href":"https:\/\/portaltela.pt\/api\/wp\/v2\/media\/436612"}],"wp:attachment":[{"href":"https:\/\/portaltela.pt\/api\/wp\/v2\/media?parent=436608"}],"wp:term":[{"taxonomy":"category","embeddable":true,"href":"https:\/\/portaltela.pt\/api\/wp\/v2\/categories?post=436608"},{"taxonomy":"post_tag","embeddable":true,"href":"https:\/\/portaltela.pt\/api\/wp\/v2\/tags?post=436608"}],"curies":[{"name":"wp","href":"https:\/\/api.w.org\/{rel}","templated":true}]}}