{"id":436593,"date":"2026-04-08T09:32:26","date_gmt":"2026-04-08T12:32:26","guid":{"rendered":"https:\/\/portaltela.pt\/noticias\/2026\/04\/08\/kahraman-eleito-o-melhor-medio-de-marco-na-2-a-liga\/"},"modified":"2026-04-08T09:32:26","modified_gmt":"2026-04-08T12:32:26","slug":"kahraman-eleito-o-melhor-medio-de-marco-na-2-a-liga","status":"publish","type":"post","link":"https:\/\/portaltela.pt\/desporto\/futebol\/2026\/04\/08\/kahraman-eleito-o-melhor-medio-de-marco-na-2-a-liga\/","title":{"rendered":"Kahraman eleito o melhor m\u00e9dio de mar\u00e7o na 2.\u00aa Liga"},"content":{"rendered":"<p>Cihan Kahraman, jogador do <strong>Acad\u00e9mico de Viseu<\/strong>, foi eleito o melhor m\u00e9dio da Liga Meu Super no m\u00eas de mar\u00e7o pela vota\u00e7\u00e3o dos treinadores da Liga Portugal. A confirma\u00e7\u00e3o foi feita nesta quarta-feira.<\/p>\n<p>O turco-alem\u00e3o, de 27 anos, atuou como titular nas quatro jornadas disputadas pelo conjunto de Viseu nesse per\u00edodo, conquistando tr\u00eas tentos e uma assist\u00eancia. Marcou dois golos frente ao Lusitano de Lourosa e um ao Leix\u00f5es.<\/p>\n<p>Na elei\u00e7\u00e3o, Kahraman superou <strong>M\u00f6rschel<\/strong>, do Vizela, e <strong>Carlos Daniel<\/strong>, do Mar\u00edtimo, recebendo a distin\u00e7\u00e3o pela primeira vez nesta temporada. A vota\u00e7\u00e3o foi promovida pelos treinadores principais da competi\u00e7\u00e3o.<\/p>\n","protected":false},"excerpt":{"rendered":"<ul>\n<li>Cihan Kahraman, do Ac. Viseu, foi eleito o melhor m\u00e9dio da Liga Meu Super no m\u00eas de mar\u00e7o.<\/li>\n<li>A escolha foi feita numa vota\u00e7\u00e3o realizada pelos treinadores principais da competi\u00e7\u00e3o.<\/li>\n<li>O jogador turco-alem\u00e3o, de 27 anos, foi titular nas quatro partidas do Viseu no per\u00edodo.<\/li>\n<li>Contribuiu com tr\u00eas golos (dois frente ao Lus. Lourosa e um frente ao Leix\u00f5es) e uma assist\u00eancia.<\/li>\n<li>Competiram pela distin\u00e7\u00e3o M\u00f6rschel, do Vizela, e Carlos Daniel, do Mar\u00edtimo.<\/li>\n<\/ul>\n","protected":false},"author":2,"featured_media":436598,"comment_status":"closed","ping_status":"closed","sticky":false,"template":"","format":"standard","meta":{"footnotes":""},"categories":[21,24],"tags":[7755,4175,32,1171,4317],"class_list":["post-436593","post","type-post","status-publish","format-standard","has-post-thumbnail","hentry","category-desporto","category-futebol","tag-_futebol","tag-2-a-liga","tag-futebol","tag-viseu","tag-vizela"],"yoast_head":"<!-- This site is optimized with the Yoast SEO plugin v27.2 - https:\/\/yoast.com\/product\/yoast-seo-wordpress\/ -->\n<title>Kahraman eleito o melhor m\u00e9dio de mar\u00e7o na 2.\u00aa Liga - Portal Tela Portugal<\/title>\n<meta name=\"robots\" content=\"index, follow, max-snippet:-1, max-image-preview:large, max-video-preview:-1\" \/>\n<meta property=\"og:locale\" content=\"pt_PT\" \/>\n<meta property=\"og:type\" content=\"article\" \/>\n<meta property=\"og:title\" content=\"Kahraman eleito o melhor m\u00e9dio de mar\u00e7o na 2.\u00aa Liga - Portal Tela Portugal\" \/>\n<meta property=\"og:description\" content=\"Cihan Kahraman, do Ac. Viseu, foi eleito o melhor m\u00e9dio da Liga Meu Super no m\u00eas de mar\u00e7o. A escolha foi feita numa vota\u00e7\u00e3o realizada pelos treinadores principais da competi\u00e7\u00e3o. O jogador turco-alem\u00e3o, de 27 anos, foi titular nas quatro partidas do Viseu no per\u00edodo. Contribuiu com tr\u00eas golos (dois frente ao Lus. Lourosa e um frente ao Leix\u00f5es) e uma assist\u00eancia. Competiram pela distin\u00e7\u00e3o M\u00f6rschel, do Vizela, e Carlos Daniel, do Mar\u00edtimo.\" \/>\n<meta property=\"og:url\" content=\"https:\/\/portaltela.pt\/noticias\/2026\/04\/08\/kahraman-eleito-o-melhor-medio-de-marco-na-2-a-liga\/\" \/>\n<meta property=\"og:site_name\" content=\"Portal Tela Portugal\" \/>\n<meta property=\"article:published_time\" content=\"2026-04-08T12:32:26+00:00\" \/>\n<meta name=\"author\" content=\"Telinha\" \/>\n<meta name=\"twitter:card\" content=\"summary_large_image\" \/>\n<meta name=\"twitter:label1\" content=\"Escrito por\" \/>\n\t<meta name=\"twitter:data1\" content=\"Telinha\" \/>\n\t<meta name=\"twitter:label2\" content=\"Tempo estimado de leitura\" \/>\n\t<meta name=\"twitter:data2\" content=\"1 minuto\" \/>\n<script type=\"application\/ld+json\" class=\"yoast-schema-graph\">{\"@context\":\"https:\/\/schema.org\",\"@graph\":[{\"@type\":\"Article\",\"@id\":\"https:\/\/portaltela.pt\/noticias\/2026\/04\/08\/kahraman-eleito-o-melhor-medio-de-marco-na-2-a-liga\/#article\",\"isPartOf\":{\"@id\":\"https:\/\/portaltela.pt\/noticias\/2026\/04\/08\/kahraman-eleito-o-melhor-medio-de-marco-na-2-a-liga\/\"},\"author\":{\"name\":\"Telinha\",\"@id\":\"https:\/\/portaltela.pt\/#\/schema\/person\/c4278d4a6028830caff9ee44b42d32ed\"},\"headline\":\"Kahraman eleito o melhor m\u00e9dio de mar\u00e7o na 2.\u00aa Liga\",\"datePublished\":\"2026-04-08T12:32:26+00:00\",\"mainEntityOfPage\":{\"@id\":\"https:\/\/portaltela.pt\/noticias\/2026\/04\/08\/kahraman-eleito-o-melhor-medio-de-marco-na-2-a-liga\/\"},\"wordCount\":125,\"image\":{\"@id\":\"https:\/\/portaltela.pt\/noticias\/2026\/04\/08\/kahraman-eleito-o-melhor-medio-de-marco-na-2-a-liga\/#primaryimage\"},\"thumbnailUrl\":\"https:\/\/portaltela.pt\/s.01k8rhncp4jt1\/2026\/04\/img_920x518uu2026-04-08-13-26-48-2431771.jpg\",\"keywords\":[\"_futebol\",\"2.\u00aa Liga\",\"futebol\",\"Viseu\",\"Vizela\"],\"articleSection\":[\"Desporto\",\"Futebol\"],\"inLanguage\":\"pt-PT\"},{\"@type\":\"WebPage\",\"@id\":\"https:\/\/portaltela.pt\/noticias\/2026\/04\/08\/kahraman-eleito-o-melhor-medio-de-marco-na-2-a-liga\/\",\"url\":\"https:\/\/portaltela.pt\/noticias\/2026\/04\/08\/kahraman-eleito-o-melhor-medio-de-marco-na-2-a-liga\/\",\"name\":\"Kahraman eleito o melhor m\u00e9dio de mar\u00e7o na 2.\u00aa Liga - Portal Tela Portugal\",\"isPartOf\":{\"@id\":\"https:\/\/portaltela.pt\/#website\"},\"primaryImageOfPage\":{\"@id\":\"https:\/\/portaltela.pt\/noticias\/2026\/04\/08\/kahraman-eleito-o-melhor-medio-de-marco-na-2-a-liga\/#primaryimage\"},\"image\":{\"@id\":\"https:\/\/portaltela.pt\/noticias\/2026\/04\/08\/kahraman-eleito-o-melhor-medio-de-marco-na-2-a-liga\/#primaryimage\"},\"thumbnailUrl\":\"https:\/\/portaltela.pt\/s.01k8rhncp4jt1\/2026\/04\/img_920x518uu2026-04-08-13-26-48-2431771.jpg\",\"datePublished\":\"2026-04-08T12:32:26+00:00\",\"author\":{\"@id\":\"https:\/\/portaltela.pt\/#\/schema\/person\/c4278d4a6028830caff9ee44b42d32ed\"},\"breadcrumb\":{\"@id\":\"https:\/\/portaltela.pt\/noticias\/2026\/04\/08\/kahraman-eleito-o-melhor-medio-de-marco-na-2-a-liga\/#breadcrumb\"},\"inLanguage\":\"pt-PT\",\"potentialAction\":[{\"@type\":\"ReadAction\",\"target\":[\"https:\/\/portaltela.pt\/noticias\/2026\/04\/08\/kahraman-eleito-o-melhor-medio-de-marco-na-2-a-liga\/\"]}]},{\"@type\":\"ImageObject\",\"inLanguage\":\"pt-PT\",\"@id\":\"https:\/\/portaltela.pt\/noticias\/2026\/04\/08\/kahraman-eleito-o-melhor-medio-de-marco-na-2-a-liga\/#primaryimage\",\"url\":\"https:\/\/portaltela.pt\/s.01k8rhncp4jt1\/2026\/04\/img_920x518uu2026-04-08-13-26-48-2431771.jpg\",\"contentUrl\":\"https:\/\/portaltela.pt\/s.01k8rhncp4jt1\/2026\/04\/img_920x518uu2026-04-08-13-26-48-2431771.jpg\",\"width\":796,\"height\":448,\"caption\":\"Kahraman eleito o melhor m\u00e9dio de mar\u00e7o da 2.\u00aa Liga\"},{\"@type\":\"BreadcrumbList\",\"@id\":\"https:\/\/portaltela.pt\/noticias\/2026\/04\/08\/kahraman-eleito-o-melhor-medio-de-marco-na-2-a-liga\/#breadcrumb\",\"itemListElement\":[{\"@type\":\"ListItem\",\"position\":1,\"name\":\"In\u00edcio\",\"item\":\"https:\/\/portaltela.pt\/\"},{\"@type\":\"ListItem\",\"position\":2,\"name\":\"Kahraman eleito o melhor m\u00e9dio de mar\u00e7o na 2.\u00aa Liga\"}]},{\"@type\":\"WebSite\",\"@id\":\"https:\/\/portaltela.pt\/#website\",\"url\":\"https:\/\/portaltela.pt\/\",\"name\":\"Portal Tela Portugal\",\"description\":\"\",\"potentialAction\":[{\"@type\":\"SearchAction\",\"target\":{\"@type\":\"EntryPoint\",\"urlTemplate\":\"https:\/\/portaltela.pt\/?s={search_term_string}\"},\"query-input\":{\"@type\":\"PropertyValueSpecification\",\"valueRequired\":true,\"valueName\":\"search_term_string\"}}],\"inLanguage\":\"pt-PT\"},{\"@type\":\"Person\",\"@id\":\"https:\/\/portaltela.pt\/#\/schema\/person\/c4278d4a6028830caff9ee44b42d32ed\",\"name\":\"Telinha\",\"image\":{\"@type\":\"ImageObject\",\"inLanguage\":\"pt-PT\",\"@id\":\"https:\/\/portaltela.pt\/s.01k8rhncp4jt1\/2025\/11\/talking-bot-125x125.png\",\"url\":\"https:\/\/portaltela.pt\/s.01k8rhncp4jt1\/2025\/11\/talking-bot-125x125.png\",\"contentUrl\":\"https:\/\/portaltela.pt\/s.01k8rhncp4jt1\/2025\/11\/talking-bot-125x125.png\",\"caption\":\"Telinha\"},\"sameAs\":[\"https:\/\/portaltela.pt\/\"],\"url\":\"https:\/\/portaltela.pt\/por\/367410592786\/\"}]}<\/script>\n<!-- \/ Yoast SEO plugin. -->","yoast_head_json":{"title":"Kahraman eleito o melhor m\u00e9dio de mar\u00e7o na 2.\u00aa Liga - Portal Tela Portugal","robots":{"index":"index","follow":"follow","max-snippet":"max-snippet:-1","max-image-preview":"max-image-preview:large","max-video-preview":"max-video-preview:-1"},"og_locale":"pt_PT","og_type":"article","og_title":"Kahraman eleito o melhor m\u00e9dio de mar\u00e7o na 2.\u00aa Liga - Portal Tela Portugal","og_description":"Cihan Kahraman, do Ac. Viseu, foi eleito o melhor m\u00e9dio da Liga Meu Super no m\u00eas de mar\u00e7o. A escolha foi feita numa vota\u00e7\u00e3o realizada pelos treinadores principais da competi\u00e7\u00e3o. O jogador turco-alem\u00e3o, de 27 anos, foi titular nas quatro partidas do Viseu no per\u00edodo. Contribuiu com tr\u00eas golos (dois frente ao Lus. Lourosa e um frente ao Leix\u00f5es) e uma assist\u00eancia. Competiram pela distin\u00e7\u00e3o M\u00f6rschel, do Vizela, e Carlos Daniel, do Mar\u00edtimo.","og_url":"https:\/\/portaltela.pt\/noticias\/2026\/04\/08\/kahraman-eleito-o-melhor-medio-de-marco-na-2-a-liga\/","og_site_name":"Portal Tela Portugal","article_published_time":"2026-04-08T12:32:26+00:00","author":"Telinha","twitter_card":"summary_large_image","twitter_misc":{"Escrito por":"Telinha","Tempo estimado de leitura":"1 minuto"},"schema":{"@context":"https:\/\/schema.org","@graph":[{"@type":"Article","@id":"https:\/\/portaltela.pt\/noticias\/2026\/04\/08\/kahraman-eleito-o-melhor-medio-de-marco-na-2-a-liga\/#article","isPartOf":{"@id":"https:\/\/portaltela.pt\/noticias\/2026\/04\/08\/kahraman-eleito-o-melhor-medio-de-marco-na-2-a-liga\/"},"author":{"name":"Telinha","@id":"https:\/\/portaltela.pt\/#\/schema\/person\/c4278d4a6028830caff9ee44b42d32ed"},"headline":"Kahraman eleito o melhor m\u00e9dio de mar\u00e7o na 2.\u00aa Liga","datePublished":"2026-04-08T12:32:26+00:00","mainEntityOfPage":{"@id":"https:\/\/portaltela.pt\/noticias\/2026\/04\/08\/kahraman-eleito-o-melhor-medio-de-marco-na-2-a-liga\/"},"wordCount":125,"image":{"@id":"https:\/\/portaltela.pt\/noticias\/2026\/04\/08\/kahraman-eleito-o-melhor-medio-de-marco-na-2-a-liga\/#primaryimage"},"thumbnailUrl":"https:\/\/portaltela.pt\/s.01k8rhncp4jt1\/2026\/04\/img_920x518uu2026-04-08-13-26-48-2431771.jpg","keywords":["_futebol","2.\u00aa Liga","futebol","Viseu","Vizela"],"articleSection":["Desporto","Futebol"],"inLanguage":"pt-PT"},{"@type":"WebPage","@id":"https:\/\/portaltela.pt\/noticias\/2026\/04\/08\/kahraman-eleito-o-melhor-medio-de-marco-na-2-a-liga\/","url":"https:\/\/portaltela.pt\/noticias\/2026\/04\/08\/kahraman-eleito-o-melhor-medio-de-marco-na-2-a-liga\/","name":"Kahraman eleito o melhor m\u00e9dio de mar\u00e7o na 2.\u00aa Liga - Portal Tela Portugal","isPartOf":{"@id":"https:\/\/portaltela.pt\/#website"},"primaryImageOfPage":{"@id":"https:\/\/portaltela.pt\/noticias\/2026\/04\/08\/kahraman-eleito-o-melhor-medio-de-marco-na-2-a-liga\/#primaryimage"},"image":{"@id":"https:\/\/portaltela.pt\/noticias\/2026\/04\/08\/kahraman-eleito-o-melhor-medio-de-marco-na-2-a-liga\/#primaryimage"},"thumbnailUrl":"https:\/\/portaltela.pt\/s.01k8rhncp4jt1\/2026\/04\/img_920x518uu2026-04-08-13-26-48-2431771.jpg","datePublished":"2026-04-08T12:32:26+00:00","author":{"@id":"https:\/\/portaltela.pt\/#\/schema\/person\/c4278d4a6028830caff9ee44b42d32ed"},"breadcrumb":{"@id":"https:\/\/portaltela.pt\/noticias\/2026\/04\/08\/kahraman-eleito-o-melhor-medio-de-marco-na-2-a-liga\/#breadcrumb"},"inLanguage":"pt-PT","potentialAction":[{"@type":"ReadAction","target":["https:\/\/portaltela.pt\/noticias\/2026\/04\/08\/kahraman-eleito-o-melhor-medio-de-marco-na-2-a-liga\/"]}]},{"@type":"ImageObject","inLanguage":"pt-PT","@id":"https:\/\/portaltela.pt\/noticias\/2026\/04\/08\/kahraman-eleito-o-melhor-medio-de-marco-na-2-a-liga\/#primaryimage","url":"https:\/\/portaltela.pt\/s.01k8rhncp4jt1\/2026\/04\/img_920x518uu2026-04-08-13-26-48-2431771.jpg","contentUrl":"https:\/\/portaltela.pt\/s.01k8rhncp4jt1\/2026\/04\/img_920x518uu2026-04-08-13-26-48-2431771.jpg","width":796,"height":448,"caption":"Kahraman eleito o melhor m\u00e9dio de mar\u00e7o da 2.\u00aa Liga"},{"@type":"BreadcrumbList","@id":"https:\/\/portaltela.pt\/noticias\/2026\/04\/08\/kahraman-eleito-o-melhor-medio-de-marco-na-2-a-liga\/#breadcrumb","itemListElement":[{"@type":"ListItem","position":1,"name":"In\u00edcio","item":"https:\/\/portaltela.pt\/"},{"@type":"ListItem","position":2,"name":"Kahraman eleito o melhor m\u00e9dio de mar\u00e7o na 2.\u00aa Liga"}]},{"@type":"WebSite","@id":"https:\/\/portaltela.pt\/#website","url":"https:\/\/portaltela.pt\/","name":"Portal Tela Portugal","description":"","potentialAction":[{"@type":"SearchAction","target":{"@type":"EntryPoint","urlTemplate":"https:\/\/portaltela.pt\/?s={search_term_string}"},"query-input":{"@type":"PropertyValueSpecification","valueRequired":true,"valueName":"search_term_string"}}],"inLanguage":"pt-PT"},{"@type":"Person","@id":"https:\/\/portaltela.pt\/#\/schema\/person\/c4278d4a6028830caff9ee44b42d32ed","name":"Telinha","image":{"@type":"ImageObject","inLanguage":"pt-PT","@id":"https:\/\/portaltela.pt\/s.01k8rhncp4jt1\/2025\/11\/talking-bot-125x125.png","url":"https:\/\/portaltela.pt\/s.01k8rhncp4jt1\/2025\/11\/talking-bot-125x125.png","contentUrl":"https:\/\/portaltela.pt\/s.01k8rhncp4jt1\/2025\/11\/talking-bot-125x125.png","caption":"Telinha"},"sameAs":["https:\/\/portaltela.pt\/"],"url":"https:\/\/portaltela.pt\/por\/367410592786\/"}]}},"_links":{"self":[{"href":"https:\/\/portaltela.pt\/api\/wp\/v2\/posts\/436593","targetHints":{"allow":["GET"]}}],"collection":[{"href":"https:\/\/portaltela.pt\/api\/wp\/v2\/posts"}],"about":[{"href":"https:\/\/portaltela.pt\/api\/wp\/v2\/types\/post"}],"author":[{"embeddable":true,"href":"https:\/\/portaltela.pt\/api\/wp\/v2\/users\/2"}],"replies":[{"embeddable":true,"href":"https:\/\/portaltela.pt\/api\/wp\/v2\/comments?post=436593"}],"version-history":[{"count":0,"href":"https:\/\/portaltela.pt\/api\/wp\/v2\/posts\/436593\/revisions"}],"wp:featuredmedia":[{"embeddable":true,"href":"https:\/\/portaltela.pt\/api\/wp\/v2\/media\/436598"}],"wp:attachment":[{"href":"https:\/\/portaltela.pt\/api\/wp\/v2\/media?parent=436593"}],"wp:term":[{"taxonomy":"category","embeddable":true,"href":"https:\/\/portaltela.pt\/api\/wp\/v2\/categories?post=436593"},{"taxonomy":"post_tag","embeddable":true,"href":"https:\/\/portaltela.pt\/api\/wp\/v2\/tags?post=436593"}],"curies":[{"name":"wp","href":"https:\/\/api.w.org\/{rel}","templated":true}]}}