{"id":436592,"date":"2026-04-08T09:32:25","date_gmt":"2026-04-08T12:32:25","guid":{"rendered":"https:\/\/portaltela.pt\/noticias\/2026\/04\/08\/psd-chega-e-ps-discutem-novas-vias-de-atrair-jovens-para-as-forcas-armadas\/"},"modified":"2026-04-08T09:32:25","modified_gmt":"2026-04-08T12:32:25","slug":"psd-chega-e-ps-discutem-novas-vias-de-atrair-jovens-para-as-forcas-armadas","status":"publish","type":"post","link":"https:\/\/portaltela.pt\/noticias\/politica\/2026\/04\/08\/psd-chega-e-ps-discutem-novas-vias-de-atrair-jovens-para-as-forcas-armadas\/","title":{"rendered":"PSD, Chega e PS discutem novas vias de atrair jovens para as For\u00e7as Armadas"},"content":{"rendered":"<p>O PSD, o Chega e o PS concordaram em debater novas formas de aproximar os jovens \u00e0s For\u00e7as Armadas. A discuss\u00e3o ocorreu nesta quarta-feira, na comiss\u00e3o de Defesa Nacional, em Lisboa. O foco \u00e9 avaliar o modelo atual do Dia da Defesa Nacional e explorar alternativas.<\/p>\n<p>Na reuni\u00e3o, o Chega apresentou uma proposta para transformar o Dia da Defesa Nacional numa Semana da Defesa Nacional, com dura\u00e7\u00e3o de pelo menos cinco dias \u00fateis, e permitir a inspe\u00e7\u00e3o militar dos convocados. O objetivo \u00e9 avaliar uma maior participa\u00e7\u00e3o c\u00edvico-militar.<\/p>\n<h3>Propostas em an\u00e1lise<\/h3>\n<p>Bruno Ventura, do PSD, disse que tanto o projeto do Chega como o do PS tratam de uma tem\u00e1tica importante para o partido, reconhecendo o potencial de um consenso sobre a rela\u00e7\u00e3o entre jovens e Defesa Nacional. O deputado sugeriu que o Chega ajuste a f\u00f3rmula para sugerir o estudo dessa altera\u00e7\u00e3o, em vez de uma mudan\u00e7a imediata.<\/p>\n<p>Lu\u00eds Dias, do PS, destacou que a discuss\u00e3o pode aproximar partidos, mas defende primeiro avaliar o impacto do atual Dia da Defesa Nacional, lembrando que o \u00faltimo estudo data de 2022. O parlamentar acrescentou que \u00e9 preciso base de dados para fundamentar pol\u00edticas p\u00fablicas.<\/p>\n<p>O presidente da comiss\u00e3o, Pedro Pessanha, lembrou que o projeto do PS ainda n\u00e3o tinha baixado \u00e0 comiss\u00e3o e sugeriu debater as duas iniciativas pela mesma via. O PSD indicou inten\u00e7\u00e3o de apresentar um conjunto de medidas sobre o tema na pr\u00f3xima semana, desde que haja consenso para tratar tudo na mesma sess\u00e3o.<\/p>\n<p>O grupo decidiu adiar a vota\u00e7\u00e3o das propostas para uma reuni\u00e3o posterior, para que os textos possam ser analisados em conjunto antes de serem apreciados em plen\u00e1rio. Este atraso visa permitir um debate mais alargado entre os partidos.<\/p>\n","protected":false},"excerpt":{"rendered":"<ul>\n<li>O PSD, Chega e PS discutiram, na comiss\u00e3o de Defesa Nacional, novas formas de aproximar os jovens \u00e0s For\u00e7as Armadas, analisando o modelo atual do Dia da Defesa Nacional.<\/li>\n<li>O Chega prop\u00f5e transformar o Dia da Defesa Nacional numa Semana da Defesa Nacional, com pelo menos cinco dias \u00fateis, incluindo uma chamada \u201cinspe\u00e7\u00e3o militar\u201d dos convocados.<\/li>\n<li>O PSD disse estar aberto a aceitar o projeto do Chega se este for alterado para sugerir estudar a mudan\u00e7a, em vez de j\u00e1 alterar a lei.<\/li>\n<li>O PS destacou a necessidade de avaliar o impacto do modelo atual (\u00faltimo estudo de 2022) antes de avan\u00e7ar, e alertou para evitar choques de compet\u00eancias entre \u00f3rg\u00e3os.<\/li>\n<li>Foi decidido adiar a vota\u00e7\u00e3o, para que as iniciativas do Chega e do PS possam ser discutidas na mesma reuni\u00e3o e votadas posteriormente em plen\u00e1rio.<\/li>\n<\/ul>\n","protected":false},"author":2,"featured_media":436599,"comment_status":"closed","ping_status":"closed","sticky":false,"template":"","format":"standard","meta":{"footnotes":""},"categories":[1,5],"tags":[1041,2336,1779,251,981,2832],"class_list":["post-436592","post","type-post","status-publish","format-standard","has-post-thumbnail","hentry","category-noticias","category-politica","tag-comissoes","tag-defesa-nacional","tag-forcas-armadas","tag-juventude","tag-lisboa","tag-politica"],"yoast_head":"<!-- This site is optimized with the Yoast SEO plugin v27.2 - https:\/\/yoast.com\/product\/yoast-seo-wordpress\/ -->\n<title>PSD, Chega e PS discutem novas vias de atrair jovens para as For\u00e7as Armadas - Portal Tela Portugal<\/title>\n<meta name=\"robots\" content=\"index, follow, max-snippet:-1, max-image-preview:large, max-video-preview:-1\" \/>\n<meta property=\"og:locale\" content=\"pt_PT\" \/>\n<meta property=\"og:type\" content=\"article\" \/>\n<meta property=\"og:title\" content=\"PSD, Chega e PS discutem novas vias de atrair jovens para as For\u00e7as Armadas - Portal Tela Portugal\" \/>\n<meta property=\"og:description\" content=\"O PSD, Chega e PS discutiram, na comiss\u00e3o de Defesa Nacional, novas formas de aproximar os jovens \u00e0s For\u00e7as Armadas, analisando o modelo atual do Dia da Defesa Nacional. O Chega prop\u00f5e transformar o Dia da Defesa Nacional numa Semana da Defesa Nacional, com pelo menos cinco dias \u00fateis, incluindo uma chamada \u201cinspe\u00e7\u00e3o militar\u201d dos convocados. O PSD disse estar aberto a aceitar o projeto do Chega se este for alterado para sugerir estudar a mudan\u00e7a, em vez de j\u00e1 alterar a lei. O PS destacou a necessidade de avaliar o impacto do modelo atual (\u00faltimo estudo de 2022) antes de avan\u00e7ar, e alertou para evitar choques de compet\u00eancias entre \u00f3rg\u00e3os. Foi decidido adiar a vota\u00e7\u00e3o, para que as iniciativas do Chega e do PS possam ser discutidas na mesma reuni\u00e3o e votadas posteriormente em plen\u00e1rio.\" \/>\n<meta property=\"og:url\" content=\"https:\/\/portaltela.pt\/noticias\/2026\/04\/08\/psd-chega-e-ps-discutem-novas-vias-de-atrair-jovens-para-as-forcas-armadas\/\" \/>\n<meta property=\"og:site_name\" content=\"Portal Tela Portugal\" \/>\n<meta property=\"article:published_time\" content=\"2026-04-08T12:32:25+00:00\" \/>\n<meta name=\"author\" content=\"Telinha\" \/>\n<meta name=\"twitter:card\" content=\"summary_large_image\" \/>\n<meta name=\"twitter:label1\" content=\"Escrito por\" \/>\n\t<meta name=\"twitter:data1\" content=\"Telinha\" \/>\n\t<meta name=\"twitter:label2\" content=\"Tempo estimado de leitura\" \/>\n\t<meta name=\"twitter:data2\" content=\"2 minutos\" \/>\n<script type=\"application\/ld+json\" class=\"yoast-schema-graph\">{\"@context\":\"https:\/\/schema.org\",\"@graph\":[{\"@type\":\"Article\",\"@id\":\"https:\/\/portaltela.pt\/noticias\/2026\/04\/08\/psd-chega-e-ps-discutem-novas-vias-de-atrair-jovens-para-as-forcas-armadas\/#article\",\"isPartOf\":{\"@id\":\"https:\/\/portaltela.pt\/noticias\/2026\/04\/08\/psd-chega-e-ps-discutem-novas-vias-de-atrair-jovens-para-as-forcas-armadas\/\"},\"author\":{\"name\":\"Telinha\",\"@id\":\"https:\/\/portaltela.pt\/#\/schema\/person\/c4278d4a6028830caff9ee44b42d32ed\"},\"headline\":\"PSD, Chega e PS discutem novas vias de atrair jovens para as For\u00e7as Armadas\",\"datePublished\":\"2026-04-08T12:32:25+00:00\",\"mainEntityOfPage\":{\"@id\":\"https:\/\/portaltela.pt\/noticias\/2026\/04\/08\/psd-chega-e-ps-discutem-novas-vias-de-atrair-jovens-para-as-forcas-armadas\/\"},\"wordCount\":321,\"image\":{\"@id\":\"https:\/\/portaltela.pt\/noticias\/2026\/04\/08\/psd-chega-e-ps-discutem-novas-vias-de-atrair-jovens-para-as-forcas-armadas\/#primaryimage\"},\"thumbnailUrl\":\"https:\/\/portaltela.pt\/s.01k8rhncp4jt1\/2026\/04\/img_1500x1000uu2019-01-08-14-33-12-811645.jpg\",\"keywords\":[\"comiss\u00f5es\",\"Defesa Nacional\",\"For\u00e7as Armadas\",\"juventude\",\"Lisboa\",\"pol\u00edtica\"],\"articleSection\":[\"Not\u00edcias\",\"Pol\u00edtica\"],\"inLanguage\":\"pt-PT\"},{\"@type\":\"WebPage\",\"@id\":\"https:\/\/portaltela.pt\/noticias\/2026\/04\/08\/psd-chega-e-ps-discutem-novas-vias-de-atrair-jovens-para-as-forcas-armadas\/\",\"url\":\"https:\/\/portaltela.pt\/noticias\/2026\/04\/08\/psd-chega-e-ps-discutem-novas-vias-de-atrair-jovens-para-as-forcas-armadas\/\",\"name\":\"PSD, Chega e PS discutem novas vias de atrair jovens para as For\u00e7as Armadas - Portal Tela Portugal\",\"isPartOf\":{\"@id\":\"https:\/\/portaltela.pt\/#website\"},\"primaryImageOfPage\":{\"@id\":\"https:\/\/portaltela.pt\/noticias\/2026\/04\/08\/psd-chega-e-ps-discutem-novas-vias-de-atrair-jovens-para-as-forcas-armadas\/#primaryimage\"},\"image\":{\"@id\":\"https:\/\/portaltela.pt\/noticias\/2026\/04\/08\/psd-chega-e-ps-discutem-novas-vias-de-atrair-jovens-para-as-forcas-armadas\/#primaryimage\"},\"thumbnailUrl\":\"https:\/\/portaltela.pt\/s.01k8rhncp4jt1\/2026\/04\/img_1500x1000uu2019-01-08-14-33-12-811645.jpg\",\"datePublished\":\"2026-04-08T12:32:25+00:00\",\"author\":{\"@id\":\"https:\/\/portaltela.pt\/#\/schema\/person\/c4278d4a6028830caff9ee44b42d32ed\"},\"breadcrumb\":{\"@id\":\"https:\/\/portaltela.pt\/noticias\/2026\/04\/08\/psd-chega-e-ps-discutem-novas-vias-de-atrair-jovens-para-as-forcas-armadas\/#breadcrumb\"},\"inLanguage\":\"pt-PT\",\"potentialAction\":[{\"@type\":\"ReadAction\",\"target\":[\"https:\/\/portaltela.pt\/noticias\/2026\/04\/08\/psd-chega-e-ps-discutem-novas-vias-de-atrair-jovens-para-as-forcas-armadas\/\"]}]},{\"@type\":\"ImageObject\",\"inLanguage\":\"pt-PT\",\"@id\":\"https:\/\/portaltela.pt\/noticias\/2026\/04\/08\/psd-chega-e-ps-discutem-novas-vias-de-atrair-jovens-para-as-forcas-armadas\/#primaryimage\",\"url\":\"https:\/\/portaltela.pt\/s.01k8rhncp4jt1\/2026\/04\/img_1500x1000uu2019-01-08-14-33-12-811645.jpg\",\"contentUrl\":\"https:\/\/portaltela.pt\/s.01k8rhncp4jt1\/2026\/04\/img_1500x1000uu2019-01-08-14-33-12-811645.jpg\",\"width\":796,\"height\":448,\"caption\":\"PSD, Chega e PS querem debater novas formas de aproxima\u00e7\u00e3o dos jovens \u00e0s For\u00e7as Armadas\"},{\"@type\":\"BreadcrumbList\",\"@id\":\"https:\/\/portaltela.pt\/noticias\/2026\/04\/08\/psd-chega-e-ps-discutem-novas-vias-de-atrair-jovens-para-as-forcas-armadas\/#breadcrumb\",\"itemListElement\":[{\"@type\":\"ListItem\",\"position\":1,\"name\":\"In\u00edcio\",\"item\":\"https:\/\/portaltela.pt\/\"},{\"@type\":\"ListItem\",\"position\":2,\"name\":\"PSD, Chega e PS discutem novas vias de atrair jovens para as For\u00e7as Armadas\"}]},{\"@type\":\"WebSite\",\"@id\":\"https:\/\/portaltela.pt\/#website\",\"url\":\"https:\/\/portaltela.pt\/\",\"name\":\"Portal Tela Portugal\",\"description\":\"\",\"potentialAction\":[{\"@type\":\"SearchAction\",\"target\":{\"@type\":\"EntryPoint\",\"urlTemplate\":\"https:\/\/portaltela.pt\/?s={search_term_string}\"},\"query-input\":{\"@type\":\"PropertyValueSpecification\",\"valueRequired\":true,\"valueName\":\"search_term_string\"}}],\"inLanguage\":\"pt-PT\"},{\"@type\":\"Person\",\"@id\":\"https:\/\/portaltela.pt\/#\/schema\/person\/c4278d4a6028830caff9ee44b42d32ed\",\"name\":\"Telinha\",\"image\":{\"@type\":\"ImageObject\",\"inLanguage\":\"pt-PT\",\"@id\":\"https:\/\/portaltela.pt\/s.01k8rhncp4jt1\/2025\/11\/talking-bot-125x125.png\",\"url\":\"https:\/\/portaltela.pt\/s.01k8rhncp4jt1\/2025\/11\/talking-bot-125x125.png\",\"contentUrl\":\"https:\/\/portaltela.pt\/s.01k8rhncp4jt1\/2025\/11\/talking-bot-125x125.png\",\"caption\":\"Telinha\"},\"sameAs\":[\"https:\/\/portaltela.pt\/\"],\"url\":\"https:\/\/portaltela.pt\/por\/367410592786\/\"}]}<\/script>\n<!-- \/ Yoast SEO plugin. -->","yoast_head_json":{"title":"PSD, Chega e PS discutem novas vias de atrair jovens para as For\u00e7as Armadas - Portal Tela Portugal","robots":{"index":"index","follow":"follow","max-snippet":"max-snippet:-1","max-image-preview":"max-image-preview:large","max-video-preview":"max-video-preview:-1"},"og_locale":"pt_PT","og_type":"article","og_title":"PSD, Chega e PS discutem novas vias de atrair jovens para as For\u00e7as Armadas - Portal Tela Portugal","og_description":"O PSD, Chega e PS discutiram, na comiss\u00e3o de Defesa Nacional, novas formas de aproximar os jovens \u00e0s For\u00e7as Armadas, analisando o modelo atual do Dia da Defesa Nacional. O Chega prop\u00f5e transformar o Dia da Defesa Nacional numa Semana da Defesa Nacional, com pelo menos cinco dias \u00fateis, incluindo uma chamada \u201cinspe\u00e7\u00e3o militar\u201d dos convocados. O PSD disse estar aberto a aceitar o projeto do Chega se este for alterado para sugerir estudar a mudan\u00e7a, em vez de j\u00e1 alterar a lei. O PS destacou a necessidade de avaliar o impacto do modelo atual (\u00faltimo estudo de 2022) antes de avan\u00e7ar, e alertou para evitar choques de compet\u00eancias entre \u00f3rg\u00e3os. Foi decidido adiar a vota\u00e7\u00e3o, para que as iniciativas do Chega e do PS possam ser discutidas na mesma reuni\u00e3o e votadas posteriormente em plen\u00e1rio.","og_url":"https:\/\/portaltela.pt\/noticias\/2026\/04\/08\/psd-chega-e-ps-discutem-novas-vias-de-atrair-jovens-para-as-forcas-armadas\/","og_site_name":"Portal Tela Portugal","article_published_time":"2026-04-08T12:32:25+00:00","author":"Telinha","twitter_card":"summary_large_image","twitter_misc":{"Escrito por":"Telinha","Tempo estimado de leitura":"2 minutos"},"schema":{"@context":"https:\/\/schema.org","@graph":[{"@type":"Article","@id":"https:\/\/portaltela.pt\/noticias\/2026\/04\/08\/psd-chega-e-ps-discutem-novas-vias-de-atrair-jovens-para-as-forcas-armadas\/#article","isPartOf":{"@id":"https:\/\/portaltela.pt\/noticias\/2026\/04\/08\/psd-chega-e-ps-discutem-novas-vias-de-atrair-jovens-para-as-forcas-armadas\/"},"author":{"name":"Telinha","@id":"https:\/\/portaltela.pt\/#\/schema\/person\/c4278d4a6028830caff9ee44b42d32ed"},"headline":"PSD, Chega e PS discutem novas vias de atrair jovens para as For\u00e7as Armadas","datePublished":"2026-04-08T12:32:25+00:00","mainEntityOfPage":{"@id":"https:\/\/portaltela.pt\/noticias\/2026\/04\/08\/psd-chega-e-ps-discutem-novas-vias-de-atrair-jovens-para-as-forcas-armadas\/"},"wordCount":321,"image":{"@id":"https:\/\/portaltela.pt\/noticias\/2026\/04\/08\/psd-chega-e-ps-discutem-novas-vias-de-atrair-jovens-para-as-forcas-armadas\/#primaryimage"},"thumbnailUrl":"https:\/\/portaltela.pt\/s.01k8rhncp4jt1\/2026\/04\/img_1500x1000uu2019-01-08-14-33-12-811645.jpg","keywords":["comiss\u00f5es","Defesa Nacional","For\u00e7as Armadas","juventude","Lisboa","pol\u00edtica"],"articleSection":["Not\u00edcias","Pol\u00edtica"],"inLanguage":"pt-PT"},{"@type":"WebPage","@id":"https:\/\/portaltela.pt\/noticias\/2026\/04\/08\/psd-chega-e-ps-discutem-novas-vias-de-atrair-jovens-para-as-forcas-armadas\/","url":"https:\/\/portaltela.pt\/noticias\/2026\/04\/08\/psd-chega-e-ps-discutem-novas-vias-de-atrair-jovens-para-as-forcas-armadas\/","name":"PSD, Chega e PS discutem novas vias de atrair jovens para as For\u00e7as Armadas - Portal Tela Portugal","isPartOf":{"@id":"https:\/\/portaltela.pt\/#website"},"primaryImageOfPage":{"@id":"https:\/\/portaltela.pt\/noticias\/2026\/04\/08\/psd-chega-e-ps-discutem-novas-vias-de-atrair-jovens-para-as-forcas-armadas\/#primaryimage"},"image":{"@id":"https:\/\/portaltela.pt\/noticias\/2026\/04\/08\/psd-chega-e-ps-discutem-novas-vias-de-atrair-jovens-para-as-forcas-armadas\/#primaryimage"},"thumbnailUrl":"https:\/\/portaltela.pt\/s.01k8rhncp4jt1\/2026\/04\/img_1500x1000uu2019-01-08-14-33-12-811645.jpg","datePublished":"2026-04-08T12:32:25+00:00","author":{"@id":"https:\/\/portaltela.pt\/#\/schema\/person\/c4278d4a6028830caff9ee44b42d32ed"},"breadcrumb":{"@id":"https:\/\/portaltela.pt\/noticias\/2026\/04\/08\/psd-chega-e-ps-discutem-novas-vias-de-atrair-jovens-para-as-forcas-armadas\/#breadcrumb"},"inLanguage":"pt-PT","potentialAction":[{"@type":"ReadAction","target":["https:\/\/portaltela.pt\/noticias\/2026\/04\/08\/psd-chega-e-ps-discutem-novas-vias-de-atrair-jovens-para-as-forcas-armadas\/"]}]},{"@type":"ImageObject","inLanguage":"pt-PT","@id":"https:\/\/portaltela.pt\/noticias\/2026\/04\/08\/psd-chega-e-ps-discutem-novas-vias-de-atrair-jovens-para-as-forcas-armadas\/#primaryimage","url":"https:\/\/portaltela.pt\/s.01k8rhncp4jt1\/2026\/04\/img_1500x1000uu2019-01-08-14-33-12-811645.jpg","contentUrl":"https:\/\/portaltela.pt\/s.01k8rhncp4jt1\/2026\/04\/img_1500x1000uu2019-01-08-14-33-12-811645.jpg","width":796,"height":448,"caption":"PSD, Chega e PS querem debater novas formas de aproxima\u00e7\u00e3o dos jovens \u00e0s For\u00e7as Armadas"},{"@type":"BreadcrumbList","@id":"https:\/\/portaltela.pt\/noticias\/2026\/04\/08\/psd-chega-e-ps-discutem-novas-vias-de-atrair-jovens-para-as-forcas-armadas\/#breadcrumb","itemListElement":[{"@type":"ListItem","position":1,"name":"In\u00edcio","item":"https:\/\/portaltela.pt\/"},{"@type":"ListItem","position":2,"name":"PSD, Chega e PS discutem novas vias de atrair jovens para as For\u00e7as Armadas"}]},{"@type":"WebSite","@id":"https:\/\/portaltela.pt\/#website","url":"https:\/\/portaltela.pt\/","name":"Portal Tela Portugal","description":"","potentialAction":[{"@type":"SearchAction","target":{"@type":"EntryPoint","urlTemplate":"https:\/\/portaltela.pt\/?s={search_term_string}"},"query-input":{"@type":"PropertyValueSpecification","valueRequired":true,"valueName":"search_term_string"}}],"inLanguage":"pt-PT"},{"@type":"Person","@id":"https:\/\/portaltela.pt\/#\/schema\/person\/c4278d4a6028830caff9ee44b42d32ed","name":"Telinha","image":{"@type":"ImageObject","inLanguage":"pt-PT","@id":"https:\/\/portaltela.pt\/s.01k8rhncp4jt1\/2025\/11\/talking-bot-125x125.png","url":"https:\/\/portaltela.pt\/s.01k8rhncp4jt1\/2025\/11\/talking-bot-125x125.png","contentUrl":"https:\/\/portaltela.pt\/s.01k8rhncp4jt1\/2025\/11\/talking-bot-125x125.png","caption":"Telinha"},"sameAs":["https:\/\/portaltela.pt\/"],"url":"https:\/\/portaltela.pt\/por\/367410592786\/"}]}},"_links":{"self":[{"href":"https:\/\/portaltela.pt\/api\/wp\/v2\/posts\/436592","targetHints":{"allow":["GET"]}}],"collection":[{"href":"https:\/\/portaltela.pt\/api\/wp\/v2\/posts"}],"about":[{"href":"https:\/\/portaltela.pt\/api\/wp\/v2\/types\/post"}],"author":[{"embeddable":true,"href":"https:\/\/portaltela.pt\/api\/wp\/v2\/users\/2"}],"replies":[{"embeddable":true,"href":"https:\/\/portaltela.pt\/api\/wp\/v2\/comments?post=436592"}],"version-history":[{"count":0,"href":"https:\/\/portaltela.pt\/api\/wp\/v2\/posts\/436592\/revisions"}],"wp:featuredmedia":[{"embeddable":true,"href":"https:\/\/portaltela.pt\/api\/wp\/v2\/media\/436599"}],"wp:attachment":[{"href":"https:\/\/portaltela.pt\/api\/wp\/v2\/media?parent=436592"}],"wp:term":[{"taxonomy":"category","embeddable":true,"href":"https:\/\/portaltela.pt\/api\/wp\/v2\/categories?post=436592"},{"taxonomy":"post_tag","embeddable":true,"href":"https:\/\/portaltela.pt\/api\/wp\/v2\/tags?post=436592"}],"curies":[{"name":"wp","href":"https:\/\/api.w.org\/{rel}","templated":true}]}}