{"id":436584,"date":"2026-04-08T09:32:23","date_gmt":"2026-04-08T12:32:23","guid":{"rendered":"https:\/\/portaltela.pt\/noticias\/2026\/04\/08\/confissao-de-torturas-na-terapia-de-conversao-e-revelada\/"},"modified":"2026-04-08T09:32:23","modified_gmt":"2026-04-08T12:32:23","slug":"confissao-de-torturas-na-terapia-de-conversao-e-revelada","status":"publish","type":"post","link":"https:\/\/portaltela.pt\/sociedade\/2026\/04\/08\/confissao-de-torturas-na-terapia-de-conversao-e-revelada\/","title":{"rendered":"Confiss\u00e3o de torturas na terapia de convers\u00e3o \u00e9 revelada"},"content":{"rendered":"<p>O relato descreve uma experi\u00eancia de terapias de convers\u00e3o sexual, apresentando-a como tortura psicol\u00f3gica. O testemunho busca alertar sobre os danos associados a estas pr\u00e1ticas, em particular em contextos religiosos.<\/p>\n<p>A narradora descreve que entrou num semin\u00e1rio em It\u00e1lia sem prever que se iria apaixonar por um homem. O desejo espiritual era visto como mais forte que a orienta\u00e7\u00e3o sexual, o que levou a julgamentos severos por parte do grupo de padres.<\/p>\n<p>Ap\u00f3s a descoberta da rela\u00e7\u00e3o com outro seminarista, foi sujeita a abusos que, diz, n\u00e3o sabe se o outro participante sobreviveu. O depoimento aponta para insultos, humilha\u00e7\u00f5es e exclus\u00e3o social, em ambiente religioso.<\/p>\n<p>Durante meses, afirma ter sido submetida a rituais de limpeza espiritual, incluindo encerramento numa pe\u00e7a escura, exorcismos e espancamentos. Houve ainda a simula\u00e7\u00e3o de um funeral como parte das supostas curas.<\/p>\n<p>\u00c9 explicado que a press\u00e3o para permanecer no semin\u00e1rio decorreu de uma convic\u00e7\u00e3o pessoal de que seria necess\u00e1rio curar um suposto mal. A sa\u00edda aconteceu alegadamente por expuls\u00e3o, tratada como um caso sem solu\u00e7\u00e3o.<\/p>\n<p>O testemunho descreve tentativas de terapias consideradas m\u00e9dicas, com identifica\u00e7\u00e3o de causas para a orienta\u00e7\u00e3o sexual, bem como uso de terapias aversivas. O relato inclui tentativas de suic\u00eddio, com a sensa\u00e7\u00e3o de isolamento extremo na altura.<\/p>\n<p>Numa fase de busca por ajuda, surgiu o telefone de apoio Telefono Amico Cevita, descrito como linha de apoio psicol\u00f3gico gratuita, que encaminhou a um grupo de apoio. A autora relata que a recupera\u00e7\u00e3o foi lenta e com reca\u00eddas, mas que recuperou o contacto com o pr\u00f3prio corpo.<\/p>\n<p>O texto encerra reiterando que as pessoas n\u00e3o devem passar por terapias de convers\u00e3o sexual, descritas como torturas. A narrativa aponta para uma persist\u00eancia de preju\u00edzos e para a import\u00e2ncia de apoio.<\/p>\n<p>Contexto e desdobramentos relatados indicam que, em v\u00e1rios pa\u00edses, estas pr\u00e1ticas j\u00e1 foram proibidas, com discuss\u00f5es em curso sobre a legalidade e a prote\u00e7\u00e3o de menores. As informa\u00e7\u00f5es s\u00e3o apresentadas sem afirma\u00e7\u00f5es n\u00e3o verificadas; fontes citadas incluem reportagens de refer\u00eancia.<\/p>\n","protected":false},"excerpt":{"rendered":"<ul>\n<li>Um homem que entrou para o semin\u00e1rio em It\u00e1lia revela ter-se apaixonado por um homem e ter sido sujeito a terapias de convers\u00e3o descritas como torturas, com exorcismos e rituais de \u201climpeza espiritual\u201d.<\/li>\n<li>Ap\u00f3s a rela\u00e7\u00e3o ser descoberta, sofreu insultos, humilha\u00e7\u00f5es, espancamentos e foi obrigado a assistir ao funeral imagin\u00e1rio do pr\u00f3prio ser, ficando isolado e sem saber se o outro seminarista sobreviveu.<\/li>\n<li>Saiu do semin\u00e1rio por ser considerado um \u201ccaso perdido\u201d e tentou terapias m\u00e9dicas para combater a orienta\u00e7\u00e3o, incluindo choques el\u00e9tricos e medica\u00e7\u00e3o que induzia v\u00f3mitos.<\/li>\n<li>Chegou a ponderar o suic\u00eddio, mas encontrou apoio gratuito atrav\u00e9s de uma linha de apoio psicol\u00f3gico e conseguiu voltar a sentir o corpo sem nojo de si.<\/li>\n<li>Alerta que fam\u00edlias n\u00e3o permitam que algu\u00e9m passe por estas terapias de convers\u00e3o, descrevendo-as como torturas e pedindo que sejam proibidas.<\/li>\n<\/ul>\n","protected":false},"author":2,"featured_media":436591,"comment_status":"closed","ping_status":"closed","sticky":false,"template":"","format":"standard","meta":{"footnotes":""},"categories":[6745,6871],"tags":[7076,2633,2249,104,939,2244],"class_list":["post-436584","post","type-post","status-publish","format-standard","has-post-thumbnail","hentry","category-saude","category-sociedade","tag-abuso-de-menores","tag-direitos-humanos","tag-psicologia","tag-religiao","tag-violencia","tag-violencia-psicologica"],"yoast_head":"<!-- This site is optimized with the Yoast SEO plugin v27.2 - https:\/\/yoast.com\/product\/yoast-seo-wordpress\/ -->\n<title>Confiss\u00e3o de torturas na terapia de convers\u00e3o \u00e9 revelada - Portal Tela Portugal<\/title>\n<meta name=\"robots\" content=\"index, follow, max-snippet:-1, max-image-preview:large, max-video-preview:-1\" \/>\n<meta property=\"og:locale\" content=\"pt_PT\" \/>\n<meta property=\"og:type\" content=\"article\" \/>\n<meta property=\"og:title\" content=\"Confiss\u00e3o de torturas na terapia de convers\u00e3o \u00e9 revelada - Portal Tela Portugal\" \/>\n<meta property=\"og:description\" content=\"Um homem que entrou para o semin\u00e1rio em It\u00e1lia revela ter-se apaixonado por um homem e ter sido sujeito a terapias de convers\u00e3o descritas como torturas, com exorcismos e rituais de \u201climpeza espiritual\u201d. Ap\u00f3s a rela\u00e7\u00e3o ser descoberta, sofreu insultos, humilha\u00e7\u00f5es, espancamentos e foi obrigado a assistir ao funeral imagin\u00e1rio do pr\u00f3prio ser, ficando isolado e sem saber se o outro seminarista sobreviveu. Saiu do semin\u00e1rio por ser considerado um \u201ccaso perdido\u201d e tentou terapias m\u00e9dicas para combater a orienta\u00e7\u00e3o, incluindo choques el\u00e9tricos e medica\u00e7\u00e3o que induzia v\u00f3mitos. Chegou a ponderar o suic\u00eddio, mas encontrou apoio gratuito atrav\u00e9s de uma linha de apoio psicol\u00f3gico e conseguiu voltar a sentir o corpo sem nojo de si. Alerta que fam\u00edlias n\u00e3o permitam que algu\u00e9m passe por estas terapias de convers\u00e3o, descrevendo-as como torturas e pedindo que sejam proibidas.\" \/>\n<meta property=\"og:url\" content=\"https:\/\/portaltela.pt\/noticias\/2026\/04\/08\/confissao-de-torturas-na-terapia-de-conversao-e-revelada\/\" \/>\n<meta property=\"og:site_name\" content=\"Portal Tela Portugal\" \/>\n<meta property=\"article:published_time\" content=\"2026-04-08T12:32:23+00:00\" \/>\n<meta name=\"author\" content=\"Telinha\" \/>\n<meta name=\"twitter:card\" content=\"summary_large_image\" \/>\n<meta name=\"twitter:label1\" content=\"Escrito por\" \/>\n\t<meta name=\"twitter:data1\" content=\"Telinha\" \/>\n\t<meta name=\"twitter:label2\" content=\"Tempo estimado de leitura\" \/>\n\t<meta name=\"twitter:data2\" content=\"2 minutos\" \/>\n<script type=\"application\/ld+json\" class=\"yoast-schema-graph\">{\"@context\":\"https:\/\/schema.org\",\"@graph\":[{\"@type\":\"Article\",\"@id\":\"https:\/\/portaltela.pt\/noticias\/2026\/04\/08\/confissao-de-torturas-na-terapia-de-conversao-e-revelada\/#article\",\"isPartOf\":{\"@id\":\"https:\/\/portaltela.pt\/noticias\/2026\/04\/08\/confissao-de-torturas-na-terapia-de-conversao-e-revelada\/\"},\"author\":{\"name\":\"Telinha\",\"@id\":\"https:\/\/portaltela.pt\/#\/schema\/person\/c4278d4a6028830caff9ee44b42d32ed\"},\"headline\":\"Confiss\u00e3o de torturas na terapia de convers\u00e3o \u00e9 revelada\",\"datePublished\":\"2026-04-08T12:32:23+00:00\",\"mainEntityOfPage\":{\"@id\":\"https:\/\/portaltela.pt\/noticias\/2026\/04\/08\/confissao-de-torturas-na-terapia-de-conversao-e-revelada\/\"},\"wordCount\":380,\"image\":{\"@id\":\"https:\/\/portaltela.pt\/noticias\/2026\/04\/08\/confissao-de-torturas-na-terapia-de-conversao-e-revelada\/#primaryimage\"},\"thumbnailUrl\":\"https:\/\/portaltela.pt\/s.01k8rhncp4jt1\/2026\/04\/1494894.jpg\",\"keywords\":[\"abuso de menores\",\"direitos humanos\",\"psicologia\",\"religi\u00e3o\",\"viol\u00eancia\",\"viol\u00eancia psicol\u00f3gica\"],\"articleSection\":[\"Sa\u00fade\",\"Sociedade\"],\"inLanguage\":\"pt-PT\"},{\"@type\":\"WebPage\",\"@id\":\"https:\/\/portaltela.pt\/noticias\/2026\/04\/08\/confissao-de-torturas-na-terapia-de-conversao-e-revelada\/\",\"url\":\"https:\/\/portaltela.pt\/noticias\/2026\/04\/08\/confissao-de-torturas-na-terapia-de-conversao-e-revelada\/\",\"name\":\"Confiss\u00e3o de torturas na terapia de convers\u00e3o \u00e9 revelada - Portal Tela Portugal\",\"isPartOf\":{\"@id\":\"https:\/\/portaltela.pt\/#website\"},\"primaryImageOfPage\":{\"@id\":\"https:\/\/portaltela.pt\/noticias\/2026\/04\/08\/confissao-de-torturas-na-terapia-de-conversao-e-revelada\/#primaryimage\"},\"image\":{\"@id\":\"https:\/\/portaltela.pt\/noticias\/2026\/04\/08\/confissao-de-torturas-na-terapia-de-conversao-e-revelada\/#primaryimage\"},\"thumbnailUrl\":\"https:\/\/portaltela.pt\/s.01k8rhncp4jt1\/2026\/04\/1494894.jpg\",\"datePublished\":\"2026-04-08T12:32:23+00:00\",\"author\":{\"@id\":\"https:\/\/portaltela.pt\/#\/schema\/person\/c4278d4a6028830caff9ee44b42d32ed\"},\"breadcrumb\":{\"@id\":\"https:\/\/portaltela.pt\/noticias\/2026\/04\/08\/confissao-de-torturas-na-terapia-de-conversao-e-revelada\/#breadcrumb\"},\"inLanguage\":\"pt-PT\",\"potentialAction\":[{\"@type\":\"ReadAction\",\"target\":[\"https:\/\/portaltela.pt\/noticias\/2026\/04\/08\/confissao-de-torturas-na-terapia-de-conversao-e-revelada\/\"]}]},{\"@type\":\"ImageObject\",\"inLanguage\":\"pt-PT\",\"@id\":\"https:\/\/portaltela.pt\/noticias\/2026\/04\/08\/confissao-de-torturas-na-terapia-de-conversao-e-revelada\/#primaryimage\",\"url\":\"https:\/\/portaltela.pt\/s.01k8rhncp4jt1\/2026\/04\/1494894.jpg\",\"contentUrl\":\"https:\/\/portaltela.pt\/s.01k8rhncp4jt1\/2026\/04\/1494894.jpg\",\"width\":796,\"height\":448,\"caption\":\"Cl\u00e1udia Lucas Ch\u00e9u\"},{\"@type\":\"BreadcrumbList\",\"@id\":\"https:\/\/portaltela.pt\/noticias\/2026\/04\/08\/confissao-de-torturas-na-terapia-de-conversao-e-revelada\/#breadcrumb\",\"itemListElement\":[{\"@type\":\"ListItem\",\"position\":1,\"name\":\"In\u00edcio\",\"item\":\"https:\/\/portaltela.pt\/\"},{\"@type\":\"ListItem\",\"position\":2,\"name\":\"Confiss\u00e3o de torturas na terapia de convers\u00e3o \u00e9 revelada\"}]},{\"@type\":\"WebSite\",\"@id\":\"https:\/\/portaltela.pt\/#website\",\"url\":\"https:\/\/portaltela.pt\/\",\"name\":\"Portal Tela Portugal\",\"description\":\"\",\"potentialAction\":[{\"@type\":\"SearchAction\",\"target\":{\"@type\":\"EntryPoint\",\"urlTemplate\":\"https:\/\/portaltela.pt\/?s={search_term_string}\"},\"query-input\":{\"@type\":\"PropertyValueSpecification\",\"valueRequired\":true,\"valueName\":\"search_term_string\"}}],\"inLanguage\":\"pt-PT\"},{\"@type\":\"Person\",\"@id\":\"https:\/\/portaltela.pt\/#\/schema\/person\/c4278d4a6028830caff9ee44b42d32ed\",\"name\":\"Telinha\",\"image\":{\"@type\":\"ImageObject\",\"inLanguage\":\"pt-PT\",\"@id\":\"https:\/\/portaltela.pt\/s.01k8rhncp4jt1\/2025\/11\/talking-bot-125x125.png\",\"url\":\"https:\/\/portaltela.pt\/s.01k8rhncp4jt1\/2025\/11\/talking-bot-125x125.png\",\"contentUrl\":\"https:\/\/portaltela.pt\/s.01k8rhncp4jt1\/2025\/11\/talking-bot-125x125.png\",\"caption\":\"Telinha\"},\"sameAs\":[\"https:\/\/portaltela.pt\/\"],\"url\":\"https:\/\/portaltela.pt\/por\/367410592786\/\"}]}<\/script>\n<!-- \/ Yoast SEO plugin. -->","yoast_head_json":{"title":"Confiss\u00e3o de torturas na terapia de convers\u00e3o \u00e9 revelada - Portal Tela Portugal","robots":{"index":"index","follow":"follow","max-snippet":"max-snippet:-1","max-image-preview":"max-image-preview:large","max-video-preview":"max-video-preview:-1"},"og_locale":"pt_PT","og_type":"article","og_title":"Confiss\u00e3o de torturas na terapia de convers\u00e3o \u00e9 revelada - Portal Tela Portugal","og_description":"Um homem que entrou para o semin\u00e1rio em It\u00e1lia revela ter-se apaixonado por um homem e ter sido sujeito a terapias de convers\u00e3o descritas como torturas, com exorcismos e rituais de \u201climpeza espiritual\u201d. Ap\u00f3s a rela\u00e7\u00e3o ser descoberta, sofreu insultos, humilha\u00e7\u00f5es, espancamentos e foi obrigado a assistir ao funeral imagin\u00e1rio do pr\u00f3prio ser, ficando isolado e sem saber se o outro seminarista sobreviveu. Saiu do semin\u00e1rio por ser considerado um \u201ccaso perdido\u201d e tentou terapias m\u00e9dicas para combater a orienta\u00e7\u00e3o, incluindo choques el\u00e9tricos e medica\u00e7\u00e3o que induzia v\u00f3mitos. Chegou a ponderar o suic\u00eddio, mas encontrou apoio gratuito atrav\u00e9s de uma linha de apoio psicol\u00f3gico e conseguiu voltar a sentir o corpo sem nojo de si. Alerta que fam\u00edlias n\u00e3o permitam que algu\u00e9m passe por estas terapias de convers\u00e3o, descrevendo-as como torturas e pedindo que sejam proibidas.","og_url":"https:\/\/portaltela.pt\/noticias\/2026\/04\/08\/confissao-de-torturas-na-terapia-de-conversao-e-revelada\/","og_site_name":"Portal Tela Portugal","article_published_time":"2026-04-08T12:32:23+00:00","author":"Telinha","twitter_card":"summary_large_image","twitter_misc":{"Escrito por":"Telinha","Tempo estimado de leitura":"2 minutos"},"schema":{"@context":"https:\/\/schema.org","@graph":[{"@type":"Article","@id":"https:\/\/portaltela.pt\/noticias\/2026\/04\/08\/confissao-de-torturas-na-terapia-de-conversao-e-revelada\/#article","isPartOf":{"@id":"https:\/\/portaltela.pt\/noticias\/2026\/04\/08\/confissao-de-torturas-na-terapia-de-conversao-e-revelada\/"},"author":{"name":"Telinha","@id":"https:\/\/portaltela.pt\/#\/schema\/person\/c4278d4a6028830caff9ee44b42d32ed"},"headline":"Confiss\u00e3o de torturas na terapia de convers\u00e3o \u00e9 revelada","datePublished":"2026-04-08T12:32:23+00:00","mainEntityOfPage":{"@id":"https:\/\/portaltela.pt\/noticias\/2026\/04\/08\/confissao-de-torturas-na-terapia-de-conversao-e-revelada\/"},"wordCount":380,"image":{"@id":"https:\/\/portaltela.pt\/noticias\/2026\/04\/08\/confissao-de-torturas-na-terapia-de-conversao-e-revelada\/#primaryimage"},"thumbnailUrl":"https:\/\/portaltela.pt\/s.01k8rhncp4jt1\/2026\/04\/1494894.jpg","keywords":["abuso de menores","direitos humanos","psicologia","religi\u00e3o","viol\u00eancia","viol\u00eancia psicol\u00f3gica"],"articleSection":["Sa\u00fade","Sociedade"],"inLanguage":"pt-PT"},{"@type":"WebPage","@id":"https:\/\/portaltela.pt\/noticias\/2026\/04\/08\/confissao-de-torturas-na-terapia-de-conversao-e-revelada\/","url":"https:\/\/portaltela.pt\/noticias\/2026\/04\/08\/confissao-de-torturas-na-terapia-de-conversao-e-revelada\/","name":"Confiss\u00e3o de torturas na terapia de convers\u00e3o \u00e9 revelada - Portal Tela Portugal","isPartOf":{"@id":"https:\/\/portaltela.pt\/#website"},"primaryImageOfPage":{"@id":"https:\/\/portaltela.pt\/noticias\/2026\/04\/08\/confissao-de-torturas-na-terapia-de-conversao-e-revelada\/#primaryimage"},"image":{"@id":"https:\/\/portaltela.pt\/noticias\/2026\/04\/08\/confissao-de-torturas-na-terapia-de-conversao-e-revelada\/#primaryimage"},"thumbnailUrl":"https:\/\/portaltela.pt\/s.01k8rhncp4jt1\/2026\/04\/1494894.jpg","datePublished":"2026-04-08T12:32:23+00:00","author":{"@id":"https:\/\/portaltela.pt\/#\/schema\/person\/c4278d4a6028830caff9ee44b42d32ed"},"breadcrumb":{"@id":"https:\/\/portaltela.pt\/noticias\/2026\/04\/08\/confissao-de-torturas-na-terapia-de-conversao-e-revelada\/#breadcrumb"},"inLanguage":"pt-PT","potentialAction":[{"@type":"ReadAction","target":["https:\/\/portaltela.pt\/noticias\/2026\/04\/08\/confissao-de-torturas-na-terapia-de-conversao-e-revelada\/"]}]},{"@type":"ImageObject","inLanguage":"pt-PT","@id":"https:\/\/portaltela.pt\/noticias\/2026\/04\/08\/confissao-de-torturas-na-terapia-de-conversao-e-revelada\/#primaryimage","url":"https:\/\/portaltela.pt\/s.01k8rhncp4jt1\/2026\/04\/1494894.jpg","contentUrl":"https:\/\/portaltela.pt\/s.01k8rhncp4jt1\/2026\/04\/1494894.jpg","width":796,"height":448,"caption":"Cl\u00e1udia Lucas Ch\u00e9u"},{"@type":"BreadcrumbList","@id":"https:\/\/portaltela.pt\/noticias\/2026\/04\/08\/confissao-de-torturas-na-terapia-de-conversao-e-revelada\/#breadcrumb","itemListElement":[{"@type":"ListItem","position":1,"name":"In\u00edcio","item":"https:\/\/portaltela.pt\/"},{"@type":"ListItem","position":2,"name":"Confiss\u00e3o de torturas na terapia de convers\u00e3o \u00e9 revelada"}]},{"@type":"WebSite","@id":"https:\/\/portaltela.pt\/#website","url":"https:\/\/portaltela.pt\/","name":"Portal Tela Portugal","description":"","potentialAction":[{"@type":"SearchAction","target":{"@type":"EntryPoint","urlTemplate":"https:\/\/portaltela.pt\/?s={search_term_string}"},"query-input":{"@type":"PropertyValueSpecification","valueRequired":true,"valueName":"search_term_string"}}],"inLanguage":"pt-PT"},{"@type":"Person","@id":"https:\/\/portaltela.pt\/#\/schema\/person\/c4278d4a6028830caff9ee44b42d32ed","name":"Telinha","image":{"@type":"ImageObject","inLanguage":"pt-PT","@id":"https:\/\/portaltela.pt\/s.01k8rhncp4jt1\/2025\/11\/talking-bot-125x125.png","url":"https:\/\/portaltela.pt\/s.01k8rhncp4jt1\/2025\/11\/talking-bot-125x125.png","contentUrl":"https:\/\/portaltela.pt\/s.01k8rhncp4jt1\/2025\/11\/talking-bot-125x125.png","caption":"Telinha"},"sameAs":["https:\/\/portaltela.pt\/"],"url":"https:\/\/portaltela.pt\/por\/367410592786\/"}]}},"_links":{"self":[{"href":"https:\/\/portaltela.pt\/api\/wp\/v2\/posts\/436584","targetHints":{"allow":["GET"]}}],"collection":[{"href":"https:\/\/portaltela.pt\/api\/wp\/v2\/posts"}],"about":[{"href":"https:\/\/portaltela.pt\/api\/wp\/v2\/types\/post"}],"author":[{"embeddable":true,"href":"https:\/\/portaltela.pt\/api\/wp\/v2\/users\/2"}],"replies":[{"embeddable":true,"href":"https:\/\/portaltela.pt\/api\/wp\/v2\/comments?post=436584"}],"version-history":[{"count":0,"href":"https:\/\/portaltela.pt\/api\/wp\/v2\/posts\/436584\/revisions"}],"wp:featuredmedia":[{"embeddable":true,"href":"https:\/\/portaltela.pt\/api\/wp\/v2\/media\/436591"}],"wp:attachment":[{"href":"https:\/\/portaltela.pt\/api\/wp\/v2\/media?parent=436584"}],"wp:term":[{"taxonomy":"category","embeddable":true,"href":"https:\/\/portaltela.pt\/api\/wp\/v2\/categories?post=436584"},{"taxonomy":"post_tag","embeddable":true,"href":"https:\/\/portaltela.pt\/api\/wp\/v2\/tags?post=436584"}],"curies":[{"name":"wp","href":"https:\/\/api.w.org\/{rel}","templated":true}]}}