{"id":436579,"date":"2026-04-08T09:32:20","date_gmt":"2026-04-08T12:32:20","guid":{"rendered":"https:\/\/portaltela.pt\/noticias\/2026\/04\/08\/grecia-proibira-redes-sociais-a-menores-de-15-anos\/"},"modified":"2026-04-08T09:32:20","modified_gmt":"2026-04-08T12:32:20","slug":"grecia-proibira-redes-sociais-a-menores-de-15-anos","status":"publish","type":"post","link":"https:\/\/portaltela.pt\/noticias\/internacional\/2026\/04\/08\/grecia-proibira-redes-sociais-a-menores-de-15-anos\/","title":{"rendered":"Gr\u00e9cia proibir\u00e1 redes sociais a menores de 15 anos"},"content":{"rendered":"<p>A Gr\u00e9cia anunciou, a partir de 1 de janeiro de 2027, a proibi\u00e7\u00e3o do acesso \u00e0s redes sociais para menores de 15 anos. O an\u00fancio foi feito pelo primeiro-ministro Kyriakos Mitsotakis em v\u00eddeo publicado no TikTok.<\/p>\n<p>A legisla\u00e7\u00e3o dever\u00e1 ser votada ainda este ver\u00e3o, com entrada em vigor prevista para o in\u00edcio de 2027. Mitsotakis disse tratar-se de uma medida necess\u00e1ria para proteger a juventude.<\/p>\n<p>A Gr\u00e9cia afirma estar entre os primeiros pa\u00edses a avan\u00e7ar com esta norma e j\u00e1 pressiona a Uni\u00e3o Europeia a acompanhar a iniciativa. Em termos globais, a Austr\u00e1lia foi pioneira, em 2025, com regras que exigem pelo menos 16 anos para criar contas.<\/p>\n<h3>Contexto e abrang\u00eancia internacional<\/h3>\n<p>A Austr\u00e1lia aplicou novas regras a v\u00e1rias plataformas, incluindo Facebook, Instagram, X, TikTok e Snapchat, sob risco de san\u00e7\u00f5es. Plataformas como Threads, Twitch e Kick tamb\u00e9m ajustaram-se \u00e0 legisla\u00e7\u00e3o australiana.<\/p>\n<p>Fran\u00e7a aprovou, em 2026, a proibi\u00e7\u00e3o para menores de 16 anos, acompanhada por medidas semelhantes que j\u00e1 foram adotadas ou consideradas por Dinamarca e Espanha. Em Portugal, o Parlamento discutiu um projeto de lei que fixa 16 anos como idade m\u00ednima para redes sociais, com consentimento parental entre os 13 e 16 anos.<\/p>\n","protected":false},"excerpt":{"rendered":"<ul>\n<li>Gr\u00e9cia vai proibir o acesso \u00e0s redes sociais a menores de 15 anos a partir de 1 de janeiro de 2027, anunciou o primeiro-ministro Kyriakos Mitsotakis.<\/li>\n<li>A lei ser\u00e1 votada ainda neste ver\u00e3o, e a proibi\u00e7\u00e3o entra em vigor no in\u00edcio de 2027.<\/li>\n<li>Mitsotakis divulgou o an\u00fancio num v\u00eddeo publicado no TikTok, dizendo que \u00e9 uma medida necess\u00e1ria para combater o v\u00edcio tecnol\u00f3gico.<\/li>\n<li>Pa\u00edses como Austr\u00e1lia, Fran\u00e7a, Dinamarca e Espanha j\u00e1 aprovaram legisla\u00e7\u00e3o semelhante; as plataformas podem ficar obrigadas a pagar multas de at\u00e9 28 milh\u00f5es de euros.<\/li>\n<li>Em Portugal, o PSD apresentou um projeto de lei que fixa os 16 anos para aceder a redes sociais, com consentimento parental entre os 13 e os 16 anos.<\/li>\n<\/ul>\n","protected":false},"author":2,"featured_media":436582,"comment_status":"closed","ping_status":"closed","sticky":false,"template":"","format":"standard","meta":{"footnotes":""},"categories":[4,1],"tags":[3137,39,2832,5698,7393,2055],"class_list":["post-436579","post","type-post","status-publish","format-standard","has-post-thumbnail","hentry","category-internacional","category-noticias","tag-grecia","tag-internet","tag-politica","tag-politica-internacional","tag-seguranca-digital","tag-uniao-europeia"],"yoast_head":"<!-- This site is optimized with the Yoast SEO plugin v27.2 - https:\/\/yoast.com\/product\/yoast-seo-wordpress\/ -->\n<title>Gr\u00e9cia proibir\u00e1 redes sociais a menores de 15 anos - Portal Tela Portugal<\/title>\n<meta name=\"robots\" content=\"index, follow, max-snippet:-1, max-image-preview:large, max-video-preview:-1\" \/>\n<meta property=\"og:locale\" content=\"pt_PT\" \/>\n<meta property=\"og:type\" content=\"article\" \/>\n<meta property=\"og:title\" content=\"Gr\u00e9cia proibir\u00e1 redes sociais a menores de 15 anos - Portal Tela Portugal\" \/>\n<meta property=\"og:description\" content=\"Gr\u00e9cia vai proibir o acesso \u00e0s redes sociais a menores de 15 anos a partir de 1 de janeiro de 2027, anunciou o primeiro-ministro Kyriakos Mitsotakis. A lei ser\u00e1 votada ainda neste ver\u00e3o, e a proibi\u00e7\u00e3o entra em vigor no in\u00edcio de 2027. Mitsotakis divulgou o an\u00fancio num v\u00eddeo publicado no TikTok, dizendo que \u00e9 uma medida necess\u00e1ria para combater o v\u00edcio tecnol\u00f3gico. Pa\u00edses como Austr\u00e1lia, Fran\u00e7a, Dinamarca e Espanha j\u00e1 aprovaram legisla\u00e7\u00e3o semelhante; as plataformas podem ficar obrigadas a pagar multas de at\u00e9 28 milh\u00f5es de euros. Em Portugal, o PSD apresentou um projeto de lei que fixa os 16 anos para aceder a redes sociais, com consentimento parental entre os 13 e os 16 anos.\" \/>\n<meta property=\"og:url\" content=\"https:\/\/portaltela.pt\/noticias\/2026\/04\/08\/grecia-proibira-redes-sociais-a-menores-de-15-anos\/\" \/>\n<meta property=\"og:site_name\" content=\"Portal Tela Portugal\" \/>\n<meta property=\"article:published_time\" content=\"2026-04-08T12:32:20+00:00\" \/>\n<meta name=\"author\" content=\"Telinha\" \/>\n<meta name=\"twitter:card\" content=\"summary_large_image\" \/>\n<meta name=\"twitter:label1\" content=\"Escrito por\" \/>\n\t<meta name=\"twitter:data1\" content=\"Telinha\" \/>\n\t<meta name=\"twitter:label2\" content=\"Tempo estimado de leitura\" \/>\n\t<meta name=\"twitter:data2\" content=\"1 minuto\" \/>\n<script type=\"application\/ld+json\" class=\"yoast-schema-graph\">{\"@context\":\"https:\/\/schema.org\",\"@graph\":[{\"@type\":\"Article\",\"@id\":\"https:\/\/portaltela.pt\/noticias\/2026\/04\/08\/grecia-proibira-redes-sociais-a-menores-de-15-anos\/#article\",\"isPartOf\":{\"@id\":\"https:\/\/portaltela.pt\/noticias\/2026\/04\/08\/grecia-proibira-redes-sociais-a-menores-de-15-anos\/\"},\"author\":{\"name\":\"Telinha\",\"@id\":\"https:\/\/portaltela.pt\/#\/schema\/person\/c4278d4a6028830caff9ee44b42d32ed\"},\"headline\":\"Gr\u00e9cia proibir\u00e1 redes sociais a menores de 15 anos\",\"datePublished\":\"2026-04-08T12:32:20+00:00\",\"mainEntityOfPage\":{\"@id\":\"https:\/\/portaltela.pt\/noticias\/2026\/04\/08\/grecia-proibira-redes-sociais-a-menores-de-15-anos\/\"},\"wordCount\":214,\"image\":{\"@id\":\"https:\/\/portaltela.pt\/noticias\/2026\/04\/08\/grecia-proibira-redes-sociais-a-menores-de-15-anos\/#primaryimage\"},\"thumbnailUrl\":\"https:\/\/portaltela.pt\/s.01k8rhncp4jt1\/2026\/04\/img_1500x1000uu2026-02-02-17-17-57-2264260.jpg\",\"keywords\":[\"Gr\u00e9cia\",\"internet\",\"pol\u00edtica\",\"pol\u00edtica internacional\",\"seguran\u00e7a digital\",\"Uni\u00e3o Europeia\"],\"articleSection\":[\"Internacional\",\"Not\u00edcias\"],\"inLanguage\":\"pt-PT\"},{\"@type\":\"WebPage\",\"@id\":\"https:\/\/portaltela.pt\/noticias\/2026\/04\/08\/grecia-proibira-redes-sociais-a-menores-de-15-anos\/\",\"url\":\"https:\/\/portaltela.pt\/noticias\/2026\/04\/08\/grecia-proibira-redes-sociais-a-menores-de-15-anos\/\",\"name\":\"Gr\u00e9cia proibir\u00e1 redes sociais a menores de 15 anos - Portal Tela Portugal\",\"isPartOf\":{\"@id\":\"https:\/\/portaltela.pt\/#website\"},\"primaryImageOfPage\":{\"@id\":\"https:\/\/portaltela.pt\/noticias\/2026\/04\/08\/grecia-proibira-redes-sociais-a-menores-de-15-anos\/#primaryimage\"},\"image\":{\"@id\":\"https:\/\/portaltela.pt\/noticias\/2026\/04\/08\/grecia-proibira-redes-sociais-a-menores-de-15-anos\/#primaryimage\"},\"thumbnailUrl\":\"https:\/\/portaltela.pt\/s.01k8rhncp4jt1\/2026\/04\/img_1500x1000uu2026-02-02-17-17-57-2264260.jpg\",\"datePublished\":\"2026-04-08T12:32:20+00:00\",\"author\":{\"@id\":\"https:\/\/portaltela.pt\/#\/schema\/person\/c4278d4a6028830caff9ee44b42d32ed\"},\"breadcrumb\":{\"@id\":\"https:\/\/portaltela.pt\/noticias\/2026\/04\/08\/grecia-proibira-redes-sociais-a-menores-de-15-anos\/#breadcrumb\"},\"inLanguage\":\"pt-PT\",\"potentialAction\":[{\"@type\":\"ReadAction\",\"target\":[\"https:\/\/portaltela.pt\/noticias\/2026\/04\/08\/grecia-proibira-redes-sociais-a-menores-de-15-anos\/\"]}]},{\"@type\":\"ImageObject\",\"inLanguage\":\"pt-PT\",\"@id\":\"https:\/\/portaltela.pt\/noticias\/2026\/04\/08\/grecia-proibira-redes-sociais-a-menores-de-15-anos\/#primaryimage\",\"url\":\"https:\/\/portaltela.pt\/s.01k8rhncp4jt1\/2026\/04\/img_1500x1000uu2026-02-02-17-17-57-2264260.jpg\",\"contentUrl\":\"https:\/\/portaltela.pt\/s.01k8rhncp4jt1\/2026\/04\/img_1500x1000uu2026-02-02-17-17-57-2264260.jpg\",\"width\":796,\"height\":448,\"caption\":\"Grupo de jovens observa redes sociais em telem\u00f3veis\"},{\"@type\":\"BreadcrumbList\",\"@id\":\"https:\/\/portaltela.pt\/noticias\/2026\/04\/08\/grecia-proibira-redes-sociais-a-menores-de-15-anos\/#breadcrumb\",\"itemListElement\":[{\"@type\":\"ListItem\",\"position\":1,\"name\":\"In\u00edcio\",\"item\":\"https:\/\/portaltela.pt\/\"},{\"@type\":\"ListItem\",\"position\":2,\"name\":\"Gr\u00e9cia proibir\u00e1 redes sociais a menores de 15 anos\"}]},{\"@type\":\"WebSite\",\"@id\":\"https:\/\/portaltela.pt\/#website\",\"url\":\"https:\/\/portaltela.pt\/\",\"name\":\"Portal Tela Portugal\",\"description\":\"\",\"potentialAction\":[{\"@type\":\"SearchAction\",\"target\":{\"@type\":\"EntryPoint\",\"urlTemplate\":\"https:\/\/portaltela.pt\/?s={search_term_string}\"},\"query-input\":{\"@type\":\"PropertyValueSpecification\",\"valueRequired\":true,\"valueName\":\"search_term_string\"}}],\"inLanguage\":\"pt-PT\"},{\"@type\":\"Person\",\"@id\":\"https:\/\/portaltela.pt\/#\/schema\/person\/c4278d4a6028830caff9ee44b42d32ed\",\"name\":\"Telinha\",\"image\":{\"@type\":\"ImageObject\",\"inLanguage\":\"pt-PT\",\"@id\":\"https:\/\/portaltela.pt\/s.01k8rhncp4jt1\/2025\/11\/talking-bot-125x125.png\",\"url\":\"https:\/\/portaltela.pt\/s.01k8rhncp4jt1\/2025\/11\/talking-bot-125x125.png\",\"contentUrl\":\"https:\/\/portaltela.pt\/s.01k8rhncp4jt1\/2025\/11\/talking-bot-125x125.png\",\"caption\":\"Telinha\"},\"sameAs\":[\"https:\/\/portaltela.pt\/\"],\"url\":\"https:\/\/portaltela.pt\/por\/367410592786\/\"}]}<\/script>\n<!-- \/ Yoast SEO plugin. -->","yoast_head_json":{"title":"Gr\u00e9cia proibir\u00e1 redes sociais a menores de 15 anos - Portal Tela Portugal","robots":{"index":"index","follow":"follow","max-snippet":"max-snippet:-1","max-image-preview":"max-image-preview:large","max-video-preview":"max-video-preview:-1"},"og_locale":"pt_PT","og_type":"article","og_title":"Gr\u00e9cia proibir\u00e1 redes sociais a menores de 15 anos - Portal Tela Portugal","og_description":"Gr\u00e9cia vai proibir o acesso \u00e0s redes sociais a menores de 15 anos a partir de 1 de janeiro de 2027, anunciou o primeiro-ministro Kyriakos Mitsotakis. A lei ser\u00e1 votada ainda neste ver\u00e3o, e a proibi\u00e7\u00e3o entra em vigor no in\u00edcio de 2027. Mitsotakis divulgou o an\u00fancio num v\u00eddeo publicado no TikTok, dizendo que \u00e9 uma medida necess\u00e1ria para combater o v\u00edcio tecnol\u00f3gico. Pa\u00edses como Austr\u00e1lia, Fran\u00e7a, Dinamarca e Espanha j\u00e1 aprovaram legisla\u00e7\u00e3o semelhante; as plataformas podem ficar obrigadas a pagar multas de at\u00e9 28 milh\u00f5es de euros. Em Portugal, o PSD apresentou um projeto de lei que fixa os 16 anos para aceder a redes sociais, com consentimento parental entre os 13 e os 16 anos.","og_url":"https:\/\/portaltela.pt\/noticias\/2026\/04\/08\/grecia-proibira-redes-sociais-a-menores-de-15-anos\/","og_site_name":"Portal Tela Portugal","article_published_time":"2026-04-08T12:32:20+00:00","author":"Telinha","twitter_card":"summary_large_image","twitter_misc":{"Escrito por":"Telinha","Tempo estimado de leitura":"1 minuto"},"schema":{"@context":"https:\/\/schema.org","@graph":[{"@type":"Article","@id":"https:\/\/portaltela.pt\/noticias\/2026\/04\/08\/grecia-proibira-redes-sociais-a-menores-de-15-anos\/#article","isPartOf":{"@id":"https:\/\/portaltela.pt\/noticias\/2026\/04\/08\/grecia-proibira-redes-sociais-a-menores-de-15-anos\/"},"author":{"name":"Telinha","@id":"https:\/\/portaltela.pt\/#\/schema\/person\/c4278d4a6028830caff9ee44b42d32ed"},"headline":"Gr\u00e9cia proibir\u00e1 redes sociais a menores de 15 anos","datePublished":"2026-04-08T12:32:20+00:00","mainEntityOfPage":{"@id":"https:\/\/portaltela.pt\/noticias\/2026\/04\/08\/grecia-proibira-redes-sociais-a-menores-de-15-anos\/"},"wordCount":214,"image":{"@id":"https:\/\/portaltela.pt\/noticias\/2026\/04\/08\/grecia-proibira-redes-sociais-a-menores-de-15-anos\/#primaryimage"},"thumbnailUrl":"https:\/\/portaltela.pt\/s.01k8rhncp4jt1\/2026\/04\/img_1500x1000uu2026-02-02-17-17-57-2264260.jpg","keywords":["Gr\u00e9cia","internet","pol\u00edtica","pol\u00edtica internacional","seguran\u00e7a digital","Uni\u00e3o Europeia"],"articleSection":["Internacional","Not\u00edcias"],"inLanguage":"pt-PT"},{"@type":"WebPage","@id":"https:\/\/portaltela.pt\/noticias\/2026\/04\/08\/grecia-proibira-redes-sociais-a-menores-de-15-anos\/","url":"https:\/\/portaltela.pt\/noticias\/2026\/04\/08\/grecia-proibira-redes-sociais-a-menores-de-15-anos\/","name":"Gr\u00e9cia proibir\u00e1 redes sociais a menores de 15 anos - Portal Tela Portugal","isPartOf":{"@id":"https:\/\/portaltela.pt\/#website"},"primaryImageOfPage":{"@id":"https:\/\/portaltela.pt\/noticias\/2026\/04\/08\/grecia-proibira-redes-sociais-a-menores-de-15-anos\/#primaryimage"},"image":{"@id":"https:\/\/portaltela.pt\/noticias\/2026\/04\/08\/grecia-proibira-redes-sociais-a-menores-de-15-anos\/#primaryimage"},"thumbnailUrl":"https:\/\/portaltela.pt\/s.01k8rhncp4jt1\/2026\/04\/img_1500x1000uu2026-02-02-17-17-57-2264260.jpg","datePublished":"2026-04-08T12:32:20+00:00","author":{"@id":"https:\/\/portaltela.pt\/#\/schema\/person\/c4278d4a6028830caff9ee44b42d32ed"},"breadcrumb":{"@id":"https:\/\/portaltela.pt\/noticias\/2026\/04\/08\/grecia-proibira-redes-sociais-a-menores-de-15-anos\/#breadcrumb"},"inLanguage":"pt-PT","potentialAction":[{"@type":"ReadAction","target":["https:\/\/portaltela.pt\/noticias\/2026\/04\/08\/grecia-proibira-redes-sociais-a-menores-de-15-anos\/"]}]},{"@type":"ImageObject","inLanguage":"pt-PT","@id":"https:\/\/portaltela.pt\/noticias\/2026\/04\/08\/grecia-proibira-redes-sociais-a-menores-de-15-anos\/#primaryimage","url":"https:\/\/portaltela.pt\/s.01k8rhncp4jt1\/2026\/04\/img_1500x1000uu2026-02-02-17-17-57-2264260.jpg","contentUrl":"https:\/\/portaltela.pt\/s.01k8rhncp4jt1\/2026\/04\/img_1500x1000uu2026-02-02-17-17-57-2264260.jpg","width":796,"height":448,"caption":"Grupo de jovens observa redes sociais em telem\u00f3veis"},{"@type":"BreadcrumbList","@id":"https:\/\/portaltela.pt\/noticias\/2026\/04\/08\/grecia-proibira-redes-sociais-a-menores-de-15-anos\/#breadcrumb","itemListElement":[{"@type":"ListItem","position":1,"name":"In\u00edcio","item":"https:\/\/portaltela.pt\/"},{"@type":"ListItem","position":2,"name":"Gr\u00e9cia proibir\u00e1 redes sociais a menores de 15 anos"}]},{"@type":"WebSite","@id":"https:\/\/portaltela.pt\/#website","url":"https:\/\/portaltela.pt\/","name":"Portal Tela Portugal","description":"","potentialAction":[{"@type":"SearchAction","target":{"@type":"EntryPoint","urlTemplate":"https:\/\/portaltela.pt\/?s={search_term_string}"},"query-input":{"@type":"PropertyValueSpecification","valueRequired":true,"valueName":"search_term_string"}}],"inLanguage":"pt-PT"},{"@type":"Person","@id":"https:\/\/portaltela.pt\/#\/schema\/person\/c4278d4a6028830caff9ee44b42d32ed","name":"Telinha","image":{"@type":"ImageObject","inLanguage":"pt-PT","@id":"https:\/\/portaltela.pt\/s.01k8rhncp4jt1\/2025\/11\/talking-bot-125x125.png","url":"https:\/\/portaltela.pt\/s.01k8rhncp4jt1\/2025\/11\/talking-bot-125x125.png","contentUrl":"https:\/\/portaltela.pt\/s.01k8rhncp4jt1\/2025\/11\/talking-bot-125x125.png","caption":"Telinha"},"sameAs":["https:\/\/portaltela.pt\/"],"url":"https:\/\/portaltela.pt\/por\/367410592786\/"}]}},"_links":{"self":[{"href":"https:\/\/portaltela.pt\/api\/wp\/v2\/posts\/436579","targetHints":{"allow":["GET"]}}],"collection":[{"href":"https:\/\/portaltela.pt\/api\/wp\/v2\/posts"}],"about":[{"href":"https:\/\/portaltela.pt\/api\/wp\/v2\/types\/post"}],"author":[{"embeddable":true,"href":"https:\/\/portaltela.pt\/api\/wp\/v2\/users\/2"}],"replies":[{"embeddable":true,"href":"https:\/\/portaltela.pt\/api\/wp\/v2\/comments?post=436579"}],"version-history":[{"count":0,"href":"https:\/\/portaltela.pt\/api\/wp\/v2\/posts\/436579\/revisions"}],"wp:featuredmedia":[{"embeddable":true,"href":"https:\/\/portaltela.pt\/api\/wp\/v2\/media\/436582"}],"wp:attachment":[{"href":"https:\/\/portaltela.pt\/api\/wp\/v2\/media?parent=436579"}],"wp:term":[{"taxonomy":"category","embeddable":true,"href":"https:\/\/portaltela.pt\/api\/wp\/v2\/categories?post=436579"},{"taxonomy":"post_tag","embeddable":true,"href":"https:\/\/portaltela.pt\/api\/wp\/v2\/tags?post=436579"}],"curies":[{"name":"wp","href":"https:\/\/api.w.org\/{rel}","templated":true}]}}