{"id":436578,"date":"2026-04-08T09:32:19","date_gmt":"2026-04-08T12:32:19","guid":{"rendered":"https:\/\/portaltela.pt\/noticias\/2026\/04\/08\/prolongamento-das-licencas-de-handling-pode-desestabilizar-aeroportos-no-verao\/"},"modified":"2026-04-08T09:32:19","modified_gmt":"2026-04-08T12:32:19","slug":"prolongamento-das-licencas-de-handling-pode-desestabilizar-aeroportos-no-verao","status":"publish","type":"post","link":"https:\/\/portaltela.pt\/noticias\/economia\/2026\/04\/08\/prolongamento-das-licencas-de-handling-pode-desestabilizar-aeroportos-no-verao\/","title":{"rendered":"Prolongamento das licen\u00e7as de handling pode desestabilizar aeroportos no ver\u00e3o"},"content":{"rendered":"<p>O prolongamento das licen\u00e7as de handling, anunciado recentemente, pode destabilizar a opera\u00e7\u00e3o de aeroportos durante o ver\u00e3o, segundo a associa\u00e7\u00e3o SITAVA. A organiza\u00e7\u00e3o aponta riscos de interrup\u00e7\u00f5es no servi\u00e7o e de maior press\u00e3o sobre recursos log\u00edsticos.<\/p>\n<p>De acordo com a SITAVA, a medida pode afetar a cobertura de servi\u00e7os de handling em per\u00edodos de pico, aumentando a probabilidade de atrasos e congest\u00e3o nas zonas de embarque. A avalia\u00e7\u00e3o \u00e9 baseada em cen\u00e1rios operacionais de \u00e9poca alta.<\/p>\n<p>O aviso \u00e9 dirigido a autoridades reguladoras e aos operadores aeroportu\u00e1rios, que precisam de planos de mitiga\u00e7\u00e3o para evitar impactos significativos na experi\u00eancia dos passageiros. A SITAVA n\u00e3o detalha solu\u00e7\u00f5es espec\u00edficas, limitando-se a destacar potenciais vulnerabilidades.<\/p>\n<h3>Contexto<\/h3>\n<p>A associa\u00e7\u00e3o refor\u00e7a que a evolu\u00e7\u00e3o da pol\u00edtica de licen\u00e7as \u00e9 determinante para a gest\u00e3o de m\u00e3o-de-obra e de equipas de handling nos aeroportos. O tema tem impacto direto na efici\u00eancia operacional durante o Ver\u00e3o.<\/p>\n","protected":false},"excerpt":{"rendered":"<ul>\n<li>Um artigo de Sitava aponta que o prolongamento das licen\u00e7as de handling pode desestabilizar aeroportos no ver\u00e3o.<\/li>\n<li>O conte\u00fado completo est\u00e1 dispon\u00edvel apenas para subscritores.<\/li>\n<li>O texto menciona uma poss\u00edvel perturba\u00e7\u00e3o nas opera\u00e7\u00f5es de handling durante o per\u00edodo de maior movimento.<\/li>\n<li>O acesso ao artigo exige login\/assinatura.<\/li>\n<\/ul>\n","protected":false},"author":2,"featured_media":436581,"comment_status":"closed","ping_status":"closed","sticky":false,"template":"","format":"standard","meta":{"footnotes":""},"categories":[2,6735],"tags":[6115,3302,2415,961,2201],"class_list":["post-436578","post","type-post","status-publish","format-standard","has-post-thumbnail","hentry","category-economia","category-negocios","tag-_economia","tag-aeroportos","tag-gestao","tag-logistica","tag-trabalho"],"yoast_head":"<!-- This site is optimized with the Yoast SEO plugin v27.2 - https:\/\/yoast.com\/product\/yoast-seo-wordpress\/ -->\n<title>Prolongamento das licen\u00e7as de handling pode desestabilizar aeroportos no ver\u00e3o - Portal Tela Portugal<\/title>\n<meta name=\"robots\" content=\"index, follow, max-snippet:-1, max-image-preview:large, max-video-preview:-1\" \/>\n<meta property=\"og:locale\" content=\"pt_PT\" \/>\n<meta property=\"og:type\" content=\"article\" \/>\n<meta property=\"og:title\" content=\"Prolongamento das licen\u00e7as de handling pode desestabilizar aeroportos no ver\u00e3o - Portal Tela Portugal\" \/>\n<meta property=\"og:description\" content=\"Um artigo de Sitava aponta que o prolongamento das licen\u00e7as de handling pode desestabilizar aeroportos no ver\u00e3o. O conte\u00fado completo est\u00e1 dispon\u00edvel apenas para subscritores. O texto menciona uma poss\u00edvel perturba\u00e7\u00e3o nas opera\u00e7\u00f5es de handling durante o per\u00edodo de maior movimento. O acesso ao artigo exige login\/assinatura.\" \/>\n<meta property=\"og:url\" content=\"https:\/\/portaltela.pt\/noticias\/2026\/04\/08\/prolongamento-das-licencas-de-handling-pode-desestabilizar-aeroportos-no-verao\/\" \/>\n<meta property=\"og:site_name\" content=\"Portal Tela Portugal\" \/>\n<meta property=\"article:published_time\" content=\"2026-04-08T12:32:19+00:00\" \/>\n<meta name=\"author\" content=\"Telinha\" \/>\n<meta name=\"twitter:card\" content=\"summary_large_image\" \/>\n<meta name=\"twitter:label1\" content=\"Escrito por\" \/>\n\t<meta name=\"twitter:data1\" content=\"Telinha\" \/>\n\t<meta name=\"twitter:label2\" content=\"Tempo estimado de leitura\" \/>\n\t<meta name=\"twitter:data2\" content=\"1 minuto\" \/>\n<script type=\"application\/ld+json\" class=\"yoast-schema-graph\">{\"@context\":\"https:\/\/schema.org\",\"@graph\":[{\"@type\":\"Article\",\"@id\":\"https:\/\/portaltela.pt\/noticias\/2026\/04\/08\/prolongamento-das-licencas-de-handling-pode-desestabilizar-aeroportos-no-verao\/#article\",\"isPartOf\":{\"@id\":\"https:\/\/portaltela.pt\/noticias\/2026\/04\/08\/prolongamento-das-licencas-de-handling-pode-desestabilizar-aeroportos-no-verao\/\"},\"author\":{\"name\":\"Telinha\",\"@id\":\"https:\/\/portaltela.pt\/#\/schema\/person\/c4278d4a6028830caff9ee44b42d32ed\"},\"headline\":\"Prolongamento das licen\u00e7as de handling pode desestabilizar aeroportos no ver\u00e3o\",\"datePublished\":\"2026-04-08T12:32:19+00:00\",\"mainEntityOfPage\":{\"@id\":\"https:\/\/portaltela.pt\/noticias\/2026\/04\/08\/prolongamento-das-licencas-de-handling-pode-desestabilizar-aeroportos-no-verao\/\"},\"wordCount\":186,\"image\":{\"@id\":\"https:\/\/portaltela.pt\/noticias\/2026\/04\/08\/prolongamento-das-licencas-de-handling-pode-desestabilizar-aeroportos-no-verao\/#primaryimage\"},\"thumbnailUrl\":\"https:\/\/portaltela.pt\/s.01k8rhncp4jt1\/2026\/04\/CACHE_780X1200_ANALOG_WATERMARKED_46310994_4517377_07012026082908.jpg\",\"keywords\":[\"_economia\",\"aeroportos\",\"gest\u00e3o\",\"Log\u00edstica\",\"trabalho\"],\"articleSection\":[\"Economia\",\"Neg\u00f3cios\"],\"inLanguage\":\"pt-PT\"},{\"@type\":\"WebPage\",\"@id\":\"https:\/\/portaltela.pt\/noticias\/2026\/04\/08\/prolongamento-das-licencas-de-handling-pode-desestabilizar-aeroportos-no-verao\/\",\"url\":\"https:\/\/portaltela.pt\/noticias\/2026\/04\/08\/prolongamento-das-licencas-de-handling-pode-desestabilizar-aeroportos-no-verao\/\",\"name\":\"Prolongamento das licen\u00e7as de handling pode desestabilizar aeroportos no ver\u00e3o - Portal Tela Portugal\",\"isPartOf\":{\"@id\":\"https:\/\/portaltela.pt\/#website\"},\"primaryImageOfPage\":{\"@id\":\"https:\/\/portaltela.pt\/noticias\/2026\/04\/08\/prolongamento-das-licencas-de-handling-pode-desestabilizar-aeroportos-no-verao\/#primaryimage\"},\"image\":{\"@id\":\"https:\/\/portaltela.pt\/noticias\/2026\/04\/08\/prolongamento-das-licencas-de-handling-pode-desestabilizar-aeroportos-no-verao\/#primaryimage\"},\"thumbnailUrl\":\"https:\/\/portaltela.pt\/s.01k8rhncp4jt1\/2026\/04\/CACHE_780X1200_ANALOG_WATERMARKED_46310994_4517377_07012026082908.jpg\",\"datePublished\":\"2026-04-08T12:32:19+00:00\",\"author\":{\"@id\":\"https:\/\/portaltela.pt\/#\/schema\/person\/c4278d4a6028830caff9ee44b42d32ed\"},\"breadcrumb\":{\"@id\":\"https:\/\/portaltela.pt\/noticias\/2026\/04\/08\/prolongamento-das-licencas-de-handling-pode-desestabilizar-aeroportos-no-verao\/#breadcrumb\"},\"inLanguage\":\"pt-PT\",\"potentialAction\":[{\"@type\":\"ReadAction\",\"target\":[\"https:\/\/portaltela.pt\/noticias\/2026\/04\/08\/prolongamento-das-licencas-de-handling-pode-desestabilizar-aeroportos-no-verao\/\"]}]},{\"@type\":\"ImageObject\",\"inLanguage\":\"pt-PT\",\"@id\":\"https:\/\/portaltela.pt\/noticias\/2026\/04\/08\/prolongamento-das-licencas-de-handling-pode-desestabilizar-aeroportos-no-verao\/#primaryimage\",\"url\":\"https:\/\/portaltela.pt\/s.01k8rhncp4jt1\/2026\/04\/CACHE_780X1200_ANALOG_WATERMARKED_46310994_4517377_07012026082908.jpg\",\"contentUrl\":\"https:\/\/portaltela.pt\/s.01k8rhncp4jt1\/2026\/04\/CACHE_780X1200_ANALOG_WATERMARKED_46310994_4517377_07012026082908.jpg\",\"width\":796,\"height\":448,\"caption\":\"Novo prolongamento das licen\u00e7as de \u2018handling\u2019 vai desestabilizar aeroportos no ver\u00e3o - Sitava\"},{\"@type\":\"BreadcrumbList\",\"@id\":\"https:\/\/portaltela.pt\/noticias\/2026\/04\/08\/prolongamento-das-licencas-de-handling-pode-desestabilizar-aeroportos-no-verao\/#breadcrumb\",\"itemListElement\":[{\"@type\":\"ListItem\",\"position\":1,\"name\":\"In\u00edcio\",\"item\":\"https:\/\/portaltela.pt\/\"},{\"@type\":\"ListItem\",\"position\":2,\"name\":\"Prolongamento das licen\u00e7as de handling pode desestabilizar aeroportos no ver\u00e3o\"}]},{\"@type\":\"WebSite\",\"@id\":\"https:\/\/portaltela.pt\/#website\",\"url\":\"https:\/\/portaltela.pt\/\",\"name\":\"Portal Tela Portugal\",\"description\":\"\",\"potentialAction\":[{\"@type\":\"SearchAction\",\"target\":{\"@type\":\"EntryPoint\",\"urlTemplate\":\"https:\/\/portaltela.pt\/?s={search_term_string}\"},\"query-input\":{\"@type\":\"PropertyValueSpecification\",\"valueRequired\":true,\"valueName\":\"search_term_string\"}}],\"inLanguage\":\"pt-PT\"},{\"@type\":\"Person\",\"@id\":\"https:\/\/portaltela.pt\/#\/schema\/person\/c4278d4a6028830caff9ee44b42d32ed\",\"name\":\"Telinha\",\"image\":{\"@type\":\"ImageObject\",\"inLanguage\":\"pt-PT\",\"@id\":\"https:\/\/portaltela.pt\/s.01k8rhncp4jt1\/2025\/11\/talking-bot-125x125.png\",\"url\":\"https:\/\/portaltela.pt\/s.01k8rhncp4jt1\/2025\/11\/talking-bot-125x125.png\",\"contentUrl\":\"https:\/\/portaltela.pt\/s.01k8rhncp4jt1\/2025\/11\/talking-bot-125x125.png\",\"caption\":\"Telinha\"},\"sameAs\":[\"https:\/\/portaltela.pt\/\"],\"url\":\"https:\/\/portaltela.pt\/por\/367410592786\/\"}]}<\/script>\n<!-- \/ Yoast SEO plugin. -->","yoast_head_json":{"title":"Prolongamento das licen\u00e7as de handling pode desestabilizar aeroportos no ver\u00e3o - Portal Tela Portugal","robots":{"index":"index","follow":"follow","max-snippet":"max-snippet:-1","max-image-preview":"max-image-preview:large","max-video-preview":"max-video-preview:-1"},"og_locale":"pt_PT","og_type":"article","og_title":"Prolongamento das licen\u00e7as de handling pode desestabilizar aeroportos no ver\u00e3o - Portal Tela Portugal","og_description":"Um artigo de Sitava aponta que o prolongamento das licen\u00e7as de handling pode desestabilizar aeroportos no ver\u00e3o. O conte\u00fado completo est\u00e1 dispon\u00edvel apenas para subscritores. O texto menciona uma poss\u00edvel perturba\u00e7\u00e3o nas opera\u00e7\u00f5es de handling durante o per\u00edodo de maior movimento. O acesso ao artigo exige login\/assinatura.","og_url":"https:\/\/portaltela.pt\/noticias\/2026\/04\/08\/prolongamento-das-licencas-de-handling-pode-desestabilizar-aeroportos-no-verao\/","og_site_name":"Portal Tela Portugal","article_published_time":"2026-04-08T12:32:19+00:00","author":"Telinha","twitter_card":"summary_large_image","twitter_misc":{"Escrito por":"Telinha","Tempo estimado de leitura":"1 minuto"},"schema":{"@context":"https:\/\/schema.org","@graph":[{"@type":"Article","@id":"https:\/\/portaltela.pt\/noticias\/2026\/04\/08\/prolongamento-das-licencas-de-handling-pode-desestabilizar-aeroportos-no-verao\/#article","isPartOf":{"@id":"https:\/\/portaltela.pt\/noticias\/2026\/04\/08\/prolongamento-das-licencas-de-handling-pode-desestabilizar-aeroportos-no-verao\/"},"author":{"name":"Telinha","@id":"https:\/\/portaltela.pt\/#\/schema\/person\/c4278d4a6028830caff9ee44b42d32ed"},"headline":"Prolongamento das licen\u00e7as de handling pode desestabilizar aeroportos no ver\u00e3o","datePublished":"2026-04-08T12:32:19+00:00","mainEntityOfPage":{"@id":"https:\/\/portaltela.pt\/noticias\/2026\/04\/08\/prolongamento-das-licencas-de-handling-pode-desestabilizar-aeroportos-no-verao\/"},"wordCount":186,"image":{"@id":"https:\/\/portaltela.pt\/noticias\/2026\/04\/08\/prolongamento-das-licencas-de-handling-pode-desestabilizar-aeroportos-no-verao\/#primaryimage"},"thumbnailUrl":"https:\/\/portaltela.pt\/s.01k8rhncp4jt1\/2026\/04\/CACHE_780X1200_ANALOG_WATERMARKED_46310994_4517377_07012026082908.jpg","keywords":["_economia","aeroportos","gest\u00e3o","Log\u00edstica","trabalho"],"articleSection":["Economia","Neg\u00f3cios"],"inLanguage":"pt-PT"},{"@type":"WebPage","@id":"https:\/\/portaltela.pt\/noticias\/2026\/04\/08\/prolongamento-das-licencas-de-handling-pode-desestabilizar-aeroportos-no-verao\/","url":"https:\/\/portaltela.pt\/noticias\/2026\/04\/08\/prolongamento-das-licencas-de-handling-pode-desestabilizar-aeroportos-no-verao\/","name":"Prolongamento das licen\u00e7as de handling pode desestabilizar aeroportos no ver\u00e3o - Portal Tela Portugal","isPartOf":{"@id":"https:\/\/portaltela.pt\/#website"},"primaryImageOfPage":{"@id":"https:\/\/portaltela.pt\/noticias\/2026\/04\/08\/prolongamento-das-licencas-de-handling-pode-desestabilizar-aeroportos-no-verao\/#primaryimage"},"image":{"@id":"https:\/\/portaltela.pt\/noticias\/2026\/04\/08\/prolongamento-das-licencas-de-handling-pode-desestabilizar-aeroportos-no-verao\/#primaryimage"},"thumbnailUrl":"https:\/\/portaltela.pt\/s.01k8rhncp4jt1\/2026\/04\/CACHE_780X1200_ANALOG_WATERMARKED_46310994_4517377_07012026082908.jpg","datePublished":"2026-04-08T12:32:19+00:00","author":{"@id":"https:\/\/portaltela.pt\/#\/schema\/person\/c4278d4a6028830caff9ee44b42d32ed"},"breadcrumb":{"@id":"https:\/\/portaltela.pt\/noticias\/2026\/04\/08\/prolongamento-das-licencas-de-handling-pode-desestabilizar-aeroportos-no-verao\/#breadcrumb"},"inLanguage":"pt-PT","potentialAction":[{"@type":"ReadAction","target":["https:\/\/portaltela.pt\/noticias\/2026\/04\/08\/prolongamento-das-licencas-de-handling-pode-desestabilizar-aeroportos-no-verao\/"]}]},{"@type":"ImageObject","inLanguage":"pt-PT","@id":"https:\/\/portaltela.pt\/noticias\/2026\/04\/08\/prolongamento-das-licencas-de-handling-pode-desestabilizar-aeroportos-no-verao\/#primaryimage","url":"https:\/\/portaltela.pt\/s.01k8rhncp4jt1\/2026\/04\/CACHE_780X1200_ANALOG_WATERMARKED_46310994_4517377_07012026082908.jpg","contentUrl":"https:\/\/portaltela.pt\/s.01k8rhncp4jt1\/2026\/04\/CACHE_780X1200_ANALOG_WATERMARKED_46310994_4517377_07012026082908.jpg","width":796,"height":448,"caption":"Novo prolongamento das licen\u00e7as de \u2018handling\u2019 vai desestabilizar aeroportos no ver\u00e3o - Sitava"},{"@type":"BreadcrumbList","@id":"https:\/\/portaltela.pt\/noticias\/2026\/04\/08\/prolongamento-das-licencas-de-handling-pode-desestabilizar-aeroportos-no-verao\/#breadcrumb","itemListElement":[{"@type":"ListItem","position":1,"name":"In\u00edcio","item":"https:\/\/portaltela.pt\/"},{"@type":"ListItem","position":2,"name":"Prolongamento das licen\u00e7as de handling pode desestabilizar aeroportos no ver\u00e3o"}]},{"@type":"WebSite","@id":"https:\/\/portaltela.pt\/#website","url":"https:\/\/portaltela.pt\/","name":"Portal Tela Portugal","description":"","potentialAction":[{"@type":"SearchAction","target":{"@type":"EntryPoint","urlTemplate":"https:\/\/portaltela.pt\/?s={search_term_string}"},"query-input":{"@type":"PropertyValueSpecification","valueRequired":true,"valueName":"search_term_string"}}],"inLanguage":"pt-PT"},{"@type":"Person","@id":"https:\/\/portaltela.pt\/#\/schema\/person\/c4278d4a6028830caff9ee44b42d32ed","name":"Telinha","image":{"@type":"ImageObject","inLanguage":"pt-PT","@id":"https:\/\/portaltela.pt\/s.01k8rhncp4jt1\/2025\/11\/talking-bot-125x125.png","url":"https:\/\/portaltela.pt\/s.01k8rhncp4jt1\/2025\/11\/talking-bot-125x125.png","contentUrl":"https:\/\/portaltela.pt\/s.01k8rhncp4jt1\/2025\/11\/talking-bot-125x125.png","caption":"Telinha"},"sameAs":["https:\/\/portaltela.pt\/"],"url":"https:\/\/portaltela.pt\/por\/367410592786\/"}]}},"_links":{"self":[{"href":"https:\/\/portaltela.pt\/api\/wp\/v2\/posts\/436578","targetHints":{"allow":["GET"]}}],"collection":[{"href":"https:\/\/portaltela.pt\/api\/wp\/v2\/posts"}],"about":[{"href":"https:\/\/portaltela.pt\/api\/wp\/v2\/types\/post"}],"author":[{"embeddable":true,"href":"https:\/\/portaltela.pt\/api\/wp\/v2\/users\/2"}],"replies":[{"embeddable":true,"href":"https:\/\/portaltela.pt\/api\/wp\/v2\/comments?post=436578"}],"version-history":[{"count":0,"href":"https:\/\/portaltela.pt\/api\/wp\/v2\/posts\/436578\/revisions"}],"wp:featuredmedia":[{"embeddable":true,"href":"https:\/\/portaltela.pt\/api\/wp\/v2\/media\/436581"}],"wp:attachment":[{"href":"https:\/\/portaltela.pt\/api\/wp\/v2\/media?parent=436578"}],"wp:term":[{"taxonomy":"category","embeddable":true,"href":"https:\/\/portaltela.pt\/api\/wp\/v2\/categories?post=436578"},{"taxonomy":"post_tag","embeddable":true,"href":"https:\/\/portaltela.pt\/api\/wp\/v2\/tags?post=436578"}],"curies":[{"name":"wp","href":"https:\/\/api.w.org\/{rel}","templated":true}]}}