{"id":436575,"date":"2026-04-08T07:08:00","date_gmt":"2026-04-08T10:08:00","guid":{"rendered":"https:\/\/portaltela.pt\/noticias\/2026\/04\/08\/dois-mortos-em-despiste-que-gerou-incendio-no-centro-de-coimbra\/"},"modified":"2026-04-08T07:08:00","modified_gmt":"2026-04-08T10:08:00","slug":"dois-mortos-em-despiste-que-gerou-incendio-no-centro-de-coimbra","status":"publish","type":"post","link":"https:\/\/portaltela.pt\/acidentes\/2026\/04\/08\/dois-mortos-em-despiste-que-gerou-incendio-no-centro-de-coimbra\/","title":{"rendered":"Dois mortos em despiste que gerou inc\u00eandio no centro de Coimbra"},"content":{"rendered":"<p>Um despiste que provocou um inc\u00eandio no centro de Coimbra deixou duas pessoas mortas.<\/p>\n<p>As autoridades confirmaram o \u00f3bito e indicaram que o fogo foi combatido pelos bombeiros.<\/p>\n<p>Ainda n\u00e3o h\u00e1 informa\u00e7\u00e3o oficial sobre a identidade das v\u00edtimas nem as causas do acidente.<\/p>\n<p>As equipas de emerg\u00eancia estiveram no local, com v\u00e1rias viaturas.<\/p>\n<p>A circula\u00e7\u00e3o na \u00e1rea foi temporariamente interrompida para permitir os trabalhos de socorro e rescaldo.<\/p>\n<p>O incidente ocorreu esta manh\u00e3, ainda sem data precisa de divulga\u00e7\u00e3o.<\/p>\n<h3>Investiga\u00e7\u00e3o em curso<\/h3>\n<p>As autoridades est\u00e3o a apurar as circunst\u00e2ncias do despiste e o motivo do inc\u00eandio.<\/p>\n<p>N\u00e3o foram divulgados detalhes sobre poss\u00edveis testemunhas ou respons\u00e1veis pela opera\u00e7\u00e3o no local.<\/p>\n","protected":false},"excerpt":{"rendered":"<ul>\n<li>Dois mortos no despiste que provocou inc\u00eandio no centro de Coimbra.<\/li>\n<li>O conte\u00fado completo da not\u00edcia est\u00e1 dispon\u00edvel apenas para subscritores.<\/li>\n<li>Nesta vers\u00e3o, n\u00e3o foram inclu\u00eddos detalhes adicionais sobre o incidente.<\/li>\n<\/ul>\n","protected":false},"author":2,"featured_media":436577,"comment_status":"closed","ping_status":"closed","sticky":false,"template":"","format":"standard","meta":{"footnotes":""},"categories":[6849],"tags":[5487,971,1070,1438,6421],"class_list":["post-436575","post","type-post","status-publish","format-standard","has-post-thumbnail","hentry","category-acidentes","tag-acidente","tag-bombeiros","tag-coimbra","tag-incendio","tag-mortos"],"yoast_head":"<!-- This site is optimized with the Yoast SEO plugin v27.2 - https:\/\/yoast.com\/product\/yoast-seo-wordpress\/ -->\n<title>Dois mortos em despiste que gerou inc\u00eandio no centro de Coimbra - Portal Tela Portugal<\/title>\n<meta name=\"robots\" content=\"index, follow, max-snippet:-1, max-image-preview:large, max-video-preview:-1\" \/>\n<meta property=\"og:locale\" content=\"pt_PT\" \/>\n<meta property=\"og:type\" content=\"article\" \/>\n<meta property=\"og:title\" content=\"Dois mortos em despiste que gerou inc\u00eandio no centro de Coimbra - Portal Tela Portugal\" \/>\n<meta property=\"og:description\" content=\"Dois mortos no despiste que provocou inc\u00eandio no centro de Coimbra. O conte\u00fado completo da not\u00edcia est\u00e1 dispon\u00edvel apenas para subscritores. Nesta vers\u00e3o, n\u00e3o foram inclu\u00eddos detalhes adicionais sobre o incidente.\" \/>\n<meta property=\"og:url\" content=\"https:\/\/portaltela.pt\/noticias\/2026\/04\/08\/dois-mortos-em-despiste-que-gerou-incendio-no-centro-de-coimbra\/\" \/>\n<meta property=\"og:site_name\" content=\"Portal Tela Portugal\" \/>\n<meta property=\"article:published_time\" content=\"2026-04-08T10:08:00+00:00\" \/>\n<meta name=\"author\" content=\"Telinha\" \/>\n<meta name=\"twitter:card\" content=\"summary_large_image\" \/>\n<meta name=\"twitter:label1\" content=\"Escrito por\" \/>\n\t<meta name=\"twitter:data1\" content=\"Telinha\" \/>\n\t<meta name=\"twitter:label2\" content=\"Tempo estimado de leitura\" \/>\n\t<meta name=\"twitter:data2\" content=\"1 minuto\" \/>\n<script type=\"application\/ld+json\" class=\"yoast-schema-graph\">{\"@context\":\"https:\/\/schema.org\",\"@graph\":[{\"@type\":\"Article\",\"@id\":\"https:\/\/portaltela.pt\/noticias\/2026\/04\/08\/dois-mortos-em-despiste-que-gerou-incendio-no-centro-de-coimbra\/#article\",\"isPartOf\":{\"@id\":\"https:\/\/portaltela.pt\/noticias\/2026\/04\/08\/dois-mortos-em-despiste-que-gerou-incendio-no-centro-de-coimbra\/\"},\"author\":{\"name\":\"Telinha\",\"@id\":\"https:\/\/portaltela.pt\/#\/schema\/person\/c4278d4a6028830caff9ee44b42d32ed\"},\"headline\":\"Dois mortos em despiste que gerou inc\u00eandio no centro de Coimbra\",\"datePublished\":\"2026-04-08T10:08:00+00:00\",\"mainEntityOfPage\":{\"@id\":\"https:\/\/portaltela.pt\/noticias\/2026\/04\/08\/dois-mortos-em-despiste-que-gerou-incendio-no-centro-de-coimbra\/\"},\"wordCount\":137,\"image\":{\"@id\":\"https:\/\/portaltela.pt\/noticias\/2026\/04\/08\/dois-mortos-em-despiste-que-gerou-incendio-no-centro-de-coimbra\/#primaryimage\"},\"thumbnailUrl\":\"https:\/\/portaltela.pt\/s.01k8rhncp4jt1\/2026\/04\/CACHE_780X1200_ANALOG_WATERMARKED_46892483_1572117_08042026100246.jpg\",\"keywords\":[\"acidente\",\"bombeiros\",\"Coimbra\",\"inc\u00eandio\",\"mortos\"],\"articleSection\":[\"Acidentes\"],\"inLanguage\":\"pt-PT\"},{\"@type\":\"WebPage\",\"@id\":\"https:\/\/portaltela.pt\/noticias\/2026\/04\/08\/dois-mortos-em-despiste-que-gerou-incendio-no-centro-de-coimbra\/\",\"url\":\"https:\/\/portaltela.pt\/noticias\/2026\/04\/08\/dois-mortos-em-despiste-que-gerou-incendio-no-centro-de-coimbra\/\",\"name\":\"Dois mortos em despiste que gerou inc\u00eandio no centro de Coimbra - Portal Tela Portugal\",\"isPartOf\":{\"@id\":\"https:\/\/portaltela.pt\/#website\"},\"primaryImageOfPage\":{\"@id\":\"https:\/\/portaltela.pt\/noticias\/2026\/04\/08\/dois-mortos-em-despiste-que-gerou-incendio-no-centro-de-coimbra\/#primaryimage\"},\"image\":{\"@id\":\"https:\/\/portaltela.pt\/noticias\/2026\/04\/08\/dois-mortos-em-despiste-que-gerou-incendio-no-centro-de-coimbra\/#primaryimage\"},\"thumbnailUrl\":\"https:\/\/portaltela.pt\/s.01k8rhncp4jt1\/2026\/04\/CACHE_780X1200_ANALOG_WATERMARKED_46892483_1572117_08042026100246.jpg\",\"datePublished\":\"2026-04-08T10:08:00+00:00\",\"author\":{\"@id\":\"https:\/\/portaltela.pt\/#\/schema\/person\/c4278d4a6028830caff9ee44b42d32ed\"},\"breadcrumb\":{\"@id\":\"https:\/\/portaltela.pt\/noticias\/2026\/04\/08\/dois-mortos-em-despiste-que-gerou-incendio-no-centro-de-coimbra\/#breadcrumb\"},\"inLanguage\":\"pt-PT\",\"potentialAction\":[{\"@type\":\"ReadAction\",\"target\":[\"https:\/\/portaltela.pt\/noticias\/2026\/04\/08\/dois-mortos-em-despiste-que-gerou-incendio-no-centro-de-coimbra\/\"]}]},{\"@type\":\"ImageObject\",\"inLanguage\":\"pt-PT\",\"@id\":\"https:\/\/portaltela.pt\/noticias\/2026\/04\/08\/dois-mortos-em-despiste-que-gerou-incendio-no-centro-de-coimbra\/#primaryimage\",\"url\":\"https:\/\/portaltela.pt\/s.01k8rhncp4jt1\/2026\/04\/CACHE_780X1200_ANALOG_WATERMARKED_46892483_1572117_08042026100246.jpg\",\"contentUrl\":\"https:\/\/portaltela.pt\/s.01k8rhncp4jt1\/2026\/04\/CACHE_780X1200_ANALOG_WATERMARKED_46892483_1572117_08042026100246.jpg\",\"width\":768,\"height\":512,\"caption\":\"Dois mortos no despiste que causou inc\u00eandio no centro de Coimbra\"},{\"@type\":\"BreadcrumbList\",\"@id\":\"https:\/\/portaltela.pt\/noticias\/2026\/04\/08\/dois-mortos-em-despiste-que-gerou-incendio-no-centro-de-coimbra\/#breadcrumb\",\"itemListElement\":[{\"@type\":\"ListItem\",\"position\":1,\"name\":\"In\u00edcio\",\"item\":\"https:\/\/portaltela.pt\/\"},{\"@type\":\"ListItem\",\"position\":2,\"name\":\"Dois mortos em despiste que gerou inc\u00eandio no centro de Coimbra\"}]},{\"@type\":\"WebSite\",\"@id\":\"https:\/\/portaltela.pt\/#website\",\"url\":\"https:\/\/portaltela.pt\/\",\"name\":\"Portal Tela Portugal\",\"description\":\"\",\"potentialAction\":[{\"@type\":\"SearchAction\",\"target\":{\"@type\":\"EntryPoint\",\"urlTemplate\":\"https:\/\/portaltela.pt\/?s={search_term_string}\"},\"query-input\":{\"@type\":\"PropertyValueSpecification\",\"valueRequired\":true,\"valueName\":\"search_term_string\"}}],\"inLanguage\":\"pt-PT\"},{\"@type\":\"Person\",\"@id\":\"https:\/\/portaltela.pt\/#\/schema\/person\/c4278d4a6028830caff9ee44b42d32ed\",\"name\":\"Telinha\",\"image\":{\"@type\":\"ImageObject\",\"inLanguage\":\"pt-PT\",\"@id\":\"https:\/\/portaltela.pt\/s.01k8rhncp4jt1\/2025\/11\/talking-bot-125x125.png\",\"url\":\"https:\/\/portaltela.pt\/s.01k8rhncp4jt1\/2025\/11\/talking-bot-125x125.png\",\"contentUrl\":\"https:\/\/portaltela.pt\/s.01k8rhncp4jt1\/2025\/11\/talking-bot-125x125.png\",\"caption\":\"Telinha\"},\"sameAs\":[\"https:\/\/portaltela.pt\/\"],\"url\":\"https:\/\/portaltela.pt\/por\/367410592786\/\"}]}<\/script>\n<!-- \/ Yoast SEO plugin. -->","yoast_head_json":{"title":"Dois mortos em despiste que gerou inc\u00eandio no centro de Coimbra - Portal Tela Portugal","robots":{"index":"index","follow":"follow","max-snippet":"max-snippet:-1","max-image-preview":"max-image-preview:large","max-video-preview":"max-video-preview:-1"},"og_locale":"pt_PT","og_type":"article","og_title":"Dois mortos em despiste que gerou inc\u00eandio no centro de Coimbra - Portal Tela Portugal","og_description":"Dois mortos no despiste que provocou inc\u00eandio no centro de Coimbra. O conte\u00fado completo da not\u00edcia est\u00e1 dispon\u00edvel apenas para subscritores. Nesta vers\u00e3o, n\u00e3o foram inclu\u00eddos detalhes adicionais sobre o incidente.","og_url":"https:\/\/portaltela.pt\/noticias\/2026\/04\/08\/dois-mortos-em-despiste-que-gerou-incendio-no-centro-de-coimbra\/","og_site_name":"Portal Tela Portugal","article_published_time":"2026-04-08T10:08:00+00:00","author":"Telinha","twitter_card":"summary_large_image","twitter_misc":{"Escrito por":"Telinha","Tempo estimado de leitura":"1 minuto"},"schema":{"@context":"https:\/\/schema.org","@graph":[{"@type":"Article","@id":"https:\/\/portaltela.pt\/noticias\/2026\/04\/08\/dois-mortos-em-despiste-que-gerou-incendio-no-centro-de-coimbra\/#article","isPartOf":{"@id":"https:\/\/portaltela.pt\/noticias\/2026\/04\/08\/dois-mortos-em-despiste-que-gerou-incendio-no-centro-de-coimbra\/"},"author":{"name":"Telinha","@id":"https:\/\/portaltela.pt\/#\/schema\/person\/c4278d4a6028830caff9ee44b42d32ed"},"headline":"Dois mortos em despiste que gerou inc\u00eandio no centro de Coimbra","datePublished":"2026-04-08T10:08:00+00:00","mainEntityOfPage":{"@id":"https:\/\/portaltela.pt\/noticias\/2026\/04\/08\/dois-mortos-em-despiste-que-gerou-incendio-no-centro-de-coimbra\/"},"wordCount":137,"image":{"@id":"https:\/\/portaltela.pt\/noticias\/2026\/04\/08\/dois-mortos-em-despiste-que-gerou-incendio-no-centro-de-coimbra\/#primaryimage"},"thumbnailUrl":"https:\/\/portaltela.pt\/s.01k8rhncp4jt1\/2026\/04\/CACHE_780X1200_ANALOG_WATERMARKED_46892483_1572117_08042026100246.jpg","keywords":["acidente","bombeiros","Coimbra","inc\u00eandio","mortos"],"articleSection":["Acidentes"],"inLanguage":"pt-PT"},{"@type":"WebPage","@id":"https:\/\/portaltela.pt\/noticias\/2026\/04\/08\/dois-mortos-em-despiste-que-gerou-incendio-no-centro-de-coimbra\/","url":"https:\/\/portaltela.pt\/noticias\/2026\/04\/08\/dois-mortos-em-despiste-que-gerou-incendio-no-centro-de-coimbra\/","name":"Dois mortos em despiste que gerou inc\u00eandio no centro de Coimbra - Portal Tela Portugal","isPartOf":{"@id":"https:\/\/portaltela.pt\/#website"},"primaryImageOfPage":{"@id":"https:\/\/portaltela.pt\/noticias\/2026\/04\/08\/dois-mortos-em-despiste-que-gerou-incendio-no-centro-de-coimbra\/#primaryimage"},"image":{"@id":"https:\/\/portaltela.pt\/noticias\/2026\/04\/08\/dois-mortos-em-despiste-que-gerou-incendio-no-centro-de-coimbra\/#primaryimage"},"thumbnailUrl":"https:\/\/portaltela.pt\/s.01k8rhncp4jt1\/2026\/04\/CACHE_780X1200_ANALOG_WATERMARKED_46892483_1572117_08042026100246.jpg","datePublished":"2026-04-08T10:08:00+00:00","author":{"@id":"https:\/\/portaltela.pt\/#\/schema\/person\/c4278d4a6028830caff9ee44b42d32ed"},"breadcrumb":{"@id":"https:\/\/portaltela.pt\/noticias\/2026\/04\/08\/dois-mortos-em-despiste-que-gerou-incendio-no-centro-de-coimbra\/#breadcrumb"},"inLanguage":"pt-PT","potentialAction":[{"@type":"ReadAction","target":["https:\/\/portaltela.pt\/noticias\/2026\/04\/08\/dois-mortos-em-despiste-que-gerou-incendio-no-centro-de-coimbra\/"]}]},{"@type":"ImageObject","inLanguage":"pt-PT","@id":"https:\/\/portaltela.pt\/noticias\/2026\/04\/08\/dois-mortos-em-despiste-que-gerou-incendio-no-centro-de-coimbra\/#primaryimage","url":"https:\/\/portaltela.pt\/s.01k8rhncp4jt1\/2026\/04\/CACHE_780X1200_ANALOG_WATERMARKED_46892483_1572117_08042026100246.jpg","contentUrl":"https:\/\/portaltela.pt\/s.01k8rhncp4jt1\/2026\/04\/CACHE_780X1200_ANALOG_WATERMARKED_46892483_1572117_08042026100246.jpg","width":768,"height":512,"caption":"Dois mortos no despiste que causou inc\u00eandio no centro de Coimbra"},{"@type":"BreadcrumbList","@id":"https:\/\/portaltela.pt\/noticias\/2026\/04\/08\/dois-mortos-em-despiste-que-gerou-incendio-no-centro-de-coimbra\/#breadcrumb","itemListElement":[{"@type":"ListItem","position":1,"name":"In\u00edcio","item":"https:\/\/portaltela.pt\/"},{"@type":"ListItem","position":2,"name":"Dois mortos em despiste que gerou inc\u00eandio no centro de Coimbra"}]},{"@type":"WebSite","@id":"https:\/\/portaltela.pt\/#website","url":"https:\/\/portaltela.pt\/","name":"Portal Tela Portugal","description":"","potentialAction":[{"@type":"SearchAction","target":{"@type":"EntryPoint","urlTemplate":"https:\/\/portaltela.pt\/?s={search_term_string}"},"query-input":{"@type":"PropertyValueSpecification","valueRequired":true,"valueName":"search_term_string"}}],"inLanguage":"pt-PT"},{"@type":"Person","@id":"https:\/\/portaltela.pt\/#\/schema\/person\/c4278d4a6028830caff9ee44b42d32ed","name":"Telinha","image":{"@type":"ImageObject","inLanguage":"pt-PT","@id":"https:\/\/portaltela.pt\/s.01k8rhncp4jt1\/2025\/11\/talking-bot-125x125.png","url":"https:\/\/portaltela.pt\/s.01k8rhncp4jt1\/2025\/11\/talking-bot-125x125.png","contentUrl":"https:\/\/portaltela.pt\/s.01k8rhncp4jt1\/2025\/11\/talking-bot-125x125.png","caption":"Telinha"},"sameAs":["https:\/\/portaltela.pt\/"],"url":"https:\/\/portaltela.pt\/por\/367410592786\/"}]}},"_links":{"self":[{"href":"https:\/\/portaltela.pt\/api\/wp\/v2\/posts\/436575","targetHints":{"allow":["GET"]}}],"collection":[{"href":"https:\/\/portaltela.pt\/api\/wp\/v2\/posts"}],"about":[{"href":"https:\/\/portaltela.pt\/api\/wp\/v2\/types\/post"}],"author":[{"embeddable":true,"href":"https:\/\/portaltela.pt\/api\/wp\/v2\/users\/2"}],"replies":[{"embeddable":true,"href":"https:\/\/portaltela.pt\/api\/wp\/v2\/comments?post=436575"}],"version-history":[{"count":0,"href":"https:\/\/portaltela.pt\/api\/wp\/v2\/posts\/436575\/revisions"}],"wp:featuredmedia":[{"embeddable":true,"href":"https:\/\/portaltela.pt\/api\/wp\/v2\/media\/436577"}],"wp:attachment":[{"href":"https:\/\/portaltela.pt\/api\/wp\/v2\/media?parent=436575"}],"wp:term":[{"taxonomy":"category","embeddable":true,"href":"https:\/\/portaltela.pt\/api\/wp\/v2\/categories?post=436575"},{"taxonomy":"post_tag","embeddable":true,"href":"https:\/\/portaltela.pt\/api\/wp\/v2\/tags?post=436575"}],"curies":[{"name":"wp","href":"https:\/\/api.w.org\/{rel}","templated":true}]}}