{"id":436520,"date":"2026-04-08T08:47:22","date_gmt":"2026-04-08T11:47:22","guid":{"rendered":"https:\/\/portaltela.pt\/noticias\/2026\/04\/08\/mulheres-representam-um-terco-da-lideranca-das-federacoes-desportivas\/"},"modified":"2026-04-08T08:47:22","modified_gmt":"2026-04-08T11:47:22","slug":"mulheres-representam-um-terco-da-lideranca-das-federacoes-desportivas","status":"publish","type":"post","link":"https:\/\/portaltela.pt\/desporto\/futebol\/2026\/04\/08\/mulheres-representam-um-terco-da-lideranca-das-federacoes-desportivas\/","title":{"rendered":"Mulheres representam um ter\u00e7o da lideran\u00e7a das federa\u00e7\u00f5es desportivas"},"content":{"rendered":"<p>As mulheres ocupam um ter\u00e7o dos cargos executivos em 30 federa\u00e7\u00f5es internacionais ligadas \u00e0 ASOIF, segundo o Estudo SIGA 2026. O levantamento analisa a representatividade feminina nos \u00f3rg\u00e3os de topo do desporto ol\u00edmpico, divulgado hoje pela Sport Integrity Global Alliance.<\/p>\n<p>O relat\u00f3rio aponta que 32,02% dos cargos executivos s\u00e3o ocupados por mulheres, um aumento relativamente modesto desde 2024. Em 2018, esse valor era 18,3%, com a tend\u00eancia de melhoria a manter-se, embora o peso masculino permane\u00e7a dominante.<\/p>\n<p>Apesar do ganho, o estudo sustenta que existem progressos que exigem a\u00e7\u00f5es adicionais. Em 2018, 81,7% dos cargos de dirigismo eram ocupados por homens; em 2026, esse n\u00edvel baixa para 67,98%, ainda acima da paridade.<\/p>\n<p>A presid\u00eancia de federa\u00e7\u00f5es continua majoritariamente masculina. Entre as 30 federa\u00e7\u00f5es, apenas tr\u00eas s\u00e3o chefiadas por mulheres: Annika S\u00f6renstam (golfe), Petra S\u00f6rling (t\u00e9nis de mesa) e Khunying Patama Leeswadtrakul (badminton). O COI tem pela primeira vez uma presidente feminina, Kirsty Coventry, mas n\u00e3o altera o panorama global.<\/p>\n<p>Nos cargos de diretoria executiva ou secretariado-geral, o n\u00famero sobe para cinco mulheres em 30 organiza\u00e7\u00f5es, o que representa 16,67%. As \u00e1reas com maior representatividade feminina incluem ciclismo, esgrima, equestrian e pentatlo moderno.<\/p>\n<h3>Avan\u00e7os e chamadas \u00e0 a\u00e7\u00e3o<\/h3>\n<p>O estudo confirma que a World Athletics atingiu paridade de g\u00e9nero no n\u00edvel diretivo, com 50% de cada sexo. Seguem-se o equestrian e o t\u00e9nis de mesa com n\u00fameros pr\u00f3ximos de paridade. Nata\u00e7\u00e3o e vela apresentam quotas mais baixas, ainda assim com participa\u00e7\u00e3o relevante de mulheres.<\/p>\n<p>Federa\u00e7\u00f5es como andebol, canoagem, t\u00e9nis, lutas amadoras e basquetebol ficam aqu\u00e9m da m\u00e9dia de 30% de lideran\u00e7a feminina, situando-se entre 10% e 21,43% nesses cargos top. A SIGA solicita reformas de governa\u00e7\u00e3o mensur\u00e1veis e programas de mentoria para acelerar a igualdade.<\/p>\n<p>A rede SIGAWomen, criada para apoiar mulheres na governa\u00e7\u00e3o do desporto, \u00e9 citada como ponto de apoio para desenvolver trajet\u00f3rias de lideran\u00e7a. O estudo foi desenvolvido com base em 659 cargos executivos, em m\u00e9dia 22 por \u00f3rg\u00e3o de governa\u00e7\u00e3o.<\/p>\n<h3>Evento de apresenta\u00e7\u00e3o e participantes<\/h3>\n<p>A divulga\u00e7\u00e3o ocorreu hoje na p\u00e1gina oficial da SIGA, \u00e0s 17h00, em Lisboa. Participaram respons\u00e1veis pela SIGA e pela SIGAWomen, incluindo Emanuel Macedo de Medeiros, cofundador e dirigente reeleito at\u00e9 2030. As informa\u00e7\u00f5es s\u00e3o apresentadas sem coment\u00e1rios do p\u00fablico.<\/p>\n<p>A SIGA reafirma que a integridade no desporto n\u00e3o \u00e9 alcan\u00e7ada sem equil\u00edbrio nas lideran\u00e7as. O relat\u00f3rio conclui pela necessidade de pol\u00edticas que promovam igualdade de oportunidades e transpar\u00eancia nas estruturas dirigentes.<\/p>\n","protected":false},"excerpt":{"rendered":"<ul>\n<li>As mulheres ocupam 32,02% dos cargos executivos de 30 federa\u00e7\u00f5es internacionais que integram a ASOIF, um ligeiro aumento face a 2024.<\/li>\n<li>A subida desde 2018 foi de 18,3%, mas a lideran\u00e7a continua maioritariamente masculina, com 67,98% de dirigentes homens em 2026.<\/li>\n<li>Tr\u00eas federa\u00e7\u00f5es (10%) t\u00eam presidency feminina: golfe, t\u00e9nis de mesa e badminton; o Comit\u00e9 Ol\u00edmpico Internacional \u00e9 liderado por Kirsty Coventry pela primeira vez.<\/li>\n<li>No plano de estruturas executivas, World Athletics chegou \u00e0 paridade (50% de homens e 50% de mulheres) no n\u00edvel diretivo; seguem-se federa\u00e7\u00f5es de equestrianismo e t\u00e9nis de mesa com quotas elevadas de mulheres.<\/li>\n<li>A SIGA apela a reformas de governa\u00e7\u00e3o e a programas de mentoria para acelerar a igualdade de g\u00e9nero, com a apresenta\u00e7\u00e3o dos resultados numa confer\u00eancia da organiza\u00e7\u00e3o.<\/li>\n<\/ul>\n","protected":false},"author":2,"featured_media":436523,"comment_status":"closed","ping_status":"closed","sticky":false,"template":"","format":"standard","meta":{"footnotes":""},"categories":[21,24],"tags":[152,6220,3027,6802,2701,2023],"class_list":["post-436520","post","type-post","status-publish","format-standard","has-post-thumbnail","hentry","category-desporto","category-futebol","tag-desporto","tag-desporto-federado","tag-igualdade-de-genero-desafios-na-atualidade","tag-lideranca","tag-mulheres","tag-organizacoes-internacionais"],"yoast_head":"<!-- This site is optimized with the Yoast SEO plugin v27.2 - https:\/\/yoast.com\/product\/yoast-seo-wordpress\/ -->\n<title>Mulheres representam um ter\u00e7o da lideran\u00e7a das federa\u00e7\u00f5es desportivas - Portal Tela Portugal<\/title>\n<meta name=\"robots\" content=\"index, follow, max-snippet:-1, max-image-preview:large, max-video-preview:-1\" \/>\n<meta property=\"og:locale\" content=\"pt_PT\" \/>\n<meta property=\"og:type\" content=\"article\" \/>\n<meta property=\"og:title\" content=\"Mulheres representam um ter\u00e7o da lideran\u00e7a das federa\u00e7\u00f5es desportivas - Portal Tela Portugal\" \/>\n<meta property=\"og:description\" content=\"As mulheres ocupam 32,02% dos cargos executivos de 30 federa\u00e7\u00f5es internacionais que integram a ASOIF, um ligeiro aumento face a 2024. A subida desde 2018 foi de 18,3%, mas a lideran\u00e7a continua maioritariamente masculina, com 67,98% de dirigentes homens em 2026. Tr\u00eas federa\u00e7\u00f5es (10%) t\u00eam presidency feminina: golfe, t\u00e9nis de mesa e badminton; o Comit\u00e9 Ol\u00edmpico Internacional \u00e9 liderado por Kirsty Coventry pela primeira vez. No plano de estruturas executivas, World Athletics chegou \u00e0 paridade (50% de homens e 50% de mulheres) no n\u00edvel diretivo; seguem-se federa\u00e7\u00f5es de equestrianismo e t\u00e9nis de mesa com quotas elevadas de mulheres. A SIGA apela a reformas de governa\u00e7\u00e3o e a programas de mentoria para acelerar a igualdade de g\u00e9nero, com a apresenta\u00e7\u00e3o dos resultados numa confer\u00eancia da organiza\u00e7\u00e3o.\" \/>\n<meta property=\"og:url\" content=\"https:\/\/portaltela.pt\/noticias\/2026\/04\/08\/mulheres-representam-um-terco-da-lideranca-das-federacoes-desportivas\/\" \/>\n<meta property=\"og:site_name\" content=\"Portal Tela Portugal\" \/>\n<meta property=\"article:published_time\" content=\"2026-04-08T11:47:22+00:00\" \/>\n<meta name=\"author\" content=\"Telinha\" \/>\n<meta name=\"twitter:card\" content=\"summary_large_image\" \/>\n<meta name=\"twitter:label1\" content=\"Escrito por\" \/>\n\t<meta name=\"twitter:data1\" content=\"Telinha\" \/>\n\t<meta name=\"twitter:label2\" content=\"Tempo estimado de leitura\" \/>\n\t<meta name=\"twitter:data2\" content=\"2 minutos\" \/>\n<script type=\"application\/ld+json\" class=\"yoast-schema-graph\">{\"@context\":\"https:\/\/schema.org\",\"@graph\":[{\"@type\":\"Article\",\"@id\":\"https:\/\/portaltela.pt\/noticias\/2026\/04\/08\/mulheres-representam-um-terco-da-lideranca-das-federacoes-desportivas\/#article\",\"isPartOf\":{\"@id\":\"https:\/\/portaltela.pt\/noticias\/2026\/04\/08\/mulheres-representam-um-terco-da-lideranca-das-federacoes-desportivas\/\"},\"author\":{\"name\":\"Telinha\",\"@id\":\"https:\/\/portaltela.pt\/#\/schema\/person\/c4278d4a6028830caff9ee44b42d32ed\"},\"headline\":\"Mulheres representam um ter\u00e7o da lideran\u00e7a das federa\u00e7\u00f5es desportivas\",\"datePublished\":\"2026-04-08T11:47:22+00:00\",\"mainEntityOfPage\":{\"@id\":\"https:\/\/portaltela.pt\/noticias\/2026\/04\/08\/mulheres-representam-um-terco-da-lideranca-das-federacoes-desportivas\/\"},\"wordCount\":445,\"image\":{\"@id\":\"https:\/\/portaltela.pt\/noticias\/2026\/04\/08\/mulheres-representam-um-terco-da-lideranca-das-federacoes-desportivas\/#primaryimage\"},\"thumbnailUrl\":\"https:\/\/portaltela.pt\/s.01k8rhncp4jt1\/2026\/04\/img_920x518uu2025-11-21-09-47-53-2404037-im-638993152901045861.jpg\",\"keywords\":[\"desporto\",\"Desporto Federado\",\"Igualdade de G\u00e9nero \u2013 Desafios na Atualidade\",\"lideran\u00e7a\",\"Mulheres\",\"organiza\u00e7\u00f5es internacionais\"],\"articleSection\":[\"Desporto\",\"Futebol\"],\"inLanguage\":\"pt-PT\"},{\"@type\":\"WebPage\",\"@id\":\"https:\/\/portaltela.pt\/noticias\/2026\/04\/08\/mulheres-representam-um-terco-da-lideranca-das-federacoes-desportivas\/\",\"url\":\"https:\/\/portaltela.pt\/noticias\/2026\/04\/08\/mulheres-representam-um-terco-da-lideranca-das-federacoes-desportivas\/\",\"name\":\"Mulheres representam um ter\u00e7o da lideran\u00e7a das federa\u00e7\u00f5es desportivas - Portal Tela Portugal\",\"isPartOf\":{\"@id\":\"https:\/\/portaltela.pt\/#website\"},\"primaryImageOfPage\":{\"@id\":\"https:\/\/portaltela.pt\/noticias\/2026\/04\/08\/mulheres-representam-um-terco-da-lideranca-das-federacoes-desportivas\/#primaryimage\"},\"image\":{\"@id\":\"https:\/\/portaltela.pt\/noticias\/2026\/04\/08\/mulheres-representam-um-terco-da-lideranca-das-federacoes-desportivas\/#primaryimage\"},\"thumbnailUrl\":\"https:\/\/portaltela.pt\/s.01k8rhncp4jt1\/2026\/04\/img_920x518uu2025-11-21-09-47-53-2404037-im-638993152901045861.jpg\",\"datePublished\":\"2026-04-08T11:47:22+00:00\",\"author\":{\"@id\":\"https:\/\/portaltela.pt\/#\/schema\/person\/c4278d4a6028830caff9ee44b42d32ed\"},\"breadcrumb\":{\"@id\":\"https:\/\/portaltela.pt\/noticias\/2026\/04\/08\/mulheres-representam-um-terco-da-lideranca-das-federacoes-desportivas\/#breadcrumb\"},\"inLanguage\":\"pt-PT\",\"potentialAction\":[{\"@type\":\"ReadAction\",\"target\":[\"https:\/\/portaltela.pt\/noticias\/2026\/04\/08\/mulheres-representam-um-terco-da-lideranca-das-federacoes-desportivas\/\"]}]},{\"@type\":\"ImageObject\",\"inLanguage\":\"pt-PT\",\"@id\":\"https:\/\/portaltela.pt\/noticias\/2026\/04\/08\/mulheres-representam-um-terco-da-lideranca-das-federacoes-desportivas\/#primaryimage\",\"url\":\"https:\/\/portaltela.pt\/s.01k8rhncp4jt1\/2026\/04\/img_920x518uu2025-11-21-09-47-53-2404037-im-638993152901045861.jpg\",\"contentUrl\":\"https:\/\/portaltela.pt\/s.01k8rhncp4jt1\/2026\/04\/img_920x518uu2025-11-21-09-47-53-2404037-im-638993152901045861.jpg\",\"width\":796,\"height\":448,\"caption\":\"Mulheres representam um ter\u00e7o da lideran\u00e7a das federa\u00e7\u00f5es desportivas, de acordo com a SIGA\"},{\"@type\":\"BreadcrumbList\",\"@id\":\"https:\/\/portaltela.pt\/noticias\/2026\/04\/08\/mulheres-representam-um-terco-da-lideranca-das-federacoes-desportivas\/#breadcrumb\",\"itemListElement\":[{\"@type\":\"ListItem\",\"position\":1,\"name\":\"In\u00edcio\",\"item\":\"https:\/\/portaltela.pt\/\"},{\"@type\":\"ListItem\",\"position\":2,\"name\":\"Mulheres representam um ter\u00e7o da lideran\u00e7a das federa\u00e7\u00f5es desportivas\"}]},{\"@type\":\"WebSite\",\"@id\":\"https:\/\/portaltela.pt\/#website\",\"url\":\"https:\/\/portaltela.pt\/\",\"name\":\"Portal Tela Portugal\",\"description\":\"\",\"potentialAction\":[{\"@type\":\"SearchAction\",\"target\":{\"@type\":\"EntryPoint\",\"urlTemplate\":\"https:\/\/portaltela.pt\/?s={search_term_string}\"},\"query-input\":{\"@type\":\"PropertyValueSpecification\",\"valueRequired\":true,\"valueName\":\"search_term_string\"}}],\"inLanguage\":\"pt-PT\"},{\"@type\":\"Person\",\"@id\":\"https:\/\/portaltela.pt\/#\/schema\/person\/c4278d4a6028830caff9ee44b42d32ed\",\"name\":\"Telinha\",\"image\":{\"@type\":\"ImageObject\",\"inLanguage\":\"pt-PT\",\"@id\":\"https:\/\/portaltela.pt\/s.01k8rhncp4jt1\/2025\/11\/talking-bot-125x125.png\",\"url\":\"https:\/\/portaltela.pt\/s.01k8rhncp4jt1\/2025\/11\/talking-bot-125x125.png\",\"contentUrl\":\"https:\/\/portaltela.pt\/s.01k8rhncp4jt1\/2025\/11\/talking-bot-125x125.png\",\"caption\":\"Telinha\"},\"sameAs\":[\"https:\/\/portaltela.pt\/\"],\"url\":\"https:\/\/portaltela.pt\/por\/367410592786\/\"}]}<\/script>\n<!-- \/ Yoast SEO plugin. -->","yoast_head_json":{"title":"Mulheres representam um ter\u00e7o da lideran\u00e7a das federa\u00e7\u00f5es desportivas - Portal Tela Portugal","robots":{"index":"index","follow":"follow","max-snippet":"max-snippet:-1","max-image-preview":"max-image-preview:large","max-video-preview":"max-video-preview:-1"},"og_locale":"pt_PT","og_type":"article","og_title":"Mulheres representam um ter\u00e7o da lideran\u00e7a das federa\u00e7\u00f5es desportivas - Portal Tela Portugal","og_description":"As mulheres ocupam 32,02% dos cargos executivos de 30 federa\u00e7\u00f5es internacionais que integram a ASOIF, um ligeiro aumento face a 2024. A subida desde 2018 foi de 18,3%, mas a lideran\u00e7a continua maioritariamente masculina, com 67,98% de dirigentes homens em 2026. Tr\u00eas federa\u00e7\u00f5es (10%) t\u00eam presidency feminina: golfe, t\u00e9nis de mesa e badminton; o Comit\u00e9 Ol\u00edmpico Internacional \u00e9 liderado por Kirsty Coventry pela primeira vez. No plano de estruturas executivas, World Athletics chegou \u00e0 paridade (50% de homens e 50% de mulheres) no n\u00edvel diretivo; seguem-se federa\u00e7\u00f5es de equestrianismo e t\u00e9nis de mesa com quotas elevadas de mulheres. A SIGA apela a reformas de governa\u00e7\u00e3o e a programas de mentoria para acelerar a igualdade de g\u00e9nero, com a apresenta\u00e7\u00e3o dos resultados numa confer\u00eancia da organiza\u00e7\u00e3o.","og_url":"https:\/\/portaltela.pt\/noticias\/2026\/04\/08\/mulheres-representam-um-terco-da-lideranca-das-federacoes-desportivas\/","og_site_name":"Portal Tela Portugal","article_published_time":"2026-04-08T11:47:22+00:00","author":"Telinha","twitter_card":"summary_large_image","twitter_misc":{"Escrito por":"Telinha","Tempo estimado de leitura":"2 minutos"},"schema":{"@context":"https:\/\/schema.org","@graph":[{"@type":"Article","@id":"https:\/\/portaltela.pt\/noticias\/2026\/04\/08\/mulheres-representam-um-terco-da-lideranca-das-federacoes-desportivas\/#article","isPartOf":{"@id":"https:\/\/portaltela.pt\/noticias\/2026\/04\/08\/mulheres-representam-um-terco-da-lideranca-das-federacoes-desportivas\/"},"author":{"name":"Telinha","@id":"https:\/\/portaltela.pt\/#\/schema\/person\/c4278d4a6028830caff9ee44b42d32ed"},"headline":"Mulheres representam um ter\u00e7o da lideran\u00e7a das federa\u00e7\u00f5es desportivas","datePublished":"2026-04-08T11:47:22+00:00","mainEntityOfPage":{"@id":"https:\/\/portaltela.pt\/noticias\/2026\/04\/08\/mulheres-representam-um-terco-da-lideranca-das-federacoes-desportivas\/"},"wordCount":445,"image":{"@id":"https:\/\/portaltela.pt\/noticias\/2026\/04\/08\/mulheres-representam-um-terco-da-lideranca-das-federacoes-desportivas\/#primaryimage"},"thumbnailUrl":"https:\/\/portaltela.pt\/s.01k8rhncp4jt1\/2026\/04\/img_920x518uu2025-11-21-09-47-53-2404037-im-638993152901045861.jpg","keywords":["desporto","Desporto Federado","Igualdade de G\u00e9nero \u2013 Desafios na Atualidade","lideran\u00e7a","Mulheres","organiza\u00e7\u00f5es internacionais"],"articleSection":["Desporto","Futebol"],"inLanguage":"pt-PT"},{"@type":"WebPage","@id":"https:\/\/portaltela.pt\/noticias\/2026\/04\/08\/mulheres-representam-um-terco-da-lideranca-das-federacoes-desportivas\/","url":"https:\/\/portaltela.pt\/noticias\/2026\/04\/08\/mulheres-representam-um-terco-da-lideranca-das-federacoes-desportivas\/","name":"Mulheres representam um ter\u00e7o da lideran\u00e7a das federa\u00e7\u00f5es desportivas - Portal Tela Portugal","isPartOf":{"@id":"https:\/\/portaltela.pt\/#website"},"primaryImageOfPage":{"@id":"https:\/\/portaltela.pt\/noticias\/2026\/04\/08\/mulheres-representam-um-terco-da-lideranca-das-federacoes-desportivas\/#primaryimage"},"image":{"@id":"https:\/\/portaltela.pt\/noticias\/2026\/04\/08\/mulheres-representam-um-terco-da-lideranca-das-federacoes-desportivas\/#primaryimage"},"thumbnailUrl":"https:\/\/portaltela.pt\/s.01k8rhncp4jt1\/2026\/04\/img_920x518uu2025-11-21-09-47-53-2404037-im-638993152901045861.jpg","datePublished":"2026-04-08T11:47:22+00:00","author":{"@id":"https:\/\/portaltela.pt\/#\/schema\/person\/c4278d4a6028830caff9ee44b42d32ed"},"breadcrumb":{"@id":"https:\/\/portaltela.pt\/noticias\/2026\/04\/08\/mulheres-representam-um-terco-da-lideranca-das-federacoes-desportivas\/#breadcrumb"},"inLanguage":"pt-PT","potentialAction":[{"@type":"ReadAction","target":["https:\/\/portaltela.pt\/noticias\/2026\/04\/08\/mulheres-representam-um-terco-da-lideranca-das-federacoes-desportivas\/"]}]},{"@type":"ImageObject","inLanguage":"pt-PT","@id":"https:\/\/portaltela.pt\/noticias\/2026\/04\/08\/mulheres-representam-um-terco-da-lideranca-das-federacoes-desportivas\/#primaryimage","url":"https:\/\/portaltela.pt\/s.01k8rhncp4jt1\/2026\/04\/img_920x518uu2025-11-21-09-47-53-2404037-im-638993152901045861.jpg","contentUrl":"https:\/\/portaltela.pt\/s.01k8rhncp4jt1\/2026\/04\/img_920x518uu2025-11-21-09-47-53-2404037-im-638993152901045861.jpg","width":796,"height":448,"caption":"Mulheres representam um ter\u00e7o da lideran\u00e7a das federa\u00e7\u00f5es desportivas, de acordo com a SIGA"},{"@type":"BreadcrumbList","@id":"https:\/\/portaltela.pt\/noticias\/2026\/04\/08\/mulheres-representam-um-terco-da-lideranca-das-federacoes-desportivas\/#breadcrumb","itemListElement":[{"@type":"ListItem","position":1,"name":"In\u00edcio","item":"https:\/\/portaltela.pt\/"},{"@type":"ListItem","position":2,"name":"Mulheres representam um ter\u00e7o da lideran\u00e7a das federa\u00e7\u00f5es desportivas"}]},{"@type":"WebSite","@id":"https:\/\/portaltela.pt\/#website","url":"https:\/\/portaltela.pt\/","name":"Portal Tela Portugal","description":"","potentialAction":[{"@type":"SearchAction","target":{"@type":"EntryPoint","urlTemplate":"https:\/\/portaltela.pt\/?s={search_term_string}"},"query-input":{"@type":"PropertyValueSpecification","valueRequired":true,"valueName":"search_term_string"}}],"inLanguage":"pt-PT"},{"@type":"Person","@id":"https:\/\/portaltela.pt\/#\/schema\/person\/c4278d4a6028830caff9ee44b42d32ed","name":"Telinha","image":{"@type":"ImageObject","inLanguage":"pt-PT","@id":"https:\/\/portaltela.pt\/s.01k8rhncp4jt1\/2025\/11\/talking-bot-125x125.png","url":"https:\/\/portaltela.pt\/s.01k8rhncp4jt1\/2025\/11\/talking-bot-125x125.png","contentUrl":"https:\/\/portaltela.pt\/s.01k8rhncp4jt1\/2025\/11\/talking-bot-125x125.png","caption":"Telinha"},"sameAs":["https:\/\/portaltela.pt\/"],"url":"https:\/\/portaltela.pt\/por\/367410592786\/"}]}},"_links":{"self":[{"href":"https:\/\/portaltela.pt\/api\/wp\/v2\/posts\/436520","targetHints":{"allow":["GET"]}}],"collection":[{"href":"https:\/\/portaltela.pt\/api\/wp\/v2\/posts"}],"about":[{"href":"https:\/\/portaltela.pt\/api\/wp\/v2\/types\/post"}],"author":[{"embeddable":true,"href":"https:\/\/portaltela.pt\/api\/wp\/v2\/users\/2"}],"replies":[{"embeddable":true,"href":"https:\/\/portaltela.pt\/api\/wp\/v2\/comments?post=436520"}],"version-history":[{"count":0,"href":"https:\/\/portaltela.pt\/api\/wp\/v2\/posts\/436520\/revisions"}],"wp:featuredmedia":[{"embeddable":true,"href":"https:\/\/portaltela.pt\/api\/wp\/v2\/media\/436523"}],"wp:attachment":[{"href":"https:\/\/portaltela.pt\/api\/wp\/v2\/media?parent=436520"}],"wp:term":[{"taxonomy":"category","embeddable":true,"href":"https:\/\/portaltela.pt\/api\/wp\/v2\/categories?post=436520"},{"taxonomy":"post_tag","embeddable":true,"href":"https:\/\/portaltela.pt\/api\/wp\/v2\/tags?post=436520"}],"curies":[{"name":"wp","href":"https:\/\/api.w.org\/{rel}","templated":true}]}}