{"id":436500,"date":"2026-04-08T08:32:13","date_gmt":"2026-04-08T11:32:13","guid":{"rendered":"https:\/\/portaltela.pt\/noticias\/2026\/04\/08\/malabarista-de-barreiro-morre-atropelado-apos-ultimo-espetaculo-de-rua-na-pascoa\/"},"modified":"2026-04-08T08:32:13","modified_gmt":"2026-04-08T11:32:13","slug":"malabarista-de-barreiro-morre-atropelado-apos-ultimo-espetaculo-de-rua-na-pascoa","status":"publish","type":"post","link":"https:\/\/portaltela.pt\/acidentes\/2026\/04\/08\/malabarista-de-barreiro-morre-atropelado-apos-ultimo-espetaculo-de-rua-na-pascoa\/","title":{"rendered":"Malabarista de Barreiro morre atropelado ap\u00f3s \u00faltimo espet\u00e1culo de rua na P\u00e1scoa"},"content":{"rendered":"<p>Um malabarista do Barreiro morreu atropelado ap\u00f3s apresentar o \u00faltimo espet\u00e1culo de rua no Domingo de P\u00e1scoa. O acidente ocorreu numa \u00e1rea p\u00fablica da cidade, durante a anima\u00e7\u00e3o de rua associada \u00e0s celebra\u00e7\u00f5es pascais.<\/p>\n<p>A v\u00edtima foi encaminhada para o hospital, mas n\u00e3o resistiu aos ferimentos. As circunst\u00e2ncias do atropelamento est\u00e3o a ser apuradas pelas autoridades competentes.<\/p>\n<h3>Situa\u00e7\u00e3o atual<\/h3>\n<p>As autoridades indicam que o incidente ocorreu durante as atua\u00e7\u00f5es de rua, envolvendo o artista e uma viatura n\u00e3o identificada at\u00e9 o momento. N\u00e3o foram divulgados detalhes sobre poss\u00edveis testemunhas ou imagens de vigil\u00e2ncia.<\/p>\n","protected":false},"excerpt":{"rendered":"<ul>\n<li>O malabarista do Barreiro foi atropelado ap\u00f3s o seu \u00faltimo espet\u00e1culo de rua no domingo de P\u00e1scoa.<\/li>\n<li>O homem foi levado para o hospital, mas n\u00e3o resistiu aos ferimentos.<\/li>\n<li>O incidente ocorreu no Barreiro, na regi\u00e3o de Lisboa.<\/li>\n<li>A not\u00edcia n\u00e3o detalha as circunst\u00e2ncias do atropelamento.<\/li>\n<\/ul>\n","protected":false},"author":2,"featured_media":436501,"comment_status":"closed","ping_status":"closed","sticky":false,"template":"","format":"standard","meta":{"footnotes":""},"categories":[6849],"tags":[5487,4169,3591,1975,1056],"class_list":["post-436500","post","type-post","status-publish","format-standard","has-post-thumbnail","hentry","category-acidentes","tag-acidente","tag-acidente-rodoviario","tag-animacao-sociocultural","tag-arte-teatro-concertos","tag-barreiro"],"yoast_head":"<!-- This site is optimized with the Yoast SEO plugin v27.2 - https:\/\/yoast.com\/product\/yoast-seo-wordpress\/ -->\n<title>Malabarista de Barreiro morre atropelado ap\u00f3s \u00faltimo espet\u00e1culo de rua na P\u00e1scoa - Portal Tela Portugal<\/title>\n<meta name=\"robots\" content=\"index, follow, max-snippet:-1, max-image-preview:large, max-video-preview:-1\" \/>\n<meta property=\"og:locale\" content=\"pt_PT\" \/>\n<meta property=\"og:type\" content=\"article\" \/>\n<meta property=\"og:title\" content=\"Malabarista de Barreiro morre atropelado ap\u00f3s \u00faltimo espet\u00e1culo de rua na P\u00e1scoa - Portal Tela Portugal\" \/>\n<meta property=\"og:description\" content=\"O malabarista do Barreiro foi atropelado ap\u00f3s o seu \u00faltimo espet\u00e1culo de rua no domingo de P\u00e1scoa. O homem foi levado para o hospital, mas n\u00e3o resistiu aos ferimentos. O incidente ocorreu no Barreiro, na regi\u00e3o de Lisboa. A not\u00edcia n\u00e3o detalha as circunst\u00e2ncias do atropelamento.\" \/>\n<meta property=\"og:url\" content=\"https:\/\/portaltela.pt\/noticias\/2026\/04\/08\/malabarista-de-barreiro-morre-atropelado-apos-ultimo-espetaculo-de-rua-na-pascoa\/\" \/>\n<meta property=\"og:site_name\" content=\"Portal Tela Portugal\" \/>\n<meta property=\"article:published_time\" content=\"2026-04-08T11:32:13+00:00\" \/>\n<meta name=\"author\" content=\"Telinha\" \/>\n<meta name=\"twitter:card\" content=\"summary_large_image\" \/>\n<meta name=\"twitter:label1\" content=\"Escrito por\" \/>\n\t<meta name=\"twitter:data1\" content=\"Telinha\" \/>\n\t<meta name=\"twitter:label2\" content=\"Tempo estimado de leitura\" \/>\n\t<meta name=\"twitter:data2\" content=\"1 minuto\" \/>\n<script type=\"application\/ld+json\" class=\"yoast-schema-graph\">{\"@context\":\"https:\/\/schema.org\",\"@graph\":[{\"@type\":\"Article\",\"@id\":\"https:\/\/portaltela.pt\/noticias\/2026\/04\/08\/malabarista-de-barreiro-morre-atropelado-apos-ultimo-espetaculo-de-rua-na-pascoa\/#article\",\"isPartOf\":{\"@id\":\"https:\/\/portaltela.pt\/noticias\/2026\/04\/08\/malabarista-de-barreiro-morre-atropelado-apos-ultimo-espetaculo-de-rua-na-pascoa\/\"},\"author\":{\"name\":\"Telinha\",\"@id\":\"https:\/\/portaltela.pt\/#\/schema\/person\/c4278d4a6028830caff9ee44b42d32ed\"},\"headline\":\"Malabarista de Barreiro morre atropelado ap\u00f3s \u00faltimo espet\u00e1culo de rua na P\u00e1scoa\",\"datePublished\":\"2026-04-08T11:32:13+00:00\",\"mainEntityOfPage\":{\"@id\":\"https:\/\/portaltela.pt\/noticias\/2026\/04\/08\/malabarista-de-barreiro-morre-atropelado-apos-ultimo-espetaculo-de-rua-na-pascoa\/\"},\"wordCount\":124,\"image\":{\"@id\":\"https:\/\/portaltela.pt\/noticias\/2026\/04\/08\/malabarista-de-barreiro-morre-atropelado-apos-ultimo-espetaculo-de-rua-na-pascoa\/#primaryimage\"},\"thumbnailUrl\":\"https:\/\/portaltela.pt\/s.01k8rhncp4jt1\/2026\/04\/img_1280x722uu2026-04-08-11-14-00-2277219.jpg\",\"keywords\":[\"acidente\",\"acidente rodovi\u00e1rio\",\"Anima\u00e7\u00e3o Sociocultural\",\"arte\/teatro\/concertos\",\"Barreiro\"],\"articleSection\":[\"Acidentes\"],\"inLanguage\":\"pt-PT\"},{\"@type\":\"WebPage\",\"@id\":\"https:\/\/portaltela.pt\/noticias\/2026\/04\/08\/malabarista-de-barreiro-morre-atropelado-apos-ultimo-espetaculo-de-rua-na-pascoa\/\",\"url\":\"https:\/\/portaltela.pt\/noticias\/2026\/04\/08\/malabarista-de-barreiro-morre-atropelado-apos-ultimo-espetaculo-de-rua-na-pascoa\/\",\"name\":\"Malabarista de Barreiro morre atropelado ap\u00f3s \u00faltimo espet\u00e1culo de rua na P\u00e1scoa - Portal Tela Portugal\",\"isPartOf\":{\"@id\":\"https:\/\/portaltela.pt\/#website\"},\"primaryImageOfPage\":{\"@id\":\"https:\/\/portaltela.pt\/noticias\/2026\/04\/08\/malabarista-de-barreiro-morre-atropelado-apos-ultimo-espetaculo-de-rua-na-pascoa\/#primaryimage\"},\"image\":{\"@id\":\"https:\/\/portaltela.pt\/noticias\/2026\/04\/08\/malabarista-de-barreiro-morre-atropelado-apos-ultimo-espetaculo-de-rua-na-pascoa\/#primaryimage\"},\"thumbnailUrl\":\"https:\/\/portaltela.pt\/s.01k8rhncp4jt1\/2026\/04\/img_1280x722uu2026-04-08-11-14-00-2277219.jpg\",\"datePublished\":\"2026-04-08T11:32:13+00:00\",\"author\":{\"@id\":\"https:\/\/portaltela.pt\/#\/schema\/person\/c4278d4a6028830caff9ee44b42d32ed\"},\"breadcrumb\":{\"@id\":\"https:\/\/portaltela.pt\/noticias\/2026\/04\/08\/malabarista-de-barreiro-morre-atropelado-apos-ultimo-espetaculo-de-rua-na-pascoa\/#breadcrumb\"},\"inLanguage\":\"pt-PT\",\"potentialAction\":[{\"@type\":\"ReadAction\",\"target\":[\"https:\/\/portaltela.pt\/noticias\/2026\/04\/08\/malabarista-de-barreiro-morre-atropelado-apos-ultimo-espetaculo-de-rua-na-pascoa\/\"]}]},{\"@type\":\"ImageObject\",\"inLanguage\":\"pt-PT\",\"@id\":\"https:\/\/portaltela.pt\/noticias\/2026\/04\/08\/malabarista-de-barreiro-morre-atropelado-apos-ultimo-espetaculo-de-rua-na-pascoa\/#primaryimage\",\"url\":\"https:\/\/portaltela.pt\/s.01k8rhncp4jt1\/2026\/04\/img_1280x722uu2026-04-08-11-14-00-2277219.jpg\",\"contentUrl\":\"https:\/\/portaltela.pt\/s.01k8rhncp4jt1\/2026\/04\/img_1280x722uu2026-04-08-11-14-00-2277219.jpg\",\"width\":796,\"height\":448,\"caption\":\"Malabarista do Barreiro morre atropelado. Deu \u00faltimo espet\u00e1culo de rua no domingo de P\u00e1scoa\"},{\"@type\":\"BreadcrumbList\",\"@id\":\"https:\/\/portaltela.pt\/noticias\/2026\/04\/08\/malabarista-de-barreiro-morre-atropelado-apos-ultimo-espetaculo-de-rua-na-pascoa\/#breadcrumb\",\"itemListElement\":[{\"@type\":\"ListItem\",\"position\":1,\"name\":\"In\u00edcio\",\"item\":\"https:\/\/portaltela.pt\/\"},{\"@type\":\"ListItem\",\"position\":2,\"name\":\"Malabarista de Barreiro morre atropelado ap\u00f3s \u00faltimo espet\u00e1culo de rua na P\u00e1scoa\"}]},{\"@type\":\"WebSite\",\"@id\":\"https:\/\/portaltela.pt\/#website\",\"url\":\"https:\/\/portaltela.pt\/\",\"name\":\"Portal Tela Portugal\",\"description\":\"\",\"potentialAction\":[{\"@type\":\"SearchAction\",\"target\":{\"@type\":\"EntryPoint\",\"urlTemplate\":\"https:\/\/portaltela.pt\/?s={search_term_string}\"},\"query-input\":{\"@type\":\"PropertyValueSpecification\",\"valueRequired\":true,\"valueName\":\"search_term_string\"}}],\"inLanguage\":\"pt-PT\"},{\"@type\":\"Person\",\"@id\":\"https:\/\/portaltela.pt\/#\/schema\/person\/c4278d4a6028830caff9ee44b42d32ed\",\"name\":\"Telinha\",\"image\":{\"@type\":\"ImageObject\",\"inLanguage\":\"pt-PT\",\"@id\":\"https:\/\/portaltela.pt\/s.01k8rhncp4jt1\/2025\/11\/talking-bot-125x125.png\",\"url\":\"https:\/\/portaltela.pt\/s.01k8rhncp4jt1\/2025\/11\/talking-bot-125x125.png\",\"contentUrl\":\"https:\/\/portaltela.pt\/s.01k8rhncp4jt1\/2025\/11\/talking-bot-125x125.png\",\"caption\":\"Telinha\"},\"sameAs\":[\"https:\/\/portaltela.pt\/\"],\"url\":\"https:\/\/portaltela.pt\/por\/367410592786\/\"}]}<\/script>\n<!-- \/ Yoast SEO plugin. -->","yoast_head_json":{"title":"Malabarista de Barreiro morre atropelado ap\u00f3s \u00faltimo espet\u00e1culo de rua na P\u00e1scoa - Portal Tela Portugal","robots":{"index":"index","follow":"follow","max-snippet":"max-snippet:-1","max-image-preview":"max-image-preview:large","max-video-preview":"max-video-preview:-1"},"og_locale":"pt_PT","og_type":"article","og_title":"Malabarista de Barreiro morre atropelado ap\u00f3s \u00faltimo espet\u00e1culo de rua na P\u00e1scoa - Portal Tela Portugal","og_description":"O malabarista do Barreiro foi atropelado ap\u00f3s o seu \u00faltimo espet\u00e1culo de rua no domingo de P\u00e1scoa. O homem foi levado para o hospital, mas n\u00e3o resistiu aos ferimentos. O incidente ocorreu no Barreiro, na regi\u00e3o de Lisboa. A not\u00edcia n\u00e3o detalha as circunst\u00e2ncias do atropelamento.","og_url":"https:\/\/portaltela.pt\/noticias\/2026\/04\/08\/malabarista-de-barreiro-morre-atropelado-apos-ultimo-espetaculo-de-rua-na-pascoa\/","og_site_name":"Portal Tela Portugal","article_published_time":"2026-04-08T11:32:13+00:00","author":"Telinha","twitter_card":"summary_large_image","twitter_misc":{"Escrito por":"Telinha","Tempo estimado de leitura":"1 minuto"},"schema":{"@context":"https:\/\/schema.org","@graph":[{"@type":"Article","@id":"https:\/\/portaltela.pt\/noticias\/2026\/04\/08\/malabarista-de-barreiro-morre-atropelado-apos-ultimo-espetaculo-de-rua-na-pascoa\/#article","isPartOf":{"@id":"https:\/\/portaltela.pt\/noticias\/2026\/04\/08\/malabarista-de-barreiro-morre-atropelado-apos-ultimo-espetaculo-de-rua-na-pascoa\/"},"author":{"name":"Telinha","@id":"https:\/\/portaltela.pt\/#\/schema\/person\/c4278d4a6028830caff9ee44b42d32ed"},"headline":"Malabarista de Barreiro morre atropelado ap\u00f3s \u00faltimo espet\u00e1culo de rua na P\u00e1scoa","datePublished":"2026-04-08T11:32:13+00:00","mainEntityOfPage":{"@id":"https:\/\/portaltela.pt\/noticias\/2026\/04\/08\/malabarista-de-barreiro-morre-atropelado-apos-ultimo-espetaculo-de-rua-na-pascoa\/"},"wordCount":124,"image":{"@id":"https:\/\/portaltela.pt\/noticias\/2026\/04\/08\/malabarista-de-barreiro-morre-atropelado-apos-ultimo-espetaculo-de-rua-na-pascoa\/#primaryimage"},"thumbnailUrl":"https:\/\/portaltela.pt\/s.01k8rhncp4jt1\/2026\/04\/img_1280x722uu2026-04-08-11-14-00-2277219.jpg","keywords":["acidente","acidente rodovi\u00e1rio","Anima\u00e7\u00e3o Sociocultural","arte\/teatro\/concertos","Barreiro"],"articleSection":["Acidentes"],"inLanguage":"pt-PT"},{"@type":"WebPage","@id":"https:\/\/portaltela.pt\/noticias\/2026\/04\/08\/malabarista-de-barreiro-morre-atropelado-apos-ultimo-espetaculo-de-rua-na-pascoa\/","url":"https:\/\/portaltela.pt\/noticias\/2026\/04\/08\/malabarista-de-barreiro-morre-atropelado-apos-ultimo-espetaculo-de-rua-na-pascoa\/","name":"Malabarista de Barreiro morre atropelado ap\u00f3s \u00faltimo espet\u00e1culo de rua na P\u00e1scoa - Portal Tela Portugal","isPartOf":{"@id":"https:\/\/portaltela.pt\/#website"},"primaryImageOfPage":{"@id":"https:\/\/portaltela.pt\/noticias\/2026\/04\/08\/malabarista-de-barreiro-morre-atropelado-apos-ultimo-espetaculo-de-rua-na-pascoa\/#primaryimage"},"image":{"@id":"https:\/\/portaltela.pt\/noticias\/2026\/04\/08\/malabarista-de-barreiro-morre-atropelado-apos-ultimo-espetaculo-de-rua-na-pascoa\/#primaryimage"},"thumbnailUrl":"https:\/\/portaltela.pt\/s.01k8rhncp4jt1\/2026\/04\/img_1280x722uu2026-04-08-11-14-00-2277219.jpg","datePublished":"2026-04-08T11:32:13+00:00","author":{"@id":"https:\/\/portaltela.pt\/#\/schema\/person\/c4278d4a6028830caff9ee44b42d32ed"},"breadcrumb":{"@id":"https:\/\/portaltela.pt\/noticias\/2026\/04\/08\/malabarista-de-barreiro-morre-atropelado-apos-ultimo-espetaculo-de-rua-na-pascoa\/#breadcrumb"},"inLanguage":"pt-PT","potentialAction":[{"@type":"ReadAction","target":["https:\/\/portaltela.pt\/noticias\/2026\/04\/08\/malabarista-de-barreiro-morre-atropelado-apos-ultimo-espetaculo-de-rua-na-pascoa\/"]}]},{"@type":"ImageObject","inLanguage":"pt-PT","@id":"https:\/\/portaltela.pt\/noticias\/2026\/04\/08\/malabarista-de-barreiro-morre-atropelado-apos-ultimo-espetaculo-de-rua-na-pascoa\/#primaryimage","url":"https:\/\/portaltela.pt\/s.01k8rhncp4jt1\/2026\/04\/img_1280x722uu2026-04-08-11-14-00-2277219.jpg","contentUrl":"https:\/\/portaltela.pt\/s.01k8rhncp4jt1\/2026\/04\/img_1280x722uu2026-04-08-11-14-00-2277219.jpg","width":796,"height":448,"caption":"Malabarista do Barreiro morre atropelado. Deu \u00faltimo espet\u00e1culo de rua no domingo de P\u00e1scoa"},{"@type":"BreadcrumbList","@id":"https:\/\/portaltela.pt\/noticias\/2026\/04\/08\/malabarista-de-barreiro-morre-atropelado-apos-ultimo-espetaculo-de-rua-na-pascoa\/#breadcrumb","itemListElement":[{"@type":"ListItem","position":1,"name":"In\u00edcio","item":"https:\/\/portaltela.pt\/"},{"@type":"ListItem","position":2,"name":"Malabarista de Barreiro morre atropelado ap\u00f3s \u00faltimo espet\u00e1culo de rua na P\u00e1scoa"}]},{"@type":"WebSite","@id":"https:\/\/portaltela.pt\/#website","url":"https:\/\/portaltela.pt\/","name":"Portal Tela Portugal","description":"","potentialAction":[{"@type":"SearchAction","target":{"@type":"EntryPoint","urlTemplate":"https:\/\/portaltela.pt\/?s={search_term_string}"},"query-input":{"@type":"PropertyValueSpecification","valueRequired":true,"valueName":"search_term_string"}}],"inLanguage":"pt-PT"},{"@type":"Person","@id":"https:\/\/portaltela.pt\/#\/schema\/person\/c4278d4a6028830caff9ee44b42d32ed","name":"Telinha","image":{"@type":"ImageObject","inLanguage":"pt-PT","@id":"https:\/\/portaltela.pt\/s.01k8rhncp4jt1\/2025\/11\/talking-bot-125x125.png","url":"https:\/\/portaltela.pt\/s.01k8rhncp4jt1\/2025\/11\/talking-bot-125x125.png","contentUrl":"https:\/\/portaltela.pt\/s.01k8rhncp4jt1\/2025\/11\/talking-bot-125x125.png","caption":"Telinha"},"sameAs":["https:\/\/portaltela.pt\/"],"url":"https:\/\/portaltela.pt\/por\/367410592786\/"}]}},"_links":{"self":[{"href":"https:\/\/portaltela.pt\/api\/wp\/v2\/posts\/436500","targetHints":{"allow":["GET"]}}],"collection":[{"href":"https:\/\/portaltela.pt\/api\/wp\/v2\/posts"}],"about":[{"href":"https:\/\/portaltela.pt\/api\/wp\/v2\/types\/post"}],"author":[{"embeddable":true,"href":"https:\/\/portaltela.pt\/api\/wp\/v2\/users\/2"}],"replies":[{"embeddable":true,"href":"https:\/\/portaltela.pt\/api\/wp\/v2\/comments?post=436500"}],"version-history":[{"count":0,"href":"https:\/\/portaltela.pt\/api\/wp\/v2\/posts\/436500\/revisions"}],"wp:featuredmedia":[{"embeddable":true,"href":"https:\/\/portaltela.pt\/api\/wp\/v2\/media\/436501"}],"wp:attachment":[{"href":"https:\/\/portaltela.pt\/api\/wp\/v2\/media?parent=436500"}],"wp:term":[{"taxonomy":"category","embeddable":true,"href":"https:\/\/portaltela.pt\/api\/wp\/v2\/categories?post=436500"},{"taxonomy":"post_tag","embeddable":true,"href":"https:\/\/portaltela.pt\/api\/wp\/v2\/tags?post=436500"}],"curies":[{"name":"wp","href":"https:\/\/api.w.org\/{rel}","templated":true}]}}