{"id":436456,"date":"2026-04-08T08:02:54","date_gmt":"2026-04-08T11:02:54","guid":{"rendered":"https:\/\/portaltela.pt\/noticias\/2026\/04\/08\/medico-investigado-por-mostrar-nado-morto-nas-redes-sociais\/"},"modified":"2026-04-08T08:02:54","modified_gmt":"2026-04-08T11:02:54","slug":"medico-investigado-por-mostrar-nado-morto-nas-redes-sociais","status":"publish","type":"post","link":"https:\/\/portaltela.pt\/justica\/2026\/04\/08\/medico-investigado-por-mostrar-nado-morto-nas-redes-sociais\/","title":{"rendered":"M\u00e9dico investigado por mostrar nado-morto nas redes sociais"},"content":{"rendered":"<p>O m\u00e9dico Rafael Macedo est\u00e1 a ser investigado por autoridades locais ap\u00f3s ter publicado na sua p\u00e1gina de Facebook fotos e v\u00eddeos de um cad\u00e1ver. A informa\u00e7\u00e3o foi divulgada no dia 8 de abril de 2026.<\/p>\n<p>Segundo as fontes, as publica\u00e7\u00f5es ocorreram na p\u00e1gina pessoal do m\u00e9dico, o que motivou a abertura de uma averigua\u00e7\u00e3o pelas autoridades competentes. N\u00e3o foram divulgados detalhes sobre a natureza da mat\u00e9ria nem sobre poss\u00edveis infra\u00e7\u00f5es.<\/p>\n<p>As autoridades n\u00e3o confirmaram informa\u00e7\u00f5es adicionais sobre o estado da investiga\u00e7\u00e3o ou eventuais medidas ou acusa\u00e7\u00f5es. Rafael Macedo n\u00e3o emitiu coment\u00e1rios p\u00fablicos sobre o assunto.<\/p>\n","protected":false},"excerpt":{"rendered":"<ul>\n<li>O m\u00e9dico Rafael Macedo est\u00e1 a ser investigado pelas autoridades locais por ter publicado fotos e v\u00eddeos do cad\u00e1ver na sua p\u00e1gina de Facebook.<\/li>\n<li>As autoridades est\u00e3o a analisar as publica\u00e7\u00f5es para determinar se houve infra\u00e7\u00e3o legal.<\/li>\n<li>A not\u00edcia tem data de 08 de abril de 2026, \u00e0s 11:52.<\/li>\n<li>N\u00e3o foram divulgados detalhes adicionais sobre a identidade da pessoa falecida ou o local das publica\u00e7\u00f5es.<\/li>\n<\/ul>\n","protected":false},"author":2,"featured_media":436457,"comment_status":"closed","ping_status":"closed","sticky":false,"template":"","format":"standard","meta":{"footnotes":""},"categories":[6907,6815],"tags":[147,215,6854,1096,172,1574],"class_list":["post-436456","post","type-post","status-publish","format-standard","has-post-thumbnail","hentry","category-crime","category-justica","tag-crime","tag-investigacao","tag-medicos","tag-profanacao-de-cadaver","tag-saude","tag-violacao-de-privacidade"],"yoast_head":"<!-- This site is optimized with the Yoast SEO plugin v27.2 - https:\/\/yoast.com\/product\/yoast-seo-wordpress\/ -->\n<title>M\u00e9dico investigado por mostrar nado-morto nas redes sociais - Portal Tela Portugal<\/title>\n<meta name=\"robots\" content=\"index, follow, max-snippet:-1, max-image-preview:large, max-video-preview:-1\" \/>\n<meta property=\"og:locale\" content=\"pt_PT\" \/>\n<meta property=\"og:type\" content=\"article\" \/>\n<meta property=\"og:title\" content=\"M\u00e9dico investigado por mostrar nado-morto nas redes sociais - Portal Tela Portugal\" \/>\n<meta property=\"og:description\" content=\"O m\u00e9dico Rafael Macedo est\u00e1 a ser investigado pelas autoridades locais por ter publicado fotos e v\u00eddeos do cad\u00e1ver na sua p\u00e1gina de Facebook. As autoridades est\u00e3o a analisar as publica\u00e7\u00f5es para determinar se houve infra\u00e7\u00e3o legal. A not\u00edcia tem data de 08 de abril de 2026, \u00e0s 11:52. N\u00e3o foram divulgados detalhes adicionais sobre a identidade da pessoa falecida ou o local das publica\u00e7\u00f5es.\" \/>\n<meta property=\"og:url\" content=\"https:\/\/portaltela.pt\/noticias\/2026\/04\/08\/medico-investigado-por-mostrar-nado-morto-nas-redes-sociais\/\" \/>\n<meta property=\"og:site_name\" content=\"Portal Tela Portugal\" \/>\n<meta property=\"article:published_time\" content=\"2026-04-08T11:02:54+00:00\" \/>\n<meta name=\"author\" content=\"Telinha\" \/>\n<meta name=\"twitter:card\" content=\"summary_large_image\" \/>\n<meta name=\"twitter:label1\" content=\"Escrito por\" \/>\n\t<meta name=\"twitter:data1\" content=\"Telinha\" \/>\n\t<meta name=\"twitter:label2\" content=\"Tempo estimado de leitura\" \/>\n\t<meta name=\"twitter:data2\" content=\"1 minuto\" \/>\n<script type=\"application\/ld+json\" class=\"yoast-schema-graph\">{\"@context\":\"https:\/\/schema.org\",\"@graph\":[{\"@type\":\"Article\",\"@id\":\"https:\/\/portaltela.pt\/noticias\/2026\/04\/08\/medico-investigado-por-mostrar-nado-morto-nas-redes-sociais\/#article\",\"isPartOf\":{\"@id\":\"https:\/\/portaltela.pt\/noticias\/2026\/04\/08\/medico-investigado-por-mostrar-nado-morto-nas-redes-sociais\/\"},\"author\":{\"name\":\"Telinha\",\"@id\":\"https:\/\/portaltela.pt\/#\/schema\/person\/c4278d4a6028830caff9ee44b42d32ed\"},\"headline\":\"M\u00e9dico investigado por mostrar nado-morto nas redes sociais\",\"datePublished\":\"2026-04-08T11:02:54+00:00\",\"mainEntityOfPage\":{\"@id\":\"https:\/\/portaltela.pt\/noticias\/2026\/04\/08\/medico-investigado-por-mostrar-nado-morto-nas-redes-sociais\/\"},\"wordCount\":124,\"image\":{\"@id\":\"https:\/\/portaltela.pt\/noticias\/2026\/04\/08\/medico-investigado-por-mostrar-nado-morto-nas-redes-sociais\/#primaryimage\"},\"thumbnailUrl\":\"https:\/\/portaltela.pt\/s.01k8rhncp4jt1\/2026\/04\/img_1280x722uu2026-04-07-21-43-46-2277179.jpg\",\"keywords\":[\"crime\",\"investiga\u00e7\u00e3o\",\"M\u00e9dicos\",\"profana\u00e7\u00e3o de cad\u00e1ver\",\"sa\u00fade\",\"viola\u00e7\u00e3o de privacidade\"],\"articleSection\":[\"Crime\",\"Justi\u00e7a\"],\"inLanguage\":\"pt-PT\"},{\"@type\":\"WebPage\",\"@id\":\"https:\/\/portaltela.pt\/noticias\/2026\/04\/08\/medico-investigado-por-mostrar-nado-morto-nas-redes-sociais\/\",\"url\":\"https:\/\/portaltela.pt\/noticias\/2026\/04\/08\/medico-investigado-por-mostrar-nado-morto-nas-redes-sociais\/\",\"name\":\"M\u00e9dico investigado por mostrar nado-morto nas redes sociais - Portal Tela Portugal\",\"isPartOf\":{\"@id\":\"https:\/\/portaltela.pt\/#website\"},\"primaryImageOfPage\":{\"@id\":\"https:\/\/portaltela.pt\/noticias\/2026\/04\/08\/medico-investigado-por-mostrar-nado-morto-nas-redes-sociais\/#primaryimage\"},\"image\":{\"@id\":\"https:\/\/portaltela.pt\/noticias\/2026\/04\/08\/medico-investigado-por-mostrar-nado-morto-nas-redes-sociais\/#primaryimage\"},\"thumbnailUrl\":\"https:\/\/portaltela.pt\/s.01k8rhncp4jt1\/2026\/04\/img_1280x722uu2026-04-07-21-43-46-2277179.jpg\",\"datePublished\":\"2026-04-08T11:02:54+00:00\",\"author\":{\"@id\":\"https:\/\/portaltela.pt\/#\/schema\/person\/c4278d4a6028830caff9ee44b42d32ed\"},\"breadcrumb\":{\"@id\":\"https:\/\/portaltela.pt\/noticias\/2026\/04\/08\/medico-investigado-por-mostrar-nado-morto-nas-redes-sociais\/#breadcrumb\"},\"inLanguage\":\"pt-PT\",\"potentialAction\":[{\"@type\":\"ReadAction\",\"target\":[\"https:\/\/portaltela.pt\/noticias\/2026\/04\/08\/medico-investigado-por-mostrar-nado-morto-nas-redes-sociais\/\"]}]},{\"@type\":\"ImageObject\",\"inLanguage\":\"pt-PT\",\"@id\":\"https:\/\/portaltela.pt\/noticias\/2026\/04\/08\/medico-investigado-por-mostrar-nado-morto-nas-redes-sociais\/#primaryimage\",\"url\":\"https:\/\/portaltela.pt\/s.01k8rhncp4jt1\/2026\/04\/img_1280x722uu2026-04-07-21-43-46-2277179.jpg\",\"contentUrl\":\"https:\/\/portaltela.pt\/s.01k8rhncp4jt1\/2026\/04\/img_1280x722uu2026-04-07-21-43-46-2277179.jpg\",\"width\":796,\"height\":448,\"caption\":\"Photo\"},{\"@type\":\"BreadcrumbList\",\"@id\":\"https:\/\/portaltela.pt\/noticias\/2026\/04\/08\/medico-investigado-por-mostrar-nado-morto-nas-redes-sociais\/#breadcrumb\",\"itemListElement\":[{\"@type\":\"ListItem\",\"position\":1,\"name\":\"In\u00edcio\",\"item\":\"https:\/\/portaltela.pt\/\"},{\"@type\":\"ListItem\",\"position\":2,\"name\":\"M\u00e9dico investigado por mostrar nado-morto nas redes sociais\"}]},{\"@type\":\"WebSite\",\"@id\":\"https:\/\/portaltela.pt\/#website\",\"url\":\"https:\/\/portaltela.pt\/\",\"name\":\"Portal Tela Portugal\",\"description\":\"\",\"potentialAction\":[{\"@type\":\"SearchAction\",\"target\":{\"@type\":\"EntryPoint\",\"urlTemplate\":\"https:\/\/portaltela.pt\/?s={search_term_string}\"},\"query-input\":{\"@type\":\"PropertyValueSpecification\",\"valueRequired\":true,\"valueName\":\"search_term_string\"}}],\"inLanguage\":\"pt-PT\"},{\"@type\":\"Person\",\"@id\":\"https:\/\/portaltela.pt\/#\/schema\/person\/c4278d4a6028830caff9ee44b42d32ed\",\"name\":\"Telinha\",\"image\":{\"@type\":\"ImageObject\",\"inLanguage\":\"pt-PT\",\"@id\":\"https:\/\/portaltela.pt\/s.01k8rhncp4jt1\/2025\/11\/talking-bot-125x125.png\",\"url\":\"https:\/\/portaltela.pt\/s.01k8rhncp4jt1\/2025\/11\/talking-bot-125x125.png\",\"contentUrl\":\"https:\/\/portaltela.pt\/s.01k8rhncp4jt1\/2025\/11\/talking-bot-125x125.png\",\"caption\":\"Telinha\"},\"sameAs\":[\"https:\/\/portaltela.pt\/\"],\"url\":\"https:\/\/portaltela.pt\/por\/367410592786\/\"}]}<\/script>\n<!-- \/ Yoast SEO plugin. -->","yoast_head_json":{"title":"M\u00e9dico investigado por mostrar nado-morto nas redes sociais - Portal Tela Portugal","robots":{"index":"index","follow":"follow","max-snippet":"max-snippet:-1","max-image-preview":"max-image-preview:large","max-video-preview":"max-video-preview:-1"},"og_locale":"pt_PT","og_type":"article","og_title":"M\u00e9dico investigado por mostrar nado-morto nas redes sociais - Portal Tela Portugal","og_description":"O m\u00e9dico Rafael Macedo est\u00e1 a ser investigado pelas autoridades locais por ter publicado fotos e v\u00eddeos do cad\u00e1ver na sua p\u00e1gina de Facebook. As autoridades est\u00e3o a analisar as publica\u00e7\u00f5es para determinar se houve infra\u00e7\u00e3o legal. A not\u00edcia tem data de 08 de abril de 2026, \u00e0s 11:52. N\u00e3o foram divulgados detalhes adicionais sobre a identidade da pessoa falecida ou o local das publica\u00e7\u00f5es.","og_url":"https:\/\/portaltela.pt\/noticias\/2026\/04\/08\/medico-investigado-por-mostrar-nado-morto-nas-redes-sociais\/","og_site_name":"Portal Tela Portugal","article_published_time":"2026-04-08T11:02:54+00:00","author":"Telinha","twitter_card":"summary_large_image","twitter_misc":{"Escrito por":"Telinha","Tempo estimado de leitura":"1 minuto"},"schema":{"@context":"https:\/\/schema.org","@graph":[{"@type":"Article","@id":"https:\/\/portaltela.pt\/noticias\/2026\/04\/08\/medico-investigado-por-mostrar-nado-morto-nas-redes-sociais\/#article","isPartOf":{"@id":"https:\/\/portaltela.pt\/noticias\/2026\/04\/08\/medico-investigado-por-mostrar-nado-morto-nas-redes-sociais\/"},"author":{"name":"Telinha","@id":"https:\/\/portaltela.pt\/#\/schema\/person\/c4278d4a6028830caff9ee44b42d32ed"},"headline":"M\u00e9dico investigado por mostrar nado-morto nas redes sociais","datePublished":"2026-04-08T11:02:54+00:00","mainEntityOfPage":{"@id":"https:\/\/portaltela.pt\/noticias\/2026\/04\/08\/medico-investigado-por-mostrar-nado-morto-nas-redes-sociais\/"},"wordCount":124,"image":{"@id":"https:\/\/portaltela.pt\/noticias\/2026\/04\/08\/medico-investigado-por-mostrar-nado-morto-nas-redes-sociais\/#primaryimage"},"thumbnailUrl":"https:\/\/portaltela.pt\/s.01k8rhncp4jt1\/2026\/04\/img_1280x722uu2026-04-07-21-43-46-2277179.jpg","keywords":["crime","investiga\u00e7\u00e3o","M\u00e9dicos","profana\u00e7\u00e3o de cad\u00e1ver","sa\u00fade","viola\u00e7\u00e3o de privacidade"],"articleSection":["Crime","Justi\u00e7a"],"inLanguage":"pt-PT"},{"@type":"WebPage","@id":"https:\/\/portaltela.pt\/noticias\/2026\/04\/08\/medico-investigado-por-mostrar-nado-morto-nas-redes-sociais\/","url":"https:\/\/portaltela.pt\/noticias\/2026\/04\/08\/medico-investigado-por-mostrar-nado-morto-nas-redes-sociais\/","name":"M\u00e9dico investigado por mostrar nado-morto nas redes sociais - Portal Tela Portugal","isPartOf":{"@id":"https:\/\/portaltela.pt\/#website"},"primaryImageOfPage":{"@id":"https:\/\/portaltela.pt\/noticias\/2026\/04\/08\/medico-investigado-por-mostrar-nado-morto-nas-redes-sociais\/#primaryimage"},"image":{"@id":"https:\/\/portaltela.pt\/noticias\/2026\/04\/08\/medico-investigado-por-mostrar-nado-morto-nas-redes-sociais\/#primaryimage"},"thumbnailUrl":"https:\/\/portaltela.pt\/s.01k8rhncp4jt1\/2026\/04\/img_1280x722uu2026-04-07-21-43-46-2277179.jpg","datePublished":"2026-04-08T11:02:54+00:00","author":{"@id":"https:\/\/portaltela.pt\/#\/schema\/person\/c4278d4a6028830caff9ee44b42d32ed"},"breadcrumb":{"@id":"https:\/\/portaltela.pt\/noticias\/2026\/04\/08\/medico-investigado-por-mostrar-nado-morto-nas-redes-sociais\/#breadcrumb"},"inLanguage":"pt-PT","potentialAction":[{"@type":"ReadAction","target":["https:\/\/portaltela.pt\/noticias\/2026\/04\/08\/medico-investigado-por-mostrar-nado-morto-nas-redes-sociais\/"]}]},{"@type":"ImageObject","inLanguage":"pt-PT","@id":"https:\/\/portaltela.pt\/noticias\/2026\/04\/08\/medico-investigado-por-mostrar-nado-morto-nas-redes-sociais\/#primaryimage","url":"https:\/\/portaltela.pt\/s.01k8rhncp4jt1\/2026\/04\/img_1280x722uu2026-04-07-21-43-46-2277179.jpg","contentUrl":"https:\/\/portaltela.pt\/s.01k8rhncp4jt1\/2026\/04\/img_1280x722uu2026-04-07-21-43-46-2277179.jpg","width":796,"height":448,"caption":"Photo"},{"@type":"BreadcrumbList","@id":"https:\/\/portaltela.pt\/noticias\/2026\/04\/08\/medico-investigado-por-mostrar-nado-morto-nas-redes-sociais\/#breadcrumb","itemListElement":[{"@type":"ListItem","position":1,"name":"In\u00edcio","item":"https:\/\/portaltela.pt\/"},{"@type":"ListItem","position":2,"name":"M\u00e9dico investigado por mostrar nado-morto nas redes sociais"}]},{"@type":"WebSite","@id":"https:\/\/portaltela.pt\/#website","url":"https:\/\/portaltela.pt\/","name":"Portal Tela Portugal","description":"","potentialAction":[{"@type":"SearchAction","target":{"@type":"EntryPoint","urlTemplate":"https:\/\/portaltela.pt\/?s={search_term_string}"},"query-input":{"@type":"PropertyValueSpecification","valueRequired":true,"valueName":"search_term_string"}}],"inLanguage":"pt-PT"},{"@type":"Person","@id":"https:\/\/portaltela.pt\/#\/schema\/person\/c4278d4a6028830caff9ee44b42d32ed","name":"Telinha","image":{"@type":"ImageObject","inLanguage":"pt-PT","@id":"https:\/\/portaltela.pt\/s.01k8rhncp4jt1\/2025\/11\/talking-bot-125x125.png","url":"https:\/\/portaltela.pt\/s.01k8rhncp4jt1\/2025\/11\/talking-bot-125x125.png","contentUrl":"https:\/\/portaltela.pt\/s.01k8rhncp4jt1\/2025\/11\/talking-bot-125x125.png","caption":"Telinha"},"sameAs":["https:\/\/portaltela.pt\/"],"url":"https:\/\/portaltela.pt\/por\/367410592786\/"}]}},"_links":{"self":[{"href":"https:\/\/portaltela.pt\/api\/wp\/v2\/posts\/436456","targetHints":{"allow":["GET"]}}],"collection":[{"href":"https:\/\/portaltela.pt\/api\/wp\/v2\/posts"}],"about":[{"href":"https:\/\/portaltela.pt\/api\/wp\/v2\/types\/post"}],"author":[{"embeddable":true,"href":"https:\/\/portaltela.pt\/api\/wp\/v2\/users\/2"}],"replies":[{"embeddable":true,"href":"https:\/\/portaltela.pt\/api\/wp\/v2\/comments?post=436456"}],"version-history":[{"count":0,"href":"https:\/\/portaltela.pt\/api\/wp\/v2\/posts\/436456\/revisions"}],"wp:featuredmedia":[{"embeddable":true,"href":"https:\/\/portaltela.pt\/api\/wp\/v2\/media\/436457"}],"wp:attachment":[{"href":"https:\/\/portaltela.pt\/api\/wp\/v2\/media?parent=436456"}],"wp:term":[{"taxonomy":"category","embeddable":true,"href":"https:\/\/portaltela.pt\/api\/wp\/v2\/categories?post=436456"},{"taxonomy":"post_tag","embeddable":true,"href":"https:\/\/portaltela.pt\/api\/wp\/v2\/tags?post=436456"}],"curies":[{"name":"wp","href":"https:\/\/api.w.org\/{rel}","templated":true}]}}