{"id":436441,"date":"2026-04-08T07:47:42","date_gmt":"2026-04-08T10:47:42","guid":{"rendered":"https:\/\/portaltela.pt\/noticias\/2026\/04\/08\/fragata-portuguesa-parte-para-o-baltico-para-monitorizar-presenca-russa\/"},"modified":"2026-04-08T07:47:42","modified_gmt":"2026-04-08T10:47:42","slug":"fragata-portuguesa-parte-para-o-baltico-para-monitorizar-presenca-russa","status":"publish","type":"post","link":"https:\/\/portaltela.pt\/geopolitica\/2026\/04\/08\/fragata-portuguesa-parte-para-o-baltico-para-monitorizar-presenca-russa\/","title":{"rendered":"Fragata portuguesa parte para o B\u00e1ltico para monitorizar presen\u00e7a russa"},"content":{"rendered":"<p>A fragata da Marinha Portuguesa zarpou hoje de Lisboa com destino ao mar B\u00e1ltico. A opera\u00e7\u00e3o, integrada na iniciativa da NATO, visa acompanhar a presen\u00e7a russa na regi\u00e3o e envolve also meios da For\u00e7a A\u00e9rea Portuguesa. O navio segue com 165 militares a bordo, numa miss\u00e3o de defesa mar\u00edtima, a\u00e9rea e terrestre.<\/p>\n<p>A embarca\u00e7\u00e3o NRP D. Francisco de Almeira, da classe Bartolomeu Dias, est\u00e1 sob o comando do capit\u00e3o Nuno Jos\u00e9 Figueiredo Agreiro. A miss\u00e3o, designada Brilliant Shield, teve o seu in\u00edcio no \u00e2mbito da coopera\u00e7\u00e3o da NATO para monitorizar atividades na regi\u00e3o.<\/p>\n<p>A marinha sublinha o objetivo de demonstrar empenho e prontid\u00e3o na defesa dos interesses da Alian\u00e7a Atl\u00e2ntica, com atua\u00e7\u00e3o coordenada entre o mar, o ar e o espa\u00e7o a\u00e9reo.<\/p>\n<h3>Colabora\u00e7\u00e3o da For\u00e7a A\u00e9rea<\/h3>\n<p>A For\u00e7a A\u00e9rea Portuguesa participa com militares e ca\u00e7as na regi\u00e3o, para apoiar a presen\u00e7a portuguesa no B\u00e1ltico. A nota de imprensa da FAP revela que a miss\u00e3o foca a seguran\u00e7a e a dissu\u00e1s\u00e3o junto aos tr\u00eas Estados b\u00e1lticos: Est\u00f3nia, Let\u00f3nia e Litu\u00e2nia.<\/p>\n<p>As atividades incluem exerc\u00edcios de treino com for\u00e7as da NATO e das pot\u00eancias envolvidas na regi\u00e3o, refor\u00e7ando a interoperabilidade entre as unidades portuguesas e aliadas.<\/p>\n<p>Desde 2007, Portugal j\u00e1 participou em nove opera\u00e7\u00f5es da NATO no \u00e2mbito desta iniciativa, segundo a marinha. A presen\u00e7a portuguesa mant\u00e9m-se alinhada com o plano de defesa coletiva da alian\u00e7a.<\/p>\n","protected":false},"excerpt":{"rendered":"<ul>\n<li>A fragata da Marinha Portuguesa NRP D. Francisco de Almeira partiu de Lisboa rumo ao mar B\u00e1ltico para uma miss\u00e3o da NATO.<\/li>\n<li>S\u00e3o 165 militares a bordo e a opera\u00e7\u00e3o enquadra a Brally Shield, defesa mar\u00edtima, a\u00e9rea e terrestre do Atl\u00e2ntico Norte e do B\u00e1ltico.<\/li>\n<li>A miss\u00e3o visa supervisionar a presen\u00e7a da atividade russa na regi\u00e3o e conta com meios da For\u00e7a A\u00e9rea Portuguesa.<\/li>\n<li>A For\u00e7a A\u00e9rea Portuguesa envia ca\u00e7as e militares para treino com Est\u00f3nia, Let\u00f3nia e Litu\u00e2nia, no \u00e2mbito da dissuas\u00e3o e seguran\u00e7a.<\/li>\n<li>Desde 2007, Portugal j\u00e1 participou pela nona vez nestas iniciativas da NATO.<\/li>\n<\/ul>\n","protected":false},"author":2,"featured_media":436445,"comment_status":"closed","ping_status":"closed","sticky":false,"template":"","format":"standard","meta":{"footnotes":""},"categories":[6814],"tags":[5376,5618,256,3486,2166,3630],"class_list":["post-436441","post","type-post","status-publish","format-standard","has-post-thumbnail","hentry","category-geopolitica","tag-a-forca-aerea","tag-a-marinha","tag-cooperacao-internacional","tag-estonia","tag-letonia","tag-lituania"],"yoast_head":"<!-- This site is optimized with the Yoast SEO plugin v27.2 - https:\/\/yoast.com\/product\/yoast-seo-wordpress\/ -->\n<title>Fragata portuguesa parte para o B\u00e1ltico para monitorizar presen\u00e7a russa - Portal Tela Portugal<\/title>\n<meta name=\"robots\" content=\"index, follow, max-snippet:-1, max-image-preview:large, max-video-preview:-1\" \/>\n<meta property=\"og:locale\" content=\"pt_PT\" \/>\n<meta property=\"og:type\" content=\"article\" \/>\n<meta property=\"og:title\" content=\"Fragata portuguesa parte para o B\u00e1ltico para monitorizar presen\u00e7a russa - Portal Tela Portugal\" \/>\n<meta property=\"og:description\" content=\"A fragata da Marinha Portuguesa NRP D. Francisco de Almeira partiu de Lisboa rumo ao mar B\u00e1ltico para uma miss\u00e3o da NATO. S\u00e3o 165 militares a bordo e a opera\u00e7\u00e3o enquadra a Brally Shield, defesa mar\u00edtima, a\u00e9rea e terrestre do Atl\u00e2ntico Norte e do B\u00e1ltico. A miss\u00e3o visa supervisionar a presen\u00e7a da atividade russa na regi\u00e3o e conta com meios da For\u00e7a A\u00e9rea Portuguesa. A For\u00e7a A\u00e9rea Portuguesa envia ca\u00e7as e militares para treino com Est\u00f3nia, Let\u00f3nia e Litu\u00e2nia, no \u00e2mbito da dissuas\u00e3o e seguran\u00e7a. Desde 2007, Portugal j\u00e1 participou pela nona vez nestas iniciativas da NATO.\" \/>\n<meta property=\"og:url\" content=\"https:\/\/portaltela.pt\/noticias\/2026\/04\/08\/fragata-portuguesa-parte-para-o-baltico-para-monitorizar-presenca-russa\/\" \/>\n<meta property=\"og:site_name\" content=\"Portal Tela Portugal\" \/>\n<meta property=\"article:published_time\" content=\"2026-04-08T10:47:42+00:00\" \/>\n<meta name=\"author\" content=\"Telinha\" \/>\n<meta name=\"twitter:card\" content=\"summary_large_image\" \/>\n<meta name=\"twitter:label1\" content=\"Escrito por\" \/>\n\t<meta name=\"twitter:data1\" content=\"Telinha\" \/>\n\t<meta name=\"twitter:label2\" content=\"Tempo estimado de leitura\" \/>\n\t<meta name=\"twitter:data2\" content=\"1 minuto\" \/>\n<script type=\"application\/ld+json\" class=\"yoast-schema-graph\">{\"@context\":\"https:\/\/schema.org\",\"@graph\":[{\"@type\":\"Article\",\"@id\":\"https:\/\/portaltela.pt\/noticias\/2026\/04\/08\/fragata-portuguesa-parte-para-o-baltico-para-monitorizar-presenca-russa\/#article\",\"isPartOf\":{\"@id\":\"https:\/\/portaltela.pt\/noticias\/2026\/04\/08\/fragata-portuguesa-parte-para-o-baltico-para-monitorizar-presenca-russa\/\"},\"author\":{\"name\":\"Telinha\",\"@id\":\"https:\/\/portaltela.pt\/#\/schema\/person\/c4278d4a6028830caff9ee44b42d32ed\"},\"headline\":\"Fragata portuguesa parte para o B\u00e1ltico para monitorizar presen\u00e7a russa\",\"datePublished\":\"2026-04-08T10:47:42+00:00\",\"mainEntityOfPage\":{\"@id\":\"https:\/\/portaltela.pt\/noticias\/2026\/04\/08\/fragata-portuguesa-parte-para-o-baltico-para-monitorizar-presenca-russa\/\"},\"wordCount\":282,\"image\":{\"@id\":\"https:\/\/portaltela.pt\/noticias\/2026\/04\/08\/fragata-portuguesa-parte-para-o-baltico-para-monitorizar-presenca-russa\/#primaryimage\"},\"thumbnailUrl\":\"https:\/\/portaltela.pt\/s.01k8rhncp4jt1\/2026\/04\/img_1500x1000uu2024-05-22-20-08-47-1662326.jpg\",\"keywords\":[\"A For\u00e7a A\u00e9rea\",\"A Marinha\",\"coopera\u00e7\u00e3o internacional\",\"Est\u00f3nia\",\"Let\u00f3nia\",\"Litu\u00e2nia\"],\"articleSection\":[\"Geopol\u00edtica\"],\"inLanguage\":\"pt-PT\"},{\"@type\":\"WebPage\",\"@id\":\"https:\/\/portaltela.pt\/noticias\/2026\/04\/08\/fragata-portuguesa-parte-para-o-baltico-para-monitorizar-presenca-russa\/\",\"url\":\"https:\/\/portaltela.pt\/noticias\/2026\/04\/08\/fragata-portuguesa-parte-para-o-baltico-para-monitorizar-presenca-russa\/\",\"name\":\"Fragata portuguesa parte para o B\u00e1ltico para monitorizar presen\u00e7a russa - Portal Tela Portugal\",\"isPartOf\":{\"@id\":\"https:\/\/portaltela.pt\/#website\"},\"primaryImageOfPage\":{\"@id\":\"https:\/\/portaltela.pt\/noticias\/2026\/04\/08\/fragata-portuguesa-parte-para-o-baltico-para-monitorizar-presenca-russa\/#primaryimage\"},\"image\":{\"@id\":\"https:\/\/portaltela.pt\/noticias\/2026\/04\/08\/fragata-portuguesa-parte-para-o-baltico-para-monitorizar-presenca-russa\/#primaryimage\"},\"thumbnailUrl\":\"https:\/\/portaltela.pt\/s.01k8rhncp4jt1\/2026\/04\/img_1500x1000uu2024-05-22-20-08-47-1662326.jpg\",\"datePublished\":\"2026-04-08T10:47:42+00:00\",\"author\":{\"@id\":\"https:\/\/portaltela.pt\/#\/schema\/person\/c4278d4a6028830caff9ee44b42d32ed\"},\"breadcrumb\":{\"@id\":\"https:\/\/portaltela.pt\/noticias\/2026\/04\/08\/fragata-portuguesa-parte-para-o-baltico-para-monitorizar-presenca-russa\/#breadcrumb\"},\"inLanguage\":\"pt-PT\",\"potentialAction\":[{\"@type\":\"ReadAction\",\"target\":[\"https:\/\/portaltela.pt\/noticias\/2026\/04\/08\/fragata-portuguesa-parte-para-o-baltico-para-monitorizar-presenca-russa\/\"]}]},{\"@type\":\"ImageObject\",\"inLanguage\":\"pt-PT\",\"@id\":\"https:\/\/portaltela.pt\/noticias\/2026\/04\/08\/fragata-portuguesa-parte-para-o-baltico-para-monitorizar-presenca-russa\/#primaryimage\",\"url\":\"https:\/\/portaltela.pt\/s.01k8rhncp4jt1\/2026\/04\/img_1500x1000uu2024-05-22-20-08-47-1662326.jpg\",\"contentUrl\":\"https:\/\/portaltela.pt\/s.01k8rhncp4jt1\/2026\/04\/img_1500x1000uu2024-05-22-20-08-47-1662326.jpg\",\"width\":796,\"height\":448,\"caption\":\"Marinha portuguesa\"},{\"@type\":\"BreadcrumbList\",\"@id\":\"https:\/\/portaltela.pt\/noticias\/2026\/04\/08\/fragata-portuguesa-parte-para-o-baltico-para-monitorizar-presenca-russa\/#breadcrumb\",\"itemListElement\":[{\"@type\":\"ListItem\",\"position\":1,\"name\":\"In\u00edcio\",\"item\":\"https:\/\/portaltela.pt\/\"},{\"@type\":\"ListItem\",\"position\":2,\"name\":\"Fragata portuguesa parte para o B\u00e1ltico para monitorizar presen\u00e7a russa\"}]},{\"@type\":\"WebSite\",\"@id\":\"https:\/\/portaltela.pt\/#website\",\"url\":\"https:\/\/portaltela.pt\/\",\"name\":\"Portal Tela Portugal\",\"description\":\"\",\"potentialAction\":[{\"@type\":\"SearchAction\",\"target\":{\"@type\":\"EntryPoint\",\"urlTemplate\":\"https:\/\/portaltela.pt\/?s={search_term_string}\"},\"query-input\":{\"@type\":\"PropertyValueSpecification\",\"valueRequired\":true,\"valueName\":\"search_term_string\"}}],\"inLanguage\":\"pt-PT\"},{\"@type\":\"Person\",\"@id\":\"https:\/\/portaltela.pt\/#\/schema\/person\/c4278d4a6028830caff9ee44b42d32ed\",\"name\":\"Telinha\",\"image\":{\"@type\":\"ImageObject\",\"inLanguage\":\"pt-PT\",\"@id\":\"https:\/\/portaltela.pt\/s.01k8rhncp4jt1\/2025\/11\/talking-bot-125x125.png\",\"url\":\"https:\/\/portaltela.pt\/s.01k8rhncp4jt1\/2025\/11\/talking-bot-125x125.png\",\"contentUrl\":\"https:\/\/portaltela.pt\/s.01k8rhncp4jt1\/2025\/11\/talking-bot-125x125.png\",\"caption\":\"Telinha\"},\"sameAs\":[\"https:\/\/portaltela.pt\/\"],\"url\":\"https:\/\/portaltela.pt\/por\/367410592786\/\"}]}<\/script>\n<!-- \/ Yoast SEO plugin. -->","yoast_head_json":{"title":"Fragata portuguesa parte para o B\u00e1ltico para monitorizar presen\u00e7a russa - Portal Tela Portugal","robots":{"index":"index","follow":"follow","max-snippet":"max-snippet:-1","max-image-preview":"max-image-preview:large","max-video-preview":"max-video-preview:-1"},"og_locale":"pt_PT","og_type":"article","og_title":"Fragata portuguesa parte para o B\u00e1ltico para monitorizar presen\u00e7a russa - Portal Tela Portugal","og_description":"A fragata da Marinha Portuguesa NRP D. Francisco de Almeira partiu de Lisboa rumo ao mar B\u00e1ltico para uma miss\u00e3o da NATO. S\u00e3o 165 militares a bordo e a opera\u00e7\u00e3o enquadra a Brally Shield, defesa mar\u00edtima, a\u00e9rea e terrestre do Atl\u00e2ntico Norte e do B\u00e1ltico. A miss\u00e3o visa supervisionar a presen\u00e7a da atividade russa na regi\u00e3o e conta com meios da For\u00e7a A\u00e9rea Portuguesa. A For\u00e7a A\u00e9rea Portuguesa envia ca\u00e7as e militares para treino com Est\u00f3nia, Let\u00f3nia e Litu\u00e2nia, no \u00e2mbito da dissuas\u00e3o e seguran\u00e7a. Desde 2007, Portugal j\u00e1 participou pela nona vez nestas iniciativas da NATO.","og_url":"https:\/\/portaltela.pt\/noticias\/2026\/04\/08\/fragata-portuguesa-parte-para-o-baltico-para-monitorizar-presenca-russa\/","og_site_name":"Portal Tela Portugal","article_published_time":"2026-04-08T10:47:42+00:00","author":"Telinha","twitter_card":"summary_large_image","twitter_misc":{"Escrito por":"Telinha","Tempo estimado de leitura":"1 minuto"},"schema":{"@context":"https:\/\/schema.org","@graph":[{"@type":"Article","@id":"https:\/\/portaltela.pt\/noticias\/2026\/04\/08\/fragata-portuguesa-parte-para-o-baltico-para-monitorizar-presenca-russa\/#article","isPartOf":{"@id":"https:\/\/portaltela.pt\/noticias\/2026\/04\/08\/fragata-portuguesa-parte-para-o-baltico-para-monitorizar-presenca-russa\/"},"author":{"name":"Telinha","@id":"https:\/\/portaltela.pt\/#\/schema\/person\/c4278d4a6028830caff9ee44b42d32ed"},"headline":"Fragata portuguesa parte para o B\u00e1ltico para monitorizar presen\u00e7a russa","datePublished":"2026-04-08T10:47:42+00:00","mainEntityOfPage":{"@id":"https:\/\/portaltela.pt\/noticias\/2026\/04\/08\/fragata-portuguesa-parte-para-o-baltico-para-monitorizar-presenca-russa\/"},"wordCount":282,"image":{"@id":"https:\/\/portaltela.pt\/noticias\/2026\/04\/08\/fragata-portuguesa-parte-para-o-baltico-para-monitorizar-presenca-russa\/#primaryimage"},"thumbnailUrl":"https:\/\/portaltela.pt\/s.01k8rhncp4jt1\/2026\/04\/img_1500x1000uu2024-05-22-20-08-47-1662326.jpg","keywords":["A For\u00e7a A\u00e9rea","A Marinha","coopera\u00e7\u00e3o internacional","Est\u00f3nia","Let\u00f3nia","Litu\u00e2nia"],"articleSection":["Geopol\u00edtica"],"inLanguage":"pt-PT"},{"@type":"WebPage","@id":"https:\/\/portaltela.pt\/noticias\/2026\/04\/08\/fragata-portuguesa-parte-para-o-baltico-para-monitorizar-presenca-russa\/","url":"https:\/\/portaltela.pt\/noticias\/2026\/04\/08\/fragata-portuguesa-parte-para-o-baltico-para-monitorizar-presenca-russa\/","name":"Fragata portuguesa parte para o B\u00e1ltico para monitorizar presen\u00e7a russa - Portal Tela Portugal","isPartOf":{"@id":"https:\/\/portaltela.pt\/#website"},"primaryImageOfPage":{"@id":"https:\/\/portaltela.pt\/noticias\/2026\/04\/08\/fragata-portuguesa-parte-para-o-baltico-para-monitorizar-presenca-russa\/#primaryimage"},"image":{"@id":"https:\/\/portaltela.pt\/noticias\/2026\/04\/08\/fragata-portuguesa-parte-para-o-baltico-para-monitorizar-presenca-russa\/#primaryimage"},"thumbnailUrl":"https:\/\/portaltela.pt\/s.01k8rhncp4jt1\/2026\/04\/img_1500x1000uu2024-05-22-20-08-47-1662326.jpg","datePublished":"2026-04-08T10:47:42+00:00","author":{"@id":"https:\/\/portaltela.pt\/#\/schema\/person\/c4278d4a6028830caff9ee44b42d32ed"},"breadcrumb":{"@id":"https:\/\/portaltela.pt\/noticias\/2026\/04\/08\/fragata-portuguesa-parte-para-o-baltico-para-monitorizar-presenca-russa\/#breadcrumb"},"inLanguage":"pt-PT","potentialAction":[{"@type":"ReadAction","target":["https:\/\/portaltela.pt\/noticias\/2026\/04\/08\/fragata-portuguesa-parte-para-o-baltico-para-monitorizar-presenca-russa\/"]}]},{"@type":"ImageObject","inLanguage":"pt-PT","@id":"https:\/\/portaltela.pt\/noticias\/2026\/04\/08\/fragata-portuguesa-parte-para-o-baltico-para-monitorizar-presenca-russa\/#primaryimage","url":"https:\/\/portaltela.pt\/s.01k8rhncp4jt1\/2026\/04\/img_1500x1000uu2024-05-22-20-08-47-1662326.jpg","contentUrl":"https:\/\/portaltela.pt\/s.01k8rhncp4jt1\/2026\/04\/img_1500x1000uu2024-05-22-20-08-47-1662326.jpg","width":796,"height":448,"caption":"Marinha portuguesa"},{"@type":"BreadcrumbList","@id":"https:\/\/portaltela.pt\/noticias\/2026\/04\/08\/fragata-portuguesa-parte-para-o-baltico-para-monitorizar-presenca-russa\/#breadcrumb","itemListElement":[{"@type":"ListItem","position":1,"name":"In\u00edcio","item":"https:\/\/portaltela.pt\/"},{"@type":"ListItem","position":2,"name":"Fragata portuguesa parte para o B\u00e1ltico para monitorizar presen\u00e7a russa"}]},{"@type":"WebSite","@id":"https:\/\/portaltela.pt\/#website","url":"https:\/\/portaltela.pt\/","name":"Portal Tela Portugal","description":"","potentialAction":[{"@type":"SearchAction","target":{"@type":"EntryPoint","urlTemplate":"https:\/\/portaltela.pt\/?s={search_term_string}"},"query-input":{"@type":"PropertyValueSpecification","valueRequired":true,"valueName":"search_term_string"}}],"inLanguage":"pt-PT"},{"@type":"Person","@id":"https:\/\/portaltela.pt\/#\/schema\/person\/c4278d4a6028830caff9ee44b42d32ed","name":"Telinha","image":{"@type":"ImageObject","inLanguage":"pt-PT","@id":"https:\/\/portaltela.pt\/s.01k8rhncp4jt1\/2025\/11\/talking-bot-125x125.png","url":"https:\/\/portaltela.pt\/s.01k8rhncp4jt1\/2025\/11\/talking-bot-125x125.png","contentUrl":"https:\/\/portaltela.pt\/s.01k8rhncp4jt1\/2025\/11\/talking-bot-125x125.png","caption":"Telinha"},"sameAs":["https:\/\/portaltela.pt\/"],"url":"https:\/\/portaltela.pt\/por\/367410592786\/"}]}},"_links":{"self":[{"href":"https:\/\/portaltela.pt\/api\/wp\/v2\/posts\/436441","targetHints":{"allow":["GET"]}}],"collection":[{"href":"https:\/\/portaltela.pt\/api\/wp\/v2\/posts"}],"about":[{"href":"https:\/\/portaltela.pt\/api\/wp\/v2\/types\/post"}],"author":[{"embeddable":true,"href":"https:\/\/portaltela.pt\/api\/wp\/v2\/users\/2"}],"replies":[{"embeddable":true,"href":"https:\/\/portaltela.pt\/api\/wp\/v2\/comments?post=436441"}],"version-history":[{"count":0,"href":"https:\/\/portaltela.pt\/api\/wp\/v2\/posts\/436441\/revisions"}],"wp:featuredmedia":[{"embeddable":true,"href":"https:\/\/portaltela.pt\/api\/wp\/v2\/media\/436445"}],"wp:attachment":[{"href":"https:\/\/portaltela.pt\/api\/wp\/v2\/media?parent=436441"}],"wp:term":[{"taxonomy":"category","embeddable":true,"href":"https:\/\/portaltela.pt\/api\/wp\/v2\/categories?post=436441"},{"taxonomy":"post_tag","embeddable":true,"href":"https:\/\/portaltela.pt\/api\/wp\/v2\/tags?post=436441"}],"curies":[{"name":"wp","href":"https:\/\/api.w.org\/{rel}","templated":true}]}}