{"id":436425,"date":"2026-04-08T07:47:35","date_gmt":"2026-04-08T10:47:35","guid":{"rendered":"https:\/\/portaltela.pt\/noticias\/2026\/04\/08\/taca-da-liga-tera-novo-formato-a-partir-de-2027-2028-com-todas-as-equipas\/"},"modified":"2026-04-08T07:47:35","modified_gmt":"2026-04-08T10:47:35","slug":"taca-da-liga-tera-novo-formato-a-partir-de-2027-2028-com-todas-as-equipas","status":"publish","type":"post","link":"https:\/\/portaltela.pt\/desporto\/futebol\/2026\/04\/08\/taca-da-liga-tera-novo-formato-a-partir-de-2027-2028-com-todas-as-equipas\/","title":{"rendered":"Ta\u00e7a da Liga ter\u00e1 novo formato a partir de 2027\/2028 com todas as equipas"},"content":{"rendered":"<p>Paulo Costa, diretor executivo da Liga Portugal, anunciou num artigo no Record que a Ta\u00e7a da Liga vai ter um novo modelo competitivo a partir da temporada 2027\/28. A mudan\u00e7a torna a prova aberta a todas as equipas dos escal\u00f5es profissionais do futebol portugu\u00eas.<\/p>\n<p>Segundo o que foi publicado, o modelo manter\u00e1 a final four na fase decisiva, mas todas as equipas do futebol profissional passar\u00e3o a poder disputar a competi\u00e7\u00e3o. As equipas envolvidas nas competi\u00e7\u00f5es europeias entram diretamente nos quartos de final.<\/p>\n<p>A transi\u00e7\u00e3o para o novo formato enquadra-se na \u00e9poca 2027\/28, quando ser\u00e3o seis clubes portugueses a competir na UEFA. Esses clubes entram automaticamente nos quartos da Ta\u00e7a da Liga, ajudando a reduzir o calend\u00e1rio.<\/p>\n<p>A abertura da prova a todos os emblemas \u00e9 acompanhada por uma organiza\u00e7\u00e3o de calend\u00e1rio que evita sobrecarga. Os jogos dever\u00e3o realizar-se antes do arranque das competi\u00e7\u00f5es nacionais, em fases de menor atividade das equipas.<\/p>\n<p>A altera\u00e7\u00e3o baseia-se na proximidade entre advers\u00e1rios e no objetivo de manter o interesse competitivo sem comprometer o encaixe das sele\u00e7\u00f5es nacionais ou as provas da UEFA.<\/p>\n","protected":false},"excerpt":{"rendered":"<ul>\n<li>A Ta\u00e7a da Liga vai ter um novo modelo competitivo a partir da temporada 2027\/28, aberto a todas as equipas dos escal\u00f5es profissionais do futebol portugu\u00eas.<\/li>\n<li>Atualmente a prova \u00e9 disputada pelos dois primeiros classificados da segunda Liga e pelo top-6 da primeira Liga; a mudan\u00e7a mant\u00e9m o formato final-four, mas as equipas apuradas para competi\u00e7\u00f5es europeias entram diretamente nos quartos de final.<\/li>\n<li>Em 2027\/28 v\u00e3o disputar a competi\u00e7\u00e3o seis clubes nas provas europeias, que entram automaticamente nos quartos de final da Ta\u00e7a da Liga para evitar sobrecarga no calend\u00e1rio.<\/li>\n<li>A abertura a todos os emblemas tem em conta o crit\u00e9rio de proximidade entre advers\u00e1rios e os jogos v\u00e3o ocorrer antes do arranque das duas ligas profissionais, em fases de paragem dos campeonatos.<\/li>\n<li>Os encontros ser\u00e3o disputados numa altura em que apenas as equipas envolvidas em provas da UEFA ou jogadores chamados \u00e0s sele\u00e7\u00f5es nacionais continuam em atividade.<\/li>\n<\/ul>\n","protected":false},"author":2,"featured_media":436434,"comment_status":"closed","ping_status":"closed","sticky":false,"template":"","format":"standard","meta":{"footnotes":""},"categories":[21,24],"tags":[2354,152,32,1786,1014,1172],"class_list":["post-436425","post","type-post","status-publish","format-standard","has-post-thumbnail","hentry","category-desporto","category-futebol","tag-competicoes-internacionais","tag-desporto","tag-futebol","tag-liga","tag-portugal","tag-taca-da-liga"],"yoast_head":"<!-- This site is optimized with the Yoast SEO plugin v27.2 - https:\/\/yoast.com\/product\/yoast-seo-wordpress\/ -->\n<title>Ta\u00e7a da Liga ter\u00e1 novo formato a partir de 2027\/2028 com todas as equipas - Portal Tela Portugal<\/title>\n<meta name=\"robots\" content=\"index, follow, max-snippet:-1, max-image-preview:large, max-video-preview:-1\" \/>\n<meta property=\"og:locale\" content=\"pt_PT\" \/>\n<meta property=\"og:type\" content=\"article\" \/>\n<meta property=\"og:title\" content=\"Ta\u00e7a da Liga ter\u00e1 novo formato a partir de 2027\/2028 com todas as equipas - Portal Tela Portugal\" \/>\n<meta property=\"og:description\" content=\"A Ta\u00e7a da Liga vai ter um novo modelo competitivo a partir da temporada 2027\/28, aberto a todas as equipas dos escal\u00f5es profissionais do futebol portugu\u00eas. Atualmente a prova \u00e9 disputada pelos dois primeiros classificados da segunda Liga e pelo top-6 da primeira Liga; a mudan\u00e7a mant\u00e9m o formato final-four, mas as equipas apuradas para competi\u00e7\u00f5es europeias entram diretamente nos quartos de final. Em 2027\/28 v\u00e3o disputar a competi\u00e7\u00e3o seis clubes nas provas europeias, que entram automaticamente nos quartos de final da Ta\u00e7a da Liga para evitar sobrecarga no calend\u00e1rio. A abertura a todos os emblemas tem em conta o crit\u00e9rio de proximidade entre advers\u00e1rios e os jogos v\u00e3o ocorrer antes do arranque das duas ligas profissionais, em fases de paragem dos campeonatos. Os encontros ser\u00e3o disputados numa altura em que apenas as equipas envolvidas em provas da UEFA ou jogadores chamados \u00e0s sele\u00e7\u00f5es nacionais continuam em atividade.\" \/>\n<meta property=\"og:url\" content=\"https:\/\/portaltela.pt\/noticias\/2026\/04\/08\/taca-da-liga-tera-novo-formato-a-partir-de-2027-2028-com-todas-as-equipas\/\" \/>\n<meta property=\"og:site_name\" content=\"Portal Tela Portugal\" \/>\n<meta property=\"article:published_time\" content=\"2026-04-08T10:47:35+00:00\" \/>\n<meta name=\"author\" content=\"Telinha\" \/>\n<meta name=\"twitter:card\" content=\"summary_large_image\" \/>\n<meta name=\"twitter:label1\" content=\"Escrito por\" \/>\n\t<meta name=\"twitter:data1\" content=\"Telinha\" \/>\n\t<meta name=\"twitter:label2\" content=\"Tempo estimado de leitura\" \/>\n\t<meta name=\"twitter:data2\" content=\"1 minuto\" \/>\n<script type=\"application\/ld+json\" class=\"yoast-schema-graph\">{\"@context\":\"https:\/\/schema.org\",\"@graph\":[{\"@type\":\"Article\",\"@id\":\"https:\/\/portaltela.pt\/noticias\/2026\/04\/08\/taca-da-liga-tera-novo-formato-a-partir-de-2027-2028-com-todas-as-equipas\/#article\",\"isPartOf\":{\"@id\":\"https:\/\/portaltela.pt\/noticias\/2026\/04\/08\/taca-da-liga-tera-novo-formato-a-partir-de-2027-2028-com-todas-as-equipas\/\"},\"author\":{\"name\":\"Telinha\",\"@id\":\"https:\/\/portaltela.pt\/#\/schema\/person\/c4278d4a6028830caff9ee44b42d32ed\"},\"headline\":\"Ta\u00e7a da Liga ter\u00e1 novo formato a partir de 2027\/2028 com todas as equipas\",\"datePublished\":\"2026-04-08T10:47:35+00:00\",\"mainEntityOfPage\":{\"@id\":\"https:\/\/portaltela.pt\/noticias\/2026\/04\/08\/taca-da-liga-tera-novo-formato-a-partir-de-2027-2028-com-todas-as-equipas\/\"},\"wordCount\":208,\"image\":{\"@id\":\"https:\/\/portaltela.pt\/noticias\/2026\/04\/08\/taca-da-liga-tera-novo-formato-a-partir-de-2027-2028-com-todas-as-equipas\/#primaryimage\"},\"thumbnailUrl\":\"https:\/\/portaltela.pt\/s.01k8rhncp4jt1\/2026\/04\/image-433.jpg\",\"keywords\":[\"competi\u00e7\u00f5es internacionais\",\"desporto\",\"futebol\",\"Liga\",\"Portugal\",\"Ta\u00e7a da Liga\"],\"articleSection\":[\"Desporto\",\"Futebol\"],\"inLanguage\":\"pt-PT\"},{\"@type\":\"WebPage\",\"@id\":\"https:\/\/portaltela.pt\/noticias\/2026\/04\/08\/taca-da-liga-tera-novo-formato-a-partir-de-2027-2028-com-todas-as-equipas\/\",\"url\":\"https:\/\/portaltela.pt\/noticias\/2026\/04\/08\/taca-da-liga-tera-novo-formato-a-partir-de-2027-2028-com-todas-as-equipas\/\",\"name\":\"Ta\u00e7a da Liga ter\u00e1 novo formato a partir de 2027\/2028 com todas as equipas - Portal Tela Portugal\",\"isPartOf\":{\"@id\":\"https:\/\/portaltela.pt\/#website\"},\"primaryImageOfPage\":{\"@id\":\"https:\/\/portaltela.pt\/noticias\/2026\/04\/08\/taca-da-liga-tera-novo-formato-a-partir-de-2027-2028-com-todas-as-equipas\/#primaryimage\"},\"image\":{\"@id\":\"https:\/\/portaltela.pt\/noticias\/2026\/04\/08\/taca-da-liga-tera-novo-formato-a-partir-de-2027-2028-com-todas-as-equipas\/#primaryimage\"},\"thumbnailUrl\":\"https:\/\/portaltela.pt\/s.01k8rhncp4jt1\/2026\/04\/image-433.jpg\",\"datePublished\":\"2026-04-08T10:47:35+00:00\",\"author\":{\"@id\":\"https:\/\/portaltela.pt\/#\/schema\/person\/c4278d4a6028830caff9ee44b42d32ed\"},\"breadcrumb\":{\"@id\":\"https:\/\/portaltela.pt\/noticias\/2026\/04\/08\/taca-da-liga-tera-novo-formato-a-partir-de-2027-2028-com-todas-as-equipas\/#breadcrumb\"},\"inLanguage\":\"pt-PT\",\"potentialAction\":[{\"@type\":\"ReadAction\",\"target\":[\"https:\/\/portaltela.pt\/noticias\/2026\/04\/08\/taca-da-liga-tera-novo-formato-a-partir-de-2027-2028-com-todas-as-equipas\/\"]}]},{\"@type\":\"ImageObject\",\"inLanguage\":\"pt-PT\",\"@id\":\"https:\/\/portaltela.pt\/noticias\/2026\/04\/08\/taca-da-liga-tera-novo-formato-a-partir-de-2027-2028-com-todas-as-equipas\/#primaryimage\",\"url\":\"https:\/\/portaltela.pt\/s.01k8rhncp4jt1\/2026\/04\/image-433.jpg\",\"contentUrl\":\"https:\/\/portaltela.pt\/s.01k8rhncp4jt1\/2026\/04\/image-433.jpg\",\"width\":796,\"height\":448,\"caption\":\"Reinaldo Teixeira, presidente da Liga Portugal, ao lado da Ta\u00e7a da Liga\"},{\"@type\":\"BreadcrumbList\",\"@id\":\"https:\/\/portaltela.pt\/noticias\/2026\/04\/08\/taca-da-liga-tera-novo-formato-a-partir-de-2027-2028-com-todas-as-equipas\/#breadcrumb\",\"itemListElement\":[{\"@type\":\"ListItem\",\"position\":1,\"name\":\"In\u00edcio\",\"item\":\"https:\/\/portaltela.pt\/\"},{\"@type\":\"ListItem\",\"position\":2,\"name\":\"Ta\u00e7a da Liga ter\u00e1 novo formato a partir de 2027\/2028 com todas as equipas\"}]},{\"@type\":\"WebSite\",\"@id\":\"https:\/\/portaltela.pt\/#website\",\"url\":\"https:\/\/portaltela.pt\/\",\"name\":\"Portal Tela Portugal\",\"description\":\"\",\"potentialAction\":[{\"@type\":\"SearchAction\",\"target\":{\"@type\":\"EntryPoint\",\"urlTemplate\":\"https:\/\/portaltela.pt\/?s={search_term_string}\"},\"query-input\":{\"@type\":\"PropertyValueSpecification\",\"valueRequired\":true,\"valueName\":\"search_term_string\"}}],\"inLanguage\":\"pt-PT\"},{\"@type\":\"Person\",\"@id\":\"https:\/\/portaltela.pt\/#\/schema\/person\/c4278d4a6028830caff9ee44b42d32ed\",\"name\":\"Telinha\",\"image\":{\"@type\":\"ImageObject\",\"inLanguage\":\"pt-PT\",\"@id\":\"https:\/\/portaltela.pt\/s.01k8rhncp4jt1\/2025\/11\/talking-bot-125x125.png\",\"url\":\"https:\/\/portaltela.pt\/s.01k8rhncp4jt1\/2025\/11\/talking-bot-125x125.png\",\"contentUrl\":\"https:\/\/portaltela.pt\/s.01k8rhncp4jt1\/2025\/11\/talking-bot-125x125.png\",\"caption\":\"Telinha\"},\"sameAs\":[\"https:\/\/portaltela.pt\/\"],\"url\":\"https:\/\/portaltela.pt\/por\/367410592786\/\"}]}<\/script>\n<!-- \/ Yoast SEO plugin. -->","yoast_head_json":{"title":"Ta\u00e7a da Liga ter\u00e1 novo formato a partir de 2027\/2028 com todas as equipas - Portal Tela Portugal","robots":{"index":"index","follow":"follow","max-snippet":"max-snippet:-1","max-image-preview":"max-image-preview:large","max-video-preview":"max-video-preview:-1"},"og_locale":"pt_PT","og_type":"article","og_title":"Ta\u00e7a da Liga ter\u00e1 novo formato a partir de 2027\/2028 com todas as equipas - Portal Tela Portugal","og_description":"A Ta\u00e7a da Liga vai ter um novo modelo competitivo a partir da temporada 2027\/28, aberto a todas as equipas dos escal\u00f5es profissionais do futebol portugu\u00eas. Atualmente a prova \u00e9 disputada pelos dois primeiros classificados da segunda Liga e pelo top-6 da primeira Liga; a mudan\u00e7a mant\u00e9m o formato final-four, mas as equipas apuradas para competi\u00e7\u00f5es europeias entram diretamente nos quartos de final. Em 2027\/28 v\u00e3o disputar a competi\u00e7\u00e3o seis clubes nas provas europeias, que entram automaticamente nos quartos de final da Ta\u00e7a da Liga para evitar sobrecarga no calend\u00e1rio. A abertura a todos os emblemas tem em conta o crit\u00e9rio de proximidade entre advers\u00e1rios e os jogos v\u00e3o ocorrer antes do arranque das duas ligas profissionais, em fases de paragem dos campeonatos. Os encontros ser\u00e3o disputados numa altura em que apenas as equipas envolvidas em provas da UEFA ou jogadores chamados \u00e0s sele\u00e7\u00f5es nacionais continuam em atividade.","og_url":"https:\/\/portaltela.pt\/noticias\/2026\/04\/08\/taca-da-liga-tera-novo-formato-a-partir-de-2027-2028-com-todas-as-equipas\/","og_site_name":"Portal Tela Portugal","article_published_time":"2026-04-08T10:47:35+00:00","author":"Telinha","twitter_card":"summary_large_image","twitter_misc":{"Escrito por":"Telinha","Tempo estimado de leitura":"1 minuto"},"schema":{"@context":"https:\/\/schema.org","@graph":[{"@type":"Article","@id":"https:\/\/portaltela.pt\/noticias\/2026\/04\/08\/taca-da-liga-tera-novo-formato-a-partir-de-2027-2028-com-todas-as-equipas\/#article","isPartOf":{"@id":"https:\/\/portaltela.pt\/noticias\/2026\/04\/08\/taca-da-liga-tera-novo-formato-a-partir-de-2027-2028-com-todas-as-equipas\/"},"author":{"name":"Telinha","@id":"https:\/\/portaltela.pt\/#\/schema\/person\/c4278d4a6028830caff9ee44b42d32ed"},"headline":"Ta\u00e7a da Liga ter\u00e1 novo formato a partir de 2027\/2028 com todas as equipas","datePublished":"2026-04-08T10:47:35+00:00","mainEntityOfPage":{"@id":"https:\/\/portaltela.pt\/noticias\/2026\/04\/08\/taca-da-liga-tera-novo-formato-a-partir-de-2027-2028-com-todas-as-equipas\/"},"wordCount":208,"image":{"@id":"https:\/\/portaltela.pt\/noticias\/2026\/04\/08\/taca-da-liga-tera-novo-formato-a-partir-de-2027-2028-com-todas-as-equipas\/#primaryimage"},"thumbnailUrl":"https:\/\/portaltela.pt\/s.01k8rhncp4jt1\/2026\/04\/image-433.jpg","keywords":["competi\u00e7\u00f5es internacionais","desporto","futebol","Liga","Portugal","Ta\u00e7a da Liga"],"articleSection":["Desporto","Futebol"],"inLanguage":"pt-PT"},{"@type":"WebPage","@id":"https:\/\/portaltela.pt\/noticias\/2026\/04\/08\/taca-da-liga-tera-novo-formato-a-partir-de-2027-2028-com-todas-as-equipas\/","url":"https:\/\/portaltela.pt\/noticias\/2026\/04\/08\/taca-da-liga-tera-novo-formato-a-partir-de-2027-2028-com-todas-as-equipas\/","name":"Ta\u00e7a da Liga ter\u00e1 novo formato a partir de 2027\/2028 com todas as equipas - Portal Tela Portugal","isPartOf":{"@id":"https:\/\/portaltela.pt\/#website"},"primaryImageOfPage":{"@id":"https:\/\/portaltela.pt\/noticias\/2026\/04\/08\/taca-da-liga-tera-novo-formato-a-partir-de-2027-2028-com-todas-as-equipas\/#primaryimage"},"image":{"@id":"https:\/\/portaltela.pt\/noticias\/2026\/04\/08\/taca-da-liga-tera-novo-formato-a-partir-de-2027-2028-com-todas-as-equipas\/#primaryimage"},"thumbnailUrl":"https:\/\/portaltela.pt\/s.01k8rhncp4jt1\/2026\/04\/image-433.jpg","datePublished":"2026-04-08T10:47:35+00:00","author":{"@id":"https:\/\/portaltela.pt\/#\/schema\/person\/c4278d4a6028830caff9ee44b42d32ed"},"breadcrumb":{"@id":"https:\/\/portaltela.pt\/noticias\/2026\/04\/08\/taca-da-liga-tera-novo-formato-a-partir-de-2027-2028-com-todas-as-equipas\/#breadcrumb"},"inLanguage":"pt-PT","potentialAction":[{"@type":"ReadAction","target":["https:\/\/portaltela.pt\/noticias\/2026\/04\/08\/taca-da-liga-tera-novo-formato-a-partir-de-2027-2028-com-todas-as-equipas\/"]}]},{"@type":"ImageObject","inLanguage":"pt-PT","@id":"https:\/\/portaltela.pt\/noticias\/2026\/04\/08\/taca-da-liga-tera-novo-formato-a-partir-de-2027-2028-com-todas-as-equipas\/#primaryimage","url":"https:\/\/portaltela.pt\/s.01k8rhncp4jt1\/2026\/04\/image-433.jpg","contentUrl":"https:\/\/portaltela.pt\/s.01k8rhncp4jt1\/2026\/04\/image-433.jpg","width":796,"height":448,"caption":"Reinaldo Teixeira, presidente da Liga Portugal, ao lado da Ta\u00e7a da Liga"},{"@type":"BreadcrumbList","@id":"https:\/\/portaltela.pt\/noticias\/2026\/04\/08\/taca-da-liga-tera-novo-formato-a-partir-de-2027-2028-com-todas-as-equipas\/#breadcrumb","itemListElement":[{"@type":"ListItem","position":1,"name":"In\u00edcio","item":"https:\/\/portaltela.pt\/"},{"@type":"ListItem","position":2,"name":"Ta\u00e7a da Liga ter\u00e1 novo formato a partir de 2027\/2028 com todas as equipas"}]},{"@type":"WebSite","@id":"https:\/\/portaltela.pt\/#website","url":"https:\/\/portaltela.pt\/","name":"Portal Tela Portugal","description":"","potentialAction":[{"@type":"SearchAction","target":{"@type":"EntryPoint","urlTemplate":"https:\/\/portaltela.pt\/?s={search_term_string}"},"query-input":{"@type":"PropertyValueSpecification","valueRequired":true,"valueName":"search_term_string"}}],"inLanguage":"pt-PT"},{"@type":"Person","@id":"https:\/\/portaltela.pt\/#\/schema\/person\/c4278d4a6028830caff9ee44b42d32ed","name":"Telinha","image":{"@type":"ImageObject","inLanguage":"pt-PT","@id":"https:\/\/portaltela.pt\/s.01k8rhncp4jt1\/2025\/11\/talking-bot-125x125.png","url":"https:\/\/portaltela.pt\/s.01k8rhncp4jt1\/2025\/11\/talking-bot-125x125.png","contentUrl":"https:\/\/portaltela.pt\/s.01k8rhncp4jt1\/2025\/11\/talking-bot-125x125.png","caption":"Telinha"},"sameAs":["https:\/\/portaltela.pt\/"],"url":"https:\/\/portaltela.pt\/por\/367410592786\/"}]}},"_links":{"self":[{"href":"https:\/\/portaltela.pt\/api\/wp\/v2\/posts\/436425","targetHints":{"allow":["GET"]}}],"collection":[{"href":"https:\/\/portaltela.pt\/api\/wp\/v2\/posts"}],"about":[{"href":"https:\/\/portaltela.pt\/api\/wp\/v2\/types\/post"}],"author":[{"embeddable":true,"href":"https:\/\/portaltela.pt\/api\/wp\/v2\/users\/2"}],"replies":[{"embeddable":true,"href":"https:\/\/portaltela.pt\/api\/wp\/v2\/comments?post=436425"}],"version-history":[{"count":0,"href":"https:\/\/portaltela.pt\/api\/wp\/v2\/posts\/436425\/revisions"}],"wp:featuredmedia":[{"embeddable":true,"href":"https:\/\/portaltela.pt\/api\/wp\/v2\/media\/436434"}],"wp:attachment":[{"href":"https:\/\/portaltela.pt\/api\/wp\/v2\/media?parent=436425"}],"wp:term":[{"taxonomy":"category","embeddable":true,"href":"https:\/\/portaltela.pt\/api\/wp\/v2\/categories?post=436425"},{"taxonomy":"post_tag","embeddable":true,"href":"https:\/\/portaltela.pt\/api\/wp\/v2\/tags?post=436425"}],"curies":[{"name":"wp","href":"https:\/\/api.w.org\/{rel}","templated":true}]}}