{"id":436421,"date":"2026-04-08T07:32:33","date_gmt":"2026-04-08T10:32:33","guid":{"rendered":"https:\/\/portaltela.pt\/noticias\/2026\/04\/08\/festivais-gastronomicos-deste-mes-vao-de-francesinha-a-choco\/"},"modified":"2026-04-08T07:32:33","modified_gmt":"2026-04-08T10:32:33","slug":"festivais-gastronomicos-deste-mes-vao-de-francesinha-a-choco","status":"publish","type":"post","link":"https:\/\/portaltela.pt\/noticias\/2026\/04\/08\/festivais-gastronomicos-deste-mes-vao-de-francesinha-a-choco\/","title":{"rendered":"Festivais gastron\u00f3micos deste m\u00eas v\u00e3o de francesinha a choco"},"content":{"rendered":"<p>A partir de abril, v\u00e1rios festivais gastron\u00f3micos reaispelem aos visitantes noutras regi\u00f5es de Portugal. Entre concursos de iguarias locais e experi\u00eancias culturais, o objetivo \u00e9 valorizar a cozinha regional, os produtos locais e a identidade das zonas envolvidas. O cartaz inclui iniciativas em \u00cdlhavo, \u00d3bidos, Alentejo, Ribatejo, Penamacor e Coimbra, com op\u00e7\u00f5es que v\u00e3o desde pratos tradicionais at\u00e9 menus de fus\u00e3o.<\/p>\n<p>Em \u00cdlhavo, a Festa do Choco marca o retorno a 9 a 12 de abril. O evento decorre no Jardim Henriqueta Maia e conta com cria\u00e7\u00f5es da chef Patr\u00edcia Borges, como feijoada de choco e choco frito. Al\u00e9m da mostra gastron\u00f3mica, haver\u00e1 exposi\u00e7\u00e3o sobre pesca artesanal na Ria de Aveiro e uma mesa-redonda sobre turismo gastron\u00f3mico sustent\u00e1vel.<\/p>\n<h3>Festa do Choco, \u00cdlhavo<\/h3>\n<p>A iniciativa inclui visitas \u00e0 lota, programa educativo e propostas de restaurantes locais no \u00e2mbito do festival &#8220;Vamos aos Cricos!&#8221;.<\/p>\n<p>Em Olho Marinho, \u00d3bidos, realiza-se o Festival do Cozido nos dias 11 e 12 de abril. O cozido \u00e0 portuguesa comp\u00f5e o menu de almo\u00e7o e jantar (s\u00e1bado) e almo\u00e7o (domingo), com op\u00e7\u00e3o de takeaway. Haver\u00e1 p\u00e3o com chouri\u00e7o, sopa da pedra no \u00faltimo dia e anima\u00e7\u00e3o musical. Reservas atrav\u00e9s do telefone indicado.<\/p>\n<h3>Festival do Cozido, Olho Marinho (\u00d3bidos)<\/h3>\n<p>O evento oferece ainda op\u00e7\u00f5es t\u00edpicas da regi\u00e3o e refor\u00e7a a experi\u00eancia gastron\u00f3mica local para os visitantes.<\/p>\n<p>No Alentejo e Ribatejo, o Food Love Fest est\u00e1 em andamento at\u00e9 2 de maio. O festival re\u00fane chefs em quatro herdades e adegas, com passagens por Mainova (Arraiolos), Torre de Palma (Monforte) e outras localidades, incluindo Vila Ch\u00e3 de Ourique, \u00c9vora e S\u00e3o Teot\u00f3nio. A iniciativa, com bilhete de 75 euros, funciona entre as 11h e as 17h.<\/p>\n<h3>Food Love Fest, v\u00e1rias localidades<\/h3>\n<p>Entre 18 de abril e 2 de maio, os pratos destacam a oferta dos produtores locais, com chefs convidados como Rafael Duarte, Rui Lima, Tiago Gaspar e outros.<\/p>\n<p>Em Penamacor, Meim\u00e3o, decorre pela terceira vez o Festival da Chanfana, a 11 e 12 de abril. A especialidade \u00e9 preparada em panela de ferro, com outras iguarias regionais. O programa inclui showcookings, artesanato, concertos e atividades para crian\u00e7as, com caminhadas pela Serra da Malcata.<\/p>\n<h3>Festival da Chanfana, Meim\u00e3o (Penamacor)<\/h3>\n<p>O cartel completo pode ser consultado pela autarquia local.<\/p>\n<p>Coimbra recebe o Festival de Francesinhas de 30 de abril a 10 de maio, j\u00e1 na primeira edi\u00e7\u00e3o de 2026. Restaurantes reconhecidos da Invicta participam com v\u00e1rias vers\u00f5es da sandes, servidas no Parque Dr. Manuel Braga, em dois turnos di\u00e1rios. A entrada \u00e9 gratuita.<\/p>\n<h3>Festival de Francesinhas, Coimbra<\/h3>\n<p>Os organizadores destacam a participa\u00e7\u00e3o de estabelecimentos de refer\u00eancia da cidade do Porto e a continuidade de um ciclo anual de celebra\u00e7\u00e3o.<\/p>\n<p>As iniciativas recordam a diversidade regional portuguesa na gastronomia, combinando cozinha tradicional com propostas contempor\u00e2neas, oportunidades de turismo gastron\u00f3mico e atividades culturais. As informa\u00e7\u00f5es adicionais est\u00e3o dispon\u00edveis junto das autarquias e organizadores de cada evento.<\/p>\n","protected":false},"excerpt":{"rendered":"<ul>\n<li>Festa do Choco em \u00cdlhavo (9 a 12 de abril), com cria\u00e7\u00f5es da chef Patr\u00edcia Borges, incluindo feijoada de choco, choco frito e prego de choco; acompanhamento de exposi\u00e7\u00e3o sobre pesca artesanal, mesa-redonda sobre turismo gastron\u00f3mico sustent\u00e1vel e visita \u00e0 lota.<\/li>\n<li>Festival do Cozido em Olho Marinho, \u00d3bidos (11 e 12 de abril), com cozido \u00e0 portuguesa para almo\u00e7o e jantar (s\u00e1bado) e almo\u00e7o (domingo), op\u00e7\u00e3o de takeaway, al\u00e9m de p\u00e3o com chouri\u00e7o e sopa da pedra no \u00faltimo dia; anima\u00e7\u00e3o musical e reservas pelo telefone 919 405 004.<\/li>\n<li>Food Love Fest, v\u00e1rias localidades (at\u00e9 2 de maio), focado em sabores do Alentejo e do Ribatejo; realiza\u00e7\u00e3o em quatro herdades e adegas, com pre\u00e7o de 75 euros; hor\u00e1rios entre 11h e 17h; cidades inclu\u00eddas: Arraiolos, Monforte, Vila Ch\u00e3 de Ourique, \u00c9vora e S\u00e3o Teot\u00f3nio, entre outras.<\/li>\n<li>Festival da Chanfana em Meim\u00e3o, Penamacor (11 e 12 de abril), para destacar a chanfana de cabra em panela de ferro; show cooking, artesanato, concertos, sess\u00f5es de palestras e atividades para crian\u00e7as, com caminhada pelos arredores.<\/li>\n<li>Festival de Francesinhas em Coimbra (30 de abril a 10 de maio), onze dias, com restaurantes convidados da cidade do Porto a servirem francesinhas em v\u00e1rias vers\u00f5es; realiza-se no Parque Dr. Manuel Braga, com hor\u00e1rios de almo\u00e7o e jantar e entrada livre.<\/li>\n<\/ul>\n","protected":false},"author":2,"featured_media":436424,"comment_status":"closed","ping_status":"closed","sticky":false,"template":"","format":"standard","meta":{"footnotes":""},"categories":[7369,1],"tags":[883,1070,219,1080,1280,169],"class_list":["post-436421","post","type-post","status-publish","format-standard","has-post-thumbnail","hentry","category-gastronomia","category-noticias","tag-alentejo","tag-coimbra","tag-gastronomia","tag-ilhavo","tag-obidos","tag-turismo"],"yoast_head":"<!-- This site is optimized with the Yoast SEO plugin v27.2 - https:\/\/yoast.com\/product\/yoast-seo-wordpress\/ -->\n<title>Festivais gastron\u00f3micos deste m\u00eas v\u00e3o de francesinha a choco - Portal Tela Portugal<\/title>\n<meta name=\"robots\" content=\"index, follow, max-snippet:-1, max-image-preview:large, max-video-preview:-1\" \/>\n<meta property=\"og:locale\" content=\"pt_PT\" \/>\n<meta property=\"og:type\" content=\"article\" \/>\n<meta property=\"og:title\" content=\"Festivais gastron\u00f3micos deste m\u00eas v\u00e3o de francesinha a choco - Portal Tela Portugal\" \/>\n<meta property=\"og:description\" content=\"Festa do Choco em \u00cdlhavo (9 a 12 de abril), com cria\u00e7\u00f5es da chef Patr\u00edcia Borges, incluindo feijoada de choco, choco frito e prego de choco; acompanhamento de exposi\u00e7\u00e3o sobre pesca artesanal, mesa-redonda sobre turismo gastron\u00f3mico sustent\u00e1vel e visita \u00e0 lota. Festival do Cozido em Olho Marinho, \u00d3bidos (11 e 12 de abril), com cozido \u00e0 portuguesa para almo\u00e7o e jantar (s\u00e1bado) e almo\u00e7o (domingo), op\u00e7\u00e3o de takeaway, al\u00e9m de p\u00e3o com chouri\u00e7o e sopa da pedra no \u00faltimo dia; anima\u00e7\u00e3o musical e reservas pelo telefone 919 405 004. Food Love Fest, v\u00e1rias localidades (at\u00e9 2 de maio), focado em sabores do Alentejo e do Ribatejo; realiza\u00e7\u00e3o em quatro herdades e adegas, com pre\u00e7o de 75 euros; hor\u00e1rios entre 11h e 17h; cidades inclu\u00eddas: Arraiolos, Monforte, Vila Ch\u00e3 de Ourique, \u00c9vora e S\u00e3o Teot\u00f3nio, entre outras. Festival da Chanfana em Meim\u00e3o, Penamacor (11 e 12 de abril), para destacar a chanfana de cabra em panela de ferro; show cooking, artesanato, concertos, sess\u00f5es de palestras e atividades para crian\u00e7as, com caminhada pelos arredores. Festival de Francesinhas em Coimbra (30 de abril a 10 de maio), onze dias, com restaurantes convidados da cidade do Porto a servirem francesinhas em v\u00e1rias vers\u00f5es; realiza-se no Parque Dr. Manuel Braga, com hor\u00e1rios de almo\u00e7o e jantar e entrada livre.\" \/>\n<meta property=\"og:url\" content=\"https:\/\/portaltela.pt\/noticias\/2026\/04\/08\/festivais-gastronomicos-deste-mes-vao-de-francesinha-a-choco\/\" \/>\n<meta property=\"og:site_name\" content=\"Portal Tela Portugal\" \/>\n<meta property=\"article:published_time\" content=\"2026-04-08T10:32:33+00:00\" \/>\n<meta name=\"author\" content=\"Telinha\" \/>\n<meta name=\"twitter:card\" content=\"summary_large_image\" \/>\n<meta name=\"twitter:label1\" content=\"Escrito por\" \/>\n\t<meta name=\"twitter:data1\" content=\"Telinha\" \/>\n\t<meta name=\"twitter:label2\" content=\"Tempo estimado de leitura\" \/>\n\t<meta name=\"twitter:data2\" content=\"3 minutos\" \/>\n<script type=\"application\/ld+json\" class=\"yoast-schema-graph\">{\"@context\":\"https:\/\/schema.org\",\"@graph\":[{\"@type\":\"Article\",\"@id\":\"https:\/\/portaltela.pt\/noticias\/2026\/04\/08\/festivais-gastronomicos-deste-mes-vao-de-francesinha-a-choco\/#article\",\"isPartOf\":{\"@id\":\"https:\/\/portaltela.pt\/noticias\/2026\/04\/08\/festivais-gastronomicos-deste-mes-vao-de-francesinha-a-choco\/\"},\"author\":{\"name\":\"Telinha\",\"@id\":\"https:\/\/portaltela.pt\/#\/schema\/person\/c4278d4a6028830caff9ee44b42d32ed\"},\"headline\":\"Festivais gastron\u00f3micos deste m\u00eas v\u00e3o de francesinha a choco\",\"datePublished\":\"2026-04-08T10:32:33+00:00\",\"mainEntityOfPage\":{\"@id\":\"https:\/\/portaltela.pt\/noticias\/2026\/04\/08\/festivais-gastronomicos-deste-mes-vao-de-francesinha-a-choco\/\"},\"wordCount\":516,\"image\":{\"@id\":\"https:\/\/portaltela.pt\/noticias\/2026\/04\/08\/festivais-gastronomicos-deste-mes-vao-de-francesinha-a-choco\/#primaryimage\"},\"thumbnailUrl\":\"https:\/\/portaltela.pt\/s.01k8rhncp4jt1\/2026\/04\/image-432.jpg\",\"keywords\":[\"Alentejo\",\"Coimbra\",\"gastronomia\",\"\u00cdlhavo\",\"\u00d3bidos\",\"turismo\"],\"articleSection\":[\"Gastronomia\",\"Not\u00edcias\"],\"inLanguage\":\"pt-PT\"},{\"@type\":\"WebPage\",\"@id\":\"https:\/\/portaltela.pt\/noticias\/2026\/04\/08\/festivais-gastronomicos-deste-mes-vao-de-francesinha-a-choco\/\",\"url\":\"https:\/\/portaltela.pt\/noticias\/2026\/04\/08\/festivais-gastronomicos-deste-mes-vao-de-francesinha-a-choco\/\",\"name\":\"Festivais gastron\u00f3micos deste m\u00eas v\u00e3o de francesinha a choco - Portal Tela Portugal\",\"isPartOf\":{\"@id\":\"https:\/\/portaltela.pt\/#website\"},\"primaryImageOfPage\":{\"@id\":\"https:\/\/portaltela.pt\/noticias\/2026\/04\/08\/festivais-gastronomicos-deste-mes-vao-de-francesinha-a-choco\/#primaryimage\"},\"image\":{\"@id\":\"https:\/\/portaltela.pt\/noticias\/2026\/04\/08\/festivais-gastronomicos-deste-mes-vao-de-francesinha-a-choco\/#primaryimage\"},\"thumbnailUrl\":\"https:\/\/portaltela.pt\/s.01k8rhncp4jt1\/2026\/04\/image-432.jpg\",\"datePublished\":\"2026-04-08T10:32:33+00:00\",\"author\":{\"@id\":\"https:\/\/portaltela.pt\/#\/schema\/person\/c4278d4a6028830caff9ee44b42d32ed\"},\"breadcrumb\":{\"@id\":\"https:\/\/portaltela.pt\/noticias\/2026\/04\/08\/festivais-gastronomicos-deste-mes-vao-de-francesinha-a-choco\/#breadcrumb\"},\"inLanguage\":\"pt-PT\",\"potentialAction\":[{\"@type\":\"ReadAction\",\"target\":[\"https:\/\/portaltela.pt\/noticias\/2026\/04\/08\/festivais-gastronomicos-deste-mes-vao-de-francesinha-a-choco\/\"]}]},{\"@type\":\"ImageObject\",\"inLanguage\":\"pt-PT\",\"@id\":\"https:\/\/portaltela.pt\/noticias\/2026\/04\/08\/festivais-gastronomicos-deste-mes-vao-de-francesinha-a-choco\/#primaryimage\",\"url\":\"https:\/\/portaltela.pt\/s.01k8rhncp4jt1\/2026\/04\/image-432.jpg\",\"contentUrl\":\"https:\/\/portaltela.pt\/s.01k8rhncp4jt1\/2026\/04\/image-432.jpg\",\"width\":796,\"height\":448,\"caption\":\"Festival de Francesinhas volta a Coimbra durante 11 dias.\"},{\"@type\":\"BreadcrumbList\",\"@id\":\"https:\/\/portaltela.pt\/noticias\/2026\/04\/08\/festivais-gastronomicos-deste-mes-vao-de-francesinha-a-choco\/#breadcrumb\",\"itemListElement\":[{\"@type\":\"ListItem\",\"position\":1,\"name\":\"In\u00edcio\",\"item\":\"https:\/\/portaltela.pt\/\"},{\"@type\":\"ListItem\",\"position\":2,\"name\":\"Festivais gastron\u00f3micos deste m\u00eas v\u00e3o de francesinha a choco\"}]},{\"@type\":\"WebSite\",\"@id\":\"https:\/\/portaltela.pt\/#website\",\"url\":\"https:\/\/portaltela.pt\/\",\"name\":\"Portal Tela Portugal\",\"description\":\"\",\"potentialAction\":[{\"@type\":\"SearchAction\",\"target\":{\"@type\":\"EntryPoint\",\"urlTemplate\":\"https:\/\/portaltela.pt\/?s={search_term_string}\"},\"query-input\":{\"@type\":\"PropertyValueSpecification\",\"valueRequired\":true,\"valueName\":\"search_term_string\"}}],\"inLanguage\":\"pt-PT\"},{\"@type\":\"Person\",\"@id\":\"https:\/\/portaltela.pt\/#\/schema\/person\/c4278d4a6028830caff9ee44b42d32ed\",\"name\":\"Telinha\",\"image\":{\"@type\":\"ImageObject\",\"inLanguage\":\"pt-PT\",\"@id\":\"https:\/\/portaltela.pt\/s.01k8rhncp4jt1\/2025\/11\/talking-bot-125x125.png\",\"url\":\"https:\/\/portaltela.pt\/s.01k8rhncp4jt1\/2025\/11\/talking-bot-125x125.png\",\"contentUrl\":\"https:\/\/portaltela.pt\/s.01k8rhncp4jt1\/2025\/11\/talking-bot-125x125.png\",\"caption\":\"Telinha\"},\"sameAs\":[\"https:\/\/portaltela.pt\/\"],\"url\":\"https:\/\/portaltela.pt\/por\/367410592786\/\"}]}<\/script>\n<!-- \/ Yoast SEO plugin. -->","yoast_head_json":{"title":"Festivais gastron\u00f3micos deste m\u00eas v\u00e3o de francesinha a choco - Portal Tela Portugal","robots":{"index":"index","follow":"follow","max-snippet":"max-snippet:-1","max-image-preview":"max-image-preview:large","max-video-preview":"max-video-preview:-1"},"og_locale":"pt_PT","og_type":"article","og_title":"Festivais gastron\u00f3micos deste m\u00eas v\u00e3o de francesinha a choco - Portal Tela Portugal","og_description":"Festa do Choco em \u00cdlhavo (9 a 12 de abril), com cria\u00e7\u00f5es da chef Patr\u00edcia Borges, incluindo feijoada de choco, choco frito e prego de choco; acompanhamento de exposi\u00e7\u00e3o sobre pesca artesanal, mesa-redonda sobre turismo gastron\u00f3mico sustent\u00e1vel e visita \u00e0 lota. Festival do Cozido em Olho Marinho, \u00d3bidos (11 e 12 de abril), com cozido \u00e0 portuguesa para almo\u00e7o e jantar (s\u00e1bado) e almo\u00e7o (domingo), op\u00e7\u00e3o de takeaway, al\u00e9m de p\u00e3o com chouri\u00e7o e sopa da pedra no \u00faltimo dia; anima\u00e7\u00e3o musical e reservas pelo telefone 919 405 004. Food Love Fest, v\u00e1rias localidades (at\u00e9 2 de maio), focado em sabores do Alentejo e do Ribatejo; realiza\u00e7\u00e3o em quatro herdades e adegas, com pre\u00e7o de 75 euros; hor\u00e1rios entre 11h e 17h; cidades inclu\u00eddas: Arraiolos, Monforte, Vila Ch\u00e3 de Ourique, \u00c9vora e S\u00e3o Teot\u00f3nio, entre outras. Festival da Chanfana em Meim\u00e3o, Penamacor (11 e 12 de abril), para destacar a chanfana de cabra em panela de ferro; show cooking, artesanato, concertos, sess\u00f5es de palestras e atividades para crian\u00e7as, com caminhada pelos arredores. Festival de Francesinhas em Coimbra (30 de abril a 10 de maio), onze dias, com restaurantes convidados da cidade do Porto a servirem francesinhas em v\u00e1rias vers\u00f5es; realiza-se no Parque Dr. Manuel Braga, com hor\u00e1rios de almo\u00e7o e jantar e entrada livre.","og_url":"https:\/\/portaltela.pt\/noticias\/2026\/04\/08\/festivais-gastronomicos-deste-mes-vao-de-francesinha-a-choco\/","og_site_name":"Portal Tela Portugal","article_published_time":"2026-04-08T10:32:33+00:00","author":"Telinha","twitter_card":"summary_large_image","twitter_misc":{"Escrito por":"Telinha","Tempo estimado de leitura":"3 minutos"},"schema":{"@context":"https:\/\/schema.org","@graph":[{"@type":"Article","@id":"https:\/\/portaltela.pt\/noticias\/2026\/04\/08\/festivais-gastronomicos-deste-mes-vao-de-francesinha-a-choco\/#article","isPartOf":{"@id":"https:\/\/portaltela.pt\/noticias\/2026\/04\/08\/festivais-gastronomicos-deste-mes-vao-de-francesinha-a-choco\/"},"author":{"name":"Telinha","@id":"https:\/\/portaltela.pt\/#\/schema\/person\/c4278d4a6028830caff9ee44b42d32ed"},"headline":"Festivais gastron\u00f3micos deste m\u00eas v\u00e3o de francesinha a choco","datePublished":"2026-04-08T10:32:33+00:00","mainEntityOfPage":{"@id":"https:\/\/portaltela.pt\/noticias\/2026\/04\/08\/festivais-gastronomicos-deste-mes-vao-de-francesinha-a-choco\/"},"wordCount":516,"image":{"@id":"https:\/\/portaltela.pt\/noticias\/2026\/04\/08\/festivais-gastronomicos-deste-mes-vao-de-francesinha-a-choco\/#primaryimage"},"thumbnailUrl":"https:\/\/portaltela.pt\/s.01k8rhncp4jt1\/2026\/04\/image-432.jpg","keywords":["Alentejo","Coimbra","gastronomia","\u00cdlhavo","\u00d3bidos","turismo"],"articleSection":["Gastronomia","Not\u00edcias"],"inLanguage":"pt-PT"},{"@type":"WebPage","@id":"https:\/\/portaltela.pt\/noticias\/2026\/04\/08\/festivais-gastronomicos-deste-mes-vao-de-francesinha-a-choco\/","url":"https:\/\/portaltela.pt\/noticias\/2026\/04\/08\/festivais-gastronomicos-deste-mes-vao-de-francesinha-a-choco\/","name":"Festivais gastron\u00f3micos deste m\u00eas v\u00e3o de francesinha a choco - Portal Tela Portugal","isPartOf":{"@id":"https:\/\/portaltela.pt\/#website"},"primaryImageOfPage":{"@id":"https:\/\/portaltela.pt\/noticias\/2026\/04\/08\/festivais-gastronomicos-deste-mes-vao-de-francesinha-a-choco\/#primaryimage"},"image":{"@id":"https:\/\/portaltela.pt\/noticias\/2026\/04\/08\/festivais-gastronomicos-deste-mes-vao-de-francesinha-a-choco\/#primaryimage"},"thumbnailUrl":"https:\/\/portaltela.pt\/s.01k8rhncp4jt1\/2026\/04\/image-432.jpg","datePublished":"2026-04-08T10:32:33+00:00","author":{"@id":"https:\/\/portaltela.pt\/#\/schema\/person\/c4278d4a6028830caff9ee44b42d32ed"},"breadcrumb":{"@id":"https:\/\/portaltela.pt\/noticias\/2026\/04\/08\/festivais-gastronomicos-deste-mes-vao-de-francesinha-a-choco\/#breadcrumb"},"inLanguage":"pt-PT","potentialAction":[{"@type":"ReadAction","target":["https:\/\/portaltela.pt\/noticias\/2026\/04\/08\/festivais-gastronomicos-deste-mes-vao-de-francesinha-a-choco\/"]}]},{"@type":"ImageObject","inLanguage":"pt-PT","@id":"https:\/\/portaltela.pt\/noticias\/2026\/04\/08\/festivais-gastronomicos-deste-mes-vao-de-francesinha-a-choco\/#primaryimage","url":"https:\/\/portaltela.pt\/s.01k8rhncp4jt1\/2026\/04\/image-432.jpg","contentUrl":"https:\/\/portaltela.pt\/s.01k8rhncp4jt1\/2026\/04\/image-432.jpg","width":796,"height":448,"caption":"Festival de Francesinhas volta a Coimbra durante 11 dias."},{"@type":"BreadcrumbList","@id":"https:\/\/portaltela.pt\/noticias\/2026\/04\/08\/festivais-gastronomicos-deste-mes-vao-de-francesinha-a-choco\/#breadcrumb","itemListElement":[{"@type":"ListItem","position":1,"name":"In\u00edcio","item":"https:\/\/portaltela.pt\/"},{"@type":"ListItem","position":2,"name":"Festivais gastron\u00f3micos deste m\u00eas v\u00e3o de francesinha a choco"}]},{"@type":"WebSite","@id":"https:\/\/portaltela.pt\/#website","url":"https:\/\/portaltela.pt\/","name":"Portal Tela Portugal","description":"","potentialAction":[{"@type":"SearchAction","target":{"@type":"EntryPoint","urlTemplate":"https:\/\/portaltela.pt\/?s={search_term_string}"},"query-input":{"@type":"PropertyValueSpecification","valueRequired":true,"valueName":"search_term_string"}}],"inLanguage":"pt-PT"},{"@type":"Person","@id":"https:\/\/portaltela.pt\/#\/schema\/person\/c4278d4a6028830caff9ee44b42d32ed","name":"Telinha","image":{"@type":"ImageObject","inLanguage":"pt-PT","@id":"https:\/\/portaltela.pt\/s.01k8rhncp4jt1\/2025\/11\/talking-bot-125x125.png","url":"https:\/\/portaltela.pt\/s.01k8rhncp4jt1\/2025\/11\/talking-bot-125x125.png","contentUrl":"https:\/\/portaltela.pt\/s.01k8rhncp4jt1\/2025\/11\/talking-bot-125x125.png","caption":"Telinha"},"sameAs":["https:\/\/portaltela.pt\/"],"url":"https:\/\/portaltela.pt\/por\/367410592786\/"}]}},"_links":{"self":[{"href":"https:\/\/portaltela.pt\/api\/wp\/v2\/posts\/436421","targetHints":{"allow":["GET"]}}],"collection":[{"href":"https:\/\/portaltela.pt\/api\/wp\/v2\/posts"}],"about":[{"href":"https:\/\/portaltela.pt\/api\/wp\/v2\/types\/post"}],"author":[{"embeddable":true,"href":"https:\/\/portaltela.pt\/api\/wp\/v2\/users\/2"}],"replies":[{"embeddable":true,"href":"https:\/\/portaltela.pt\/api\/wp\/v2\/comments?post=436421"}],"version-history":[{"count":0,"href":"https:\/\/portaltela.pt\/api\/wp\/v2\/posts\/436421\/revisions"}],"wp:featuredmedia":[{"embeddable":true,"href":"https:\/\/portaltela.pt\/api\/wp\/v2\/media\/436424"}],"wp:attachment":[{"href":"https:\/\/portaltela.pt\/api\/wp\/v2\/media?parent=436421"}],"wp:term":[{"taxonomy":"category","embeddable":true,"href":"https:\/\/portaltela.pt\/api\/wp\/v2\/categories?post=436421"},{"taxonomy":"post_tag","embeddable":true,"href":"https:\/\/portaltela.pt\/api\/wp\/v2\/tags?post=436421"}],"curies":[{"name":"wp","href":"https:\/\/api.w.org\/{rel}","templated":true}]}}