{"id":436419,"date":"2026-04-08T07:32:31","date_gmt":"2026-04-08T10:32:31","guid":{"rendered":"https:\/\/portaltela.pt\/noticias\/2026\/04\/08\/caminhadas-a-solo-ou-em-festivais-a-ordem-e-por-os-pes-ao-caminho\/"},"modified":"2026-04-08T07:32:31","modified_gmt":"2026-04-08T10:32:31","slug":"caminhadas-a-solo-ou-em-festivais-a-ordem-e-por-os-pes-ao-caminho","status":"publish","type":"post","link":"https:\/\/portaltela.pt\/desporto\/futebol\/2026\/04\/08\/caminhadas-a-solo-ou-em-festivais-a-ordem-e-por-os-pes-ao-caminho\/","title":{"rendered":"Caminhadas: a solo ou em festivais, a ordem \u00e9 p\u00f4r os p\u00e9s ao caminho"},"content":{"rendered":"<p>Caminhadas: a solo ou em festivais, a ordem \u00e9 para p\u00f4r os p\u00e9s ao caminho. O lote de atividades inclui trilhos aut\u00eanticos, visitas a aldeias, miradouros e percursos tem\u00e1ticos, sempre com o Parque Nacional da Peneda-Ger\u00eas no centro. Programas estendem-se ao longo do ano, com foco na natureza e na promo\u00e7\u00e3o de estilos de vida saud\u00e1veis.<\/p>\n<p>V\u00e1rios promotores mobilizam caminhadas guiadas e eventos, com enfoques em patrim\u00f3nio natural e cultural, preserva\u00e7\u00e3o ambiental e conviv\u00eancia entre participantes. As iniciativas variam entre registos de Primavera a Outono, acolhendo p\u00fablico diverso em regimes de inscri\u00e7\u00e3o.<\/p>\n<h3>Caminhadas no Ger\u00eas<\/h3>\n<p>O Festival de Caminhadas do Ger\u00eas voltou a reunir participantes nos dias 28 e 29 de Mar\u00e7o, com tr\u00eas trilhos circulares adaptados a diferentes n\u00edveis e conv\u00edvios no final de cada jornada. Entre as atividades, destacam-se caminhadas nocturnas e eventos tem\u00e1ticos que exploram o patrim\u00f3nio da regi\u00e3o.<\/p>\n<p>Entre Abril e Dezembro h\u00e1 um programa cont\u00ednuo de caminhadas guiadas. A organiza\u00e7\u00e3o fica a cargo da Associa\u00e7\u00e3o Ger\u00eas Viver Turismo, com apoio da C\u00e2mara Municipal de Terras de Bouro, visando aproximar as pessoas da natureza e consciencializar sobre a preserva\u00e7\u00e3o do territ\u00f3rio.<\/p>\n<p>A pr\u00f3xima sa\u00edda acontece a 11 de Abril, com um passeio de oito quil\u00f3metros que percorre miradouros, iniciando na Vila do Ger\u00eas \u00e0s 9h30. O custo \u00e9 de 12,50 euros, com entrada gratuita para h\u00f3spedes de alojamentos aderentes, mediante inscri\u00e7\u00e3o obrigat\u00f3ria. Nos s\u00e1bados seguintes, as propostas prosseguem pelo castelo do Bouro e por Sarilh\u00e3o. O programa completo est\u00e1 dispon\u00edvel junto dos promotores.<\/p>\n<h3>Serra da Cabreira em Fam\u00edlia<\/h3>\n<p>Em Vieira do Minho decorre o programa Serra da Cabreira em Fam\u00edlia, promovido pela C\u00e2mara Municipal e orientado por t\u00e9cnico municipal. Oferece caminhadas de curta dura\u00e7\u00e3o, at\u00e9 sete quil\u00f3metros, com vistas para miradouros, levadas, trilhos rurais e patrim\u00f3nio arquitect\u00f3nico.<\/p>\n<p>A quarta edi\u00e7\u00e3o, em 2026, inclui oito passeios. A 19 de Abril realiza-se a terceira etapa, na Ponte da Misarela, seguida de visitas ao Miradouro da Lapa, ao Castro de Vieira, \u00e0 Pedra Escrita, \u00e0 Levada de Agra e ao Lagar de Azeite de Vilarch\u00e3o ao longo do ano. A participa\u00e7\u00e3o \u00e9 gratuita, com inscri\u00e7\u00e3o pr\u00e9via obrigat\u00f3ria.<\/p>\n<h3>Tua Festival de Percursos Pedestres<\/h3>\n<p>O festival no Vale do Tua mant\u00e9m cinco fins de semana dedicados aos caminhos que ligam os cinco concelhos do parque regional. O evento, que j\u00e1 n\u00e3o usa o anglicismo no nome, promove a natureza, paisagem, cultura, patrim\u00f3nio, gastronomia e identidade da regi\u00e3o.<\/p>\n<p>As a\u00e7\u00f5es iniciaram-se em S\u00e3o Mamede de Ribatua, com datas previstas para Freixiel, Mur\u00e7a, Pombal de Ansi\u00e3es e Barcel, entre a Primavera e o Outono. Cada etapa limita-se a 250 participantes, com pre\u00e7o de 25 euros, 17,50 euros para residentes e metade para crian\u00e7as at\u00e9 aos 12 anos.<\/p>\n<h3>Walking Festival Ameixial<\/h3>\n<p>O Walking Festival Ameixial, considerado o mais antigo do Algarve, decorre entre 24 e 26 de Abril. O tema desta edi\u00e7\u00e3o \u00e9 Escrita do Sudoeste, com uma programa\u00e7\u00e3o que valoriza a serra algarvia, a comunidade local e a gastronomia.<\/p>\n<p>As caminhadas abrangem percursos de dia, p\u00f4r-do-sol e nocturnos, com workshops, jogos tradicionais, atividades de bem-estar e conv\u00edvio. A inscri\u00e7\u00e3o custa 15 euros, gratuita para crian\u00e7as at\u00e9 aos 12 anos.<\/p>\n<h3>Festival de Caminhadas dos Lagos do Sabor<\/h3>\n<p>Entre 30 de Abril e 3 de Maio realiza-se o Festival de Caminhadas nos Lagos do Sabor, em Tr\u00e1s-os-Montes. O tra\u00e7ado liga os quatro concelhos da regi\u00e3o, com visitas ao Miradouro de S\u00e3o Louren\u00e7o, provas de vinho e azeite, degusta\u00e7\u00f5es e workshops.<\/p>\n<p>A participa\u00e7\u00e3o custa 15 euros por dia ou 45 euros pelo passe. As atividades incluem caminhadas, atividades culturais e gastron\u00f3micas, com organiza\u00e7\u00e3o da associa\u00e7\u00e3o local Cibo Tr\u00e1s-os-Montes.<\/p>\n<h3>Outras coordenadas<\/h3>\n<p>Em Maio h\u00e1 a Festa das Caminhadas na Arr\u00e1bida, que re\u00fane atividades no Parque Natural da Arr\u00e1bida, com data ainda a anunciar. No Sabugal, de 22 a 24 de Maio, ocorre o Naturc\u00f4a: Aves &amp; Patrim\u00f3nio, que junta percursos, observa\u00e7\u00e3o de aves, palestras e oficinas. Em Junho, Manteigas recebe o Festival da Montanha, com caminhadas, bem-estar e atividades culturais.<\/p>\n","protected":false},"excerpt":{"rendered":"<ul>\n<li>Festival de Caminhadas no Ger\u00eas: 13.\u00aa edi\u00e7\u00e3o 28 e 29 de mar\u00e7o, com tr\u00eas trilhos di\u00e1rios e conv\u00edvios; temporada de caminhadas guiadas de abril a dezembro; pr\u00f3ximo passeio no dia 11 de abril, 8 quil\u00f3metros, dura\u00e7\u00e3o de 3 horas e meia, custo de 12,50\u20ac, inscri\u00e7\u00e3o obrigat\u00f3ria.<\/li>\n<li>Serra da Cabreira em Fam\u00edlia: quarta edi\u00e7\u00e3o em 2026, com oito caminhadas ao longo do ano; 19 de abril, ponte da Misarela; participa\u00e7\u00e3o gratuita, requires inscri\u00e7\u00e3o pr\u00e9via em vieiraminhoturismo.com.<\/li>\n<li>Tua Festival Percursos Pedestres: cinco fins de semana entre a primavera e o outono, em cinco concelhos do Vale do Tua; etapas em S\u00e3o Mamede de Ribatua (28-29 de mar\u00e7o), Freixiel (17-19 de abril), Mur\u00e7a (30-31 de maio), Pombal de Ansi\u00e3es (19-20 de setembro) e Barcel (10-11 de outubro); cada etapa com at\u00e9 250 participantes, 25\u20ac por pessoa (17,50\u20ac para residentes; metade para crian\u00e7as at\u00e9 12 anos).<\/li>\n<li>Walking Festival Ameixial: \u00faltimo fim de semana de abril, 24 a 26, no Algarve; v\u00e1rias modalidades de caminhadas, workshops, jogos tradicionais, bem-estar e gastronomia; inscri\u00e7\u00e3o 15 \u20ac, gratuito para crian\u00e7as at\u00e9 12 anos.<\/li>\n<li>Festival de Caminhadas dos Lagos do Sabor: entre 30 de abril e 3 de maio, nos concelhos de Torre de Moncorvo, Alf\u00e2ndega da F\u00e9, Mogadouro e Macedo de Cavaleiros; inscri\u00e7\u00f5es 15\u20ac por dia ou 45\u20ac pelo passe; inclui atividades complementares como provas de vinho e azeite, degusta\u00e7\u00f5es e workshops.<\/li>\n<\/ul>\n","protected":false},"author":2,"featured_media":436423,"comment_status":"closed","ping_status":"closed","sticky":false,"template":"","format":"standard","meta":{"footnotes":""},"categories":[21,24],"tags":[7767,6923,3568,814,2222,169],"class_list":["post-436419","post","type-post","status-publish","format-standard","has-post-thumbnail","hentry","category-desporto","category-futebol","tag-_meio-ambiente","tag-ecoturismo","tag-natureza","tag-patrimonio","tag-percursos-pedestres","tag-turismo"],"yoast_head":"<!-- This site is optimized with the Yoast SEO plugin v27.2 - https:\/\/yoast.com\/product\/yoast-seo-wordpress\/ -->\n<title>Caminhadas: a solo ou em festivais, a ordem \u00e9 p\u00f4r os p\u00e9s ao caminho - Portal Tela Portugal<\/title>\n<meta name=\"robots\" content=\"index, follow, max-snippet:-1, max-image-preview:large, max-video-preview:-1\" \/>\n<meta property=\"og:locale\" content=\"pt_PT\" \/>\n<meta property=\"og:type\" content=\"article\" \/>\n<meta property=\"og:title\" content=\"Caminhadas: a solo ou em festivais, a ordem \u00e9 p\u00f4r os p\u00e9s ao caminho - Portal Tela Portugal\" \/>\n<meta property=\"og:description\" content=\"Festival de Caminhadas no Ger\u00eas: 13.\u00aa edi\u00e7\u00e3o 28 e 29 de mar\u00e7o, com tr\u00eas trilhos di\u00e1rios e conv\u00edvios; temporada de caminhadas guiadas de abril a dezembro; pr\u00f3ximo passeio no dia 11 de abril, 8 quil\u00f3metros, dura\u00e7\u00e3o de 3 horas e meia, custo de 12,50\u20ac, inscri\u00e7\u00e3o obrigat\u00f3ria. Serra da Cabreira em Fam\u00edlia: quarta edi\u00e7\u00e3o em 2026, com oito caminhadas ao longo do ano; 19 de abril, ponte da Misarela; participa\u00e7\u00e3o gratuita, requires inscri\u00e7\u00e3o pr\u00e9via em vieiraminhoturismo.com. Tua Festival Percursos Pedestres: cinco fins de semana entre a primavera e o outono, em cinco concelhos do Vale do Tua; etapas em S\u00e3o Mamede de Ribatua (28-29 de mar\u00e7o), Freixiel (17-19 de abril), Mur\u00e7a (30-31 de maio), Pombal de Ansi\u00e3es (19-20 de setembro) e Barcel (10-11 de outubro); cada etapa com at\u00e9 250 participantes, 25\u20ac por pessoa (17,50\u20ac para residentes; metade para crian\u00e7as at\u00e9 12 anos). Walking Festival Ameixial: \u00faltimo fim de semana de abril, 24 a 26, no Algarve; v\u00e1rias modalidades de caminhadas, workshops, jogos tradicionais, bem-estar e gastronomia; inscri\u00e7\u00e3o 15 \u20ac, gratuito para crian\u00e7as at\u00e9 12 anos. Festival de Caminhadas dos Lagos do Sabor: entre 30 de abril e 3 de maio, nos concelhos de Torre de Moncorvo, Alf\u00e2ndega da F\u00e9, Mogadouro e Macedo de Cavaleiros; inscri\u00e7\u00f5es 15\u20ac por dia ou 45\u20ac pelo passe; inclui atividades complementares como provas de vinho e azeite, degusta\u00e7\u00f5es e workshops.\" \/>\n<meta property=\"og:url\" content=\"https:\/\/portaltela.pt\/noticias\/2026\/04\/08\/caminhadas-a-solo-ou-em-festivais-a-ordem-e-por-os-pes-ao-caminho\/\" \/>\n<meta property=\"og:site_name\" content=\"Portal Tela Portugal\" \/>\n<meta property=\"article:published_time\" content=\"2026-04-08T10:32:31+00:00\" \/>\n<meta name=\"author\" content=\"Telinha\" \/>\n<meta name=\"twitter:card\" content=\"summary_large_image\" \/>\n<meta name=\"twitter:label1\" content=\"Escrito por\" \/>\n\t<meta name=\"twitter:data1\" content=\"Telinha\" \/>\n\t<meta name=\"twitter:label2\" content=\"Tempo estimado de leitura\" \/>\n\t<meta name=\"twitter:data2\" content=\"4 minutos\" \/>\n<script type=\"application\/ld+json\" class=\"yoast-schema-graph\">{\"@context\":\"https:\/\/schema.org\",\"@graph\":[{\"@type\":\"Article\",\"@id\":\"https:\/\/portaltela.pt\/noticias\/2026\/04\/08\/caminhadas-a-solo-ou-em-festivais-a-ordem-e-por-os-pes-ao-caminho\/#article\",\"isPartOf\":{\"@id\":\"https:\/\/portaltela.pt\/noticias\/2026\/04\/08\/caminhadas-a-solo-ou-em-festivais-a-ordem-e-por-os-pes-ao-caminho\/\"},\"author\":{\"name\":\"Telinha\",\"@id\":\"https:\/\/portaltela.pt\/#\/schema\/person\/c4278d4a6028830caff9ee44b42d32ed\"},\"headline\":\"Caminhadas: a solo ou em festivais, a ordem \u00e9 p\u00f4r os p\u00e9s ao caminho\",\"datePublished\":\"2026-04-08T10:32:31+00:00\",\"mainEntityOfPage\":{\"@id\":\"https:\/\/portaltela.pt\/noticias\/2026\/04\/08\/caminhadas-a-solo-ou-em-festivais-a-ordem-e-por-os-pes-ao-caminho\/\"},\"wordCount\":728,\"image\":{\"@id\":\"https:\/\/portaltela.pt\/noticias\/2026\/04\/08\/caminhadas-a-solo-ou-em-festivais-a-ordem-e-por-os-pes-ao-caminho\/#primaryimage\"},\"thumbnailUrl\":\"https:\/\/portaltela.pt\/s.01k8rhncp4jt1\/2026\/04\/2079576.jpg\",\"keywords\":[\"_meio-ambiente\",\"ecoturismo\",\"natureza\",\"patrim\u00f3nio\",\"percursos pedestres\",\"turismo\"],\"articleSection\":[\"Desporto\",\"Futebol\"],\"inLanguage\":\"pt-PT\"},{\"@type\":\"WebPage\",\"@id\":\"https:\/\/portaltela.pt\/noticias\/2026\/04\/08\/caminhadas-a-solo-ou-em-festivais-a-ordem-e-por-os-pes-ao-caminho\/\",\"url\":\"https:\/\/portaltela.pt\/noticias\/2026\/04\/08\/caminhadas-a-solo-ou-em-festivais-a-ordem-e-por-os-pes-ao-caminho\/\",\"name\":\"Caminhadas: a solo ou em festivais, a ordem \u00e9 p\u00f4r os p\u00e9s ao caminho - Portal Tela Portugal\",\"isPartOf\":{\"@id\":\"https:\/\/portaltela.pt\/#website\"},\"primaryImageOfPage\":{\"@id\":\"https:\/\/portaltela.pt\/noticias\/2026\/04\/08\/caminhadas-a-solo-ou-em-festivais-a-ordem-e-por-os-pes-ao-caminho\/#primaryimage\"},\"image\":{\"@id\":\"https:\/\/portaltela.pt\/noticias\/2026\/04\/08\/caminhadas-a-solo-ou-em-festivais-a-ordem-e-por-os-pes-ao-caminho\/#primaryimage\"},\"thumbnailUrl\":\"https:\/\/portaltela.pt\/s.01k8rhncp4jt1\/2026\/04\/2079576.jpg\",\"datePublished\":\"2026-04-08T10:32:31+00:00\",\"author\":{\"@id\":\"https:\/\/portaltela.pt\/#\/schema\/person\/c4278d4a6028830caff9ee44b42d32ed\"},\"breadcrumb\":{\"@id\":\"https:\/\/portaltela.pt\/noticias\/2026\/04\/08\/caminhadas-a-solo-ou-em-festivais-a-ordem-e-por-os-pes-ao-caminho\/#breadcrumb\"},\"inLanguage\":\"pt-PT\",\"potentialAction\":[{\"@type\":\"ReadAction\",\"target\":[\"https:\/\/portaltela.pt\/noticias\/2026\/04\/08\/caminhadas-a-solo-ou-em-festivais-a-ordem-e-por-os-pes-ao-caminho\/\"]}]},{\"@type\":\"ImageObject\",\"inLanguage\":\"pt-PT\",\"@id\":\"https:\/\/portaltela.pt\/noticias\/2026\/04\/08\/caminhadas-a-solo-ou-em-festivais-a-ordem-e-por-os-pes-ao-caminho\/#primaryimage\",\"url\":\"https:\/\/portaltela.pt\/s.01k8rhncp4jt1\/2026\/04\/2079576.jpg\",\"contentUrl\":\"https:\/\/portaltela.pt\/s.01k8rhncp4jt1\/2026\/04\/2079576.jpg\",\"width\":796,\"height\":448,\"caption\":\"A Serpente do Medal, ex-l\u00edbris dos Lagos do Sabor, em Tr\u00e1s-os-Montes\"},{\"@type\":\"BreadcrumbList\",\"@id\":\"https:\/\/portaltela.pt\/noticias\/2026\/04\/08\/caminhadas-a-solo-ou-em-festivais-a-ordem-e-por-os-pes-ao-caminho\/#breadcrumb\",\"itemListElement\":[{\"@type\":\"ListItem\",\"position\":1,\"name\":\"In\u00edcio\",\"item\":\"https:\/\/portaltela.pt\/\"},{\"@type\":\"ListItem\",\"position\":2,\"name\":\"Caminhadas: a solo ou em festivais, a ordem \u00e9 p\u00f4r os p\u00e9s ao caminho\"}]},{\"@type\":\"WebSite\",\"@id\":\"https:\/\/portaltela.pt\/#website\",\"url\":\"https:\/\/portaltela.pt\/\",\"name\":\"Portal Tela Portugal\",\"description\":\"\",\"potentialAction\":[{\"@type\":\"SearchAction\",\"target\":{\"@type\":\"EntryPoint\",\"urlTemplate\":\"https:\/\/portaltela.pt\/?s={search_term_string}\"},\"query-input\":{\"@type\":\"PropertyValueSpecification\",\"valueRequired\":true,\"valueName\":\"search_term_string\"}}],\"inLanguage\":\"pt-PT\"},{\"@type\":\"Person\",\"@id\":\"https:\/\/portaltela.pt\/#\/schema\/person\/c4278d4a6028830caff9ee44b42d32ed\",\"name\":\"Telinha\",\"image\":{\"@type\":\"ImageObject\",\"inLanguage\":\"pt-PT\",\"@id\":\"https:\/\/portaltela.pt\/s.01k8rhncp4jt1\/2025\/11\/talking-bot-125x125.png\",\"url\":\"https:\/\/portaltela.pt\/s.01k8rhncp4jt1\/2025\/11\/talking-bot-125x125.png\",\"contentUrl\":\"https:\/\/portaltela.pt\/s.01k8rhncp4jt1\/2025\/11\/talking-bot-125x125.png\",\"caption\":\"Telinha\"},\"sameAs\":[\"https:\/\/portaltela.pt\/\"],\"url\":\"https:\/\/portaltela.pt\/por\/367410592786\/\"}]}<\/script>\n<!-- \/ Yoast SEO plugin. -->","yoast_head_json":{"title":"Caminhadas: a solo ou em festivais, a ordem \u00e9 p\u00f4r os p\u00e9s ao caminho - Portal Tela Portugal","robots":{"index":"index","follow":"follow","max-snippet":"max-snippet:-1","max-image-preview":"max-image-preview:large","max-video-preview":"max-video-preview:-1"},"og_locale":"pt_PT","og_type":"article","og_title":"Caminhadas: a solo ou em festivais, a ordem \u00e9 p\u00f4r os p\u00e9s ao caminho - Portal Tela Portugal","og_description":"Festival de Caminhadas no Ger\u00eas: 13.\u00aa edi\u00e7\u00e3o 28 e 29 de mar\u00e7o, com tr\u00eas trilhos di\u00e1rios e conv\u00edvios; temporada de caminhadas guiadas de abril a dezembro; pr\u00f3ximo passeio no dia 11 de abril, 8 quil\u00f3metros, dura\u00e7\u00e3o de 3 horas e meia, custo de 12,50\u20ac, inscri\u00e7\u00e3o obrigat\u00f3ria. Serra da Cabreira em Fam\u00edlia: quarta edi\u00e7\u00e3o em 2026, com oito caminhadas ao longo do ano; 19 de abril, ponte da Misarela; participa\u00e7\u00e3o gratuita, requires inscri\u00e7\u00e3o pr\u00e9via em vieiraminhoturismo.com. Tua Festival Percursos Pedestres: cinco fins de semana entre a primavera e o outono, em cinco concelhos do Vale do Tua; etapas em S\u00e3o Mamede de Ribatua (28-29 de mar\u00e7o), Freixiel (17-19 de abril), Mur\u00e7a (30-31 de maio), Pombal de Ansi\u00e3es (19-20 de setembro) e Barcel (10-11 de outubro); cada etapa com at\u00e9 250 participantes, 25\u20ac por pessoa (17,50\u20ac para residentes; metade para crian\u00e7as at\u00e9 12 anos). Walking Festival Ameixial: \u00faltimo fim de semana de abril, 24 a 26, no Algarve; v\u00e1rias modalidades de caminhadas, workshops, jogos tradicionais, bem-estar e gastronomia; inscri\u00e7\u00e3o 15 \u20ac, gratuito para crian\u00e7as at\u00e9 12 anos. Festival de Caminhadas dos Lagos do Sabor: entre 30 de abril e 3 de maio, nos concelhos de Torre de Moncorvo, Alf\u00e2ndega da F\u00e9, Mogadouro e Macedo de Cavaleiros; inscri\u00e7\u00f5es 15\u20ac por dia ou 45\u20ac pelo passe; inclui atividades complementares como provas de vinho e azeite, degusta\u00e7\u00f5es e workshops.","og_url":"https:\/\/portaltela.pt\/noticias\/2026\/04\/08\/caminhadas-a-solo-ou-em-festivais-a-ordem-e-por-os-pes-ao-caminho\/","og_site_name":"Portal Tela Portugal","article_published_time":"2026-04-08T10:32:31+00:00","author":"Telinha","twitter_card":"summary_large_image","twitter_misc":{"Escrito por":"Telinha","Tempo estimado de leitura":"4 minutos"},"schema":{"@context":"https:\/\/schema.org","@graph":[{"@type":"Article","@id":"https:\/\/portaltela.pt\/noticias\/2026\/04\/08\/caminhadas-a-solo-ou-em-festivais-a-ordem-e-por-os-pes-ao-caminho\/#article","isPartOf":{"@id":"https:\/\/portaltela.pt\/noticias\/2026\/04\/08\/caminhadas-a-solo-ou-em-festivais-a-ordem-e-por-os-pes-ao-caminho\/"},"author":{"name":"Telinha","@id":"https:\/\/portaltela.pt\/#\/schema\/person\/c4278d4a6028830caff9ee44b42d32ed"},"headline":"Caminhadas: a solo ou em festivais, a ordem \u00e9 p\u00f4r os p\u00e9s ao caminho","datePublished":"2026-04-08T10:32:31+00:00","mainEntityOfPage":{"@id":"https:\/\/portaltela.pt\/noticias\/2026\/04\/08\/caminhadas-a-solo-ou-em-festivais-a-ordem-e-por-os-pes-ao-caminho\/"},"wordCount":728,"image":{"@id":"https:\/\/portaltela.pt\/noticias\/2026\/04\/08\/caminhadas-a-solo-ou-em-festivais-a-ordem-e-por-os-pes-ao-caminho\/#primaryimage"},"thumbnailUrl":"https:\/\/portaltela.pt\/s.01k8rhncp4jt1\/2026\/04\/2079576.jpg","keywords":["_meio-ambiente","ecoturismo","natureza","patrim\u00f3nio","percursos pedestres","turismo"],"articleSection":["Desporto","Futebol"],"inLanguage":"pt-PT"},{"@type":"WebPage","@id":"https:\/\/portaltela.pt\/noticias\/2026\/04\/08\/caminhadas-a-solo-ou-em-festivais-a-ordem-e-por-os-pes-ao-caminho\/","url":"https:\/\/portaltela.pt\/noticias\/2026\/04\/08\/caminhadas-a-solo-ou-em-festivais-a-ordem-e-por-os-pes-ao-caminho\/","name":"Caminhadas: a solo ou em festivais, a ordem \u00e9 p\u00f4r os p\u00e9s ao caminho - Portal Tela Portugal","isPartOf":{"@id":"https:\/\/portaltela.pt\/#website"},"primaryImageOfPage":{"@id":"https:\/\/portaltela.pt\/noticias\/2026\/04\/08\/caminhadas-a-solo-ou-em-festivais-a-ordem-e-por-os-pes-ao-caminho\/#primaryimage"},"image":{"@id":"https:\/\/portaltela.pt\/noticias\/2026\/04\/08\/caminhadas-a-solo-ou-em-festivais-a-ordem-e-por-os-pes-ao-caminho\/#primaryimage"},"thumbnailUrl":"https:\/\/portaltela.pt\/s.01k8rhncp4jt1\/2026\/04\/2079576.jpg","datePublished":"2026-04-08T10:32:31+00:00","author":{"@id":"https:\/\/portaltela.pt\/#\/schema\/person\/c4278d4a6028830caff9ee44b42d32ed"},"breadcrumb":{"@id":"https:\/\/portaltela.pt\/noticias\/2026\/04\/08\/caminhadas-a-solo-ou-em-festivais-a-ordem-e-por-os-pes-ao-caminho\/#breadcrumb"},"inLanguage":"pt-PT","potentialAction":[{"@type":"ReadAction","target":["https:\/\/portaltela.pt\/noticias\/2026\/04\/08\/caminhadas-a-solo-ou-em-festivais-a-ordem-e-por-os-pes-ao-caminho\/"]}]},{"@type":"ImageObject","inLanguage":"pt-PT","@id":"https:\/\/portaltela.pt\/noticias\/2026\/04\/08\/caminhadas-a-solo-ou-em-festivais-a-ordem-e-por-os-pes-ao-caminho\/#primaryimage","url":"https:\/\/portaltela.pt\/s.01k8rhncp4jt1\/2026\/04\/2079576.jpg","contentUrl":"https:\/\/portaltela.pt\/s.01k8rhncp4jt1\/2026\/04\/2079576.jpg","width":796,"height":448,"caption":"A Serpente do Medal, ex-l\u00edbris dos Lagos do Sabor, em Tr\u00e1s-os-Montes"},{"@type":"BreadcrumbList","@id":"https:\/\/portaltela.pt\/noticias\/2026\/04\/08\/caminhadas-a-solo-ou-em-festivais-a-ordem-e-por-os-pes-ao-caminho\/#breadcrumb","itemListElement":[{"@type":"ListItem","position":1,"name":"In\u00edcio","item":"https:\/\/portaltela.pt\/"},{"@type":"ListItem","position":2,"name":"Caminhadas: a solo ou em festivais, a ordem \u00e9 p\u00f4r os p\u00e9s ao caminho"}]},{"@type":"WebSite","@id":"https:\/\/portaltela.pt\/#website","url":"https:\/\/portaltela.pt\/","name":"Portal Tela Portugal","description":"","potentialAction":[{"@type":"SearchAction","target":{"@type":"EntryPoint","urlTemplate":"https:\/\/portaltela.pt\/?s={search_term_string}"},"query-input":{"@type":"PropertyValueSpecification","valueRequired":true,"valueName":"search_term_string"}}],"inLanguage":"pt-PT"},{"@type":"Person","@id":"https:\/\/portaltela.pt\/#\/schema\/person\/c4278d4a6028830caff9ee44b42d32ed","name":"Telinha","image":{"@type":"ImageObject","inLanguage":"pt-PT","@id":"https:\/\/portaltela.pt\/s.01k8rhncp4jt1\/2025\/11\/talking-bot-125x125.png","url":"https:\/\/portaltela.pt\/s.01k8rhncp4jt1\/2025\/11\/talking-bot-125x125.png","contentUrl":"https:\/\/portaltela.pt\/s.01k8rhncp4jt1\/2025\/11\/talking-bot-125x125.png","caption":"Telinha"},"sameAs":["https:\/\/portaltela.pt\/"],"url":"https:\/\/portaltela.pt\/por\/367410592786\/"}]}},"_links":{"self":[{"href":"https:\/\/portaltela.pt\/api\/wp\/v2\/posts\/436419","targetHints":{"allow":["GET"]}}],"collection":[{"href":"https:\/\/portaltela.pt\/api\/wp\/v2\/posts"}],"about":[{"href":"https:\/\/portaltela.pt\/api\/wp\/v2\/types\/post"}],"author":[{"embeddable":true,"href":"https:\/\/portaltela.pt\/api\/wp\/v2\/users\/2"}],"replies":[{"embeddable":true,"href":"https:\/\/portaltela.pt\/api\/wp\/v2\/comments?post=436419"}],"version-history":[{"count":0,"href":"https:\/\/portaltela.pt\/api\/wp\/v2\/posts\/436419\/revisions"}],"wp:featuredmedia":[{"embeddable":true,"href":"https:\/\/portaltela.pt\/api\/wp\/v2\/media\/436423"}],"wp:attachment":[{"href":"https:\/\/portaltela.pt\/api\/wp\/v2\/media?parent=436419"}],"wp:term":[{"taxonomy":"category","embeddable":true,"href":"https:\/\/portaltela.pt\/api\/wp\/v2\/categories?post=436419"},{"taxonomy":"post_tag","embeddable":true,"href":"https:\/\/portaltela.pt\/api\/wp\/v2\/tags?post=436419"}],"curies":[{"name":"wp","href":"https:\/\/api.w.org\/{rel}","templated":true}]}}