{"id":436409,"date":"2026-04-08T07:32:22","date_gmt":"2026-04-08T10:32:22","guid":{"rendered":"https:\/\/portaltela.pt\/noticias\/2026\/04\/08\/mourinho-mira-lukebakio-e-barrenechea-para-reforcar-o-plantel\/"},"modified":"2026-04-08T07:32:22","modified_gmt":"2026-04-08T10:32:22","slug":"mourinho-mira-lukebakio-e-barrenechea-para-reforcar-o-plantel","status":"publish","type":"post","link":"https:\/\/portaltela.pt\/desporto\/futebol\/2026\/04\/08\/mourinho-mira-lukebakio-e-barrenechea-para-reforcar-o-plantel\/","title":{"rendered":"Mourinho mira Lukebakio e Barrenechea para refor\u00e7ar o plantel"},"content":{"rendered":"<p>OBenfica empatou 1-1 com o Casa Pia, em Rio Maior, num encontro marcado pela fraca exibi\u00e7\u00e3o da equipa. Mourinho apontou que a presta\u00e7\u00e3o n\u00e3o correspondeu \u00e0s expectativas, deixando em aberto o futuro imediato no campeonato.<\/p>\n<p>Segundo o treinador, alguns elementos do plantel n\u00e3o mostraram a fibra competitiva exigida no momento. Enzo Barrenechea e Lukebakio aparecem entre os nomes citados pelo t\u00e9cnico como exemplo de risco de desleixo, sem que haja qualquer sinal de mau profissionalismo no balne\u00e1rio.<\/p>\n<p>A luta pelo segundo lugar, que garante acesso \u00e0 pr\u00e9-eliminat\u00f3ria da Liga dos Campe\u00f5es, pode sofrer implica\u00e7\u00f5es financeiras e estruturais para o clube. Mourinho j\u00e1 indicou que vai exigir mais do meio-campo e do atacante no remanescente da \u00e9poca.<\/p>\n<h3>Situa\u00e7\u00e3o contratual de Mourinho<\/h3>\n<p>O treinador tem mais um ano de contrato e j\u00e1 admitiu o desejo de cumprir o v\u00ednculo. A administra\u00e7\u00e3o da SAD ainda n\u00e3o indicou uma renova\u00e7\u00e3o, e s\u00f3 dever\u00e1 abordar o tema ao final da \u00e9poca, mantendo o foco no rendimento desportivo.<\/p>\n<p>Mesmo no terceiro lugar, o Benfica continua na corrida ao segundo posto caso o l\u00edder perca pontos em jornadas futuras. O t\u00e9cnico refor\u00e7a a necessidade de melhoria de Barrenechea e Lukebakio para os jogos que restam.<\/p>\n","protected":false},"excerpt":{"rendered":"<ul>\n<li>Jos\u00e9 Mourinho criticou a atua\u00e7\u00e3o de alguns jogadores do plantel ap\u00f3s o empate do Benfica com o Casa Pia (1-1) em Rio Maior, destacando falta de fibra competitiva em Enzo Barrenechea e Lukebakio.<\/li>\n<li>O t\u00e9cnico afirmou que n\u00e3o houve pessoas arrogantes ou desrespeitosas no balne\u00e1rio, mas sim falhas a n\u00edvel futebol\u00edstico que comprometeram o desempenho.<\/li>\n<li>A exibi\u00e7\u00e3o cinzenta tornou a luta pelo t\u00edtulo quase imposs\u00edvel e fez o Benfica deixar de depender apenas de si para chegar ao segundo lugar, que d\u00e1 acesso \u00e0 pr\u00e9-eliminat\u00f3ria da Liga dos Campe\u00f5es.<\/li>\n<li>Mourinho tem mais um ano de contrato e j\u00e1 sinalizou desejo de renovar, mas n\u00e3o houve confirma\u00e7\u00e3o oficial da SAD quanto a um desfecho no imediato.<\/li>\n<li>Mesmo em terceiro, o Benfica pode ainda aspirar ao segundo posto se o Le\u00e3o perder pontos; o treinador exige melhoria de Barrenechea e Lukebakio no restante do campeonato.<\/li>\n<\/ul>\n","protected":false},"author":2,"featured_media":436414,"comment_status":"closed","ping_status":"closed","sticky":false,"template":"","format":"standard","meta":{"footnotes":""},"categories":[21,24],"tags":[7755,4143,5912,3577,5847,3761],"class_list":["post-436409","post","type-post","status-publish","format-standard","has-post-thumbnail","hentry","category-desporto","category-futebol","tag-_futebol","tag-1-liga","tag-barrenechea","tag-champions-league","tag-enzo-barrenechea","tag-lukebakio"],"yoast_head":"<!-- This site is optimized with the Yoast SEO plugin v27.2 - https:\/\/yoast.com\/product\/yoast-seo-wordpress\/ -->\n<title>Mourinho mira Lukebakio e Barrenechea para refor\u00e7ar o plantel - Portal Tela Portugal<\/title>\n<meta name=\"robots\" content=\"index, follow, max-snippet:-1, max-image-preview:large, max-video-preview:-1\" \/>\n<meta property=\"og:locale\" content=\"pt_PT\" \/>\n<meta property=\"og:type\" content=\"article\" \/>\n<meta property=\"og:title\" content=\"Mourinho mira Lukebakio e Barrenechea para refor\u00e7ar o plantel - Portal Tela Portugal\" \/>\n<meta property=\"og:description\" content=\"Jos\u00e9 Mourinho criticou a atua\u00e7\u00e3o de alguns jogadores do plantel ap\u00f3s o empate do Benfica com o Casa Pia (1-1) em Rio Maior, destacando falta de fibra competitiva em Enzo Barrenechea e Lukebakio. O t\u00e9cnico afirmou que n\u00e3o houve pessoas arrogantes ou desrespeitosas no balne\u00e1rio, mas sim falhas a n\u00edvel futebol\u00edstico que comprometeram o desempenho. A exibi\u00e7\u00e3o cinzenta tornou a luta pelo t\u00edtulo quase imposs\u00edvel e fez o Benfica deixar de depender apenas de si para chegar ao segundo lugar, que d\u00e1 acesso \u00e0 pr\u00e9-eliminat\u00f3ria da Liga dos Campe\u00f5es. Mourinho tem mais um ano de contrato e j\u00e1 sinalizou desejo de renovar, mas n\u00e3o houve confirma\u00e7\u00e3o oficial da SAD quanto a um desfecho no imediato. Mesmo em terceiro, o Benfica pode ainda aspirar ao segundo posto se o Le\u00e3o perder pontos; o treinador exige melhoria de Barrenechea e Lukebakio no restante do campeonato.\" \/>\n<meta property=\"og:url\" content=\"https:\/\/portaltela.pt\/noticias\/2026\/04\/08\/mourinho-mira-lukebakio-e-barrenechea-para-reforcar-o-plantel\/\" \/>\n<meta property=\"og:site_name\" content=\"Portal Tela Portugal\" \/>\n<meta property=\"article:published_time\" content=\"2026-04-08T10:32:22+00:00\" \/>\n<meta name=\"author\" content=\"Telinha\" \/>\n<meta name=\"twitter:card\" content=\"summary_large_image\" \/>\n<meta name=\"twitter:label1\" content=\"Escrito por\" \/>\n\t<meta name=\"twitter:data1\" content=\"Telinha\" \/>\n\t<meta name=\"twitter:label2\" content=\"Tempo estimado de leitura\" \/>\n\t<meta name=\"twitter:data2\" content=\"1 minuto\" \/>\n<script type=\"application\/ld+json\" class=\"yoast-schema-graph\">{\"@context\":\"https:\/\/schema.org\",\"@graph\":[{\"@type\":\"Article\",\"@id\":\"https:\/\/portaltela.pt\/noticias\/2026\/04\/08\/mourinho-mira-lukebakio-e-barrenechea-para-reforcar-o-plantel\/#article\",\"isPartOf\":{\"@id\":\"https:\/\/portaltela.pt\/noticias\/2026\/04\/08\/mourinho-mira-lukebakio-e-barrenechea-para-reforcar-o-plantel\/\"},\"author\":{\"name\":\"Telinha\",\"@id\":\"https:\/\/portaltela.pt\/#\/schema\/person\/c4278d4a6028830caff9ee44b42d32ed\"},\"headline\":\"Mourinho mira Lukebakio e Barrenechea para refor\u00e7ar o plantel\",\"datePublished\":\"2026-04-08T10:32:22+00:00\",\"mainEntityOfPage\":{\"@id\":\"https:\/\/portaltela.pt\/noticias\/2026\/04\/08\/mourinho-mira-lukebakio-e-barrenechea-para-reforcar-o-plantel\/\"},\"wordCount\":225,\"image\":{\"@id\":\"https:\/\/portaltela.pt\/noticias\/2026\/04\/08\/mourinho-mira-lukebakio-e-barrenechea-para-reforcar-o-plantel\/#primaryimage\"},\"thumbnailUrl\":\"https:\/\/portaltela.pt\/s.01k8rhncp4jt1\/2026\/04\/image-431.jpg\",\"keywords\":[\"_futebol\",\"1. Liga\",\"Barrenechea\",\"Champions League\",\"Enzo Barrenechea\",\"Lukebakio\"],\"articleSection\":[\"Desporto\",\"Futebol\"],\"inLanguage\":\"pt-PT\"},{\"@type\":\"WebPage\",\"@id\":\"https:\/\/portaltela.pt\/noticias\/2026\/04\/08\/mourinho-mira-lukebakio-e-barrenechea-para-reforcar-o-plantel\/\",\"url\":\"https:\/\/portaltela.pt\/noticias\/2026\/04\/08\/mourinho-mira-lukebakio-e-barrenechea-para-reforcar-o-plantel\/\",\"name\":\"Mourinho mira Lukebakio e Barrenechea para refor\u00e7ar o plantel - Portal Tela Portugal\",\"isPartOf\":{\"@id\":\"https:\/\/portaltela.pt\/#website\"},\"primaryImageOfPage\":{\"@id\":\"https:\/\/portaltela.pt\/noticias\/2026\/04\/08\/mourinho-mira-lukebakio-e-barrenechea-para-reforcar-o-plantel\/#primaryimage\"},\"image\":{\"@id\":\"https:\/\/portaltela.pt\/noticias\/2026\/04\/08\/mourinho-mira-lukebakio-e-barrenechea-para-reforcar-o-plantel\/#primaryimage\"},\"thumbnailUrl\":\"https:\/\/portaltela.pt\/s.01k8rhncp4jt1\/2026\/04\/image-431.jpg\",\"datePublished\":\"2026-04-08T10:32:22+00:00\",\"author\":{\"@id\":\"https:\/\/portaltela.pt\/#\/schema\/person\/c4278d4a6028830caff9ee44b42d32ed\"},\"breadcrumb\":{\"@id\":\"https:\/\/portaltela.pt\/noticias\/2026\/04\/08\/mourinho-mira-lukebakio-e-barrenechea-para-reforcar-o-plantel\/#breadcrumb\"},\"inLanguage\":\"pt-PT\",\"potentialAction\":[{\"@type\":\"ReadAction\",\"target\":[\"https:\/\/portaltela.pt\/noticias\/2026\/04\/08\/mourinho-mira-lukebakio-e-barrenechea-para-reforcar-o-plantel\/\"]}]},{\"@type\":\"ImageObject\",\"inLanguage\":\"pt-PT\",\"@id\":\"https:\/\/portaltela.pt\/noticias\/2026\/04\/08\/mourinho-mira-lukebakio-e-barrenechea-para-reforcar-o-plantel\/#primaryimage\",\"url\":\"https:\/\/portaltela.pt\/s.01k8rhncp4jt1\/2026\/04\/image-431.jpg\",\"contentUrl\":\"https:\/\/portaltela.pt\/s.01k8rhncp4jt1\/2026\/04\/image-431.jpg\",\"width\":796,\"height\":448,\"caption\":\"Jos\u00e9 Mourinho foi muito cr\u00edtico com os jogadores\"},{\"@type\":\"BreadcrumbList\",\"@id\":\"https:\/\/portaltela.pt\/noticias\/2026\/04\/08\/mourinho-mira-lukebakio-e-barrenechea-para-reforcar-o-plantel\/#breadcrumb\",\"itemListElement\":[{\"@type\":\"ListItem\",\"position\":1,\"name\":\"In\u00edcio\",\"item\":\"https:\/\/portaltela.pt\/\"},{\"@type\":\"ListItem\",\"position\":2,\"name\":\"Mourinho mira Lukebakio e Barrenechea para refor\u00e7ar o plantel\"}]},{\"@type\":\"WebSite\",\"@id\":\"https:\/\/portaltela.pt\/#website\",\"url\":\"https:\/\/portaltela.pt\/\",\"name\":\"Portal Tela Portugal\",\"description\":\"\",\"potentialAction\":[{\"@type\":\"SearchAction\",\"target\":{\"@type\":\"EntryPoint\",\"urlTemplate\":\"https:\/\/portaltela.pt\/?s={search_term_string}\"},\"query-input\":{\"@type\":\"PropertyValueSpecification\",\"valueRequired\":true,\"valueName\":\"search_term_string\"}}],\"inLanguage\":\"pt-PT\"},{\"@type\":\"Person\",\"@id\":\"https:\/\/portaltela.pt\/#\/schema\/person\/c4278d4a6028830caff9ee44b42d32ed\",\"name\":\"Telinha\",\"image\":{\"@type\":\"ImageObject\",\"inLanguage\":\"pt-PT\",\"@id\":\"https:\/\/portaltela.pt\/s.01k8rhncp4jt1\/2025\/11\/talking-bot-125x125.png\",\"url\":\"https:\/\/portaltela.pt\/s.01k8rhncp4jt1\/2025\/11\/talking-bot-125x125.png\",\"contentUrl\":\"https:\/\/portaltela.pt\/s.01k8rhncp4jt1\/2025\/11\/talking-bot-125x125.png\",\"caption\":\"Telinha\"},\"sameAs\":[\"https:\/\/portaltela.pt\/\"],\"url\":\"https:\/\/portaltela.pt\/por\/367410592786\/\"}]}<\/script>\n<!-- \/ Yoast SEO plugin. -->","yoast_head_json":{"title":"Mourinho mira Lukebakio e Barrenechea para refor\u00e7ar o plantel - Portal Tela Portugal","robots":{"index":"index","follow":"follow","max-snippet":"max-snippet:-1","max-image-preview":"max-image-preview:large","max-video-preview":"max-video-preview:-1"},"og_locale":"pt_PT","og_type":"article","og_title":"Mourinho mira Lukebakio e Barrenechea para refor\u00e7ar o plantel - Portal Tela Portugal","og_description":"Jos\u00e9 Mourinho criticou a atua\u00e7\u00e3o de alguns jogadores do plantel ap\u00f3s o empate do Benfica com o Casa Pia (1-1) em Rio Maior, destacando falta de fibra competitiva em Enzo Barrenechea e Lukebakio. O t\u00e9cnico afirmou que n\u00e3o houve pessoas arrogantes ou desrespeitosas no balne\u00e1rio, mas sim falhas a n\u00edvel futebol\u00edstico que comprometeram o desempenho. A exibi\u00e7\u00e3o cinzenta tornou a luta pelo t\u00edtulo quase imposs\u00edvel e fez o Benfica deixar de depender apenas de si para chegar ao segundo lugar, que d\u00e1 acesso \u00e0 pr\u00e9-eliminat\u00f3ria da Liga dos Campe\u00f5es. Mourinho tem mais um ano de contrato e j\u00e1 sinalizou desejo de renovar, mas n\u00e3o houve confirma\u00e7\u00e3o oficial da SAD quanto a um desfecho no imediato. Mesmo em terceiro, o Benfica pode ainda aspirar ao segundo posto se o Le\u00e3o perder pontos; o treinador exige melhoria de Barrenechea e Lukebakio no restante do campeonato.","og_url":"https:\/\/portaltela.pt\/noticias\/2026\/04\/08\/mourinho-mira-lukebakio-e-barrenechea-para-reforcar-o-plantel\/","og_site_name":"Portal Tela Portugal","article_published_time":"2026-04-08T10:32:22+00:00","author":"Telinha","twitter_card":"summary_large_image","twitter_misc":{"Escrito por":"Telinha","Tempo estimado de leitura":"1 minuto"},"schema":{"@context":"https:\/\/schema.org","@graph":[{"@type":"Article","@id":"https:\/\/portaltela.pt\/noticias\/2026\/04\/08\/mourinho-mira-lukebakio-e-barrenechea-para-reforcar-o-plantel\/#article","isPartOf":{"@id":"https:\/\/portaltela.pt\/noticias\/2026\/04\/08\/mourinho-mira-lukebakio-e-barrenechea-para-reforcar-o-plantel\/"},"author":{"name":"Telinha","@id":"https:\/\/portaltela.pt\/#\/schema\/person\/c4278d4a6028830caff9ee44b42d32ed"},"headline":"Mourinho mira Lukebakio e Barrenechea para refor\u00e7ar o plantel","datePublished":"2026-04-08T10:32:22+00:00","mainEntityOfPage":{"@id":"https:\/\/portaltela.pt\/noticias\/2026\/04\/08\/mourinho-mira-lukebakio-e-barrenechea-para-reforcar-o-plantel\/"},"wordCount":225,"image":{"@id":"https:\/\/portaltela.pt\/noticias\/2026\/04\/08\/mourinho-mira-lukebakio-e-barrenechea-para-reforcar-o-plantel\/#primaryimage"},"thumbnailUrl":"https:\/\/portaltela.pt\/s.01k8rhncp4jt1\/2026\/04\/image-431.jpg","keywords":["_futebol","1. Liga","Barrenechea","Champions League","Enzo Barrenechea","Lukebakio"],"articleSection":["Desporto","Futebol"],"inLanguage":"pt-PT"},{"@type":"WebPage","@id":"https:\/\/portaltela.pt\/noticias\/2026\/04\/08\/mourinho-mira-lukebakio-e-barrenechea-para-reforcar-o-plantel\/","url":"https:\/\/portaltela.pt\/noticias\/2026\/04\/08\/mourinho-mira-lukebakio-e-barrenechea-para-reforcar-o-plantel\/","name":"Mourinho mira Lukebakio e Barrenechea para refor\u00e7ar o plantel - Portal Tela Portugal","isPartOf":{"@id":"https:\/\/portaltela.pt\/#website"},"primaryImageOfPage":{"@id":"https:\/\/portaltela.pt\/noticias\/2026\/04\/08\/mourinho-mira-lukebakio-e-barrenechea-para-reforcar-o-plantel\/#primaryimage"},"image":{"@id":"https:\/\/portaltela.pt\/noticias\/2026\/04\/08\/mourinho-mira-lukebakio-e-barrenechea-para-reforcar-o-plantel\/#primaryimage"},"thumbnailUrl":"https:\/\/portaltela.pt\/s.01k8rhncp4jt1\/2026\/04\/image-431.jpg","datePublished":"2026-04-08T10:32:22+00:00","author":{"@id":"https:\/\/portaltela.pt\/#\/schema\/person\/c4278d4a6028830caff9ee44b42d32ed"},"breadcrumb":{"@id":"https:\/\/portaltela.pt\/noticias\/2026\/04\/08\/mourinho-mira-lukebakio-e-barrenechea-para-reforcar-o-plantel\/#breadcrumb"},"inLanguage":"pt-PT","potentialAction":[{"@type":"ReadAction","target":["https:\/\/portaltela.pt\/noticias\/2026\/04\/08\/mourinho-mira-lukebakio-e-barrenechea-para-reforcar-o-plantel\/"]}]},{"@type":"ImageObject","inLanguage":"pt-PT","@id":"https:\/\/portaltela.pt\/noticias\/2026\/04\/08\/mourinho-mira-lukebakio-e-barrenechea-para-reforcar-o-plantel\/#primaryimage","url":"https:\/\/portaltela.pt\/s.01k8rhncp4jt1\/2026\/04\/image-431.jpg","contentUrl":"https:\/\/portaltela.pt\/s.01k8rhncp4jt1\/2026\/04\/image-431.jpg","width":796,"height":448,"caption":"Jos\u00e9 Mourinho foi muito cr\u00edtico com os jogadores"},{"@type":"BreadcrumbList","@id":"https:\/\/portaltela.pt\/noticias\/2026\/04\/08\/mourinho-mira-lukebakio-e-barrenechea-para-reforcar-o-plantel\/#breadcrumb","itemListElement":[{"@type":"ListItem","position":1,"name":"In\u00edcio","item":"https:\/\/portaltela.pt\/"},{"@type":"ListItem","position":2,"name":"Mourinho mira Lukebakio e Barrenechea para refor\u00e7ar o plantel"}]},{"@type":"WebSite","@id":"https:\/\/portaltela.pt\/#website","url":"https:\/\/portaltela.pt\/","name":"Portal Tela Portugal","description":"","potentialAction":[{"@type":"SearchAction","target":{"@type":"EntryPoint","urlTemplate":"https:\/\/portaltela.pt\/?s={search_term_string}"},"query-input":{"@type":"PropertyValueSpecification","valueRequired":true,"valueName":"search_term_string"}}],"inLanguage":"pt-PT"},{"@type":"Person","@id":"https:\/\/portaltela.pt\/#\/schema\/person\/c4278d4a6028830caff9ee44b42d32ed","name":"Telinha","image":{"@type":"ImageObject","inLanguage":"pt-PT","@id":"https:\/\/portaltela.pt\/s.01k8rhncp4jt1\/2025\/11\/talking-bot-125x125.png","url":"https:\/\/portaltela.pt\/s.01k8rhncp4jt1\/2025\/11\/talking-bot-125x125.png","contentUrl":"https:\/\/portaltela.pt\/s.01k8rhncp4jt1\/2025\/11\/talking-bot-125x125.png","caption":"Telinha"},"sameAs":["https:\/\/portaltela.pt\/"],"url":"https:\/\/portaltela.pt\/por\/367410592786\/"}]}},"_links":{"self":[{"href":"https:\/\/portaltela.pt\/api\/wp\/v2\/posts\/436409","targetHints":{"allow":["GET"]}}],"collection":[{"href":"https:\/\/portaltela.pt\/api\/wp\/v2\/posts"}],"about":[{"href":"https:\/\/portaltela.pt\/api\/wp\/v2\/types\/post"}],"author":[{"embeddable":true,"href":"https:\/\/portaltela.pt\/api\/wp\/v2\/users\/2"}],"replies":[{"embeddable":true,"href":"https:\/\/portaltela.pt\/api\/wp\/v2\/comments?post=436409"}],"version-history":[{"count":0,"href":"https:\/\/portaltela.pt\/api\/wp\/v2\/posts\/436409\/revisions"}],"wp:featuredmedia":[{"embeddable":true,"href":"https:\/\/portaltela.pt\/api\/wp\/v2\/media\/436414"}],"wp:attachment":[{"href":"https:\/\/portaltela.pt\/api\/wp\/v2\/media?parent=436409"}],"wp:term":[{"taxonomy":"category","embeddable":true,"href":"https:\/\/portaltela.pt\/api\/wp\/v2\/categories?post=436409"},{"taxonomy":"post_tag","embeddable":true,"href":"https:\/\/portaltela.pt\/api\/wp\/v2\/tags?post=436409"}],"curies":[{"name":"wp","href":"https:\/\/api.w.org\/{rel}","templated":true}]}}