{"id":436399,"date":"2026-04-08T07:32:13","date_gmt":"2026-04-08T10:32:13","guid":{"rendered":"https:\/\/portaltela.pt\/noticias\/2026\/04\/08\/lisboa-requalifica-seis-esquadras-da-psp-com-investimento-de-3-milhoes\/"},"modified":"2026-04-08T07:32:13","modified_gmt":"2026-04-08T10:32:13","slug":"lisboa-requalifica-seis-esquadras-da-psp-com-investimento-de-3-milhoes","status":"publish","type":"post","link":"https:\/\/portaltela.pt\/seguranca\/2026\/04\/08\/lisboa-requalifica-seis-esquadras-da-psp-com-investimento-de-3-milhoes\/","title":{"rendered":"Lisboa requalifica seis esquadras da PSP com investimento de 3 milh\u00f5es"},"content":{"rendered":"<p>Lisboa vai requalificar seis esquadras da PSP com um investimento de cerca de 3 milh\u00f5es de euros, financiado pelo Estado. Os contratos de coopera\u00e7\u00e3o entre a C\u00e2mara Municipal de Lisboa (CML) e o Governo foram assinados recentemente, para obras executadas pela autarquia at\u00e9 fim do ano.<\/p>\n<p>As esquadras a renovar ficam em Campo de Ourique, Bel\u00e9m, Campolide, Carnide (Bairro Padre Cruz), Benfica (Bairro da Boavista) e Parque das Na\u00e7\u00f5es. Estas \u00e1reas foram identificadas como priorit\u00e1rias para interven\u00e7\u00e3o.<\/p>\n<p>Segundo o presidente da C\u00e2mara, as obras visam criar melhores condi\u00e7\u00f5es para refor\u00e7ar a presen\u00e7a policial e, consequentemente, a seguran\u00e7a nos distritos. O objetivo \u00e9 facilitar a atua\u00e7\u00e3o das for\u00e7as de seguran\u00e7a com infraestruturas mais modernas.<\/p>\n<p>O secret\u00e1rio de Estado da Administra\u00e7\u00e3o Interna explicou o modelo de coopera\u00e7\u00e3o: as c\u00e2maras ficam respons\u00e1veis pela execu\u00e7\u00e3o das obras e o Estado reembolsa o investimento, neste caso cerca de 3 milh\u00f5es de euros para Lisboa. O plano prev\u00ea in\u00edcio das obras nas pr\u00f3ximas semanas e conclus\u00e3o at\u00e9 ao final do ano.<\/p>\n<p>A iniciativa integra um conjunto de interven\u00e7\u00f5es em mais de 40 esquadras do pa\u00eds, tamb\u00e9m no \u00e2mbito deste modelo de coopera\u00e7\u00e3o. O objetivo \u00e9 melhorar condi\u00e7\u00f5es de trabalho de pol\u00edcias e da Guarda Nacional, ao mesmo tempo que se refor\u00e7a a seguran\u00e7a p\u00fablica.<\/p>\n<p>Os respons\u00e1veis presentes na cerim\u00f3nia destacaram que a melhoria das esquadras \u00e9 relevante para a atratividade de mais eficazes recursos humanos, contribuindo para uma maior presen\u00e7a policial na rua. Lisboa \u00e9 apresentada como cidade segura, apesar do aumento de alguns indicadores de criminalidade nominalmente registados.<\/p>\n","protected":false},"excerpt":{"rendered":"<ul>\n<li>A C\u00e2mara de Lisboa e o Governo assinam contratos para requalificar seis esquadras da PSP, num investimento de cerca de 3 milh\u00f5es de euros a reembolsar pelo Estado.<\/li>\n<li>As esquadras priorit\u00e1rias ficam em Campo de Ourique, Bel\u00e9m, Campolide, Bairro Padre Cruz (Carnide), Bairro da Boavista (Benfica) e Parque das Na\u00e7\u00f5es, com obras pela C\u00e2mara at\u00e9 ao final do ano.<\/li>\n<li>O modelo de coopera\u00e7\u00e3o prev\u00ea que as autarquias executem as obras e o Estado reembolse o investimento, explicado pelo secret\u00e1rio de Estado da Administra\u00e7\u00e3o Interna.<\/li>\n<li>O presidente da C\u00e2mara Municipal de Lisboa, Carlos Moedas, disse que melhorar as condi\u00e7\u00f5es das esquadras facilita a presen\u00e7a policial na rua e que a cidade \u00e9 segura, apesar de alguns aumentos espec\u00edficos de criminalidade.<\/li>\n<li>Em todo o pa\u00eds v\u00e3o ser intervencionadas mais de quarenta esquadras sob este modelo de coopera\u00e7\u00e3o com c\u00e2maras municipais, visando melhores condi\u00e7\u00f5es de trabalho para agentes e atendimento \u00e0s v\u00edtimas.<\/li>\n<\/ul>\n","protected":false},"author":2,"featured_media":436403,"comment_status":"closed","ping_status":"closed","sticky":false,"template":"","format":"standard","meta":{"footnotes":""},"categories":[6781,6779],"tags":[168,4654,28,981,3418,250],"class_list":["post-436399","post","type-post","status-publish","format-standard","has-post-thumbnail","hentry","category-policia","category-seguranca","tag-administracao-publica","tag-cooperacao-institucional","tag-economia","tag-lisboa","tag-policia-de-seguranca-publica","tag-seguranca-publica"],"yoast_head":"<!-- This site is optimized with the Yoast SEO plugin v27.2 - https:\/\/yoast.com\/product\/yoast-seo-wordpress\/ -->\n<title>Lisboa requalifica seis esquadras da PSP com investimento de 3 milh\u00f5es - Portal Tela Portugal<\/title>\n<meta name=\"robots\" content=\"index, follow, max-snippet:-1, max-image-preview:large, max-video-preview:-1\" \/>\n<meta property=\"og:locale\" content=\"pt_PT\" \/>\n<meta property=\"og:type\" content=\"article\" \/>\n<meta property=\"og:title\" content=\"Lisboa requalifica seis esquadras da PSP com investimento de 3 milh\u00f5es - Portal Tela Portugal\" \/>\n<meta property=\"og:description\" content=\"A C\u00e2mara de Lisboa e o Governo assinam contratos para requalificar seis esquadras da PSP, num investimento de cerca de 3 milh\u00f5es de euros a reembolsar pelo Estado. As esquadras priorit\u00e1rias ficam em Campo de Ourique, Bel\u00e9m, Campolide, Bairro Padre Cruz (Carnide), Bairro da Boavista (Benfica) e Parque das Na\u00e7\u00f5es, com obras pela C\u00e2mara at\u00e9 ao final do ano. O modelo de coopera\u00e7\u00e3o prev\u00ea que as autarquias executem as obras e o Estado reembolse o investimento, explicado pelo secret\u00e1rio de Estado da Administra\u00e7\u00e3o Interna. O presidente da C\u00e2mara Municipal de Lisboa, Carlos Moedas, disse que melhorar as condi\u00e7\u00f5es das esquadras facilita a presen\u00e7a policial na rua e que a cidade \u00e9 segura, apesar de alguns aumentos espec\u00edficos de criminalidade. Em todo o pa\u00eds v\u00e3o ser intervencionadas mais de quarenta esquadras sob este modelo de coopera\u00e7\u00e3o com c\u00e2maras municipais, visando melhores condi\u00e7\u00f5es de trabalho para agentes e atendimento \u00e0s v\u00edtimas.\" \/>\n<meta property=\"og:url\" content=\"https:\/\/portaltela.pt\/noticias\/2026\/04\/08\/lisboa-requalifica-seis-esquadras-da-psp-com-investimento-de-3-milhoes\/\" \/>\n<meta property=\"og:site_name\" content=\"Portal Tela Portugal\" \/>\n<meta property=\"article:published_time\" content=\"2026-04-08T10:32:13+00:00\" \/>\n<meta name=\"author\" content=\"Telinha\" \/>\n<meta name=\"twitter:card\" content=\"summary_large_image\" \/>\n<meta name=\"twitter:label1\" content=\"Escrito por\" \/>\n\t<meta name=\"twitter:data1\" content=\"Telinha\" \/>\n\t<meta name=\"twitter:label2\" content=\"Tempo estimado de leitura\" \/>\n\t<meta name=\"twitter:data2\" content=\"1 minuto\" \/>\n<script type=\"application\/ld+json\" class=\"yoast-schema-graph\">{\"@context\":\"https:\/\/schema.org\",\"@graph\":[{\"@type\":\"Article\",\"@id\":\"https:\/\/portaltela.pt\/noticias\/2026\/04\/08\/lisboa-requalifica-seis-esquadras-da-psp-com-investimento-de-3-milhoes\/#article\",\"isPartOf\":{\"@id\":\"https:\/\/portaltela.pt\/noticias\/2026\/04\/08\/lisboa-requalifica-seis-esquadras-da-psp-com-investimento-de-3-milhoes\/\"},\"author\":{\"name\":\"Telinha\",\"@id\":\"https:\/\/portaltela.pt\/#\/schema\/person\/c4278d4a6028830caff9ee44b42d32ed\"},\"headline\":\"Lisboa requalifica seis esquadras da PSP com investimento de 3 milh\u00f5es\",\"datePublished\":\"2026-04-08T10:32:13+00:00\",\"mainEntityOfPage\":{\"@id\":\"https:\/\/portaltela.pt\/noticias\/2026\/04\/08\/lisboa-requalifica-seis-esquadras-da-psp-com-investimento-de-3-milhoes\/\"},\"wordCount\":294,\"image\":{\"@id\":\"https:\/\/portaltela.pt\/noticias\/2026\/04\/08\/lisboa-requalifica-seis-esquadras-da-psp-com-investimento-de-3-milhoes\/#primaryimage\"},\"thumbnailUrl\":\"https:\/\/portaltela.pt\/s.01k8rhncp4jt1\/2026\/04\/2079891.jpg\",\"keywords\":[\"administra\u00e7\u00e3o p\u00fablica\",\"coopera\u00e7\u00e3o institucional\",\"economia\",\"Lisboa\",\"Pol\u00edcia de Seguran\u00e7a P\u00fablica\",\"seguran\u00e7a p\u00fablica\"],\"articleSection\":[\"Pol\u00edcia\",\"Seguran\u00e7a\"],\"inLanguage\":\"pt-PT\"},{\"@type\":\"WebPage\",\"@id\":\"https:\/\/portaltela.pt\/noticias\/2026\/04\/08\/lisboa-requalifica-seis-esquadras-da-psp-com-investimento-de-3-milhoes\/\",\"url\":\"https:\/\/portaltela.pt\/noticias\/2026\/04\/08\/lisboa-requalifica-seis-esquadras-da-psp-com-investimento-de-3-milhoes\/\",\"name\":\"Lisboa requalifica seis esquadras da PSP com investimento de 3 milh\u00f5es - Portal Tela Portugal\",\"isPartOf\":{\"@id\":\"https:\/\/portaltela.pt\/#website\"},\"primaryImageOfPage\":{\"@id\":\"https:\/\/portaltela.pt\/noticias\/2026\/04\/08\/lisboa-requalifica-seis-esquadras-da-psp-com-investimento-de-3-milhoes\/#primaryimage\"},\"image\":{\"@id\":\"https:\/\/portaltela.pt\/noticias\/2026\/04\/08\/lisboa-requalifica-seis-esquadras-da-psp-com-investimento-de-3-milhoes\/#primaryimage\"},\"thumbnailUrl\":\"https:\/\/portaltela.pt\/s.01k8rhncp4jt1\/2026\/04\/2079891.jpg\",\"datePublished\":\"2026-04-08T10:32:13+00:00\",\"author\":{\"@id\":\"https:\/\/portaltela.pt\/#\/schema\/person\/c4278d4a6028830caff9ee44b42d32ed\"},\"breadcrumb\":{\"@id\":\"https:\/\/portaltela.pt\/noticias\/2026\/04\/08\/lisboa-requalifica-seis-esquadras-da-psp-com-investimento-de-3-milhoes\/#breadcrumb\"},\"inLanguage\":\"pt-PT\",\"potentialAction\":[{\"@type\":\"ReadAction\",\"target\":[\"https:\/\/portaltela.pt\/noticias\/2026\/04\/08\/lisboa-requalifica-seis-esquadras-da-psp-com-investimento-de-3-milhoes\/\"]}]},{\"@type\":\"ImageObject\",\"inLanguage\":\"pt-PT\",\"@id\":\"https:\/\/portaltela.pt\/noticias\/2026\/04\/08\/lisboa-requalifica-seis-esquadras-da-psp-com-investimento-de-3-milhoes\/#primaryimage\",\"url\":\"https:\/\/portaltela.pt\/s.01k8rhncp4jt1\/2026\/04\/2079891.jpg\",\"contentUrl\":\"https:\/\/portaltela.pt\/s.01k8rhncp4jt1\/2026\/04\/2079891.jpg\",\"width\":796,\"height\":448,\"caption\":\"Obras ser\u00e3o realizadas pela C\u00e2mara de Lisboa at\u00e9 ao final deste ano\"},{\"@type\":\"BreadcrumbList\",\"@id\":\"https:\/\/portaltela.pt\/noticias\/2026\/04\/08\/lisboa-requalifica-seis-esquadras-da-psp-com-investimento-de-3-milhoes\/#breadcrumb\",\"itemListElement\":[{\"@type\":\"ListItem\",\"position\":1,\"name\":\"In\u00edcio\",\"item\":\"https:\/\/portaltela.pt\/\"},{\"@type\":\"ListItem\",\"position\":2,\"name\":\"Lisboa requalifica seis esquadras da PSP com investimento de 3 milh\u00f5es\"}]},{\"@type\":\"WebSite\",\"@id\":\"https:\/\/portaltela.pt\/#website\",\"url\":\"https:\/\/portaltela.pt\/\",\"name\":\"Portal Tela Portugal\",\"description\":\"\",\"potentialAction\":[{\"@type\":\"SearchAction\",\"target\":{\"@type\":\"EntryPoint\",\"urlTemplate\":\"https:\/\/portaltela.pt\/?s={search_term_string}\"},\"query-input\":{\"@type\":\"PropertyValueSpecification\",\"valueRequired\":true,\"valueName\":\"search_term_string\"}}],\"inLanguage\":\"pt-PT\"},{\"@type\":\"Person\",\"@id\":\"https:\/\/portaltela.pt\/#\/schema\/person\/c4278d4a6028830caff9ee44b42d32ed\",\"name\":\"Telinha\",\"image\":{\"@type\":\"ImageObject\",\"inLanguage\":\"pt-PT\",\"@id\":\"https:\/\/portaltela.pt\/s.01k8rhncp4jt1\/2025\/11\/talking-bot-125x125.png\",\"url\":\"https:\/\/portaltela.pt\/s.01k8rhncp4jt1\/2025\/11\/talking-bot-125x125.png\",\"contentUrl\":\"https:\/\/portaltela.pt\/s.01k8rhncp4jt1\/2025\/11\/talking-bot-125x125.png\",\"caption\":\"Telinha\"},\"sameAs\":[\"https:\/\/portaltela.pt\/\"],\"url\":\"https:\/\/portaltela.pt\/por\/367410592786\/\"}]}<\/script>\n<!-- \/ Yoast SEO plugin. -->","yoast_head_json":{"title":"Lisboa requalifica seis esquadras da PSP com investimento de 3 milh\u00f5es - Portal Tela Portugal","robots":{"index":"index","follow":"follow","max-snippet":"max-snippet:-1","max-image-preview":"max-image-preview:large","max-video-preview":"max-video-preview:-1"},"og_locale":"pt_PT","og_type":"article","og_title":"Lisboa requalifica seis esquadras da PSP com investimento de 3 milh\u00f5es - Portal Tela Portugal","og_description":"A C\u00e2mara de Lisboa e o Governo assinam contratos para requalificar seis esquadras da PSP, num investimento de cerca de 3 milh\u00f5es de euros a reembolsar pelo Estado. As esquadras priorit\u00e1rias ficam em Campo de Ourique, Bel\u00e9m, Campolide, Bairro Padre Cruz (Carnide), Bairro da Boavista (Benfica) e Parque das Na\u00e7\u00f5es, com obras pela C\u00e2mara at\u00e9 ao final do ano. O modelo de coopera\u00e7\u00e3o prev\u00ea que as autarquias executem as obras e o Estado reembolse o investimento, explicado pelo secret\u00e1rio de Estado da Administra\u00e7\u00e3o Interna. O presidente da C\u00e2mara Municipal de Lisboa, Carlos Moedas, disse que melhorar as condi\u00e7\u00f5es das esquadras facilita a presen\u00e7a policial na rua e que a cidade \u00e9 segura, apesar de alguns aumentos espec\u00edficos de criminalidade. Em todo o pa\u00eds v\u00e3o ser intervencionadas mais de quarenta esquadras sob este modelo de coopera\u00e7\u00e3o com c\u00e2maras municipais, visando melhores condi\u00e7\u00f5es de trabalho para agentes e atendimento \u00e0s v\u00edtimas.","og_url":"https:\/\/portaltela.pt\/noticias\/2026\/04\/08\/lisboa-requalifica-seis-esquadras-da-psp-com-investimento-de-3-milhoes\/","og_site_name":"Portal Tela Portugal","article_published_time":"2026-04-08T10:32:13+00:00","author":"Telinha","twitter_card":"summary_large_image","twitter_misc":{"Escrito por":"Telinha","Tempo estimado de leitura":"1 minuto"},"schema":{"@context":"https:\/\/schema.org","@graph":[{"@type":"Article","@id":"https:\/\/portaltela.pt\/noticias\/2026\/04\/08\/lisboa-requalifica-seis-esquadras-da-psp-com-investimento-de-3-milhoes\/#article","isPartOf":{"@id":"https:\/\/portaltela.pt\/noticias\/2026\/04\/08\/lisboa-requalifica-seis-esquadras-da-psp-com-investimento-de-3-milhoes\/"},"author":{"name":"Telinha","@id":"https:\/\/portaltela.pt\/#\/schema\/person\/c4278d4a6028830caff9ee44b42d32ed"},"headline":"Lisboa requalifica seis esquadras da PSP com investimento de 3 milh\u00f5es","datePublished":"2026-04-08T10:32:13+00:00","mainEntityOfPage":{"@id":"https:\/\/portaltela.pt\/noticias\/2026\/04\/08\/lisboa-requalifica-seis-esquadras-da-psp-com-investimento-de-3-milhoes\/"},"wordCount":294,"image":{"@id":"https:\/\/portaltela.pt\/noticias\/2026\/04\/08\/lisboa-requalifica-seis-esquadras-da-psp-com-investimento-de-3-milhoes\/#primaryimage"},"thumbnailUrl":"https:\/\/portaltela.pt\/s.01k8rhncp4jt1\/2026\/04\/2079891.jpg","keywords":["administra\u00e7\u00e3o p\u00fablica","coopera\u00e7\u00e3o institucional","economia","Lisboa","Pol\u00edcia de Seguran\u00e7a P\u00fablica","seguran\u00e7a p\u00fablica"],"articleSection":["Pol\u00edcia","Seguran\u00e7a"],"inLanguage":"pt-PT"},{"@type":"WebPage","@id":"https:\/\/portaltela.pt\/noticias\/2026\/04\/08\/lisboa-requalifica-seis-esquadras-da-psp-com-investimento-de-3-milhoes\/","url":"https:\/\/portaltela.pt\/noticias\/2026\/04\/08\/lisboa-requalifica-seis-esquadras-da-psp-com-investimento-de-3-milhoes\/","name":"Lisboa requalifica seis esquadras da PSP com investimento de 3 milh\u00f5es - Portal Tela Portugal","isPartOf":{"@id":"https:\/\/portaltela.pt\/#website"},"primaryImageOfPage":{"@id":"https:\/\/portaltela.pt\/noticias\/2026\/04\/08\/lisboa-requalifica-seis-esquadras-da-psp-com-investimento-de-3-milhoes\/#primaryimage"},"image":{"@id":"https:\/\/portaltela.pt\/noticias\/2026\/04\/08\/lisboa-requalifica-seis-esquadras-da-psp-com-investimento-de-3-milhoes\/#primaryimage"},"thumbnailUrl":"https:\/\/portaltela.pt\/s.01k8rhncp4jt1\/2026\/04\/2079891.jpg","datePublished":"2026-04-08T10:32:13+00:00","author":{"@id":"https:\/\/portaltela.pt\/#\/schema\/person\/c4278d4a6028830caff9ee44b42d32ed"},"breadcrumb":{"@id":"https:\/\/portaltela.pt\/noticias\/2026\/04\/08\/lisboa-requalifica-seis-esquadras-da-psp-com-investimento-de-3-milhoes\/#breadcrumb"},"inLanguage":"pt-PT","potentialAction":[{"@type":"ReadAction","target":["https:\/\/portaltela.pt\/noticias\/2026\/04\/08\/lisboa-requalifica-seis-esquadras-da-psp-com-investimento-de-3-milhoes\/"]}]},{"@type":"ImageObject","inLanguage":"pt-PT","@id":"https:\/\/portaltela.pt\/noticias\/2026\/04\/08\/lisboa-requalifica-seis-esquadras-da-psp-com-investimento-de-3-milhoes\/#primaryimage","url":"https:\/\/portaltela.pt\/s.01k8rhncp4jt1\/2026\/04\/2079891.jpg","contentUrl":"https:\/\/portaltela.pt\/s.01k8rhncp4jt1\/2026\/04\/2079891.jpg","width":796,"height":448,"caption":"Obras ser\u00e3o realizadas pela C\u00e2mara de Lisboa at\u00e9 ao final deste ano"},{"@type":"BreadcrumbList","@id":"https:\/\/portaltela.pt\/noticias\/2026\/04\/08\/lisboa-requalifica-seis-esquadras-da-psp-com-investimento-de-3-milhoes\/#breadcrumb","itemListElement":[{"@type":"ListItem","position":1,"name":"In\u00edcio","item":"https:\/\/portaltela.pt\/"},{"@type":"ListItem","position":2,"name":"Lisboa requalifica seis esquadras da PSP com investimento de 3 milh\u00f5es"}]},{"@type":"WebSite","@id":"https:\/\/portaltela.pt\/#website","url":"https:\/\/portaltela.pt\/","name":"Portal Tela Portugal","description":"","potentialAction":[{"@type":"SearchAction","target":{"@type":"EntryPoint","urlTemplate":"https:\/\/portaltela.pt\/?s={search_term_string}"},"query-input":{"@type":"PropertyValueSpecification","valueRequired":true,"valueName":"search_term_string"}}],"inLanguage":"pt-PT"},{"@type":"Person","@id":"https:\/\/portaltela.pt\/#\/schema\/person\/c4278d4a6028830caff9ee44b42d32ed","name":"Telinha","image":{"@type":"ImageObject","inLanguage":"pt-PT","@id":"https:\/\/portaltela.pt\/s.01k8rhncp4jt1\/2025\/11\/talking-bot-125x125.png","url":"https:\/\/portaltela.pt\/s.01k8rhncp4jt1\/2025\/11\/talking-bot-125x125.png","contentUrl":"https:\/\/portaltela.pt\/s.01k8rhncp4jt1\/2025\/11\/talking-bot-125x125.png","caption":"Telinha"},"sameAs":["https:\/\/portaltela.pt\/"],"url":"https:\/\/portaltela.pt\/por\/367410592786\/"}]}},"_links":{"self":[{"href":"https:\/\/portaltela.pt\/api\/wp\/v2\/posts\/436399","targetHints":{"allow":["GET"]}}],"collection":[{"href":"https:\/\/portaltela.pt\/api\/wp\/v2\/posts"}],"about":[{"href":"https:\/\/portaltela.pt\/api\/wp\/v2\/types\/post"}],"author":[{"embeddable":true,"href":"https:\/\/portaltela.pt\/api\/wp\/v2\/users\/2"}],"replies":[{"embeddable":true,"href":"https:\/\/portaltela.pt\/api\/wp\/v2\/comments?post=436399"}],"version-history":[{"count":0,"href":"https:\/\/portaltela.pt\/api\/wp\/v2\/posts\/436399\/revisions"}],"wp:featuredmedia":[{"embeddable":true,"href":"https:\/\/portaltela.pt\/api\/wp\/v2\/media\/436403"}],"wp:attachment":[{"href":"https:\/\/portaltela.pt\/api\/wp\/v2\/media?parent=436399"}],"wp:term":[{"taxonomy":"category","embeddable":true,"href":"https:\/\/portaltela.pt\/api\/wp\/v2\/categories?post=436399"},{"taxonomy":"post_tag","embeddable":true,"href":"https:\/\/portaltela.pt\/api\/wp\/v2\/tags?post=436399"}],"curies":[{"name":"wp","href":"https:\/\/api.w.org\/{rel}","templated":true}]}}