{"id":436393,"date":"2026-04-08T07:17:25","date_gmt":"2026-04-08T10:17:25","guid":{"rendered":"https:\/\/portaltela.pt\/noticias\/2026\/04\/08\/alivio-nos-precos-do-petroleo-e-gas-pode-demorar\/"},"modified":"2026-04-08T07:17:25","modified_gmt":"2026-04-08T10:17:25","slug":"alivio-nos-precos-do-petroleo-e-gas-pode-demorar","status":"publish","type":"post","link":"https:\/\/portaltela.pt\/noticias\/2026\/04\/08\/alivio-nos-precos-do-petroleo-e-gas-pode-demorar\/","title":{"rendered":"Al\u00edvio nos pre\u00e7os do petr\u00f3leo e g\u00e1s pode demorar"},"content":{"rendered":"<p>O regresso \u00e0 normalidade energ\u00e9tica pr\u00e9-guerra continua distante, mesmo com um breve al\u00edvio nos mercados. O cessar-fogo de duas semanas entre os EUA e o Ir\u00e3o, mediado pelo Paquist\u00e3o, abriu um al\u00edvio tempor\u00e1rio nos pre\u00e7os da energia. O Estreito de Ormuz, passagem de cerca de um quinto do petr\u00f3leo e do GNL mundial, mant\u00e9m-se sob forte controlo.<\/p>\n<p>Os mercados reagiram com curiosa rapidez: o Brent caiu entre 13% e 15%, abaixo dos 100 d\u00f3lares e perto de 94,80 d\u00f3lares por barril. O g\u00e1s natural, pelo contrato TTF de maio, recuou perto de 44 euros por MWh. O efeito sustent\u00e1vel depende de negocia\u00e7\u00f5es formais marcadas para Islamabad.<\/p>\n<h3>Contexto europeu e portugu\u00eas<\/h3>\n<p>Em Portugal, o recuo do crude \u00e9 visto como condi\u00e7\u00e3o necess\u00e1ria, mas n\u00e3o suficiente, para uma descida imediata de pre\u00e7os ao consumidor. A log\u00edstica de transporte e o refinamento continuam com dificuldades, refletidas na bolsa nacional, onde a Galp Energia registou quedas acima de 8%.<\/p>\n<p>Em termos de custo nos postos, o gas\u00f3leo pode chegar a 2,3 euros por litro. A recupera\u00e7\u00e3o das infraestruturas na regi\u00e3o afetada pode levar anos e custar mais de 21,63 mil milh\u00f5es de euros, influenciando prazos e custos log\u00edsticos. A confian\u00e7a no Estreito de Ormuz \u00e9 crucial para o normal funcionamento das cadeias.<\/p>\n<h3>A Uni\u00e3o Europeia e medidas de seguran\u00e7a<\/h3>\n<p>A Comiss\u00e3o Europeia j\u00e1 pediu coordena\u00e7\u00e3o de medidas para assegurar o aprovisionamento energ\u00e9tico, incluindo manuten\u00e7\u00e3o de stocks de emerg\u00eancia e poupan\u00e7a volunt\u00e1ria de combust\u00edvel. O objetivo \u00e9 reduzir a vulnerabilidade a choques externos e estabilizar os fornecimentos.<\/p>\n<h3>A proposta da ERSE e o g\u00e1s natural<\/h3>\n<p>A ERSE prop\u00f4s um aumento de 6,3% nas tarifas de g\u00e1s natural para o mercado regulado, com efeitos a 1 de outubro de 2026. Consumidores dom\u00e9sticos podem enfrentar aumentos entre 0,89 e 1,58 euros mensais. O mercado liberalizado, com 1,13 milh\u00f5es de clientes, continua mais exposto \u00e0s oscila\u00e7\u00f5es internacionais.<\/p>\n<p>Se o cessar-fogo permanecer est\u00e1vel e o TTF seguir a descer, os comercializadores poder\u00e3o ajustar ofertas, permitindo ao regulador rever as tarifas reguladas ap\u00f3s consulta p\u00fablica. A produ\u00e7\u00e3o de GNL do Qatar, entretanto, sofreu uma quebra de cerca de 17% devido a ataques anteriores, o que pode atrasar a disponibilidade de excedentes at\u00e9 3 a 5 anos.<\/p>\n<h3>G\u00e1s de botija e propano<\/h3>\n<p>O Ir\u00e3o, importante produtor, pode influenciar os pre\u00e7os do GPL caso o acordo se consolide. Com menor risco geopol\u00edtico, o pre\u00e7o do barril pode manter a tend\u00eancia de baixa, afetando o custo de importa\u00e7\u00e3o pelas gasolineiras nacionais. O impacto depende da solidez do cessar-fogo e da evolu\u00e7\u00e3o dos fluxos.<\/p>\n","protected":false},"excerpt":{"rendered":"<ul>\n<li>O cessar-fogo entre Estados Unidos e Ir\u00e3o levou a uma queda abrupta dos pre\u00e7os de energia, com o Brent a recuar para cerca de 94,80 d\u00f3lares o barril, ap\u00f3s uma queda de 13% a 15%.<\/li>\n<li>O Ir\u00e3o manter\u00e1 controlo significativo sobre o Estreito de Ormuz, mantendo o regime de fornecimento global vulner\u00e1vel e politicamente fr\u00e1gil.<\/li>\n<li>O gas\u00f3leo em Portugal chegou a 2,3 euros por litro, e analistas indicam que o al\u00edvio aos consumidores pode ainda n\u00e3o chegar de imediato devido a constrangimentos log\u00edsticos e de refino.<\/li>\n<li>A Comiss\u00e3o Europeia j\u00e1 pediu coordena\u00e7\u00e3o para assegurar o aprovisionamento, com poss\u00edvel uso de stocks de emerg\u00eancia e medidas de poupan\u00e7a de combust\u00edvel.<\/li>\n<li>A ERSE prop\u00f4s um aumento de 6,3% nas tarifas de g\u00e1s natural para o mercado regulado a partir de 1 de outubro de 2026, enquanto o Qatar enfrenta reconstru\u00e7\u00e3o de instala\u00e7\u00f5es de GNL que pode levar de tr\u00eas a cinco anos.<\/li>\n<\/ul>\n","protected":false},"author":2,"featured_media":436394,"comment_status":"closed","ping_status":"closed","sticky":false,"template":"","format":"standard","meta":{"footnotes":""},"categories":[6806,1],"tags":[6115,7775,7767,174,961,7296],"class_list":["post-436393","post","type-post","status-publish","format-standard","has-post-thumbnail","hentry","category-energia","category-noticias","tag-_economia","tag-_energia","tag-_meio-ambiente","tag-energia","tag-logistica","tag-precos"],"yoast_head":"<!-- This site is optimized with the Yoast SEO plugin v27.2 - https:\/\/yoast.com\/product\/yoast-seo-wordpress\/ -->\n<title>Al\u00edvio nos pre\u00e7os do petr\u00f3leo e g\u00e1s pode demorar - Portal Tela Portugal<\/title>\n<meta name=\"robots\" content=\"index, follow, max-snippet:-1, max-image-preview:large, max-video-preview:-1\" \/>\n<meta property=\"og:locale\" content=\"pt_PT\" \/>\n<meta property=\"og:type\" content=\"article\" \/>\n<meta property=\"og:title\" content=\"Al\u00edvio nos pre\u00e7os do petr\u00f3leo e g\u00e1s pode demorar - Portal Tela Portugal\" \/>\n<meta property=\"og:description\" content=\"O cessar-fogo entre Estados Unidos e Ir\u00e3o levou a uma queda abrupta dos pre\u00e7os de energia, com o Brent a recuar para cerca de 94,80 d\u00f3lares o barril, ap\u00f3s uma queda de 13% a 15%. O Ir\u00e3o manter\u00e1 controlo significativo sobre o Estreito de Ormuz, mantendo o regime de fornecimento global vulner\u00e1vel e politicamente fr\u00e1gil. O gas\u00f3leo em Portugal chegou a 2,3 euros por litro, e analistas indicam que o al\u00edvio aos consumidores pode ainda n\u00e3o chegar de imediato devido a constrangimentos log\u00edsticos e de refino. A Comiss\u00e3o Europeia j\u00e1 pediu coordena\u00e7\u00e3o para assegurar o aprovisionamento, com poss\u00edvel uso de stocks de emerg\u00eancia e medidas de poupan\u00e7a de combust\u00edvel. A ERSE prop\u00f4s um aumento de 6,3% nas tarifas de g\u00e1s natural para o mercado regulado a partir de 1 de outubro de 2026, enquanto o Qatar enfrenta reconstru\u00e7\u00e3o de instala\u00e7\u00f5es de GNL que pode levar de tr\u00eas a cinco anos.\" \/>\n<meta property=\"og:url\" content=\"https:\/\/portaltela.pt\/noticias\/2026\/04\/08\/alivio-nos-precos-do-petroleo-e-gas-pode-demorar\/\" \/>\n<meta property=\"og:site_name\" content=\"Portal Tela Portugal\" \/>\n<meta property=\"article:published_time\" content=\"2026-04-08T10:17:25+00:00\" \/>\n<meta name=\"author\" content=\"Telinha\" \/>\n<meta name=\"twitter:card\" content=\"summary_large_image\" \/>\n<meta name=\"twitter:label1\" content=\"Escrito por\" \/>\n\t<meta name=\"twitter:data1\" content=\"Telinha\" \/>\n\t<meta name=\"twitter:label2\" content=\"Tempo estimado de leitura\" \/>\n\t<meta name=\"twitter:data2\" content=\"2 minutos\" \/>\n<script type=\"application\/ld+json\" class=\"yoast-schema-graph\">{\"@context\":\"https:\/\/schema.org\",\"@graph\":[{\"@type\":\"Article\",\"@id\":\"https:\/\/portaltela.pt\/noticias\/2026\/04\/08\/alivio-nos-precos-do-petroleo-e-gas-pode-demorar\/#article\",\"isPartOf\":{\"@id\":\"https:\/\/portaltela.pt\/noticias\/2026\/04\/08\/alivio-nos-precos-do-petroleo-e-gas-pode-demorar\/\"},\"author\":{\"name\":\"Telinha\",\"@id\":\"https:\/\/portaltela.pt\/#\/schema\/person\/c4278d4a6028830caff9ee44b42d32ed\"},\"headline\":\"Al\u00edvio nos pre\u00e7os do petr\u00f3leo e g\u00e1s pode demorar\",\"datePublished\":\"2026-04-08T10:17:25+00:00\",\"mainEntityOfPage\":{\"@id\":\"https:\/\/portaltela.pt\/noticias\/2026\/04\/08\/alivio-nos-precos-do-petroleo-e-gas-pode-demorar\/\"},\"wordCount\":468,\"image\":{\"@id\":\"https:\/\/portaltela.pt\/noticias\/2026\/04\/08\/alivio-nos-precos-do-petroleo-e-gas-pode-demorar\/#primaryimage\"},\"thumbnailUrl\":\"https:\/\/portaltela.pt\/s.01k8rhncp4jt1\/2026\/04\/image-430.jpg\",\"keywords\":[\"_economia\",\"_energia\",\"_meio-ambiente\",\"energia\",\"Log\u00edstica\",\"pre\u00e7os\"],\"articleSection\":[\"Energia\",\"Not\u00edcias\"],\"inLanguage\":\"pt-PT\"},{\"@type\":\"WebPage\",\"@id\":\"https:\/\/portaltela.pt\/noticias\/2026\/04\/08\/alivio-nos-precos-do-petroleo-e-gas-pode-demorar\/\",\"url\":\"https:\/\/portaltela.pt\/noticias\/2026\/04\/08\/alivio-nos-precos-do-petroleo-e-gas-pode-demorar\/\",\"name\":\"Al\u00edvio nos pre\u00e7os do petr\u00f3leo e g\u00e1s pode demorar - Portal Tela Portugal\",\"isPartOf\":{\"@id\":\"https:\/\/portaltela.pt\/#website\"},\"primaryImageOfPage\":{\"@id\":\"https:\/\/portaltela.pt\/noticias\/2026\/04\/08\/alivio-nos-precos-do-petroleo-e-gas-pode-demorar\/#primaryimage\"},\"image\":{\"@id\":\"https:\/\/portaltela.pt\/noticias\/2026\/04\/08\/alivio-nos-precos-do-petroleo-e-gas-pode-demorar\/#primaryimage\"},\"thumbnailUrl\":\"https:\/\/portaltela.pt\/s.01k8rhncp4jt1\/2026\/04\/image-430.jpg\",\"datePublished\":\"2026-04-08T10:17:25+00:00\",\"author\":{\"@id\":\"https:\/\/portaltela.pt\/#\/schema\/person\/c4278d4a6028830caff9ee44b42d32ed\"},\"breadcrumb\":{\"@id\":\"https:\/\/portaltela.pt\/noticias\/2026\/04\/08\/alivio-nos-precos-do-petroleo-e-gas-pode-demorar\/#breadcrumb\"},\"inLanguage\":\"pt-PT\",\"potentialAction\":[{\"@type\":\"ReadAction\",\"target\":[\"https:\/\/portaltela.pt\/noticias\/2026\/04\/08\/alivio-nos-precos-do-petroleo-e-gas-pode-demorar\/\"]}]},{\"@type\":\"ImageObject\",\"inLanguage\":\"pt-PT\",\"@id\":\"https:\/\/portaltela.pt\/noticias\/2026\/04\/08\/alivio-nos-precos-do-petroleo-e-gas-pode-demorar\/#primaryimage\",\"url\":\"https:\/\/portaltela.pt\/s.01k8rhncp4jt1\/2026\/04\/image-430.jpg\",\"contentUrl\":\"https:\/\/portaltela.pt\/s.01k8rhncp4jt1\/2026\/04\/image-430.jpg\",\"width\":796,\"height\":448,\"caption\":\"O regresso \u00e0 normalidade pr\u00e9-guerra parece distante\"},{\"@type\":\"BreadcrumbList\",\"@id\":\"https:\/\/portaltela.pt\/noticias\/2026\/04\/08\/alivio-nos-precos-do-petroleo-e-gas-pode-demorar\/#breadcrumb\",\"itemListElement\":[{\"@type\":\"ListItem\",\"position\":1,\"name\":\"In\u00edcio\",\"item\":\"https:\/\/portaltela.pt\/\"},{\"@type\":\"ListItem\",\"position\":2,\"name\":\"Al\u00edvio nos pre\u00e7os do petr\u00f3leo e g\u00e1s pode demorar\"}]},{\"@type\":\"WebSite\",\"@id\":\"https:\/\/portaltela.pt\/#website\",\"url\":\"https:\/\/portaltela.pt\/\",\"name\":\"Portal Tela Portugal\",\"description\":\"\",\"potentialAction\":[{\"@type\":\"SearchAction\",\"target\":{\"@type\":\"EntryPoint\",\"urlTemplate\":\"https:\/\/portaltela.pt\/?s={search_term_string}\"},\"query-input\":{\"@type\":\"PropertyValueSpecification\",\"valueRequired\":true,\"valueName\":\"search_term_string\"}}],\"inLanguage\":\"pt-PT\"},{\"@type\":\"Person\",\"@id\":\"https:\/\/portaltela.pt\/#\/schema\/person\/c4278d4a6028830caff9ee44b42d32ed\",\"name\":\"Telinha\",\"image\":{\"@type\":\"ImageObject\",\"inLanguage\":\"pt-PT\",\"@id\":\"https:\/\/portaltela.pt\/s.01k8rhncp4jt1\/2025\/11\/talking-bot-125x125.png\",\"url\":\"https:\/\/portaltela.pt\/s.01k8rhncp4jt1\/2025\/11\/talking-bot-125x125.png\",\"contentUrl\":\"https:\/\/portaltela.pt\/s.01k8rhncp4jt1\/2025\/11\/talking-bot-125x125.png\",\"caption\":\"Telinha\"},\"sameAs\":[\"https:\/\/portaltela.pt\/\"],\"url\":\"https:\/\/portaltela.pt\/por\/367410592786\/\"}]}<\/script>\n<!-- \/ Yoast SEO plugin. -->","yoast_head_json":{"title":"Al\u00edvio nos pre\u00e7os do petr\u00f3leo e g\u00e1s pode demorar - Portal Tela Portugal","robots":{"index":"index","follow":"follow","max-snippet":"max-snippet:-1","max-image-preview":"max-image-preview:large","max-video-preview":"max-video-preview:-1"},"og_locale":"pt_PT","og_type":"article","og_title":"Al\u00edvio nos pre\u00e7os do petr\u00f3leo e g\u00e1s pode demorar - Portal Tela Portugal","og_description":"O cessar-fogo entre Estados Unidos e Ir\u00e3o levou a uma queda abrupta dos pre\u00e7os de energia, com o Brent a recuar para cerca de 94,80 d\u00f3lares o barril, ap\u00f3s uma queda de 13% a 15%. O Ir\u00e3o manter\u00e1 controlo significativo sobre o Estreito de Ormuz, mantendo o regime de fornecimento global vulner\u00e1vel e politicamente fr\u00e1gil. O gas\u00f3leo em Portugal chegou a 2,3 euros por litro, e analistas indicam que o al\u00edvio aos consumidores pode ainda n\u00e3o chegar de imediato devido a constrangimentos log\u00edsticos e de refino. A Comiss\u00e3o Europeia j\u00e1 pediu coordena\u00e7\u00e3o para assegurar o aprovisionamento, com poss\u00edvel uso de stocks de emerg\u00eancia e medidas de poupan\u00e7a de combust\u00edvel. A ERSE prop\u00f4s um aumento de 6,3% nas tarifas de g\u00e1s natural para o mercado regulado a partir de 1 de outubro de 2026, enquanto o Qatar enfrenta reconstru\u00e7\u00e3o de instala\u00e7\u00f5es de GNL que pode levar de tr\u00eas a cinco anos.","og_url":"https:\/\/portaltela.pt\/noticias\/2026\/04\/08\/alivio-nos-precos-do-petroleo-e-gas-pode-demorar\/","og_site_name":"Portal Tela Portugal","article_published_time":"2026-04-08T10:17:25+00:00","author":"Telinha","twitter_card":"summary_large_image","twitter_misc":{"Escrito por":"Telinha","Tempo estimado de leitura":"2 minutos"},"schema":{"@context":"https:\/\/schema.org","@graph":[{"@type":"Article","@id":"https:\/\/portaltela.pt\/noticias\/2026\/04\/08\/alivio-nos-precos-do-petroleo-e-gas-pode-demorar\/#article","isPartOf":{"@id":"https:\/\/portaltela.pt\/noticias\/2026\/04\/08\/alivio-nos-precos-do-petroleo-e-gas-pode-demorar\/"},"author":{"name":"Telinha","@id":"https:\/\/portaltela.pt\/#\/schema\/person\/c4278d4a6028830caff9ee44b42d32ed"},"headline":"Al\u00edvio nos pre\u00e7os do petr\u00f3leo e g\u00e1s pode demorar","datePublished":"2026-04-08T10:17:25+00:00","mainEntityOfPage":{"@id":"https:\/\/portaltela.pt\/noticias\/2026\/04\/08\/alivio-nos-precos-do-petroleo-e-gas-pode-demorar\/"},"wordCount":468,"image":{"@id":"https:\/\/portaltela.pt\/noticias\/2026\/04\/08\/alivio-nos-precos-do-petroleo-e-gas-pode-demorar\/#primaryimage"},"thumbnailUrl":"https:\/\/portaltela.pt\/s.01k8rhncp4jt1\/2026\/04\/image-430.jpg","keywords":["_economia","_energia","_meio-ambiente","energia","Log\u00edstica","pre\u00e7os"],"articleSection":["Energia","Not\u00edcias"],"inLanguage":"pt-PT"},{"@type":"WebPage","@id":"https:\/\/portaltela.pt\/noticias\/2026\/04\/08\/alivio-nos-precos-do-petroleo-e-gas-pode-demorar\/","url":"https:\/\/portaltela.pt\/noticias\/2026\/04\/08\/alivio-nos-precos-do-petroleo-e-gas-pode-demorar\/","name":"Al\u00edvio nos pre\u00e7os do petr\u00f3leo e g\u00e1s pode demorar - Portal Tela Portugal","isPartOf":{"@id":"https:\/\/portaltela.pt\/#website"},"primaryImageOfPage":{"@id":"https:\/\/portaltela.pt\/noticias\/2026\/04\/08\/alivio-nos-precos-do-petroleo-e-gas-pode-demorar\/#primaryimage"},"image":{"@id":"https:\/\/portaltela.pt\/noticias\/2026\/04\/08\/alivio-nos-precos-do-petroleo-e-gas-pode-demorar\/#primaryimage"},"thumbnailUrl":"https:\/\/portaltela.pt\/s.01k8rhncp4jt1\/2026\/04\/image-430.jpg","datePublished":"2026-04-08T10:17:25+00:00","author":{"@id":"https:\/\/portaltela.pt\/#\/schema\/person\/c4278d4a6028830caff9ee44b42d32ed"},"breadcrumb":{"@id":"https:\/\/portaltela.pt\/noticias\/2026\/04\/08\/alivio-nos-precos-do-petroleo-e-gas-pode-demorar\/#breadcrumb"},"inLanguage":"pt-PT","potentialAction":[{"@type":"ReadAction","target":["https:\/\/portaltela.pt\/noticias\/2026\/04\/08\/alivio-nos-precos-do-petroleo-e-gas-pode-demorar\/"]}]},{"@type":"ImageObject","inLanguage":"pt-PT","@id":"https:\/\/portaltela.pt\/noticias\/2026\/04\/08\/alivio-nos-precos-do-petroleo-e-gas-pode-demorar\/#primaryimage","url":"https:\/\/portaltela.pt\/s.01k8rhncp4jt1\/2026\/04\/image-430.jpg","contentUrl":"https:\/\/portaltela.pt\/s.01k8rhncp4jt1\/2026\/04\/image-430.jpg","width":796,"height":448,"caption":"O regresso \u00e0 normalidade pr\u00e9-guerra parece distante"},{"@type":"BreadcrumbList","@id":"https:\/\/portaltela.pt\/noticias\/2026\/04\/08\/alivio-nos-precos-do-petroleo-e-gas-pode-demorar\/#breadcrumb","itemListElement":[{"@type":"ListItem","position":1,"name":"In\u00edcio","item":"https:\/\/portaltela.pt\/"},{"@type":"ListItem","position":2,"name":"Al\u00edvio nos pre\u00e7os do petr\u00f3leo e g\u00e1s pode demorar"}]},{"@type":"WebSite","@id":"https:\/\/portaltela.pt\/#website","url":"https:\/\/portaltela.pt\/","name":"Portal Tela Portugal","description":"","potentialAction":[{"@type":"SearchAction","target":{"@type":"EntryPoint","urlTemplate":"https:\/\/portaltela.pt\/?s={search_term_string}"},"query-input":{"@type":"PropertyValueSpecification","valueRequired":true,"valueName":"search_term_string"}}],"inLanguage":"pt-PT"},{"@type":"Person","@id":"https:\/\/portaltela.pt\/#\/schema\/person\/c4278d4a6028830caff9ee44b42d32ed","name":"Telinha","image":{"@type":"ImageObject","inLanguage":"pt-PT","@id":"https:\/\/portaltela.pt\/s.01k8rhncp4jt1\/2025\/11\/talking-bot-125x125.png","url":"https:\/\/portaltela.pt\/s.01k8rhncp4jt1\/2025\/11\/talking-bot-125x125.png","contentUrl":"https:\/\/portaltela.pt\/s.01k8rhncp4jt1\/2025\/11\/talking-bot-125x125.png","caption":"Telinha"},"sameAs":["https:\/\/portaltela.pt\/"],"url":"https:\/\/portaltela.pt\/por\/367410592786\/"}]}},"_links":{"self":[{"href":"https:\/\/portaltela.pt\/api\/wp\/v2\/posts\/436393","targetHints":{"allow":["GET"]}}],"collection":[{"href":"https:\/\/portaltela.pt\/api\/wp\/v2\/posts"}],"about":[{"href":"https:\/\/portaltela.pt\/api\/wp\/v2\/types\/post"}],"author":[{"embeddable":true,"href":"https:\/\/portaltela.pt\/api\/wp\/v2\/users\/2"}],"replies":[{"embeddable":true,"href":"https:\/\/portaltela.pt\/api\/wp\/v2\/comments?post=436393"}],"version-history":[{"count":0,"href":"https:\/\/portaltela.pt\/api\/wp\/v2\/posts\/436393\/revisions"}],"wp:featuredmedia":[{"embeddable":true,"href":"https:\/\/portaltela.pt\/api\/wp\/v2\/media\/436394"}],"wp:attachment":[{"href":"https:\/\/portaltela.pt\/api\/wp\/v2\/media?parent=436393"}],"wp:term":[{"taxonomy":"category","embeddable":true,"href":"https:\/\/portaltela.pt\/api\/wp\/v2\/categories?post=436393"},{"taxonomy":"post_tag","embeddable":true,"href":"https:\/\/portaltela.pt\/api\/wp\/v2\/tags?post=436393"}],"curies":[{"name":"wp","href":"https:\/\/api.w.org\/{rel}","templated":true}]}}