{"id":436367,"date":"2026-04-08T07:02:21","date_gmt":"2026-04-08T10:02:21","guid":{"rendered":"https:\/\/portaltela.pt\/noticias\/2026\/04\/08\/confrontos-em-restaurante-de-matosinhos-motivados-por-fumo-de-grelha\/"},"modified":"2026-04-08T07:02:21","modified_gmt":"2026-04-08T10:02:21","slug":"confrontos-em-restaurante-de-matosinhos-motivados-por-fumo-de-grelha","status":"publish","type":"post","link":"https:\/\/portaltela.pt\/policia\/2026\/04\/08\/confrontos-em-restaurante-de-matosinhos-motivados-por-fumo-de-grelha\/","title":{"rendered":"Confrontos em restaurante de Matosinhos motivados por fumo de grelha"},"content":{"rendered":"<p>O desentendimento ocorreu durante o almo\u00e7o de domingo de P\u00e1scoa, num restaurante em Matosinhos. Dois homens estiveram envolvidos numa alterca\u00e7\u00e3o motivada pelo fumo da grelha.<\/p>\n<p>O incidente parece ter sido causado pelo fumo proveniente da cozinha, que gerou tens\u00e3o entre as partes presentes. N\u00e3o h\u00e1 informa\u00e7\u00f5es oficiais dispon\u00edveis sobre feridos ou deten\u00e7\u00f5es at\u00e9 ao momento.<\/p>\n<p>A invas\u00e3o de fumo em espa\u00e7os fechados costuma gerar desconforto entre clientes, o que levou a que o confronto fosse rapidamente contido pela gest\u00e3o do espa\u00e7o. A investiga\u00e7\u00e3o ainda est\u00e1 a decorrer.<\/p>\n<p>N\u00e3o foram avan\u00e7ados detalhes sobre as identidades dos intervenientes nem sobre poss\u00edveis testemunhas. As autoridades devem emitir novos esclarecimentos assim que dispon\u00edveis.<\/p>\n","protected":false},"excerpt":{"rendered":"<ul>\n<li>Dois homens envolveram\u2011se em confrontos num restaurante em Matosinhos.<\/li>\n<li>O incidente ocorreu durante o almo\u00e7o de domingo de P\u00e1scoa.<\/li>\n<li>O desentendimento foi motivado pelo fumo da grelha presente no local.<\/li>\n<li>O texto n\u00e3o descreve feridos, puni\u00e7\u00f5es ou desfecho do ocorrido.<\/li>\n<li>A p\u00e1gina inclui uma imagem relacionada ao incidente.<\/li>\n<\/ul>\n","protected":false},"author":2,"featured_media":436368,"comment_status":"closed","ping_status":"closed","sticky":false,"template":"","format":"standard","meta":{"footnotes":""},"categories":[6907,6781],"tags":[7767,1878,1709,3418,6378],"class_list":["post-436367","post","type-post","status-publish","format-standard","has-post-thumbnail","hentry","category-crime","category-policia","tag-_meio-ambiente","tag-inquerito-criminal","tag-matosinhos","tag-policia-de-seguranca-publica","tag-seguranca-publico"],"yoast_head":"<!-- This site is optimized with the Yoast SEO plugin v27.2 - https:\/\/yoast.com\/product\/yoast-seo-wordpress\/ -->\n<title>Confrontos em restaurante de Matosinhos motivados por fumo de grelha - Portal Tela Portugal<\/title>\n<meta name=\"robots\" content=\"index, follow, max-snippet:-1, max-image-preview:large, max-video-preview:-1\" \/>\n<meta property=\"og:locale\" content=\"pt_PT\" \/>\n<meta property=\"og:type\" content=\"article\" \/>\n<meta property=\"og:title\" content=\"Confrontos em restaurante de Matosinhos motivados por fumo de grelha - Portal Tela Portugal\" \/>\n<meta property=\"og:description\" content=\"Dois homens envolveram\u2011se em confrontos num restaurante em Matosinhos. O incidente ocorreu durante o almo\u00e7o de domingo de P\u00e1scoa. O desentendimento foi motivado pelo fumo da grelha presente no local. O texto n\u00e3o descreve feridos, puni\u00e7\u00f5es ou desfecho do ocorrido. A p\u00e1gina inclui uma imagem relacionada ao incidente.\" \/>\n<meta property=\"og:url\" content=\"https:\/\/portaltela.pt\/noticias\/2026\/04\/08\/confrontos-em-restaurante-de-matosinhos-motivados-por-fumo-de-grelha\/\" \/>\n<meta property=\"og:site_name\" content=\"Portal Tela Portugal\" \/>\n<meta property=\"article:published_time\" content=\"2026-04-08T10:02:21+00:00\" \/>\n<meta name=\"author\" content=\"Telinha\" \/>\n<meta name=\"twitter:card\" content=\"summary_large_image\" \/>\n<meta name=\"twitter:label1\" content=\"Escrito por\" \/>\n\t<meta name=\"twitter:data1\" content=\"Telinha\" \/>\n\t<meta name=\"twitter:label2\" content=\"Tempo estimado de leitura\" \/>\n\t<meta name=\"twitter:data2\" content=\"1 minuto\" \/>\n<script type=\"application\/ld+json\" class=\"yoast-schema-graph\">{\"@context\":\"https:\/\/schema.org\",\"@graph\":[{\"@type\":\"Article\",\"@id\":\"https:\/\/portaltela.pt\/noticias\/2026\/04\/08\/confrontos-em-restaurante-de-matosinhos-motivados-por-fumo-de-grelha\/#article\",\"isPartOf\":{\"@id\":\"https:\/\/portaltela.pt\/noticias\/2026\/04\/08\/confrontos-em-restaurante-de-matosinhos-motivados-por-fumo-de-grelha\/\"},\"author\":{\"name\":\"Telinha\",\"@id\":\"https:\/\/portaltela.pt\/#\/schema\/person\/c4278d4a6028830caff9ee44b42d32ed\"},\"headline\":\"Confrontos em restaurante de Matosinhos motivados por fumo de grelha\",\"datePublished\":\"2026-04-08T10:02:21+00:00\",\"mainEntityOfPage\":{\"@id\":\"https:\/\/portaltela.pt\/noticias\/2026\/04\/08\/confrontos-em-restaurante-de-matosinhos-motivados-por-fumo-de-grelha\/\"},\"wordCount\":136,\"image\":{\"@id\":\"https:\/\/portaltela.pt\/noticias\/2026\/04\/08\/confrontos-em-restaurante-de-matosinhos-motivados-por-fumo-de-grelha\/#primaryimage\"},\"thumbnailUrl\":\"https:\/\/portaltela.pt\/s.01k8rhncp4jt1\/2026\/04\/img_1280x722uu2026-04-08-10-46-20-2277213.jpg\",\"keywords\":[\"_meio-ambiente\",\"inqu\u00e9rito criminal\",\"Matosinhos\",\"Pol\u00edcia de Seguran\u00e7a P\u00fablica\",\"seguran\u00e7a p\u00fablico\"],\"articleSection\":[\"Crime\",\"Pol\u00edcia\"],\"inLanguage\":\"pt-PT\"},{\"@type\":\"WebPage\",\"@id\":\"https:\/\/portaltela.pt\/noticias\/2026\/04\/08\/confrontos-em-restaurante-de-matosinhos-motivados-por-fumo-de-grelha\/\",\"url\":\"https:\/\/portaltela.pt\/noticias\/2026\/04\/08\/confrontos-em-restaurante-de-matosinhos-motivados-por-fumo-de-grelha\/\",\"name\":\"Confrontos em restaurante de Matosinhos motivados por fumo de grelha - Portal Tela Portugal\",\"isPartOf\":{\"@id\":\"https:\/\/portaltela.pt\/#website\"},\"primaryImageOfPage\":{\"@id\":\"https:\/\/portaltela.pt\/noticias\/2026\/04\/08\/confrontos-em-restaurante-de-matosinhos-motivados-por-fumo-de-grelha\/#primaryimage\"},\"image\":{\"@id\":\"https:\/\/portaltela.pt\/noticias\/2026\/04\/08\/confrontos-em-restaurante-de-matosinhos-motivados-por-fumo-de-grelha\/#primaryimage\"},\"thumbnailUrl\":\"https:\/\/portaltela.pt\/s.01k8rhncp4jt1\/2026\/04\/img_1280x722uu2026-04-08-10-46-20-2277213.jpg\",\"datePublished\":\"2026-04-08T10:02:21+00:00\",\"author\":{\"@id\":\"https:\/\/portaltela.pt\/#\/schema\/person\/c4278d4a6028830caff9ee44b42d32ed\"},\"breadcrumb\":{\"@id\":\"https:\/\/portaltela.pt\/noticias\/2026\/04\/08\/confrontos-em-restaurante-de-matosinhos-motivados-por-fumo-de-grelha\/#breadcrumb\"},\"inLanguage\":\"pt-PT\",\"potentialAction\":[{\"@type\":\"ReadAction\",\"target\":[\"https:\/\/portaltela.pt\/noticias\/2026\/04\/08\/confrontos-em-restaurante-de-matosinhos-motivados-por-fumo-de-grelha\/\"]}]},{\"@type\":\"ImageObject\",\"inLanguage\":\"pt-PT\",\"@id\":\"https:\/\/portaltela.pt\/noticias\/2026\/04\/08\/confrontos-em-restaurante-de-matosinhos-motivados-por-fumo-de-grelha\/#primaryimage\",\"url\":\"https:\/\/portaltela.pt\/s.01k8rhncp4jt1\/2026\/04\/img_1280x722uu2026-04-08-10-46-20-2277213.jpg\",\"contentUrl\":\"https:\/\/portaltela.pt\/s.01k8rhncp4jt1\/2026\/04\/img_1280x722uu2026-04-08-10-46-20-2277213.jpg\",\"width\":796,\"height\":448,\"caption\":\"Confrontos entre dois homens em restaurante de Matosinhos motivados por fumo de grelha\"},{\"@type\":\"BreadcrumbList\",\"@id\":\"https:\/\/portaltela.pt\/noticias\/2026\/04\/08\/confrontos-em-restaurante-de-matosinhos-motivados-por-fumo-de-grelha\/#breadcrumb\",\"itemListElement\":[{\"@type\":\"ListItem\",\"position\":1,\"name\":\"In\u00edcio\",\"item\":\"https:\/\/portaltela.pt\/\"},{\"@type\":\"ListItem\",\"position\":2,\"name\":\"Confrontos em restaurante de Matosinhos motivados por fumo de grelha\"}]},{\"@type\":\"WebSite\",\"@id\":\"https:\/\/portaltela.pt\/#website\",\"url\":\"https:\/\/portaltela.pt\/\",\"name\":\"Portal Tela Portugal\",\"description\":\"\",\"potentialAction\":[{\"@type\":\"SearchAction\",\"target\":{\"@type\":\"EntryPoint\",\"urlTemplate\":\"https:\/\/portaltela.pt\/?s={search_term_string}\"},\"query-input\":{\"@type\":\"PropertyValueSpecification\",\"valueRequired\":true,\"valueName\":\"search_term_string\"}}],\"inLanguage\":\"pt-PT\"},{\"@type\":\"Person\",\"@id\":\"https:\/\/portaltela.pt\/#\/schema\/person\/c4278d4a6028830caff9ee44b42d32ed\",\"name\":\"Telinha\",\"image\":{\"@type\":\"ImageObject\",\"inLanguage\":\"pt-PT\",\"@id\":\"https:\/\/portaltela.pt\/s.01k8rhncp4jt1\/2025\/11\/talking-bot-125x125.png\",\"url\":\"https:\/\/portaltela.pt\/s.01k8rhncp4jt1\/2025\/11\/talking-bot-125x125.png\",\"contentUrl\":\"https:\/\/portaltela.pt\/s.01k8rhncp4jt1\/2025\/11\/talking-bot-125x125.png\",\"caption\":\"Telinha\"},\"sameAs\":[\"https:\/\/portaltela.pt\/\"],\"url\":\"https:\/\/portaltela.pt\/por\/367410592786\/\"}]}<\/script>\n<!-- \/ Yoast SEO plugin. -->","yoast_head_json":{"title":"Confrontos em restaurante de Matosinhos motivados por fumo de grelha - Portal Tela Portugal","robots":{"index":"index","follow":"follow","max-snippet":"max-snippet:-1","max-image-preview":"max-image-preview:large","max-video-preview":"max-video-preview:-1"},"og_locale":"pt_PT","og_type":"article","og_title":"Confrontos em restaurante de Matosinhos motivados por fumo de grelha - Portal Tela Portugal","og_description":"Dois homens envolveram\u2011se em confrontos num restaurante em Matosinhos. O incidente ocorreu durante o almo\u00e7o de domingo de P\u00e1scoa. O desentendimento foi motivado pelo fumo da grelha presente no local. O texto n\u00e3o descreve feridos, puni\u00e7\u00f5es ou desfecho do ocorrido. A p\u00e1gina inclui uma imagem relacionada ao incidente.","og_url":"https:\/\/portaltela.pt\/noticias\/2026\/04\/08\/confrontos-em-restaurante-de-matosinhos-motivados-por-fumo-de-grelha\/","og_site_name":"Portal Tela Portugal","article_published_time":"2026-04-08T10:02:21+00:00","author":"Telinha","twitter_card":"summary_large_image","twitter_misc":{"Escrito por":"Telinha","Tempo estimado de leitura":"1 minuto"},"schema":{"@context":"https:\/\/schema.org","@graph":[{"@type":"Article","@id":"https:\/\/portaltela.pt\/noticias\/2026\/04\/08\/confrontos-em-restaurante-de-matosinhos-motivados-por-fumo-de-grelha\/#article","isPartOf":{"@id":"https:\/\/portaltela.pt\/noticias\/2026\/04\/08\/confrontos-em-restaurante-de-matosinhos-motivados-por-fumo-de-grelha\/"},"author":{"name":"Telinha","@id":"https:\/\/portaltela.pt\/#\/schema\/person\/c4278d4a6028830caff9ee44b42d32ed"},"headline":"Confrontos em restaurante de Matosinhos motivados por fumo de grelha","datePublished":"2026-04-08T10:02:21+00:00","mainEntityOfPage":{"@id":"https:\/\/portaltela.pt\/noticias\/2026\/04\/08\/confrontos-em-restaurante-de-matosinhos-motivados-por-fumo-de-grelha\/"},"wordCount":136,"image":{"@id":"https:\/\/portaltela.pt\/noticias\/2026\/04\/08\/confrontos-em-restaurante-de-matosinhos-motivados-por-fumo-de-grelha\/#primaryimage"},"thumbnailUrl":"https:\/\/portaltela.pt\/s.01k8rhncp4jt1\/2026\/04\/img_1280x722uu2026-04-08-10-46-20-2277213.jpg","keywords":["_meio-ambiente","inqu\u00e9rito criminal","Matosinhos","Pol\u00edcia de Seguran\u00e7a P\u00fablica","seguran\u00e7a p\u00fablico"],"articleSection":["Crime","Pol\u00edcia"],"inLanguage":"pt-PT"},{"@type":"WebPage","@id":"https:\/\/portaltela.pt\/noticias\/2026\/04\/08\/confrontos-em-restaurante-de-matosinhos-motivados-por-fumo-de-grelha\/","url":"https:\/\/portaltela.pt\/noticias\/2026\/04\/08\/confrontos-em-restaurante-de-matosinhos-motivados-por-fumo-de-grelha\/","name":"Confrontos em restaurante de Matosinhos motivados por fumo de grelha - Portal Tela Portugal","isPartOf":{"@id":"https:\/\/portaltela.pt\/#website"},"primaryImageOfPage":{"@id":"https:\/\/portaltela.pt\/noticias\/2026\/04\/08\/confrontos-em-restaurante-de-matosinhos-motivados-por-fumo-de-grelha\/#primaryimage"},"image":{"@id":"https:\/\/portaltela.pt\/noticias\/2026\/04\/08\/confrontos-em-restaurante-de-matosinhos-motivados-por-fumo-de-grelha\/#primaryimage"},"thumbnailUrl":"https:\/\/portaltela.pt\/s.01k8rhncp4jt1\/2026\/04\/img_1280x722uu2026-04-08-10-46-20-2277213.jpg","datePublished":"2026-04-08T10:02:21+00:00","author":{"@id":"https:\/\/portaltela.pt\/#\/schema\/person\/c4278d4a6028830caff9ee44b42d32ed"},"breadcrumb":{"@id":"https:\/\/portaltela.pt\/noticias\/2026\/04\/08\/confrontos-em-restaurante-de-matosinhos-motivados-por-fumo-de-grelha\/#breadcrumb"},"inLanguage":"pt-PT","potentialAction":[{"@type":"ReadAction","target":["https:\/\/portaltela.pt\/noticias\/2026\/04\/08\/confrontos-em-restaurante-de-matosinhos-motivados-por-fumo-de-grelha\/"]}]},{"@type":"ImageObject","inLanguage":"pt-PT","@id":"https:\/\/portaltela.pt\/noticias\/2026\/04\/08\/confrontos-em-restaurante-de-matosinhos-motivados-por-fumo-de-grelha\/#primaryimage","url":"https:\/\/portaltela.pt\/s.01k8rhncp4jt1\/2026\/04\/img_1280x722uu2026-04-08-10-46-20-2277213.jpg","contentUrl":"https:\/\/portaltela.pt\/s.01k8rhncp4jt1\/2026\/04\/img_1280x722uu2026-04-08-10-46-20-2277213.jpg","width":796,"height":448,"caption":"Confrontos entre dois homens em restaurante de Matosinhos motivados por fumo de grelha"},{"@type":"BreadcrumbList","@id":"https:\/\/portaltela.pt\/noticias\/2026\/04\/08\/confrontos-em-restaurante-de-matosinhos-motivados-por-fumo-de-grelha\/#breadcrumb","itemListElement":[{"@type":"ListItem","position":1,"name":"In\u00edcio","item":"https:\/\/portaltela.pt\/"},{"@type":"ListItem","position":2,"name":"Confrontos em restaurante de Matosinhos motivados por fumo de grelha"}]},{"@type":"WebSite","@id":"https:\/\/portaltela.pt\/#website","url":"https:\/\/portaltela.pt\/","name":"Portal Tela Portugal","description":"","potentialAction":[{"@type":"SearchAction","target":{"@type":"EntryPoint","urlTemplate":"https:\/\/portaltela.pt\/?s={search_term_string}"},"query-input":{"@type":"PropertyValueSpecification","valueRequired":true,"valueName":"search_term_string"}}],"inLanguage":"pt-PT"},{"@type":"Person","@id":"https:\/\/portaltela.pt\/#\/schema\/person\/c4278d4a6028830caff9ee44b42d32ed","name":"Telinha","image":{"@type":"ImageObject","inLanguage":"pt-PT","@id":"https:\/\/portaltela.pt\/s.01k8rhncp4jt1\/2025\/11\/talking-bot-125x125.png","url":"https:\/\/portaltela.pt\/s.01k8rhncp4jt1\/2025\/11\/talking-bot-125x125.png","contentUrl":"https:\/\/portaltela.pt\/s.01k8rhncp4jt1\/2025\/11\/talking-bot-125x125.png","caption":"Telinha"},"sameAs":["https:\/\/portaltela.pt\/"],"url":"https:\/\/portaltela.pt\/por\/367410592786\/"}]}},"_links":{"self":[{"href":"https:\/\/portaltela.pt\/api\/wp\/v2\/posts\/436367","targetHints":{"allow":["GET"]}}],"collection":[{"href":"https:\/\/portaltela.pt\/api\/wp\/v2\/posts"}],"about":[{"href":"https:\/\/portaltela.pt\/api\/wp\/v2\/types\/post"}],"author":[{"embeddable":true,"href":"https:\/\/portaltela.pt\/api\/wp\/v2\/users\/2"}],"replies":[{"embeddable":true,"href":"https:\/\/portaltela.pt\/api\/wp\/v2\/comments?post=436367"}],"version-history":[{"count":0,"href":"https:\/\/portaltela.pt\/api\/wp\/v2\/posts\/436367\/revisions"}],"wp:featuredmedia":[{"embeddable":true,"href":"https:\/\/portaltela.pt\/api\/wp\/v2\/media\/436368"}],"wp:attachment":[{"href":"https:\/\/portaltela.pt\/api\/wp\/v2\/media?parent=436367"}],"wp:term":[{"taxonomy":"category","embeddable":true,"href":"https:\/\/portaltela.pt\/api\/wp\/v2\/categories?post=436367"},{"taxonomy":"post_tag","embeddable":true,"href":"https:\/\/portaltela.pt\/api\/wp\/v2\/tags?post=436367"}],"curies":[{"name":"wp","href":"https:\/\/api.w.org\/{rel}","templated":true}]}}