{"id":436362,"date":"2026-04-08T07:02:05","date_gmt":"2026-04-08T10:02:05","guid":{"rendered":"https:\/\/portaltela.pt\/noticias\/2026\/04\/08\/assalto-a-ourivesaria-em-lisboa-furto-de-relogios-e-ouro-fuga-de-trotinete\/"},"modified":"2026-04-08T07:02:05","modified_gmt":"2026-04-08T10:02:05","slug":"assalto-a-ourivesaria-em-lisboa-furto-de-relogios-e-ouro-fuga-de-trotinete","status":"publish","type":"post","link":"https:\/\/portaltela.pt\/criminalidade\/2026\/04\/08\/assalto-a-ourivesaria-em-lisboa-furto-de-relogios-e-ouro-fuga-de-trotinete\/","title":{"rendered":"Assalto a ourivesaria em Lisboa: furto de rel\u00f3gios e ouro, fuga de trotinete"},"content":{"rendered":"<p>Na manh\u00e3 desta segunda-feira, um furto ocorreu numa ourivesaria no centro hist\u00f3rico de Lisboa. Um homem entrou na loja, amea\u00e7ou os funcion\u00e1rios com uma arma de fogo e levou v\u00e1rios rel\u00f3gios e pe\u00e7as de ouro antes de fugir de trotinete.<\/p>\n<p>Segundo a PSP, o incidente ocorreu por volta das 10h30. A pol\u00edcia foi acionada de imediato e iniciou buscas pelo suspeito, que ainda n\u00e3o foi identificado. As imagens de videovigil\u00e2ncia est\u00e3o a ser analisadas para apoiar a identifica\u00e7\u00e3o.<\/p>\n<p>A loja permanece fechada para investiga\u00e7\u00e3o e n\u00e3o h\u00e1 confirma\u00e7\u00e3o de feridos. A PSP solicita a colabora\u00e7\u00e3o de quem tenha informa\u00e7\u00f5es que possam ajudar na localiza\u00e7\u00e3o do suspeito.<\/p>\n<h3>Investiga\u00e7\u00e3o em curso<\/h3>\n<p>A PSP refor\u00e7a que as imagens coletadas ser\u00e3o fundamentais para o avan\u00e7o das dilig\u00eancias. As autoridades pedem \u00e0 popula\u00e7\u00e3o que contacte as for\u00e7as de seguran\u00e7a com qualquer dado relevante. O caso est\u00e1 a ser acompanhado pela brigada de seguran\u00e7a local.<\/p>\n","protected":false},"excerpt":{"rendered":"<ul>\n<li>Suspeito furtou v\u00e1rios rel\u00f3gios e pe\u00e7as de ouro numa ourivesaria em Lisboa por volta das 10h30, na zona do centro hist\u00f3rico.<\/li>\n<li>Entrou na loja, amea\u00e7ou os funcion\u00e1rios com uma arma de fogo e levou os objetos de valor antes de fugir de trotinete.<\/li>\n<li>A PSP est\u00e1 a investigar o caso e analisa as imagens de videovigil\u00e2ncia para identificar o suspeito.<\/li>\n<li>A loja est\u00e1 encerrada para investiga\u00e7\u00e3o; n\u00e3o h\u00e1 informa\u00e7\u00f5es confirmadas sobre feridos ou sobre o que foi realmente levado.<\/li>\n<li>A pol\u00edcia solicita colabora\u00e7\u00e3o da popula\u00e7\u00e3o com informa\u00e7\u00f5es que possam ajudar na captura do suspeito.<\/li>\n<\/ul>\n","protected":false},"author":2,"featured_media":436363,"comment_status":"closed","ping_status":"closed","sticky":false,"template":"","format":"standard","meta":{"footnotes":""},"categories":[6907,7374],"tags":[147,424,188,981,3418,203],"class_list":["post-436362","post","type-post","status-publish","format-standard","has-post-thumbnail","hentry","category-crime","category-criminalidade","tag-crime","tag-furto","tag-joalharia","tag-lisboa","tag-policia-de-seguranca-publica","tag-roubo"],"yoast_head":"<!-- This site is optimized with the Yoast SEO plugin v27.2 - https:\/\/yoast.com\/product\/yoast-seo-wordpress\/ -->\n<title>Assalto a ourivesaria em Lisboa: furto de rel\u00f3gios e ouro, fuga de trotinete - Portal Tela Portugal<\/title>\n<meta name=\"robots\" content=\"index, follow, max-snippet:-1, max-image-preview:large, max-video-preview:-1\" \/>\n<meta property=\"og:locale\" content=\"pt_PT\" \/>\n<meta property=\"og:type\" content=\"article\" \/>\n<meta property=\"og:title\" content=\"Assalto a ourivesaria em Lisboa: furto de rel\u00f3gios e ouro, fuga de trotinete - Portal Tela Portugal\" \/>\n<meta property=\"og:description\" content=\"Suspeito furtou v\u00e1rios rel\u00f3gios e pe\u00e7as de ouro numa ourivesaria em Lisboa por volta das 10h30, na zona do centro hist\u00f3rico. Entrou na loja, amea\u00e7ou os funcion\u00e1rios com uma arma de fogo e levou os objetos de valor antes de fugir de trotinete. A PSP est\u00e1 a investigar o caso e analisa as imagens de videovigil\u00e2ncia para identificar o suspeito. A loja est\u00e1 encerrada para investiga\u00e7\u00e3o; n\u00e3o h\u00e1 informa\u00e7\u00f5es confirmadas sobre feridos ou sobre o que foi realmente levado. A pol\u00edcia solicita colabora\u00e7\u00e3o da popula\u00e7\u00e3o com informa\u00e7\u00f5es que possam ajudar na captura do suspeito.\" \/>\n<meta property=\"og:url\" content=\"https:\/\/portaltela.pt\/noticias\/2026\/04\/08\/assalto-a-ourivesaria-em-lisboa-furto-de-relogios-e-ouro-fuga-de-trotinete\/\" \/>\n<meta property=\"og:site_name\" content=\"Portal Tela Portugal\" \/>\n<meta property=\"article:published_time\" content=\"2026-04-08T10:02:05+00:00\" \/>\n<meta name=\"author\" content=\"Telinha\" \/>\n<meta name=\"twitter:card\" content=\"summary_large_image\" \/>\n<meta name=\"twitter:label1\" content=\"Escrito por\" \/>\n\t<meta name=\"twitter:data1\" content=\"Telinha\" \/>\n\t<meta name=\"twitter:label2\" content=\"Tempo estimado de leitura\" \/>\n\t<meta name=\"twitter:data2\" content=\"1 minuto\" \/>\n<script type=\"application\/ld+json\" class=\"yoast-schema-graph\">{\"@context\":\"https:\/\/schema.org\",\"@graph\":[{\"@type\":\"Article\",\"@id\":\"https:\/\/portaltela.pt\/noticias\/2026\/04\/08\/assalto-a-ourivesaria-em-lisboa-furto-de-relogios-e-ouro-fuga-de-trotinete\/#article\",\"isPartOf\":{\"@id\":\"https:\/\/portaltela.pt\/noticias\/2026\/04\/08\/assalto-a-ourivesaria-em-lisboa-furto-de-relogios-e-ouro-fuga-de-trotinete\/\"},\"author\":{\"name\":\"Telinha\",\"@id\":\"https:\/\/portaltela.pt\/#\/schema\/person\/c4278d4a6028830caff9ee44b42d32ed\"},\"headline\":\"Assalto a ourivesaria em Lisboa: furto de rel\u00f3gios e ouro, fuga de trotinete\",\"datePublished\":\"2026-04-08T10:02:05+00:00\",\"mainEntityOfPage\":{\"@id\":\"https:\/\/portaltela.pt\/noticias\/2026\/04\/08\/assalto-a-ourivesaria-em-lisboa-furto-de-relogios-e-ouro-fuga-de-trotinete\/\"},\"wordCount\":188,\"image\":{\"@id\":\"https:\/\/portaltela.pt\/noticias\/2026\/04\/08\/assalto-a-ourivesaria-em-lisboa-furto-de-relogios-e-ouro-fuga-de-trotinete\/#primaryimage\"},\"thumbnailUrl\":\"https:\/\/portaltela.pt\/s.01k8rhncp4jt1\/2026\/04\/img_1280x722uu2026-04-08-10-53-27-2277216.jpg\",\"keywords\":[\"crime\",\"furto\",\"joalharia\",\"Lisboa\",\"Pol\u00edcia de Seguran\u00e7a P\u00fablica\",\"roubo\"],\"articleSection\":[\"Crime\",\"Criminalidade\"],\"inLanguage\":\"pt-PT\"},{\"@type\":\"WebPage\",\"@id\":\"https:\/\/portaltela.pt\/noticias\/2026\/04\/08\/assalto-a-ourivesaria-em-lisboa-furto-de-relogios-e-ouro-fuga-de-trotinete\/\",\"url\":\"https:\/\/portaltela.pt\/noticias\/2026\/04\/08\/assalto-a-ourivesaria-em-lisboa-furto-de-relogios-e-ouro-fuga-de-trotinete\/\",\"name\":\"Assalto a ourivesaria em Lisboa: furto de rel\u00f3gios e ouro, fuga de trotinete - Portal Tela Portugal\",\"isPartOf\":{\"@id\":\"https:\/\/portaltela.pt\/#website\"},\"primaryImageOfPage\":{\"@id\":\"https:\/\/portaltela.pt\/noticias\/2026\/04\/08\/assalto-a-ourivesaria-em-lisboa-furto-de-relogios-e-ouro-fuga-de-trotinete\/#primaryimage\"},\"image\":{\"@id\":\"https:\/\/portaltela.pt\/noticias\/2026\/04\/08\/assalto-a-ourivesaria-em-lisboa-furto-de-relogios-e-ouro-fuga-de-trotinete\/#primaryimage\"},\"thumbnailUrl\":\"https:\/\/portaltela.pt\/s.01k8rhncp4jt1\/2026\/04\/img_1280x722uu2026-04-08-10-53-27-2277216.jpg\",\"datePublished\":\"2026-04-08T10:02:05+00:00\",\"author\":{\"@id\":\"https:\/\/portaltela.pt\/#\/schema\/person\/c4278d4a6028830caff9ee44b42d32ed\"},\"breadcrumb\":{\"@id\":\"https:\/\/portaltela.pt\/noticias\/2026\/04\/08\/assalto-a-ourivesaria-em-lisboa-furto-de-relogios-e-ouro-fuga-de-trotinete\/#breadcrumb\"},\"inLanguage\":\"pt-PT\",\"potentialAction\":[{\"@type\":\"ReadAction\",\"target\":[\"https:\/\/portaltela.pt\/noticias\/2026\/04\/08\/assalto-a-ourivesaria-em-lisboa-furto-de-relogios-e-ouro-fuga-de-trotinete\/\"]}]},{\"@type\":\"ImageObject\",\"inLanguage\":\"pt-PT\",\"@id\":\"https:\/\/portaltela.pt\/noticias\/2026\/04\/08\/assalto-a-ourivesaria-em-lisboa-furto-de-relogios-e-ouro-fuga-de-trotinete\/#primaryimage\",\"url\":\"https:\/\/portaltela.pt\/s.01k8rhncp4jt1\/2026\/04\/img_1280x722uu2026-04-08-10-53-27-2277216.jpg\",\"contentUrl\":\"https:\/\/portaltela.pt\/s.01k8rhncp4jt1\/2026\/04\/img_1280x722uu2026-04-08-10-53-27-2277216.jpg\",\"width\":796,\"height\":448,\"caption\":\"Furto na ourivesaria em Lisboa\"},{\"@type\":\"BreadcrumbList\",\"@id\":\"https:\/\/portaltela.pt\/noticias\/2026\/04\/08\/assalto-a-ourivesaria-em-lisboa-furto-de-relogios-e-ouro-fuga-de-trotinete\/#breadcrumb\",\"itemListElement\":[{\"@type\":\"ListItem\",\"position\":1,\"name\":\"In\u00edcio\",\"item\":\"https:\/\/portaltela.pt\/\"},{\"@type\":\"ListItem\",\"position\":2,\"name\":\"Assalto a ourivesaria em Lisboa: furto de rel\u00f3gios e ouro, fuga de trotinete\"}]},{\"@type\":\"WebSite\",\"@id\":\"https:\/\/portaltela.pt\/#website\",\"url\":\"https:\/\/portaltela.pt\/\",\"name\":\"Portal Tela Portugal\",\"description\":\"\",\"potentialAction\":[{\"@type\":\"SearchAction\",\"target\":{\"@type\":\"EntryPoint\",\"urlTemplate\":\"https:\/\/portaltela.pt\/?s={search_term_string}\"},\"query-input\":{\"@type\":\"PropertyValueSpecification\",\"valueRequired\":true,\"valueName\":\"search_term_string\"}}],\"inLanguage\":\"pt-PT\"},{\"@type\":\"Person\",\"@id\":\"https:\/\/portaltela.pt\/#\/schema\/person\/c4278d4a6028830caff9ee44b42d32ed\",\"name\":\"Telinha\",\"image\":{\"@type\":\"ImageObject\",\"inLanguage\":\"pt-PT\",\"@id\":\"https:\/\/portaltela.pt\/s.01k8rhncp4jt1\/2025\/11\/talking-bot-125x125.png\",\"url\":\"https:\/\/portaltela.pt\/s.01k8rhncp4jt1\/2025\/11\/talking-bot-125x125.png\",\"contentUrl\":\"https:\/\/portaltela.pt\/s.01k8rhncp4jt1\/2025\/11\/talking-bot-125x125.png\",\"caption\":\"Telinha\"},\"sameAs\":[\"https:\/\/portaltela.pt\/\"],\"url\":\"https:\/\/portaltela.pt\/por\/367410592786\/\"}]}<\/script>\n<!-- \/ Yoast SEO plugin. -->","yoast_head_json":{"title":"Assalto a ourivesaria em Lisboa: furto de rel\u00f3gios e ouro, fuga de trotinete - Portal Tela Portugal","robots":{"index":"index","follow":"follow","max-snippet":"max-snippet:-1","max-image-preview":"max-image-preview:large","max-video-preview":"max-video-preview:-1"},"og_locale":"pt_PT","og_type":"article","og_title":"Assalto a ourivesaria em Lisboa: furto de rel\u00f3gios e ouro, fuga de trotinete - Portal Tela Portugal","og_description":"Suspeito furtou v\u00e1rios rel\u00f3gios e pe\u00e7as de ouro numa ourivesaria em Lisboa por volta das 10h30, na zona do centro hist\u00f3rico. Entrou na loja, amea\u00e7ou os funcion\u00e1rios com uma arma de fogo e levou os objetos de valor antes de fugir de trotinete. A PSP est\u00e1 a investigar o caso e analisa as imagens de videovigil\u00e2ncia para identificar o suspeito. A loja est\u00e1 encerrada para investiga\u00e7\u00e3o; n\u00e3o h\u00e1 informa\u00e7\u00f5es confirmadas sobre feridos ou sobre o que foi realmente levado. A pol\u00edcia solicita colabora\u00e7\u00e3o da popula\u00e7\u00e3o com informa\u00e7\u00f5es que possam ajudar na captura do suspeito.","og_url":"https:\/\/portaltela.pt\/noticias\/2026\/04\/08\/assalto-a-ourivesaria-em-lisboa-furto-de-relogios-e-ouro-fuga-de-trotinete\/","og_site_name":"Portal Tela Portugal","article_published_time":"2026-04-08T10:02:05+00:00","author":"Telinha","twitter_card":"summary_large_image","twitter_misc":{"Escrito por":"Telinha","Tempo estimado de leitura":"1 minuto"},"schema":{"@context":"https:\/\/schema.org","@graph":[{"@type":"Article","@id":"https:\/\/portaltela.pt\/noticias\/2026\/04\/08\/assalto-a-ourivesaria-em-lisboa-furto-de-relogios-e-ouro-fuga-de-trotinete\/#article","isPartOf":{"@id":"https:\/\/portaltela.pt\/noticias\/2026\/04\/08\/assalto-a-ourivesaria-em-lisboa-furto-de-relogios-e-ouro-fuga-de-trotinete\/"},"author":{"name":"Telinha","@id":"https:\/\/portaltela.pt\/#\/schema\/person\/c4278d4a6028830caff9ee44b42d32ed"},"headline":"Assalto a ourivesaria em Lisboa: furto de rel\u00f3gios e ouro, fuga de trotinete","datePublished":"2026-04-08T10:02:05+00:00","mainEntityOfPage":{"@id":"https:\/\/portaltela.pt\/noticias\/2026\/04\/08\/assalto-a-ourivesaria-em-lisboa-furto-de-relogios-e-ouro-fuga-de-trotinete\/"},"wordCount":188,"image":{"@id":"https:\/\/portaltela.pt\/noticias\/2026\/04\/08\/assalto-a-ourivesaria-em-lisboa-furto-de-relogios-e-ouro-fuga-de-trotinete\/#primaryimage"},"thumbnailUrl":"https:\/\/portaltela.pt\/s.01k8rhncp4jt1\/2026\/04\/img_1280x722uu2026-04-08-10-53-27-2277216.jpg","keywords":["crime","furto","joalharia","Lisboa","Pol\u00edcia de Seguran\u00e7a P\u00fablica","roubo"],"articleSection":["Crime","Criminalidade"],"inLanguage":"pt-PT"},{"@type":"WebPage","@id":"https:\/\/portaltela.pt\/noticias\/2026\/04\/08\/assalto-a-ourivesaria-em-lisboa-furto-de-relogios-e-ouro-fuga-de-trotinete\/","url":"https:\/\/portaltela.pt\/noticias\/2026\/04\/08\/assalto-a-ourivesaria-em-lisboa-furto-de-relogios-e-ouro-fuga-de-trotinete\/","name":"Assalto a ourivesaria em Lisboa: furto de rel\u00f3gios e ouro, fuga de trotinete - Portal Tela Portugal","isPartOf":{"@id":"https:\/\/portaltela.pt\/#website"},"primaryImageOfPage":{"@id":"https:\/\/portaltela.pt\/noticias\/2026\/04\/08\/assalto-a-ourivesaria-em-lisboa-furto-de-relogios-e-ouro-fuga-de-trotinete\/#primaryimage"},"image":{"@id":"https:\/\/portaltela.pt\/noticias\/2026\/04\/08\/assalto-a-ourivesaria-em-lisboa-furto-de-relogios-e-ouro-fuga-de-trotinete\/#primaryimage"},"thumbnailUrl":"https:\/\/portaltela.pt\/s.01k8rhncp4jt1\/2026\/04\/img_1280x722uu2026-04-08-10-53-27-2277216.jpg","datePublished":"2026-04-08T10:02:05+00:00","author":{"@id":"https:\/\/portaltela.pt\/#\/schema\/person\/c4278d4a6028830caff9ee44b42d32ed"},"breadcrumb":{"@id":"https:\/\/portaltela.pt\/noticias\/2026\/04\/08\/assalto-a-ourivesaria-em-lisboa-furto-de-relogios-e-ouro-fuga-de-trotinete\/#breadcrumb"},"inLanguage":"pt-PT","potentialAction":[{"@type":"ReadAction","target":["https:\/\/portaltela.pt\/noticias\/2026\/04\/08\/assalto-a-ourivesaria-em-lisboa-furto-de-relogios-e-ouro-fuga-de-trotinete\/"]}]},{"@type":"ImageObject","inLanguage":"pt-PT","@id":"https:\/\/portaltela.pt\/noticias\/2026\/04\/08\/assalto-a-ourivesaria-em-lisboa-furto-de-relogios-e-ouro-fuga-de-trotinete\/#primaryimage","url":"https:\/\/portaltela.pt\/s.01k8rhncp4jt1\/2026\/04\/img_1280x722uu2026-04-08-10-53-27-2277216.jpg","contentUrl":"https:\/\/portaltela.pt\/s.01k8rhncp4jt1\/2026\/04\/img_1280x722uu2026-04-08-10-53-27-2277216.jpg","width":796,"height":448,"caption":"Furto na ourivesaria em Lisboa"},{"@type":"BreadcrumbList","@id":"https:\/\/portaltela.pt\/noticias\/2026\/04\/08\/assalto-a-ourivesaria-em-lisboa-furto-de-relogios-e-ouro-fuga-de-trotinete\/#breadcrumb","itemListElement":[{"@type":"ListItem","position":1,"name":"In\u00edcio","item":"https:\/\/portaltela.pt\/"},{"@type":"ListItem","position":2,"name":"Assalto a ourivesaria em Lisboa: furto de rel\u00f3gios e ouro, fuga de trotinete"}]},{"@type":"WebSite","@id":"https:\/\/portaltela.pt\/#website","url":"https:\/\/portaltela.pt\/","name":"Portal Tela Portugal","description":"","potentialAction":[{"@type":"SearchAction","target":{"@type":"EntryPoint","urlTemplate":"https:\/\/portaltela.pt\/?s={search_term_string}"},"query-input":{"@type":"PropertyValueSpecification","valueRequired":true,"valueName":"search_term_string"}}],"inLanguage":"pt-PT"},{"@type":"Person","@id":"https:\/\/portaltela.pt\/#\/schema\/person\/c4278d4a6028830caff9ee44b42d32ed","name":"Telinha","image":{"@type":"ImageObject","inLanguage":"pt-PT","@id":"https:\/\/portaltela.pt\/s.01k8rhncp4jt1\/2025\/11\/talking-bot-125x125.png","url":"https:\/\/portaltela.pt\/s.01k8rhncp4jt1\/2025\/11\/talking-bot-125x125.png","contentUrl":"https:\/\/portaltela.pt\/s.01k8rhncp4jt1\/2025\/11\/talking-bot-125x125.png","caption":"Telinha"},"sameAs":["https:\/\/portaltela.pt\/"],"url":"https:\/\/portaltela.pt\/por\/367410592786\/"}]}},"_links":{"self":[{"href":"https:\/\/portaltela.pt\/api\/wp\/v2\/posts\/436362","targetHints":{"allow":["GET"]}}],"collection":[{"href":"https:\/\/portaltela.pt\/api\/wp\/v2\/posts"}],"about":[{"href":"https:\/\/portaltela.pt\/api\/wp\/v2\/types\/post"}],"author":[{"embeddable":true,"href":"https:\/\/portaltela.pt\/api\/wp\/v2\/users\/2"}],"replies":[{"embeddable":true,"href":"https:\/\/portaltela.pt\/api\/wp\/v2\/comments?post=436362"}],"version-history":[{"count":0,"href":"https:\/\/portaltela.pt\/api\/wp\/v2\/posts\/436362\/revisions"}],"wp:featuredmedia":[{"embeddable":true,"href":"https:\/\/portaltela.pt\/api\/wp\/v2\/media\/436363"}],"wp:attachment":[{"href":"https:\/\/portaltela.pt\/api\/wp\/v2\/media?parent=436362"}],"wp:term":[{"taxonomy":"category","embeddable":true,"href":"https:\/\/portaltela.pt\/api\/wp\/v2\/categories?post=436362"},{"taxonomy":"post_tag","embeddable":true,"href":"https:\/\/portaltela.pt\/api\/wp\/v2\/tags?post=436362"}],"curies":[{"name":"wp","href":"https:\/\/api.w.org\/{rel}","templated":true}]}}