{"id":436361,"date":"2026-04-08T07:02:06","date_gmt":"2026-04-08T10:02:06","guid":{"rendered":"https:\/\/portaltela.pt\/noticias\/2026\/04\/08\/portugal-reforca-presenca-no-baltico-para-monitorizar-presenca-russa\/"},"modified":"2026-04-08T07:02:06","modified_gmt":"2026-04-08T10:02:06","slug":"portugal-reforca-presenca-no-baltico-para-monitorizar-presenca-russa","status":"publish","type":"post","link":"https:\/\/portaltela.pt\/internacionais\/2026\/04\/08\/portugal-reforca-presenca-no-baltico-para-monitorizar-presenca-russa\/","title":{"rendered":"Portugal refor\u00e7a presen\u00e7a no B\u00e1ltico para monitorizar presen\u00e7a russa"},"content":{"rendered":"<p>A fragata da Marinha Portuguesa NRP D. Francisco de Almeida parte esta quarta-feira para uma miss\u00e3o da NATO no mar B\u00e1ltico, para monitorizar a presen\u00e7a russa. A opera\u00e7\u00e3o envolve tamb\u00e9m meios da For\u00e7a A\u00e9rea destacados na regi\u00e3o. O navio est\u00e1 equipado com uma guarni\u00e7\u00e3o de 165 militares.<\/p>\n<p>A miss\u00e3o, integrada na Opera\u00e7\u00e3o Brilliant Shield, tem como principal objetivo acompanhar a atividade dos meios navais e a\u00e9reos da Federa\u00e7\u00e3o Russa, contribuindo para a dissuas\u00e3o pela presen\u00e7a naval da NATO.<\/p>\n<p>A participa\u00e7\u00e3o portuguesa demonstra o empenho na defesa dos interesses da Alian\u00e7a Atl\u00e2ntica e refor\u00e7a o refor\u00e7o do flanco leste. Portugal j\u00e1 envolve militares e ca\u00e7as na regi\u00e3o, destacados pela NATO.<\/p>\n<h3>For\u00e7a A\u00e9rea em miss\u00e3o de policiamento a\u00e9reo<\/h3>\n<p>No \u00e2mbito da Miss\u00e3o de Pol\u00edcia A\u00e9rea do B\u00e1ltico, a For\u00e7a A\u00e9rea Portuguesa coloca 4 ca\u00e7as F-16M e 95 militares na Base A\u00e9rea de \u00c4mari, na Est\u00f3nia, para apoiar a dissuas\u00e3o e a prote\u00e7\u00e3o de infraestruturas na Est\u00f3nia, Let\u00f3nia e Litu\u00e2nia.<\/p>\n<p>A miss\u00e3o, que decorre entre 1 de abril e 31 de julho, envolve exerc\u00edcios de treino a\u00e9reo, terrestre e naval em coopera\u00e7\u00e3o com for\u00e7as locais e de outros membros da NATO. A FAP lidera os trabalhos nesta fase da opera\u00e7\u00e3o.<\/p>\n<p>A participa\u00e7\u00e3o portuguesa reafirma o compromisso com a seguran\u00e7a do espa\u00e7o a\u00e9reo e com a prote\u00e7\u00e3o do espa\u00e7o fronteiri\u00e7o dos estados b\u00e1lticos, no marco das miss\u00f5es de policiamento da NATO.<\/p>\n","protected":false},"excerpt":{"rendered":"<ul>\n<li>A fragata NRP D. Francisco de Almeida partiu de Portugal para o B\u00e1ltico, integrando a Opera\u00e7\u00e3o Brilliant Shield da NATO com uma guarni\u00e7\u00e3o de 165 militares.<\/li>\n<li>A principal miss\u00e3o \u00e9 monitorizar a atividade dos meios navais e a\u00e9reos da Federa\u00e7\u00e3o Russa, contribuindo para a dissuas\u00e3o pela presen\u00e7a naval da NATO.<\/li>\n<li>Portugal refor\u00e7a o flanco leste da NATO, com apoio de meios da For\u00e7a A\u00e9rea destacados na regi\u00e3o.<\/li>\n<li>No \u00e2mbito da Miss\u00e3o de Pol\u00edcia A\u00e9rea do B\u00e1ltico da NATO, a For\u00e7a A\u00e9rea Portuguesa envia quatro ca\u00e7as F-16M e 95 militares para a Base A\u00e9rea de \u00c4mari, na Est\u00f3nia, entre 1 de abril e 31 de julho.<\/li>\n<li>Esta \u00e9 a nona participa\u00e7\u00e3o da For\u00e7a A\u00e9rea nesta miss\u00e3o de policiamento a\u00e9reo dos B\u00e1lticos, que Portugal tem vindo a realizar desde 2007.<\/li>\n<\/ul>\n","protected":false},"author":2,"featured_media":436364,"comment_status":"closed","ping_status":"closed","sticky":false,"template":"","format":"standard","meta":{"footnotes":""},"categories":[6790,6912],"tags":[3486,4299,2166,3630,4298,4556],"class_list":["post-436361","post","type-post","status-publish","format-standard","has-post-thumbnail","hentry","category-conflitos","category-internacionais","tag-estonia","tag-forca-aerea","tag-letonia","tag-lituania","tag-marinha","tag-navios"],"yoast_head":"<!-- This site is optimized with the Yoast SEO plugin v27.2 - https:\/\/yoast.com\/product\/yoast-seo-wordpress\/ -->\n<title>Portugal refor\u00e7a presen\u00e7a no B\u00e1ltico para monitorizar presen\u00e7a russa - Portal Tela Portugal<\/title>\n<meta name=\"robots\" content=\"index, follow, max-snippet:-1, max-image-preview:large, max-video-preview:-1\" \/>\n<meta property=\"og:locale\" content=\"pt_PT\" \/>\n<meta property=\"og:type\" content=\"article\" \/>\n<meta property=\"og:title\" content=\"Portugal refor\u00e7a presen\u00e7a no B\u00e1ltico para monitorizar presen\u00e7a russa - Portal Tela Portugal\" \/>\n<meta property=\"og:description\" content=\"A fragata NRP D. Francisco de Almeida partiu de Portugal para o B\u00e1ltico, integrando a Opera\u00e7\u00e3o Brilliant Shield da NATO com uma guarni\u00e7\u00e3o de 165 militares. A principal miss\u00e3o \u00e9 monitorizar a atividade dos meios navais e a\u00e9reos da Federa\u00e7\u00e3o Russa, contribuindo para a dissuas\u00e3o pela presen\u00e7a naval da NATO. Portugal refor\u00e7a o flanco leste da NATO, com apoio de meios da For\u00e7a A\u00e9rea destacados na regi\u00e3o. No \u00e2mbito da Miss\u00e3o de Pol\u00edcia A\u00e9rea do B\u00e1ltico da NATO, a For\u00e7a A\u00e9rea Portuguesa envia quatro ca\u00e7as F-16M e 95 militares para a Base A\u00e9rea de \u00c4mari, na Est\u00f3nia, entre 1 de abril e 31 de julho. Esta \u00e9 a nona participa\u00e7\u00e3o da For\u00e7a A\u00e9rea nesta miss\u00e3o de policiamento a\u00e9reo dos B\u00e1lticos, que Portugal tem vindo a realizar desde 2007.\" \/>\n<meta property=\"og:url\" content=\"https:\/\/portaltela.pt\/noticias\/2026\/04\/08\/portugal-reforca-presenca-no-baltico-para-monitorizar-presenca-russa\/\" \/>\n<meta property=\"og:site_name\" content=\"Portal Tela Portugal\" \/>\n<meta property=\"article:published_time\" content=\"2026-04-08T10:02:06+00:00\" \/>\n<meta name=\"author\" content=\"Telinha\" \/>\n<meta name=\"twitter:card\" content=\"summary_large_image\" \/>\n<meta name=\"twitter:label1\" content=\"Escrito por\" \/>\n\t<meta name=\"twitter:data1\" content=\"Telinha\" \/>\n\t<meta name=\"twitter:label2\" content=\"Tempo estimado de leitura\" \/>\n\t<meta name=\"twitter:data2\" content=\"1 minuto\" \/>\n<script type=\"application\/ld+json\" class=\"yoast-schema-graph\">{\"@context\":\"https:\/\/schema.org\",\"@graph\":[{\"@type\":\"Article\",\"@id\":\"https:\/\/portaltela.pt\/noticias\/2026\/04\/08\/portugal-reforca-presenca-no-baltico-para-monitorizar-presenca-russa\/#article\",\"isPartOf\":{\"@id\":\"https:\/\/portaltela.pt\/noticias\/2026\/04\/08\/portugal-reforca-presenca-no-baltico-para-monitorizar-presenca-russa\/\"},\"author\":{\"name\":\"Telinha\",\"@id\":\"https:\/\/portaltela.pt\/#\/schema\/person\/c4278d4a6028830caff9ee44b42d32ed\"},\"headline\":\"Portugal refor\u00e7a presen\u00e7a no B\u00e1ltico para monitorizar presen\u00e7a russa\",\"datePublished\":\"2026-04-08T10:02:06+00:00\",\"mainEntityOfPage\":{\"@id\":\"https:\/\/portaltela.pt\/noticias\/2026\/04\/08\/portugal-reforca-presenca-no-baltico-para-monitorizar-presenca-russa\/\"},\"wordCount\":291,\"image\":{\"@id\":\"https:\/\/portaltela.pt\/noticias\/2026\/04\/08\/portugal-reforca-presenca-no-baltico-para-monitorizar-presenca-russa\/#primaryimage\"},\"thumbnailUrl\":\"https:\/\/portaltela.pt\/s.01k8rhncp4jt1\/2026\/04\/1536x864_cmsv2_b3df17be-d648-56ca-822f-b476d4f010c4-9714218.jpg\",\"keywords\":[\"Est\u00f3nia\",\"For\u00e7a A\u00e9rea\",\"Let\u00f3nia\",\"Litu\u00e2nia\",\"Marinha\",\"navios\"],\"articleSection\":[\"Conflitos\",\"Internacionais\"],\"inLanguage\":\"pt-PT\"},{\"@type\":\"WebPage\",\"@id\":\"https:\/\/portaltela.pt\/noticias\/2026\/04\/08\/portugal-reforca-presenca-no-baltico-para-monitorizar-presenca-russa\/\",\"url\":\"https:\/\/portaltela.pt\/noticias\/2026\/04\/08\/portugal-reforca-presenca-no-baltico-para-monitorizar-presenca-russa\/\",\"name\":\"Portugal refor\u00e7a presen\u00e7a no B\u00e1ltico para monitorizar presen\u00e7a russa - Portal Tela Portugal\",\"isPartOf\":{\"@id\":\"https:\/\/portaltela.pt\/#website\"},\"primaryImageOfPage\":{\"@id\":\"https:\/\/portaltela.pt\/noticias\/2026\/04\/08\/portugal-reforca-presenca-no-baltico-para-monitorizar-presenca-russa\/#primaryimage\"},\"image\":{\"@id\":\"https:\/\/portaltela.pt\/noticias\/2026\/04\/08\/portugal-reforca-presenca-no-baltico-para-monitorizar-presenca-russa\/#primaryimage\"},\"thumbnailUrl\":\"https:\/\/portaltela.pt\/s.01k8rhncp4jt1\/2026\/04\/1536x864_cmsv2_b3df17be-d648-56ca-822f-b476d4f010c4-9714218.jpg\",\"datePublished\":\"2026-04-08T10:02:06+00:00\",\"author\":{\"@id\":\"https:\/\/portaltela.pt\/#\/schema\/person\/c4278d4a6028830caff9ee44b42d32ed\"},\"breadcrumb\":{\"@id\":\"https:\/\/portaltela.pt\/noticias\/2026\/04\/08\/portugal-reforca-presenca-no-baltico-para-monitorizar-presenca-russa\/#breadcrumb\"},\"inLanguage\":\"pt-PT\",\"potentialAction\":[{\"@type\":\"ReadAction\",\"target\":[\"https:\/\/portaltela.pt\/noticias\/2026\/04\/08\/portugal-reforca-presenca-no-baltico-para-monitorizar-presenca-russa\/\"]}]},{\"@type\":\"ImageObject\",\"inLanguage\":\"pt-PT\",\"@id\":\"https:\/\/portaltela.pt\/noticias\/2026\/04\/08\/portugal-reforca-presenca-no-baltico-para-monitorizar-presenca-russa\/#primaryimage\",\"url\":\"https:\/\/portaltela.pt\/s.01k8rhncp4jt1\/2026\/04\/1536x864_cmsv2_b3df17be-d648-56ca-822f-b476d4f010c4-9714218.jpg\",\"contentUrl\":\"https:\/\/portaltela.pt\/s.01k8rhncp4jt1\/2026\/04\/1536x864_cmsv2_b3df17be-d648-56ca-822f-b476d4f010c4-9714218.jpg\",\"width\":1536,\"height\":864,\"caption\":\"Cerim\u00f3nia de largada do NRP D. Francisco de Almeida decorreu esta quarta-feira, 8 de abril, na Base Naval de Lisboa\"},{\"@type\":\"BreadcrumbList\",\"@id\":\"https:\/\/portaltela.pt\/noticias\/2026\/04\/08\/portugal-reforca-presenca-no-baltico-para-monitorizar-presenca-russa\/#breadcrumb\",\"itemListElement\":[{\"@type\":\"ListItem\",\"position\":1,\"name\":\"In\u00edcio\",\"item\":\"https:\/\/portaltela.pt\/\"},{\"@type\":\"ListItem\",\"position\":2,\"name\":\"Portugal refor\u00e7a presen\u00e7a no B\u00e1ltico para monitorizar presen\u00e7a russa\"}]},{\"@type\":\"WebSite\",\"@id\":\"https:\/\/portaltela.pt\/#website\",\"url\":\"https:\/\/portaltela.pt\/\",\"name\":\"Portal Tela Portugal\",\"description\":\"\",\"potentialAction\":[{\"@type\":\"SearchAction\",\"target\":{\"@type\":\"EntryPoint\",\"urlTemplate\":\"https:\/\/portaltela.pt\/?s={search_term_string}\"},\"query-input\":{\"@type\":\"PropertyValueSpecification\",\"valueRequired\":true,\"valueName\":\"search_term_string\"}}],\"inLanguage\":\"pt-PT\"},{\"@type\":\"Person\",\"@id\":\"https:\/\/portaltela.pt\/#\/schema\/person\/c4278d4a6028830caff9ee44b42d32ed\",\"name\":\"Telinha\",\"image\":{\"@type\":\"ImageObject\",\"inLanguage\":\"pt-PT\",\"@id\":\"https:\/\/portaltela.pt\/s.01k8rhncp4jt1\/2025\/11\/talking-bot-125x125.png\",\"url\":\"https:\/\/portaltela.pt\/s.01k8rhncp4jt1\/2025\/11\/talking-bot-125x125.png\",\"contentUrl\":\"https:\/\/portaltela.pt\/s.01k8rhncp4jt1\/2025\/11\/talking-bot-125x125.png\",\"caption\":\"Telinha\"},\"sameAs\":[\"https:\/\/portaltela.pt\/\"],\"url\":\"https:\/\/portaltela.pt\/por\/367410592786\/\"}]}<\/script>\n<!-- \/ Yoast SEO plugin. -->","yoast_head_json":{"title":"Portugal refor\u00e7a presen\u00e7a no B\u00e1ltico para monitorizar presen\u00e7a russa - Portal Tela Portugal","robots":{"index":"index","follow":"follow","max-snippet":"max-snippet:-1","max-image-preview":"max-image-preview:large","max-video-preview":"max-video-preview:-1"},"og_locale":"pt_PT","og_type":"article","og_title":"Portugal refor\u00e7a presen\u00e7a no B\u00e1ltico para monitorizar presen\u00e7a russa - Portal Tela Portugal","og_description":"A fragata NRP D. Francisco de Almeida partiu de Portugal para o B\u00e1ltico, integrando a Opera\u00e7\u00e3o Brilliant Shield da NATO com uma guarni\u00e7\u00e3o de 165 militares. A principal miss\u00e3o \u00e9 monitorizar a atividade dos meios navais e a\u00e9reos da Federa\u00e7\u00e3o Russa, contribuindo para a dissuas\u00e3o pela presen\u00e7a naval da NATO. Portugal refor\u00e7a o flanco leste da NATO, com apoio de meios da For\u00e7a A\u00e9rea destacados na regi\u00e3o. No \u00e2mbito da Miss\u00e3o de Pol\u00edcia A\u00e9rea do B\u00e1ltico da NATO, a For\u00e7a A\u00e9rea Portuguesa envia quatro ca\u00e7as F-16M e 95 militares para a Base A\u00e9rea de \u00c4mari, na Est\u00f3nia, entre 1 de abril e 31 de julho. Esta \u00e9 a nona participa\u00e7\u00e3o da For\u00e7a A\u00e9rea nesta miss\u00e3o de policiamento a\u00e9reo dos B\u00e1lticos, que Portugal tem vindo a realizar desde 2007.","og_url":"https:\/\/portaltela.pt\/noticias\/2026\/04\/08\/portugal-reforca-presenca-no-baltico-para-monitorizar-presenca-russa\/","og_site_name":"Portal Tela Portugal","article_published_time":"2026-04-08T10:02:06+00:00","author":"Telinha","twitter_card":"summary_large_image","twitter_misc":{"Escrito por":"Telinha","Tempo estimado de leitura":"1 minuto"},"schema":{"@context":"https:\/\/schema.org","@graph":[{"@type":"Article","@id":"https:\/\/portaltela.pt\/noticias\/2026\/04\/08\/portugal-reforca-presenca-no-baltico-para-monitorizar-presenca-russa\/#article","isPartOf":{"@id":"https:\/\/portaltela.pt\/noticias\/2026\/04\/08\/portugal-reforca-presenca-no-baltico-para-monitorizar-presenca-russa\/"},"author":{"name":"Telinha","@id":"https:\/\/portaltela.pt\/#\/schema\/person\/c4278d4a6028830caff9ee44b42d32ed"},"headline":"Portugal refor\u00e7a presen\u00e7a no B\u00e1ltico para monitorizar presen\u00e7a russa","datePublished":"2026-04-08T10:02:06+00:00","mainEntityOfPage":{"@id":"https:\/\/portaltela.pt\/noticias\/2026\/04\/08\/portugal-reforca-presenca-no-baltico-para-monitorizar-presenca-russa\/"},"wordCount":291,"image":{"@id":"https:\/\/portaltela.pt\/noticias\/2026\/04\/08\/portugal-reforca-presenca-no-baltico-para-monitorizar-presenca-russa\/#primaryimage"},"thumbnailUrl":"https:\/\/portaltela.pt\/s.01k8rhncp4jt1\/2026\/04\/1536x864_cmsv2_b3df17be-d648-56ca-822f-b476d4f010c4-9714218.jpg","keywords":["Est\u00f3nia","For\u00e7a A\u00e9rea","Let\u00f3nia","Litu\u00e2nia","Marinha","navios"],"articleSection":["Conflitos","Internacionais"],"inLanguage":"pt-PT"},{"@type":"WebPage","@id":"https:\/\/portaltela.pt\/noticias\/2026\/04\/08\/portugal-reforca-presenca-no-baltico-para-monitorizar-presenca-russa\/","url":"https:\/\/portaltela.pt\/noticias\/2026\/04\/08\/portugal-reforca-presenca-no-baltico-para-monitorizar-presenca-russa\/","name":"Portugal refor\u00e7a presen\u00e7a no B\u00e1ltico para monitorizar presen\u00e7a russa - Portal Tela Portugal","isPartOf":{"@id":"https:\/\/portaltela.pt\/#website"},"primaryImageOfPage":{"@id":"https:\/\/portaltela.pt\/noticias\/2026\/04\/08\/portugal-reforca-presenca-no-baltico-para-monitorizar-presenca-russa\/#primaryimage"},"image":{"@id":"https:\/\/portaltela.pt\/noticias\/2026\/04\/08\/portugal-reforca-presenca-no-baltico-para-monitorizar-presenca-russa\/#primaryimage"},"thumbnailUrl":"https:\/\/portaltela.pt\/s.01k8rhncp4jt1\/2026\/04\/1536x864_cmsv2_b3df17be-d648-56ca-822f-b476d4f010c4-9714218.jpg","datePublished":"2026-04-08T10:02:06+00:00","author":{"@id":"https:\/\/portaltela.pt\/#\/schema\/person\/c4278d4a6028830caff9ee44b42d32ed"},"breadcrumb":{"@id":"https:\/\/portaltela.pt\/noticias\/2026\/04\/08\/portugal-reforca-presenca-no-baltico-para-monitorizar-presenca-russa\/#breadcrumb"},"inLanguage":"pt-PT","potentialAction":[{"@type":"ReadAction","target":["https:\/\/portaltela.pt\/noticias\/2026\/04\/08\/portugal-reforca-presenca-no-baltico-para-monitorizar-presenca-russa\/"]}]},{"@type":"ImageObject","inLanguage":"pt-PT","@id":"https:\/\/portaltela.pt\/noticias\/2026\/04\/08\/portugal-reforca-presenca-no-baltico-para-monitorizar-presenca-russa\/#primaryimage","url":"https:\/\/portaltela.pt\/s.01k8rhncp4jt1\/2026\/04\/1536x864_cmsv2_b3df17be-d648-56ca-822f-b476d4f010c4-9714218.jpg","contentUrl":"https:\/\/portaltela.pt\/s.01k8rhncp4jt1\/2026\/04\/1536x864_cmsv2_b3df17be-d648-56ca-822f-b476d4f010c4-9714218.jpg","width":1536,"height":864,"caption":"Cerim\u00f3nia de largada do NRP D. Francisco de Almeida decorreu esta quarta-feira, 8 de abril, na Base Naval de Lisboa"},{"@type":"BreadcrumbList","@id":"https:\/\/portaltela.pt\/noticias\/2026\/04\/08\/portugal-reforca-presenca-no-baltico-para-monitorizar-presenca-russa\/#breadcrumb","itemListElement":[{"@type":"ListItem","position":1,"name":"In\u00edcio","item":"https:\/\/portaltela.pt\/"},{"@type":"ListItem","position":2,"name":"Portugal refor\u00e7a presen\u00e7a no B\u00e1ltico para monitorizar presen\u00e7a russa"}]},{"@type":"WebSite","@id":"https:\/\/portaltela.pt\/#website","url":"https:\/\/portaltela.pt\/","name":"Portal Tela Portugal","description":"","potentialAction":[{"@type":"SearchAction","target":{"@type":"EntryPoint","urlTemplate":"https:\/\/portaltela.pt\/?s={search_term_string}"},"query-input":{"@type":"PropertyValueSpecification","valueRequired":true,"valueName":"search_term_string"}}],"inLanguage":"pt-PT"},{"@type":"Person","@id":"https:\/\/portaltela.pt\/#\/schema\/person\/c4278d4a6028830caff9ee44b42d32ed","name":"Telinha","image":{"@type":"ImageObject","inLanguage":"pt-PT","@id":"https:\/\/portaltela.pt\/s.01k8rhncp4jt1\/2025\/11\/talking-bot-125x125.png","url":"https:\/\/portaltela.pt\/s.01k8rhncp4jt1\/2025\/11\/talking-bot-125x125.png","contentUrl":"https:\/\/portaltela.pt\/s.01k8rhncp4jt1\/2025\/11\/talking-bot-125x125.png","caption":"Telinha"},"sameAs":["https:\/\/portaltela.pt\/"],"url":"https:\/\/portaltela.pt\/por\/367410592786\/"}]}},"_links":{"self":[{"href":"https:\/\/portaltela.pt\/api\/wp\/v2\/posts\/436361","targetHints":{"allow":["GET"]}}],"collection":[{"href":"https:\/\/portaltela.pt\/api\/wp\/v2\/posts"}],"about":[{"href":"https:\/\/portaltela.pt\/api\/wp\/v2\/types\/post"}],"author":[{"embeddable":true,"href":"https:\/\/portaltela.pt\/api\/wp\/v2\/users\/2"}],"replies":[{"embeddable":true,"href":"https:\/\/portaltela.pt\/api\/wp\/v2\/comments?post=436361"}],"version-history":[{"count":0,"href":"https:\/\/portaltela.pt\/api\/wp\/v2\/posts\/436361\/revisions"}],"wp:featuredmedia":[{"embeddable":true,"href":"https:\/\/portaltela.pt\/api\/wp\/v2\/media\/436364"}],"wp:attachment":[{"href":"https:\/\/portaltela.pt\/api\/wp\/v2\/media?parent=436361"}],"wp:term":[{"taxonomy":"category","embeddable":true,"href":"https:\/\/portaltela.pt\/api\/wp\/v2\/categories?post=436361"},{"taxonomy":"post_tag","embeddable":true,"href":"https:\/\/portaltela.pt\/api\/wp\/v2\/tags?post=436361"}],"curies":[{"name":"wp","href":"https:\/\/api.w.org\/{rel}","templated":true}]}}