{"id":436315,"date":"2026-04-08T06:32:44","date_gmt":"2026-04-08T09:32:44","guid":{"rendered":"https:\/\/portaltela.pt\/noticias\/2026\/04\/08\/buscas-aos-bombeiros-famalicenses-ligadas-a-factos-ate-2025\/"},"modified":"2026-04-08T06:32:44","modified_gmt":"2026-04-08T09:32:44","slug":"buscas-aos-bombeiros-famalicenses-ligadas-a-factos-ate-2025","status":"publish","type":"post","link":"https:\/\/portaltela.pt\/policia\/2026\/04\/08\/buscas-aos-bombeiros-famalicenses-ligadas-a-factos-ate-2025\/","title":{"rendered":"Buscas aos Bombeiros Famalicenses ligadas a factos at\u00e9 2025"},"content":{"rendered":"<p>Os Bombeiros Volunt\u00e1rios de Famalicenses anunciaram, em comunica\u00e7\u00e3o publicada nas redes sociais, que as buscas realizadas pela Pol\u00edcia Judici\u00e1ria (PJ) na ter\u00e7a-feira est\u00e3o relacionadas com factos reportados at\u00e9 2025. A investiga\u00e7\u00e3o ter\u00e1 iniciado ap\u00f3s uma den\u00fancia an\u00f3nima recebida pelas autoridades, com envio de v\u00e1rias cartas an\u00f3nimas a diferentes entidades.<\/p>\n<p>Desde o primeiro momento, a corpora\u00e7\u00e3o sublinha ter colaborado plenamente com as autoridades. O objetivo \u00e9 contribuir para o completo esclarecimento da situa\u00e7\u00e3o, assegurando disponibilidade cont\u00ednua para apoiar as dilig\u00eancias.<\/p>\n<p>A PJ de Braga esteve no quartel dos Bombeiros Famalicenses durante a manh\u00e3 e parte da tarde de ter\u00e7a-feira, para recolher elementos de prova. A institui\u00e7\u00e3o destaca que as dilig\u00eancias n\u00e3o comprometeram o funcionamento normal dos servi\u00e7os nem a capacidade de resposta \u00e0 popula\u00e7\u00e3o.<\/p>\n<p>A Associa\u00e7\u00e3o Humanit\u00e1ria dos Bombeiros Famalicenses refor\u00e7a o compromisso com a transpar\u00eancia, a responsabilidade e a dedica\u00e7\u00e3o \u00e0 comunidade, reiterando a disponibilidade para colaborar com as autoridades no decorrer do processo.<\/p>\n","protected":false},"excerpt":{"rendered":"<ul>\n<li>A Pol\u00edcia Judici\u00e1ria (PJ) realizou dilig\u00eancias no quartel dos Bombeiros Famalicenses na passada ter\u00e7a-feira, relacionadas com factos reportados at\u00e9 2025.<\/li>\n<li>A investiga\u00e7\u00e3o ter\u00e1 tido in\u00edcio a partir de uma den\u00fancia an\u00f3nima recebida pelas autoridades, com envio de v\u00e1rias cartas an\u00f3nimas a diferentes entidades.<\/li>\n<li>Os bombeiros informam ter colaborado desde o in\u00edcio e manterem disponibilidade para continuar a colaborar no esclarecimento da situa\u00e7\u00e3o.<\/li>\n<li>Inspetores da PJ de Braga estiveram durante a manh\u00e3 e parte da tarde no quartel, recolhendo v\u00e1rios elementos de prova.<\/li>\n<li>O comunicado sublinha que a situa\u00e7\u00e3o n\u00e3o compromete o normal funcionamento da corpora\u00e7\u00e3o, que continua a atender a popula\u00e7\u00e3o com servi\u00e7os ativos.<\/li>\n<\/ul>\n","protected":false},"author":2,"featured_media":436316,"comment_status":"closed","ping_status":"closed","sticky":false,"template":"","format":"standard","meta":{"footnotes":""},"categories":[6815,6781],"tags":[7832,4351,1207,6228,215,1802],"class_list":["post-436315","post","type-post","status-publish","format-standard","has-post-thumbnail","hentry","category-justica","category-policia","tag-associacao-humanitaria","tag-bombeiros-voluntarios","tag-braga","tag-denuncias","tag-investigacao","tag-policia-judiciaria"],"yoast_head":"<!-- This site is optimized with the Yoast SEO plugin v27.2 - https:\/\/yoast.com\/product\/yoast-seo-wordpress\/ -->\n<title>Buscas aos Bombeiros Famalicenses ligadas a factos at\u00e9 2025 - Portal Tela Portugal<\/title>\n<meta name=\"robots\" content=\"index, follow, max-snippet:-1, max-image-preview:large, max-video-preview:-1\" \/>\n<meta property=\"og:locale\" content=\"pt_PT\" \/>\n<meta property=\"og:type\" content=\"article\" \/>\n<meta property=\"og:title\" content=\"Buscas aos Bombeiros Famalicenses ligadas a factos at\u00e9 2025 - Portal Tela Portugal\" \/>\n<meta property=\"og:description\" content=\"A Pol\u00edcia Judici\u00e1ria (PJ) realizou dilig\u00eancias no quartel dos Bombeiros Famalicenses na passada ter\u00e7a-feira, relacionadas com factos reportados at\u00e9 2025. A investiga\u00e7\u00e3o ter\u00e1 tido in\u00edcio a partir de uma den\u00fancia an\u00f3nima recebida pelas autoridades, com envio de v\u00e1rias cartas an\u00f3nimas a diferentes entidades. Os bombeiros informam ter colaborado desde o in\u00edcio e manterem disponibilidade para continuar a colaborar no esclarecimento da situa\u00e7\u00e3o. Inspetores da PJ de Braga estiveram durante a manh\u00e3 e parte da tarde no quartel, recolhendo v\u00e1rios elementos de prova. O comunicado sublinha que a situa\u00e7\u00e3o n\u00e3o compromete o normal funcionamento da corpora\u00e7\u00e3o, que continua a atender a popula\u00e7\u00e3o com servi\u00e7os ativos.\" \/>\n<meta property=\"og:url\" content=\"https:\/\/portaltela.pt\/noticias\/2026\/04\/08\/buscas-aos-bombeiros-famalicenses-ligadas-a-factos-ate-2025\/\" \/>\n<meta property=\"og:site_name\" content=\"Portal Tela Portugal\" \/>\n<meta property=\"article:published_time\" content=\"2026-04-08T09:32:44+00:00\" \/>\n<meta name=\"author\" content=\"Telinha\" \/>\n<meta name=\"twitter:card\" content=\"summary_large_image\" \/>\n<meta name=\"twitter:label1\" content=\"Escrito por\" \/>\n\t<meta name=\"twitter:data1\" content=\"Telinha\" \/>\n\t<meta name=\"twitter:label2\" content=\"Tempo estimado de leitura\" \/>\n\t<meta name=\"twitter:data2\" content=\"1 minuto\" \/>\n<script type=\"application\/ld+json\" class=\"yoast-schema-graph\">{\"@context\":\"https:\/\/schema.org\",\"@graph\":[{\"@type\":\"Article\",\"@id\":\"https:\/\/portaltela.pt\/noticias\/2026\/04\/08\/buscas-aos-bombeiros-famalicenses-ligadas-a-factos-ate-2025\/#article\",\"isPartOf\":{\"@id\":\"https:\/\/portaltela.pt\/noticias\/2026\/04\/08\/buscas-aos-bombeiros-famalicenses-ligadas-a-factos-ate-2025\/\"},\"author\":{\"name\":\"Telinha\",\"@id\":\"https:\/\/portaltela.pt\/#\/schema\/person\/c4278d4a6028830caff9ee44b42d32ed\"},\"headline\":\"Buscas aos Bombeiros Famalicenses ligadas a factos at\u00e9 2025\",\"datePublished\":\"2026-04-08T09:32:44+00:00\",\"mainEntityOfPage\":{\"@id\":\"https:\/\/portaltela.pt\/noticias\/2026\/04\/08\/buscas-aos-bombeiros-famalicenses-ligadas-a-factos-ate-2025\/\"},\"wordCount\":185,\"image\":{\"@id\":\"https:\/\/portaltela.pt\/noticias\/2026\/04\/08\/buscas-aos-bombeiros-famalicenses-ligadas-a-factos-ate-2025\/#primaryimage\"},\"thumbnailUrl\":\"https:\/\/portaltela.pt\/s.01k8rhncp4jt1\/2026\/04\/d35e0c77-47a2-4925-8e37-ccee20632ee1_1200x675.jpg\",\"keywords\":[\"Associa\u00e7\u00e3o Humanit\u00e1ria\",\"Bombeiros Volunt\u00e1rios\",\"Braga\",\"den\u00fancias\",\"investiga\u00e7\u00e3o\",\"Pol\u00edcia Judici\u00e1ria\"],\"articleSection\":[\"Justi\u00e7a\",\"Pol\u00edcia\"],\"inLanguage\":\"pt-PT\"},{\"@type\":\"WebPage\",\"@id\":\"https:\/\/portaltela.pt\/noticias\/2026\/04\/08\/buscas-aos-bombeiros-famalicenses-ligadas-a-factos-ate-2025\/\",\"url\":\"https:\/\/portaltela.pt\/noticias\/2026\/04\/08\/buscas-aos-bombeiros-famalicenses-ligadas-a-factos-ate-2025\/\",\"name\":\"Buscas aos Bombeiros Famalicenses ligadas a factos at\u00e9 2025 - Portal Tela Portugal\",\"isPartOf\":{\"@id\":\"https:\/\/portaltela.pt\/#website\"},\"primaryImageOfPage\":{\"@id\":\"https:\/\/portaltela.pt\/noticias\/2026\/04\/08\/buscas-aos-bombeiros-famalicenses-ligadas-a-factos-ate-2025\/#primaryimage\"},\"image\":{\"@id\":\"https:\/\/portaltela.pt\/noticias\/2026\/04\/08\/buscas-aos-bombeiros-famalicenses-ligadas-a-factos-ate-2025\/#primaryimage\"},\"thumbnailUrl\":\"https:\/\/portaltela.pt\/s.01k8rhncp4jt1\/2026\/04\/d35e0c77-47a2-4925-8e37-ccee20632ee1_1200x675.jpg\",\"datePublished\":\"2026-04-08T09:32:44+00:00\",\"author\":{\"@id\":\"https:\/\/portaltela.pt\/#\/schema\/person\/c4278d4a6028830caff9ee44b42d32ed\"},\"breadcrumb\":{\"@id\":\"https:\/\/portaltela.pt\/noticias\/2026\/04\/08\/buscas-aos-bombeiros-famalicenses-ligadas-a-factos-ate-2025\/#breadcrumb\"},\"inLanguage\":\"pt-PT\",\"potentialAction\":[{\"@type\":\"ReadAction\",\"target\":[\"https:\/\/portaltela.pt\/noticias\/2026\/04\/08\/buscas-aos-bombeiros-famalicenses-ligadas-a-factos-ate-2025\/\"]}]},{\"@type\":\"ImageObject\",\"inLanguage\":\"pt-PT\",\"@id\":\"https:\/\/portaltela.pt\/noticias\/2026\/04\/08\/buscas-aos-bombeiros-famalicenses-ligadas-a-factos-ate-2025\/#primaryimage\",\"url\":\"https:\/\/portaltela.pt\/s.01k8rhncp4jt1\/2026\/04\/d35e0c77-47a2-4925-8e37-ccee20632ee1_1200x675.jpg\",\"contentUrl\":\"https:\/\/portaltela.pt\/s.01k8rhncp4jt1\/2026\/04\/d35e0c77-47a2-4925-8e37-ccee20632ee1_1200x675.jpg\",\"width\":1200,\"height\":675,\"caption\":\"A investiga\u00e7\u00e3o ter\u00e1 come\u00e7ado por uma den\u00fancia an\u00f3nima que ter\u00e1 chegado \u00e0s autoridades\"},{\"@type\":\"BreadcrumbList\",\"@id\":\"https:\/\/portaltela.pt\/noticias\/2026\/04\/08\/buscas-aos-bombeiros-famalicenses-ligadas-a-factos-ate-2025\/#breadcrumb\",\"itemListElement\":[{\"@type\":\"ListItem\",\"position\":1,\"name\":\"In\u00edcio\",\"item\":\"https:\/\/portaltela.pt\/\"},{\"@type\":\"ListItem\",\"position\":2,\"name\":\"Buscas aos Bombeiros Famalicenses ligadas a factos at\u00e9 2025\"}]},{\"@type\":\"WebSite\",\"@id\":\"https:\/\/portaltela.pt\/#website\",\"url\":\"https:\/\/portaltela.pt\/\",\"name\":\"Portal Tela Portugal\",\"description\":\"\",\"potentialAction\":[{\"@type\":\"SearchAction\",\"target\":{\"@type\":\"EntryPoint\",\"urlTemplate\":\"https:\/\/portaltela.pt\/?s={search_term_string}\"},\"query-input\":{\"@type\":\"PropertyValueSpecification\",\"valueRequired\":true,\"valueName\":\"search_term_string\"}}],\"inLanguage\":\"pt-PT\"},{\"@type\":\"Person\",\"@id\":\"https:\/\/portaltela.pt\/#\/schema\/person\/c4278d4a6028830caff9ee44b42d32ed\",\"name\":\"Telinha\",\"image\":{\"@type\":\"ImageObject\",\"inLanguage\":\"pt-PT\",\"@id\":\"https:\/\/portaltela.pt\/s.01k8rhncp4jt1\/2025\/11\/talking-bot-125x125.png\",\"url\":\"https:\/\/portaltela.pt\/s.01k8rhncp4jt1\/2025\/11\/talking-bot-125x125.png\",\"contentUrl\":\"https:\/\/portaltela.pt\/s.01k8rhncp4jt1\/2025\/11\/talking-bot-125x125.png\",\"caption\":\"Telinha\"},\"sameAs\":[\"https:\/\/portaltela.pt\/\"],\"url\":\"https:\/\/portaltela.pt\/por\/367410592786\/\"}]}<\/script>\n<!-- \/ Yoast SEO plugin. -->","yoast_head_json":{"title":"Buscas aos Bombeiros Famalicenses ligadas a factos at\u00e9 2025 - Portal Tela Portugal","robots":{"index":"index","follow":"follow","max-snippet":"max-snippet:-1","max-image-preview":"max-image-preview:large","max-video-preview":"max-video-preview:-1"},"og_locale":"pt_PT","og_type":"article","og_title":"Buscas aos Bombeiros Famalicenses ligadas a factos at\u00e9 2025 - Portal Tela Portugal","og_description":"A Pol\u00edcia Judici\u00e1ria (PJ) realizou dilig\u00eancias no quartel dos Bombeiros Famalicenses na passada ter\u00e7a-feira, relacionadas com factos reportados at\u00e9 2025. A investiga\u00e7\u00e3o ter\u00e1 tido in\u00edcio a partir de uma den\u00fancia an\u00f3nima recebida pelas autoridades, com envio de v\u00e1rias cartas an\u00f3nimas a diferentes entidades. Os bombeiros informam ter colaborado desde o in\u00edcio e manterem disponibilidade para continuar a colaborar no esclarecimento da situa\u00e7\u00e3o. Inspetores da PJ de Braga estiveram durante a manh\u00e3 e parte da tarde no quartel, recolhendo v\u00e1rios elementos de prova. O comunicado sublinha que a situa\u00e7\u00e3o n\u00e3o compromete o normal funcionamento da corpora\u00e7\u00e3o, que continua a atender a popula\u00e7\u00e3o com servi\u00e7os ativos.","og_url":"https:\/\/portaltela.pt\/noticias\/2026\/04\/08\/buscas-aos-bombeiros-famalicenses-ligadas-a-factos-ate-2025\/","og_site_name":"Portal Tela Portugal","article_published_time":"2026-04-08T09:32:44+00:00","author":"Telinha","twitter_card":"summary_large_image","twitter_misc":{"Escrito por":"Telinha","Tempo estimado de leitura":"1 minuto"},"schema":{"@context":"https:\/\/schema.org","@graph":[{"@type":"Article","@id":"https:\/\/portaltela.pt\/noticias\/2026\/04\/08\/buscas-aos-bombeiros-famalicenses-ligadas-a-factos-ate-2025\/#article","isPartOf":{"@id":"https:\/\/portaltela.pt\/noticias\/2026\/04\/08\/buscas-aos-bombeiros-famalicenses-ligadas-a-factos-ate-2025\/"},"author":{"name":"Telinha","@id":"https:\/\/portaltela.pt\/#\/schema\/person\/c4278d4a6028830caff9ee44b42d32ed"},"headline":"Buscas aos Bombeiros Famalicenses ligadas a factos at\u00e9 2025","datePublished":"2026-04-08T09:32:44+00:00","mainEntityOfPage":{"@id":"https:\/\/portaltela.pt\/noticias\/2026\/04\/08\/buscas-aos-bombeiros-famalicenses-ligadas-a-factos-ate-2025\/"},"wordCount":185,"image":{"@id":"https:\/\/portaltela.pt\/noticias\/2026\/04\/08\/buscas-aos-bombeiros-famalicenses-ligadas-a-factos-ate-2025\/#primaryimage"},"thumbnailUrl":"https:\/\/portaltela.pt\/s.01k8rhncp4jt1\/2026\/04\/d35e0c77-47a2-4925-8e37-ccee20632ee1_1200x675.jpg","keywords":["Associa\u00e7\u00e3o Humanit\u00e1ria","Bombeiros Volunt\u00e1rios","Braga","den\u00fancias","investiga\u00e7\u00e3o","Pol\u00edcia Judici\u00e1ria"],"articleSection":["Justi\u00e7a","Pol\u00edcia"],"inLanguage":"pt-PT"},{"@type":"WebPage","@id":"https:\/\/portaltela.pt\/noticias\/2026\/04\/08\/buscas-aos-bombeiros-famalicenses-ligadas-a-factos-ate-2025\/","url":"https:\/\/portaltela.pt\/noticias\/2026\/04\/08\/buscas-aos-bombeiros-famalicenses-ligadas-a-factos-ate-2025\/","name":"Buscas aos Bombeiros Famalicenses ligadas a factos at\u00e9 2025 - Portal Tela Portugal","isPartOf":{"@id":"https:\/\/portaltela.pt\/#website"},"primaryImageOfPage":{"@id":"https:\/\/portaltela.pt\/noticias\/2026\/04\/08\/buscas-aos-bombeiros-famalicenses-ligadas-a-factos-ate-2025\/#primaryimage"},"image":{"@id":"https:\/\/portaltela.pt\/noticias\/2026\/04\/08\/buscas-aos-bombeiros-famalicenses-ligadas-a-factos-ate-2025\/#primaryimage"},"thumbnailUrl":"https:\/\/portaltela.pt\/s.01k8rhncp4jt1\/2026\/04\/d35e0c77-47a2-4925-8e37-ccee20632ee1_1200x675.jpg","datePublished":"2026-04-08T09:32:44+00:00","author":{"@id":"https:\/\/portaltela.pt\/#\/schema\/person\/c4278d4a6028830caff9ee44b42d32ed"},"breadcrumb":{"@id":"https:\/\/portaltela.pt\/noticias\/2026\/04\/08\/buscas-aos-bombeiros-famalicenses-ligadas-a-factos-ate-2025\/#breadcrumb"},"inLanguage":"pt-PT","potentialAction":[{"@type":"ReadAction","target":["https:\/\/portaltela.pt\/noticias\/2026\/04\/08\/buscas-aos-bombeiros-famalicenses-ligadas-a-factos-ate-2025\/"]}]},{"@type":"ImageObject","inLanguage":"pt-PT","@id":"https:\/\/portaltela.pt\/noticias\/2026\/04\/08\/buscas-aos-bombeiros-famalicenses-ligadas-a-factos-ate-2025\/#primaryimage","url":"https:\/\/portaltela.pt\/s.01k8rhncp4jt1\/2026\/04\/d35e0c77-47a2-4925-8e37-ccee20632ee1_1200x675.jpg","contentUrl":"https:\/\/portaltela.pt\/s.01k8rhncp4jt1\/2026\/04\/d35e0c77-47a2-4925-8e37-ccee20632ee1_1200x675.jpg","width":1200,"height":675,"caption":"A investiga\u00e7\u00e3o ter\u00e1 come\u00e7ado por uma den\u00fancia an\u00f3nima que ter\u00e1 chegado \u00e0s autoridades"},{"@type":"BreadcrumbList","@id":"https:\/\/portaltela.pt\/noticias\/2026\/04\/08\/buscas-aos-bombeiros-famalicenses-ligadas-a-factos-ate-2025\/#breadcrumb","itemListElement":[{"@type":"ListItem","position":1,"name":"In\u00edcio","item":"https:\/\/portaltela.pt\/"},{"@type":"ListItem","position":2,"name":"Buscas aos Bombeiros Famalicenses ligadas a factos at\u00e9 2025"}]},{"@type":"WebSite","@id":"https:\/\/portaltela.pt\/#website","url":"https:\/\/portaltela.pt\/","name":"Portal Tela Portugal","description":"","potentialAction":[{"@type":"SearchAction","target":{"@type":"EntryPoint","urlTemplate":"https:\/\/portaltela.pt\/?s={search_term_string}"},"query-input":{"@type":"PropertyValueSpecification","valueRequired":true,"valueName":"search_term_string"}}],"inLanguage":"pt-PT"},{"@type":"Person","@id":"https:\/\/portaltela.pt\/#\/schema\/person\/c4278d4a6028830caff9ee44b42d32ed","name":"Telinha","image":{"@type":"ImageObject","inLanguage":"pt-PT","@id":"https:\/\/portaltela.pt\/s.01k8rhncp4jt1\/2025\/11\/talking-bot-125x125.png","url":"https:\/\/portaltela.pt\/s.01k8rhncp4jt1\/2025\/11\/talking-bot-125x125.png","contentUrl":"https:\/\/portaltela.pt\/s.01k8rhncp4jt1\/2025\/11\/talking-bot-125x125.png","caption":"Telinha"},"sameAs":["https:\/\/portaltela.pt\/"],"url":"https:\/\/portaltela.pt\/por\/367410592786\/"}]}},"_links":{"self":[{"href":"https:\/\/portaltela.pt\/api\/wp\/v2\/posts\/436315","targetHints":{"allow":["GET"]}}],"collection":[{"href":"https:\/\/portaltela.pt\/api\/wp\/v2\/posts"}],"about":[{"href":"https:\/\/portaltela.pt\/api\/wp\/v2\/types\/post"}],"author":[{"embeddable":true,"href":"https:\/\/portaltela.pt\/api\/wp\/v2\/users\/2"}],"replies":[{"embeddable":true,"href":"https:\/\/portaltela.pt\/api\/wp\/v2\/comments?post=436315"}],"version-history":[{"count":0,"href":"https:\/\/portaltela.pt\/api\/wp\/v2\/posts\/436315\/revisions"}],"wp:featuredmedia":[{"embeddable":true,"href":"https:\/\/portaltela.pt\/api\/wp\/v2\/media\/436316"}],"wp:attachment":[{"href":"https:\/\/portaltela.pt\/api\/wp\/v2\/media?parent=436315"}],"wp:term":[{"taxonomy":"category","embeddable":true,"href":"https:\/\/portaltela.pt\/api\/wp\/v2\/categories?post=436315"},{"taxonomy":"post_tag","embeddable":true,"href":"https:\/\/portaltela.pt\/api\/wp\/v2\/tags?post=436315"}],"curies":[{"name":"wp","href":"https:\/\/api.w.org\/{rel}","templated":true}]}}