{"id":436290,"date":"2026-04-08T06:03:24","date_gmt":"2026-04-08T09:03:24","guid":{"rendered":"https:\/\/portaltela.pt\/noticias\/2026\/04\/08\/dividas-e-2-mil-euros-desaparecimento-envolve-central-do-sao-paulo\/"},"modified":"2026-04-08T06:03:24","modified_gmt":"2026-04-08T09:03:24","slug":"dividas-e-2-mil-euros-desaparecimento-envolve-central-do-sao-paulo","status":"publish","type":"post","link":"https:\/\/portaltela.pt\/desporto\/futebol\/2026\/04\/08\/dividas-e-2-mil-euros-desaparecimento-envolve-central-do-sao-paulo\/","title":{"rendered":"D\u00edvidas e 2 mil euros; desaparecimento envolve central do S\u00e3o Paulo"},"content":{"rendered":"<p>Robert Arboleda, central do S\u00e3o Paulo, desapareceu sem comunica\u00e7\u00e3o antes de um jogo contra o Cruzeiro, no \u00faltimo fim de semana. O jogador foi encontrado dias depois no Equador, pa\u00eds natal, onde participava numa festa de anivers\u00e1rio de um amigo. O clube informou que o deslocamento ocorreu sem aviso.<\/p>\n<p>O S\u00e3o Paulo tentou contactar o jogador sem sucesso durante mais de 48 horas. O clube emitiu um comunicado a pedir que ele se apresentasse para esclarecer a sua situa\u00e7\u00e3o profissional. Arboleda respondeu, alegando n\u00e3o estar interessado em continuar no clube e pretendendo resolver a situa\u00e7\u00e3o rapidamente.<\/p>\n<p>A pol\u00e9mica envolve tamb\u00e9m o hist\u00f3rico disciplinar do defesa, que j\u00e1 teve epis\u00f3dios fora de campo. O plantel e a dire\u00e7\u00e3o do S\u00e3o Paulo reagiram de forma en\u00e9rgica, com receio de san\u00e7\u00f5es por viola\u00e7\u00e3o do c\u00f3digo de conduta, mas a sua poss\u00edvel sa\u00edda do clube mant\u00e9m-se em aberto.<\/p>\n<h3>D\u00edvidas e d\u00edvida alegada<\/h3>\n<p>Durante investiga\u00e7\u00f5es, foram detetadas apenas 12,5 mil reais na conta de Arboleda, cerca de 2 mil euros. O valor contrasta com a d\u00edvida legal, de aproximadamente 132 mil euros, reclamados pela advogada Karoline Brand\u00e3o.<\/p>\n<p>Karoline Brand\u00e3o afirma que o defesa tenta ocultar bens para evitar o pagamento. Dias antes, j\u00e1 tinha sido penhorado um Porsche Carrera pertencente ao jogador. Arboleda tem contrato com o S\u00e3o Paulo at\u00e9 dezembro de 2027 e soma 39 internacionaliza\u00e7\u00f5es pelo Equador, com 2 golos.<\/p>\n","protected":false},"excerpt":{"rendered":"<ul>\n<li>Robert Arboleda, defesa do S\u00e3o Paulo, desapareceu para o Equador enquanto estava convocado para o jogo contra o Cruzeiro, sendo localizado dias depois no pa\u00eds natal.<\/li>\n<li>O jogador, de 34 anos, atua pelo S\u00e3o Paulo desde 2017 e ajudou o clube a conquistar o Campeonato Paulista (2020\/21), a Ta\u00e7a do Brasil (2023) e a Superta\u00e7a (2024).<\/li>\n<li>O clube notificou-o para apresentar-se em at\u00e9 24 horas para esclarecer a situa\u00e7\u00e3o e regularizar a situa\u00e7\u00e3o profissional; o jogador respondeu dizendo que n\u00e3o pretende continuar no clube.<\/li>\n<li>Em investiga\u00e7\u00e3o, foram encontradas 12,5 mil reais nas contas de Arboleda, enquanto a advogada Karoline Brand\u00e3o busca 132 mil euros, alegando oculta\u00e7\u00e3o de bens para evitar a d\u00edvida.<\/li>\n<li>Dias antes do caso, o Porsche Carrera do jogador foi penhorado; o contrato com o S\u00e3o Paulo vai at\u00e9 dezembro de 2027 e Arboleda soma 39 internacionaliza\u00e7\u00f5es pelo Equador, com 2 golos.<\/li>\n<\/ul>\n","protected":false},"author":2,"featured_media":436292,"comment_status":"closed","ping_status":"closed","sticky":false,"template":"","format":"standard","meta":{"footnotes":""},"categories":[21,24],"tags":[1367,7315,6131,32,6693,2057],"class_list":["post-436290","post","type-post","status-publish","format-standard","has-post-thumbnail","hentry","category-desporto","category-futebol","tag-clubes","tag-crimes-economico-financeiros","tag-equador","tag-futebol","tag-futebol-brasileiro","tag-selecao-nacional"],"yoast_head":"<!-- This site is optimized with the Yoast SEO plugin v27.2 - https:\/\/yoast.com\/product\/yoast-seo-wordpress\/ -->\n<title>D\u00edvidas e 2 mil euros; desaparecimento envolve central do S\u00e3o Paulo - Portal Tela Portugal<\/title>\n<meta name=\"robots\" content=\"index, follow, max-snippet:-1, max-image-preview:large, max-video-preview:-1\" \/>\n<meta property=\"og:locale\" content=\"pt_PT\" \/>\n<meta property=\"og:type\" content=\"article\" \/>\n<meta property=\"og:title\" content=\"D\u00edvidas e 2 mil euros; desaparecimento envolve central do S\u00e3o Paulo - Portal Tela Portugal\" \/>\n<meta property=\"og:description\" content=\"Robert Arboleda, defesa do S\u00e3o Paulo, desapareceu para o Equador enquanto estava convocado para o jogo contra o Cruzeiro, sendo localizado dias depois no pa\u00eds natal. O jogador, de 34 anos, atua pelo S\u00e3o Paulo desde 2017 e ajudou o clube a conquistar o Campeonato Paulista (2020\/21), a Ta\u00e7a do Brasil (2023) e a Superta\u00e7a (2024). O clube notificou-o para apresentar-se em at\u00e9 24 horas para esclarecer a situa\u00e7\u00e3o e regularizar a situa\u00e7\u00e3o profissional; o jogador respondeu dizendo que n\u00e3o pretende continuar no clube. Em investiga\u00e7\u00e3o, foram encontradas 12,5 mil reais nas contas de Arboleda, enquanto a advogada Karoline Brand\u00e3o busca 132 mil euros, alegando oculta\u00e7\u00e3o de bens para evitar a d\u00edvida. Dias antes do caso, o Porsche Carrera do jogador foi penhorado; o contrato com o S\u00e3o Paulo vai at\u00e9 dezembro de 2027 e Arboleda soma 39 internacionaliza\u00e7\u00f5es pelo Equador, com 2 golos.\" \/>\n<meta property=\"og:url\" content=\"https:\/\/portaltela.pt\/noticias\/2026\/04\/08\/dividas-e-2-mil-euros-desaparecimento-envolve-central-do-sao-paulo\/\" \/>\n<meta property=\"og:site_name\" content=\"Portal Tela Portugal\" \/>\n<meta property=\"article:published_time\" content=\"2026-04-08T09:03:24+00:00\" \/>\n<meta name=\"author\" content=\"Telinha\" \/>\n<meta name=\"twitter:card\" content=\"summary_large_image\" \/>\n<meta name=\"twitter:label1\" content=\"Escrito por\" \/>\n\t<meta name=\"twitter:data1\" content=\"Telinha\" \/>\n\t<meta name=\"twitter:label2\" content=\"Tempo estimado de leitura\" \/>\n\t<meta name=\"twitter:data2\" content=\"1 minuto\" \/>\n<script type=\"application\/ld+json\" class=\"yoast-schema-graph\">{\"@context\":\"https:\/\/schema.org\",\"@graph\":[{\"@type\":\"Article\",\"@id\":\"https:\/\/portaltela.pt\/noticias\/2026\/04\/08\/dividas-e-2-mil-euros-desaparecimento-envolve-central-do-sao-paulo\/#article\",\"isPartOf\":{\"@id\":\"https:\/\/portaltela.pt\/noticias\/2026\/04\/08\/dividas-e-2-mil-euros-desaparecimento-envolve-central-do-sao-paulo\/\"},\"author\":{\"name\":\"Telinha\",\"@id\":\"https:\/\/portaltela.pt\/#\/schema\/person\/c4278d4a6028830caff9ee44b42d32ed\"},\"headline\":\"D\u00edvidas e 2 mil euros; desaparecimento envolve central do S\u00e3o Paulo\",\"datePublished\":\"2026-04-08T09:03:24+00:00\",\"mainEntityOfPage\":{\"@id\":\"https:\/\/portaltela.pt\/noticias\/2026\/04\/08\/dividas-e-2-mil-euros-desaparecimento-envolve-central-do-sao-paulo\/\"},\"wordCount\":261,\"image\":{\"@id\":\"https:\/\/portaltela.pt\/noticias\/2026\/04\/08\/dividas-e-2-mil-euros-desaparecimento-envolve-central-do-sao-paulo\/#primaryimage\"},\"thumbnailUrl\":\"https:\/\/portaltela.pt\/s.01k8rhncp4jt1\/2026\/04\/img_920x518uu2026-04-08-09-45-58-2431739.jpg\",\"keywords\":[\"clubes\",\"Crimes econ\u00f3mico-financeiros\",\"Equador\",\"futebol\",\"futebol brasileiro\",\"Sele\u00e7\u00e3o Nacional\"],\"articleSection\":[\"Desporto\",\"Futebol\"],\"inLanguage\":\"pt-PT\"},{\"@type\":\"WebPage\",\"@id\":\"https:\/\/portaltela.pt\/noticias\/2026\/04\/08\/dividas-e-2-mil-euros-desaparecimento-envolve-central-do-sao-paulo\/\",\"url\":\"https:\/\/portaltela.pt\/noticias\/2026\/04\/08\/dividas-e-2-mil-euros-desaparecimento-envolve-central-do-sao-paulo\/\",\"name\":\"D\u00edvidas e 2 mil euros; desaparecimento envolve central do S\u00e3o Paulo - Portal Tela Portugal\",\"isPartOf\":{\"@id\":\"https:\/\/portaltela.pt\/#website\"},\"primaryImageOfPage\":{\"@id\":\"https:\/\/portaltela.pt\/noticias\/2026\/04\/08\/dividas-e-2-mil-euros-desaparecimento-envolve-central-do-sao-paulo\/#primaryimage\"},\"image\":{\"@id\":\"https:\/\/portaltela.pt\/noticias\/2026\/04\/08\/dividas-e-2-mil-euros-desaparecimento-envolve-central-do-sao-paulo\/#primaryimage\"},\"thumbnailUrl\":\"https:\/\/portaltela.pt\/s.01k8rhncp4jt1\/2026\/04\/img_920x518uu2026-04-08-09-45-58-2431739.jpg\",\"datePublished\":\"2026-04-08T09:03:24+00:00\",\"author\":{\"@id\":\"https:\/\/portaltela.pt\/#\/schema\/person\/c4278d4a6028830caff9ee44b42d32ed\"},\"breadcrumb\":{\"@id\":\"https:\/\/portaltela.pt\/noticias\/2026\/04\/08\/dividas-e-2-mil-euros-desaparecimento-envolve-central-do-sao-paulo\/#breadcrumb\"},\"inLanguage\":\"pt-PT\",\"potentialAction\":[{\"@type\":\"ReadAction\",\"target\":[\"https:\/\/portaltela.pt\/noticias\/2026\/04\/08\/dividas-e-2-mil-euros-desaparecimento-envolve-central-do-sao-paulo\/\"]}]},{\"@type\":\"ImageObject\",\"inLanguage\":\"pt-PT\",\"@id\":\"https:\/\/portaltela.pt\/noticias\/2026\/04\/08\/dividas-e-2-mil-euros-desaparecimento-envolve-central-do-sao-paulo\/#primaryimage\",\"url\":\"https:\/\/portaltela.pt\/s.01k8rhncp4jt1\/2026\/04\/img_920x518uu2026-04-08-09-45-58-2431739.jpg\",\"contentUrl\":\"https:\/\/portaltela.pt\/s.01k8rhncp4jt1\/2026\/04\/img_920x518uu2026-04-08-09-45-58-2431739.jpg\",\"width\":796,\"height\":448,\"caption\":\"Caso de Robert Arboleda est\u00e1 a 'agitar' o futebol brasileiro\"},{\"@type\":\"BreadcrumbList\",\"@id\":\"https:\/\/portaltela.pt\/noticias\/2026\/04\/08\/dividas-e-2-mil-euros-desaparecimento-envolve-central-do-sao-paulo\/#breadcrumb\",\"itemListElement\":[{\"@type\":\"ListItem\",\"position\":1,\"name\":\"In\u00edcio\",\"item\":\"https:\/\/portaltela.pt\/\"},{\"@type\":\"ListItem\",\"position\":2,\"name\":\"D\u00edvidas e 2 mil euros; desaparecimento envolve central do S\u00e3o Paulo\"}]},{\"@type\":\"WebSite\",\"@id\":\"https:\/\/portaltela.pt\/#website\",\"url\":\"https:\/\/portaltela.pt\/\",\"name\":\"Portal Tela Portugal\",\"description\":\"\",\"potentialAction\":[{\"@type\":\"SearchAction\",\"target\":{\"@type\":\"EntryPoint\",\"urlTemplate\":\"https:\/\/portaltela.pt\/?s={search_term_string}\"},\"query-input\":{\"@type\":\"PropertyValueSpecification\",\"valueRequired\":true,\"valueName\":\"search_term_string\"}}],\"inLanguage\":\"pt-PT\"},{\"@type\":\"Person\",\"@id\":\"https:\/\/portaltela.pt\/#\/schema\/person\/c4278d4a6028830caff9ee44b42d32ed\",\"name\":\"Telinha\",\"image\":{\"@type\":\"ImageObject\",\"inLanguage\":\"pt-PT\",\"@id\":\"https:\/\/portaltela.pt\/s.01k8rhncp4jt1\/2025\/11\/talking-bot-125x125.png\",\"url\":\"https:\/\/portaltela.pt\/s.01k8rhncp4jt1\/2025\/11\/talking-bot-125x125.png\",\"contentUrl\":\"https:\/\/portaltela.pt\/s.01k8rhncp4jt1\/2025\/11\/talking-bot-125x125.png\",\"caption\":\"Telinha\"},\"sameAs\":[\"https:\/\/portaltela.pt\/\"],\"url\":\"https:\/\/portaltela.pt\/por\/367410592786\/\"}]}<\/script>\n<!-- \/ Yoast SEO plugin. -->","yoast_head_json":{"title":"D\u00edvidas e 2 mil euros; desaparecimento envolve central do S\u00e3o Paulo - Portal Tela Portugal","robots":{"index":"index","follow":"follow","max-snippet":"max-snippet:-1","max-image-preview":"max-image-preview:large","max-video-preview":"max-video-preview:-1"},"og_locale":"pt_PT","og_type":"article","og_title":"D\u00edvidas e 2 mil euros; desaparecimento envolve central do S\u00e3o Paulo - Portal Tela Portugal","og_description":"Robert Arboleda, defesa do S\u00e3o Paulo, desapareceu para o Equador enquanto estava convocado para o jogo contra o Cruzeiro, sendo localizado dias depois no pa\u00eds natal. O jogador, de 34 anos, atua pelo S\u00e3o Paulo desde 2017 e ajudou o clube a conquistar o Campeonato Paulista (2020\/21), a Ta\u00e7a do Brasil (2023) e a Superta\u00e7a (2024). O clube notificou-o para apresentar-se em at\u00e9 24 horas para esclarecer a situa\u00e7\u00e3o e regularizar a situa\u00e7\u00e3o profissional; o jogador respondeu dizendo que n\u00e3o pretende continuar no clube. Em investiga\u00e7\u00e3o, foram encontradas 12,5 mil reais nas contas de Arboleda, enquanto a advogada Karoline Brand\u00e3o busca 132 mil euros, alegando oculta\u00e7\u00e3o de bens para evitar a d\u00edvida. Dias antes do caso, o Porsche Carrera do jogador foi penhorado; o contrato com o S\u00e3o Paulo vai at\u00e9 dezembro de 2027 e Arboleda soma 39 internacionaliza\u00e7\u00f5es pelo Equador, com 2 golos.","og_url":"https:\/\/portaltela.pt\/noticias\/2026\/04\/08\/dividas-e-2-mil-euros-desaparecimento-envolve-central-do-sao-paulo\/","og_site_name":"Portal Tela Portugal","article_published_time":"2026-04-08T09:03:24+00:00","author":"Telinha","twitter_card":"summary_large_image","twitter_misc":{"Escrito por":"Telinha","Tempo estimado de leitura":"1 minuto"},"schema":{"@context":"https:\/\/schema.org","@graph":[{"@type":"Article","@id":"https:\/\/portaltela.pt\/noticias\/2026\/04\/08\/dividas-e-2-mil-euros-desaparecimento-envolve-central-do-sao-paulo\/#article","isPartOf":{"@id":"https:\/\/portaltela.pt\/noticias\/2026\/04\/08\/dividas-e-2-mil-euros-desaparecimento-envolve-central-do-sao-paulo\/"},"author":{"name":"Telinha","@id":"https:\/\/portaltela.pt\/#\/schema\/person\/c4278d4a6028830caff9ee44b42d32ed"},"headline":"D\u00edvidas e 2 mil euros; desaparecimento envolve central do S\u00e3o Paulo","datePublished":"2026-04-08T09:03:24+00:00","mainEntityOfPage":{"@id":"https:\/\/portaltela.pt\/noticias\/2026\/04\/08\/dividas-e-2-mil-euros-desaparecimento-envolve-central-do-sao-paulo\/"},"wordCount":261,"image":{"@id":"https:\/\/portaltela.pt\/noticias\/2026\/04\/08\/dividas-e-2-mil-euros-desaparecimento-envolve-central-do-sao-paulo\/#primaryimage"},"thumbnailUrl":"https:\/\/portaltela.pt\/s.01k8rhncp4jt1\/2026\/04\/img_920x518uu2026-04-08-09-45-58-2431739.jpg","keywords":["clubes","Crimes econ\u00f3mico-financeiros","Equador","futebol","futebol brasileiro","Sele\u00e7\u00e3o Nacional"],"articleSection":["Desporto","Futebol"],"inLanguage":"pt-PT"},{"@type":"WebPage","@id":"https:\/\/portaltela.pt\/noticias\/2026\/04\/08\/dividas-e-2-mil-euros-desaparecimento-envolve-central-do-sao-paulo\/","url":"https:\/\/portaltela.pt\/noticias\/2026\/04\/08\/dividas-e-2-mil-euros-desaparecimento-envolve-central-do-sao-paulo\/","name":"D\u00edvidas e 2 mil euros; desaparecimento envolve central do S\u00e3o Paulo - Portal Tela Portugal","isPartOf":{"@id":"https:\/\/portaltela.pt\/#website"},"primaryImageOfPage":{"@id":"https:\/\/portaltela.pt\/noticias\/2026\/04\/08\/dividas-e-2-mil-euros-desaparecimento-envolve-central-do-sao-paulo\/#primaryimage"},"image":{"@id":"https:\/\/portaltela.pt\/noticias\/2026\/04\/08\/dividas-e-2-mil-euros-desaparecimento-envolve-central-do-sao-paulo\/#primaryimage"},"thumbnailUrl":"https:\/\/portaltela.pt\/s.01k8rhncp4jt1\/2026\/04\/img_920x518uu2026-04-08-09-45-58-2431739.jpg","datePublished":"2026-04-08T09:03:24+00:00","author":{"@id":"https:\/\/portaltela.pt\/#\/schema\/person\/c4278d4a6028830caff9ee44b42d32ed"},"breadcrumb":{"@id":"https:\/\/portaltela.pt\/noticias\/2026\/04\/08\/dividas-e-2-mil-euros-desaparecimento-envolve-central-do-sao-paulo\/#breadcrumb"},"inLanguage":"pt-PT","potentialAction":[{"@type":"ReadAction","target":["https:\/\/portaltela.pt\/noticias\/2026\/04\/08\/dividas-e-2-mil-euros-desaparecimento-envolve-central-do-sao-paulo\/"]}]},{"@type":"ImageObject","inLanguage":"pt-PT","@id":"https:\/\/portaltela.pt\/noticias\/2026\/04\/08\/dividas-e-2-mil-euros-desaparecimento-envolve-central-do-sao-paulo\/#primaryimage","url":"https:\/\/portaltela.pt\/s.01k8rhncp4jt1\/2026\/04\/img_920x518uu2026-04-08-09-45-58-2431739.jpg","contentUrl":"https:\/\/portaltela.pt\/s.01k8rhncp4jt1\/2026\/04\/img_920x518uu2026-04-08-09-45-58-2431739.jpg","width":796,"height":448,"caption":"Caso de Robert Arboleda est\u00e1 a 'agitar' o futebol brasileiro"},{"@type":"BreadcrumbList","@id":"https:\/\/portaltela.pt\/noticias\/2026\/04\/08\/dividas-e-2-mil-euros-desaparecimento-envolve-central-do-sao-paulo\/#breadcrumb","itemListElement":[{"@type":"ListItem","position":1,"name":"In\u00edcio","item":"https:\/\/portaltela.pt\/"},{"@type":"ListItem","position":2,"name":"D\u00edvidas e 2 mil euros; desaparecimento envolve central do S\u00e3o Paulo"}]},{"@type":"WebSite","@id":"https:\/\/portaltela.pt\/#website","url":"https:\/\/portaltela.pt\/","name":"Portal Tela Portugal","description":"","potentialAction":[{"@type":"SearchAction","target":{"@type":"EntryPoint","urlTemplate":"https:\/\/portaltela.pt\/?s={search_term_string}"},"query-input":{"@type":"PropertyValueSpecification","valueRequired":true,"valueName":"search_term_string"}}],"inLanguage":"pt-PT"},{"@type":"Person","@id":"https:\/\/portaltela.pt\/#\/schema\/person\/c4278d4a6028830caff9ee44b42d32ed","name":"Telinha","image":{"@type":"ImageObject","inLanguage":"pt-PT","@id":"https:\/\/portaltela.pt\/s.01k8rhncp4jt1\/2025\/11\/talking-bot-125x125.png","url":"https:\/\/portaltela.pt\/s.01k8rhncp4jt1\/2025\/11\/talking-bot-125x125.png","contentUrl":"https:\/\/portaltela.pt\/s.01k8rhncp4jt1\/2025\/11\/talking-bot-125x125.png","caption":"Telinha"},"sameAs":["https:\/\/portaltela.pt\/"],"url":"https:\/\/portaltela.pt\/por\/367410592786\/"}]}},"_links":{"self":[{"href":"https:\/\/portaltela.pt\/api\/wp\/v2\/posts\/436290","targetHints":{"allow":["GET"]}}],"collection":[{"href":"https:\/\/portaltela.pt\/api\/wp\/v2\/posts"}],"about":[{"href":"https:\/\/portaltela.pt\/api\/wp\/v2\/types\/post"}],"author":[{"embeddable":true,"href":"https:\/\/portaltela.pt\/api\/wp\/v2\/users\/2"}],"replies":[{"embeddable":true,"href":"https:\/\/portaltela.pt\/api\/wp\/v2\/comments?post=436290"}],"version-history":[{"count":0,"href":"https:\/\/portaltela.pt\/api\/wp\/v2\/posts\/436290\/revisions"}],"wp:featuredmedia":[{"embeddable":true,"href":"https:\/\/portaltela.pt\/api\/wp\/v2\/media\/436292"}],"wp:attachment":[{"href":"https:\/\/portaltela.pt\/api\/wp\/v2\/media?parent=436290"}],"wp:term":[{"taxonomy":"category","embeddable":true,"href":"https:\/\/portaltela.pt\/api\/wp\/v2\/categories?post=436290"},{"taxonomy":"post_tag","embeddable":true,"href":"https:\/\/portaltela.pt\/api\/wp\/v2\/tags?post=436290"}],"curies":[{"name":"wp","href":"https:\/\/api.w.org\/{rel}","templated":true}]}}