{"id":436280,"date":"2026-04-08T06:03:17","date_gmt":"2026-04-08T09:03:17","guid":{"rendered":"https:\/\/portaltela.pt\/noticias\/2026\/04\/08\/rui-costa-pode-abrir-epoca-com-novo-treinador-a-espera-de-ruben-amorim\/"},"modified":"2026-04-08T06:03:17","modified_gmt":"2026-04-08T09:03:17","slug":"rui-costa-pode-abrir-epoca-com-novo-treinador-a-espera-de-ruben-amorim","status":"publish","type":"post","link":"https:\/\/portaltela.pt\/desporto\/futebol\/2026\/04\/08\/rui-costa-pode-abrir-epoca-com-novo-treinador-a-espera-de-ruben-amorim\/","title":{"rendered":"Rui Costa pode abrir \u00e9poca com novo treinador, \u00e0 espera de Ruben Amorim"},"content":{"rendered":"<p>O presidente do Benfica, Rui Costa, pode iniciar a pr\u00f3xima \u00e9poca com um novo treinador, j\u00e1 que existem nomes livres no mercado, entre eles Ruben Amorim, atual treinador do Sporting, que tem sido alvo de rumores.<\/p>\n<p>S\u00e9rgio Krithinas, diretor executivo do Record, analisa o futuro a curto e longo prazo do Benfica, destacando a possibilidade de refor\u00e7ar a equipa t\u00e9cnica para a pr\u00f3xima temporada. Amorim surge como um nome forte no mercado.<\/p>\n<p>O jornalista sublinha que, apesar do interesse, ainda n\u00e3o houve decis\u00e3o oficial por parte do clube. O mercado de treinadores permanece agitado, com v\u00e1rias op\u00e7\u00f5es a considerar para os desafios seguintes.<\/p>\n<p>Krithinas acrescenta que o Benfica pretende manter-se competitivo e explorar oportunidades que possam acelerar a melhoria da equipa t\u00e9cnica. A dire\u00e7\u00e3o continua atenta \u00e0s possibilidades dispon\u00edveis.<\/p>\n","protected":false},"excerpt":{"rendered":"<ul>\n<li>Rui Costa pode querer come\u00e7ar a pr\u00f3xima \u00e9poca com um novo treinador, perante nomes livres no mercado, como Ruben Amorim.<\/li>\n<li>Segundo S\u00e9rgio Krithinas, diretor executivo do Record, ainda n\u00e3o houve decis\u00e3o definitiva.<\/li>\n<li>Se contratado, Ruben Amorim poderia trazer uma nova din\u00e2mica ao Benfica.<\/li>\n<li>A ideia \u00e9 refor\u00e7ar a equipa t\u00e9cnica para alcan\u00e7ar melhores resultados na \u00e9poca seguinte.<\/li>\n<li>O mercado de treinadores est\u00e1 agitado e Rui Costa mant\u00e9m o olhar atento \u00e0s possibilidades.<\/li>\n<\/ul>\n","protected":false},"author":2,"featured_media":436284,"comment_status":"closed","ping_status":"closed","sticky":false,"template":"","format":"standard","meta":{"footnotes":""},"categories":[21,24],"tags":[4143,1946,32,50,1643,1652],"class_list":["post-436280","post","type-post","status-publish","format-standard","has-post-thumbnail","hentry","category-desporto","category-futebol","tag-1-liga","tag-benfica","tag-futebol","tag-mercado-da-bola","tag-ruben-amorim","tag-sporting"],"yoast_head":"<!-- This site is optimized with the Yoast SEO plugin v27.2 - https:\/\/yoast.com\/product\/yoast-seo-wordpress\/ -->\n<title>Rui Costa pode abrir \u00e9poca com novo treinador, \u00e0 espera de Ruben Amorim - Portal Tela Portugal<\/title>\n<meta name=\"robots\" content=\"index, follow, max-snippet:-1, max-image-preview:large, max-video-preview:-1\" \/>\n<meta property=\"og:locale\" content=\"pt_PT\" \/>\n<meta property=\"og:type\" content=\"article\" \/>\n<meta property=\"og:title\" content=\"Rui Costa pode abrir \u00e9poca com novo treinador, \u00e0 espera de Ruben Amorim - Portal Tela Portugal\" \/>\n<meta property=\"og:description\" content=\"Rui Costa pode querer come\u00e7ar a pr\u00f3xima \u00e9poca com um novo treinador, perante nomes livres no mercado, como Ruben Amorim. Segundo S\u00e9rgio Krithinas, diretor executivo do Record, ainda n\u00e3o houve decis\u00e3o definitiva. Se contratado, Ruben Amorim poderia trazer uma nova din\u00e2mica ao Benfica. A ideia \u00e9 refor\u00e7ar a equipa t\u00e9cnica para alcan\u00e7ar melhores resultados na \u00e9poca seguinte. O mercado de treinadores est\u00e1 agitado e Rui Costa mant\u00e9m o olhar atento \u00e0s possibilidades.\" \/>\n<meta property=\"og:url\" content=\"https:\/\/portaltela.pt\/noticias\/2026\/04\/08\/rui-costa-pode-abrir-epoca-com-novo-treinador-a-espera-de-ruben-amorim\/\" \/>\n<meta property=\"og:site_name\" content=\"Portal Tela Portugal\" \/>\n<meta property=\"article:published_time\" content=\"2026-04-08T09:03:17+00:00\" \/>\n<meta name=\"author\" content=\"Telinha\" \/>\n<meta name=\"twitter:card\" content=\"summary_large_image\" \/>\n<meta name=\"twitter:label1\" content=\"Escrito por\" \/>\n\t<meta name=\"twitter:data1\" content=\"Telinha\" \/>\n\t<meta name=\"twitter:label2\" content=\"Tempo estimado de leitura\" \/>\n\t<meta name=\"twitter:data2\" content=\"1 minuto\" \/>\n<script type=\"application\/ld+json\" class=\"yoast-schema-graph\">{\"@context\":\"https:\/\/schema.org\",\"@graph\":[{\"@type\":\"Article\",\"@id\":\"https:\/\/portaltela.pt\/noticias\/2026\/04\/08\/rui-costa-pode-abrir-epoca-com-novo-treinador-a-espera-de-ruben-amorim\/#article\",\"isPartOf\":{\"@id\":\"https:\/\/portaltela.pt\/noticias\/2026\/04\/08\/rui-costa-pode-abrir-epoca-com-novo-treinador-a-espera-de-ruben-amorim\/\"},\"author\":{\"name\":\"Telinha\",\"@id\":\"https:\/\/portaltela.pt\/#\/schema\/person\/c4278d4a6028830caff9ee44b42d32ed\"},\"headline\":\"Rui Costa pode abrir \u00e9poca com novo treinador, \u00e0 espera de Ruben Amorim\",\"datePublished\":\"2026-04-08T09:03:17+00:00\",\"mainEntityOfPage\":{\"@id\":\"https:\/\/portaltela.pt\/noticias\/2026\/04\/08\/rui-costa-pode-abrir-epoca-com-novo-treinador-a-espera-de-ruben-amorim\/\"},\"wordCount\":153,\"image\":{\"@id\":\"https:\/\/portaltela.pt\/noticias\/2026\/04\/08\/rui-costa-pode-abrir-epoca-com-novo-treinador-a-espera-de-ruben-amorim\/#primaryimage\"},\"thumbnailUrl\":\"https:\/\/portaltela.pt\/s.01k8rhncp4jt1\/2026\/04\/img_1200x721uu2026-04-07-23-30-09-2431716.jpg\",\"keywords\":[\"1. Liga\",\"Benfica\",\"futebol\",\"mercado da bola\",\"Ruben Amorim\",\"Sporting\"],\"articleSection\":[\"Desporto\",\"Futebol\"],\"inLanguage\":\"pt-PT\"},{\"@type\":\"WebPage\",\"@id\":\"https:\/\/portaltela.pt\/noticias\/2026\/04\/08\/rui-costa-pode-abrir-epoca-com-novo-treinador-a-espera-de-ruben-amorim\/\",\"url\":\"https:\/\/portaltela.pt\/noticias\/2026\/04\/08\/rui-costa-pode-abrir-epoca-com-novo-treinador-a-espera-de-ruben-amorim\/\",\"name\":\"Rui Costa pode abrir \u00e9poca com novo treinador, \u00e0 espera de Ruben Amorim - Portal Tela Portugal\",\"isPartOf\":{\"@id\":\"https:\/\/portaltela.pt\/#website\"},\"primaryImageOfPage\":{\"@id\":\"https:\/\/portaltela.pt\/noticias\/2026\/04\/08\/rui-costa-pode-abrir-epoca-com-novo-treinador-a-espera-de-ruben-amorim\/#primaryimage\"},\"image\":{\"@id\":\"https:\/\/portaltela.pt\/noticias\/2026\/04\/08\/rui-costa-pode-abrir-epoca-com-novo-treinador-a-espera-de-ruben-amorim\/#primaryimage\"},\"thumbnailUrl\":\"https:\/\/portaltela.pt\/s.01k8rhncp4jt1\/2026\/04\/img_1200x721uu2026-04-07-23-30-09-2431716.jpg\",\"datePublished\":\"2026-04-08T09:03:17+00:00\",\"author\":{\"@id\":\"https:\/\/portaltela.pt\/#\/schema\/person\/c4278d4a6028830caff9ee44b42d32ed\"},\"breadcrumb\":{\"@id\":\"https:\/\/portaltela.pt\/noticias\/2026\/04\/08\/rui-costa-pode-abrir-epoca-com-novo-treinador-a-espera-de-ruben-amorim\/#breadcrumb\"},\"inLanguage\":\"pt-PT\",\"potentialAction\":[{\"@type\":\"ReadAction\",\"target\":[\"https:\/\/portaltela.pt\/noticias\/2026\/04\/08\/rui-costa-pode-abrir-epoca-com-novo-treinador-a-espera-de-ruben-amorim\/\"]}]},{\"@type\":\"ImageObject\",\"inLanguage\":\"pt-PT\",\"@id\":\"https:\/\/portaltela.pt\/noticias\/2026\/04\/08\/rui-costa-pode-abrir-epoca-com-novo-treinador-a-espera-de-ruben-amorim\/#primaryimage\",\"url\":\"https:\/\/portaltela.pt\/s.01k8rhncp4jt1\/2026\/04\/img_1200x721uu2026-04-07-23-30-09-2431716.jpg\",\"contentUrl\":\"https:\/\/portaltela.pt\/s.01k8rhncp4jt1\/2026\/04\/img_1200x721uu2026-04-07-23-30-09-2431716.jpg\",\"width\":796,\"height\":448,\"caption\":\"S\u00e9rgio Krithinas, diretor executivo de Record, analisa futuro a curto e longo prazo do Benfica\"},{\"@type\":\"BreadcrumbList\",\"@id\":\"https:\/\/portaltela.pt\/noticias\/2026\/04\/08\/rui-costa-pode-abrir-epoca-com-novo-treinador-a-espera-de-ruben-amorim\/#breadcrumb\",\"itemListElement\":[{\"@type\":\"ListItem\",\"position\":1,\"name\":\"In\u00edcio\",\"item\":\"https:\/\/portaltela.pt\/\"},{\"@type\":\"ListItem\",\"position\":2,\"name\":\"Rui Costa pode abrir \u00e9poca com novo treinador, \u00e0 espera de Ruben Amorim\"}]},{\"@type\":\"WebSite\",\"@id\":\"https:\/\/portaltela.pt\/#website\",\"url\":\"https:\/\/portaltela.pt\/\",\"name\":\"Portal Tela Portugal\",\"description\":\"\",\"potentialAction\":[{\"@type\":\"SearchAction\",\"target\":{\"@type\":\"EntryPoint\",\"urlTemplate\":\"https:\/\/portaltela.pt\/?s={search_term_string}\"},\"query-input\":{\"@type\":\"PropertyValueSpecification\",\"valueRequired\":true,\"valueName\":\"search_term_string\"}}],\"inLanguage\":\"pt-PT\"},{\"@type\":\"Person\",\"@id\":\"https:\/\/portaltela.pt\/#\/schema\/person\/c4278d4a6028830caff9ee44b42d32ed\",\"name\":\"Telinha\",\"image\":{\"@type\":\"ImageObject\",\"inLanguage\":\"pt-PT\",\"@id\":\"https:\/\/portaltela.pt\/s.01k8rhncp4jt1\/2025\/11\/talking-bot-125x125.png\",\"url\":\"https:\/\/portaltela.pt\/s.01k8rhncp4jt1\/2025\/11\/talking-bot-125x125.png\",\"contentUrl\":\"https:\/\/portaltela.pt\/s.01k8rhncp4jt1\/2025\/11\/talking-bot-125x125.png\",\"caption\":\"Telinha\"},\"sameAs\":[\"https:\/\/portaltela.pt\/\"],\"url\":\"https:\/\/portaltela.pt\/por\/367410592786\/\"}]}<\/script>\n<!-- \/ Yoast SEO plugin. -->","yoast_head_json":{"title":"Rui Costa pode abrir \u00e9poca com novo treinador, \u00e0 espera de Ruben Amorim - Portal Tela Portugal","robots":{"index":"index","follow":"follow","max-snippet":"max-snippet:-1","max-image-preview":"max-image-preview:large","max-video-preview":"max-video-preview:-1"},"og_locale":"pt_PT","og_type":"article","og_title":"Rui Costa pode abrir \u00e9poca com novo treinador, \u00e0 espera de Ruben Amorim - Portal Tela Portugal","og_description":"Rui Costa pode querer come\u00e7ar a pr\u00f3xima \u00e9poca com um novo treinador, perante nomes livres no mercado, como Ruben Amorim. Segundo S\u00e9rgio Krithinas, diretor executivo do Record, ainda n\u00e3o houve decis\u00e3o definitiva. Se contratado, Ruben Amorim poderia trazer uma nova din\u00e2mica ao Benfica. A ideia \u00e9 refor\u00e7ar a equipa t\u00e9cnica para alcan\u00e7ar melhores resultados na \u00e9poca seguinte. O mercado de treinadores est\u00e1 agitado e Rui Costa mant\u00e9m o olhar atento \u00e0s possibilidades.","og_url":"https:\/\/portaltela.pt\/noticias\/2026\/04\/08\/rui-costa-pode-abrir-epoca-com-novo-treinador-a-espera-de-ruben-amorim\/","og_site_name":"Portal Tela Portugal","article_published_time":"2026-04-08T09:03:17+00:00","author":"Telinha","twitter_card":"summary_large_image","twitter_misc":{"Escrito por":"Telinha","Tempo estimado de leitura":"1 minuto"},"schema":{"@context":"https:\/\/schema.org","@graph":[{"@type":"Article","@id":"https:\/\/portaltela.pt\/noticias\/2026\/04\/08\/rui-costa-pode-abrir-epoca-com-novo-treinador-a-espera-de-ruben-amorim\/#article","isPartOf":{"@id":"https:\/\/portaltela.pt\/noticias\/2026\/04\/08\/rui-costa-pode-abrir-epoca-com-novo-treinador-a-espera-de-ruben-amorim\/"},"author":{"name":"Telinha","@id":"https:\/\/portaltela.pt\/#\/schema\/person\/c4278d4a6028830caff9ee44b42d32ed"},"headline":"Rui Costa pode abrir \u00e9poca com novo treinador, \u00e0 espera de Ruben Amorim","datePublished":"2026-04-08T09:03:17+00:00","mainEntityOfPage":{"@id":"https:\/\/portaltela.pt\/noticias\/2026\/04\/08\/rui-costa-pode-abrir-epoca-com-novo-treinador-a-espera-de-ruben-amorim\/"},"wordCount":153,"image":{"@id":"https:\/\/portaltela.pt\/noticias\/2026\/04\/08\/rui-costa-pode-abrir-epoca-com-novo-treinador-a-espera-de-ruben-amorim\/#primaryimage"},"thumbnailUrl":"https:\/\/portaltela.pt\/s.01k8rhncp4jt1\/2026\/04\/img_1200x721uu2026-04-07-23-30-09-2431716.jpg","keywords":["1. Liga","Benfica","futebol","mercado da bola","Ruben Amorim","Sporting"],"articleSection":["Desporto","Futebol"],"inLanguage":"pt-PT"},{"@type":"WebPage","@id":"https:\/\/portaltela.pt\/noticias\/2026\/04\/08\/rui-costa-pode-abrir-epoca-com-novo-treinador-a-espera-de-ruben-amorim\/","url":"https:\/\/portaltela.pt\/noticias\/2026\/04\/08\/rui-costa-pode-abrir-epoca-com-novo-treinador-a-espera-de-ruben-amorim\/","name":"Rui Costa pode abrir \u00e9poca com novo treinador, \u00e0 espera de Ruben Amorim - Portal Tela Portugal","isPartOf":{"@id":"https:\/\/portaltela.pt\/#website"},"primaryImageOfPage":{"@id":"https:\/\/portaltela.pt\/noticias\/2026\/04\/08\/rui-costa-pode-abrir-epoca-com-novo-treinador-a-espera-de-ruben-amorim\/#primaryimage"},"image":{"@id":"https:\/\/portaltela.pt\/noticias\/2026\/04\/08\/rui-costa-pode-abrir-epoca-com-novo-treinador-a-espera-de-ruben-amorim\/#primaryimage"},"thumbnailUrl":"https:\/\/portaltela.pt\/s.01k8rhncp4jt1\/2026\/04\/img_1200x721uu2026-04-07-23-30-09-2431716.jpg","datePublished":"2026-04-08T09:03:17+00:00","author":{"@id":"https:\/\/portaltela.pt\/#\/schema\/person\/c4278d4a6028830caff9ee44b42d32ed"},"breadcrumb":{"@id":"https:\/\/portaltela.pt\/noticias\/2026\/04\/08\/rui-costa-pode-abrir-epoca-com-novo-treinador-a-espera-de-ruben-amorim\/#breadcrumb"},"inLanguage":"pt-PT","potentialAction":[{"@type":"ReadAction","target":["https:\/\/portaltela.pt\/noticias\/2026\/04\/08\/rui-costa-pode-abrir-epoca-com-novo-treinador-a-espera-de-ruben-amorim\/"]}]},{"@type":"ImageObject","inLanguage":"pt-PT","@id":"https:\/\/portaltela.pt\/noticias\/2026\/04\/08\/rui-costa-pode-abrir-epoca-com-novo-treinador-a-espera-de-ruben-amorim\/#primaryimage","url":"https:\/\/portaltela.pt\/s.01k8rhncp4jt1\/2026\/04\/img_1200x721uu2026-04-07-23-30-09-2431716.jpg","contentUrl":"https:\/\/portaltela.pt\/s.01k8rhncp4jt1\/2026\/04\/img_1200x721uu2026-04-07-23-30-09-2431716.jpg","width":796,"height":448,"caption":"S\u00e9rgio Krithinas, diretor executivo de Record, analisa futuro a curto e longo prazo do Benfica"},{"@type":"BreadcrumbList","@id":"https:\/\/portaltela.pt\/noticias\/2026\/04\/08\/rui-costa-pode-abrir-epoca-com-novo-treinador-a-espera-de-ruben-amorim\/#breadcrumb","itemListElement":[{"@type":"ListItem","position":1,"name":"In\u00edcio","item":"https:\/\/portaltela.pt\/"},{"@type":"ListItem","position":2,"name":"Rui Costa pode abrir \u00e9poca com novo treinador, \u00e0 espera de Ruben Amorim"}]},{"@type":"WebSite","@id":"https:\/\/portaltela.pt\/#website","url":"https:\/\/portaltela.pt\/","name":"Portal Tela Portugal","description":"","potentialAction":[{"@type":"SearchAction","target":{"@type":"EntryPoint","urlTemplate":"https:\/\/portaltela.pt\/?s={search_term_string}"},"query-input":{"@type":"PropertyValueSpecification","valueRequired":true,"valueName":"search_term_string"}}],"inLanguage":"pt-PT"},{"@type":"Person","@id":"https:\/\/portaltela.pt\/#\/schema\/person\/c4278d4a6028830caff9ee44b42d32ed","name":"Telinha","image":{"@type":"ImageObject","inLanguage":"pt-PT","@id":"https:\/\/portaltela.pt\/s.01k8rhncp4jt1\/2025\/11\/talking-bot-125x125.png","url":"https:\/\/portaltela.pt\/s.01k8rhncp4jt1\/2025\/11\/talking-bot-125x125.png","contentUrl":"https:\/\/portaltela.pt\/s.01k8rhncp4jt1\/2025\/11\/talking-bot-125x125.png","caption":"Telinha"},"sameAs":["https:\/\/portaltela.pt\/"],"url":"https:\/\/portaltela.pt\/por\/367410592786\/"}]}},"_links":{"self":[{"href":"https:\/\/portaltela.pt\/api\/wp\/v2\/posts\/436280","targetHints":{"allow":["GET"]}}],"collection":[{"href":"https:\/\/portaltela.pt\/api\/wp\/v2\/posts"}],"about":[{"href":"https:\/\/portaltela.pt\/api\/wp\/v2\/types\/post"}],"author":[{"embeddable":true,"href":"https:\/\/portaltela.pt\/api\/wp\/v2\/users\/2"}],"replies":[{"embeddable":true,"href":"https:\/\/portaltela.pt\/api\/wp\/v2\/comments?post=436280"}],"version-history":[{"count":0,"href":"https:\/\/portaltela.pt\/api\/wp\/v2\/posts\/436280\/revisions"}],"wp:featuredmedia":[{"embeddable":true,"href":"https:\/\/portaltela.pt\/api\/wp\/v2\/media\/436284"}],"wp:attachment":[{"href":"https:\/\/portaltela.pt\/api\/wp\/v2\/media?parent=436280"}],"wp:term":[{"taxonomy":"category","embeddable":true,"href":"https:\/\/portaltela.pt\/api\/wp\/v2\/categories?post=436280"},{"taxonomy":"post_tag","embeddable":true,"href":"https:\/\/portaltela.pt\/api\/wp\/v2\/tags?post=436280"}],"curies":[{"name":"wp","href":"https:\/\/api.w.org\/{rel}","templated":true}]}}