{"id":436270,"date":"2026-04-08T05:47:09","date_gmt":"2026-04-08T08:47:09","guid":{"rendered":"https:\/\/portaltela.pt\/noticias\/2026\/04\/08\/artemis-ii-astronautas-ignoram-trump-em-chamada\/"},"modified":"2026-04-08T05:47:09","modified_gmt":"2026-04-08T08:47:09","slug":"artemis-ii-astronautas-ignoram-trump-em-chamada","status":"publish","type":"post","link":"https:\/\/portaltela.pt\/tecnologia\/2026\/04\/08\/artemis-ii-astronautas-ignoram-trump-em-chamada\/","title":{"rendered":"Artemis II astronautas ignoram Trump em chamada"},"content":{"rendered":"<p>Foi divulgado um momento tenso durante a chamada da Artemis II, ap\u00f3s a miss\u00e3o lunar. A tripula\u00e7\u00e3o recebeu elogios de Donald Trump, mas permaneceu em sil\u00eancio durante grande parte da comunica\u00e7\u00e3o.<\/p>\n<p>Os astronautas envolvidos s\u00e3o Reid Wiseman (comandante), Victor Glover (piloto), Christina Koch e Jeremy Hansen (especialista de miss\u00e3o). A liga\u00e7\u00e3o ocorreu ap\u00f3s a passagem junto \u00e0 Lua, numa opera\u00e7\u00e3o que decorre em modo de sil\u00eancio.<\/p>\n<p>A chamada gerou um v\u00eddeo que se tornou viral, com utilizadores a comentar o comportamento da tripula\u00e7\u00e3o e a elogiar a atua\u00e7\u00e3o dos membros da equipa. A narrativa ficou associada ao humor da situa\u00e7\u00e3o e \u00e0 suposta neutralidade da NASA.<\/p>\n<h3>Rea\u00e7\u00e3o online<\/h3>\n<p>O v\u00eddeo mostra o momento em que Trump continua a falar e os astronautas n\u00e3o respondem de imediato. Parte do p\u00fablico criticou a insist\u00eancia do l\u00edder, enquanto outros defenderam a integridade dos astronautas em manter o foco na miss\u00e3o.<\/p>\n<p>Os quatro membros da Artemis II seguem a caminho da Terra. A amaragem est\u00e1 prevista para sexta-feira, 10 de abril, com a miss\u00e3o a ser observada por especialistas de v\u00e1rias ag\u00eancias.<\/p>\n","protected":false},"excerpt":{"rendered":"<ul>\n<li>Durante uma chamada de Donald Trump, a tripula\u00e7\u00e3o da Artemis II manteve sil\u00eancio por mais de um minuto a ouvir elogios e divaga\u00e7\u00f5es do ex\u2011presidente.<\/li>\n<li>Trump mencionou contactos com Wayne Gretzky e com o primeiro-ministro do Canad\u00e1, entre outros, durante a conversa.<\/li>\n<li>O momento ficou gravado e tornou\u2011se viral, com muitas pessoas a comentar a rea\u00e7\u00e3o contida dos astronautas.<\/li>\n<li>As rea\u00e7\u00f5es online elogiam a integridade da equipa e a sua recusa em agradar o l\u00edder durante a chamada.<\/li>\n<li>Os astronautas Reid Wiseman (comandante), Victor Glover (piloto) e Christina Koch e Jeremy Hansen (especialistas de miss\u00e3o) seguem para regresso \u00e0 Terra, com a amaragem prevista para sexta\u2011feira, 10 de abril.<\/li>\n<\/ul>\n","protected":false},"author":2,"featured_media":436273,"comment_status":"closed","ping_status":"closed","sticky":false,"template":"","format":"standard","meta":{"footnotes":""},"categories":[6716],"tags":[2982,7186,1992,195,81,5698],"class_list":["post-436270","post","type-post","status-publish","format-standard","has-post-thumbnail","hentry","category-tecnologia","tag-agencia-espacial-portuguesa","tag-astronomia","tag-ciencia","tag-informacao","tag-internacionais","tag-politica-internacional"],"yoast_head":"<!-- This site is optimized with the Yoast SEO plugin v27.2 - https:\/\/yoast.com\/product\/yoast-seo-wordpress\/ -->\n<title>Artemis II astronautas ignoram Trump em chamada - Portal Tela Portugal<\/title>\n<meta name=\"robots\" content=\"index, follow, max-snippet:-1, max-image-preview:large, max-video-preview:-1\" \/>\n<meta property=\"og:locale\" content=\"pt_PT\" \/>\n<meta property=\"og:type\" content=\"article\" \/>\n<meta property=\"og:title\" content=\"Artemis II astronautas ignoram Trump em chamada - Portal Tela Portugal\" \/>\n<meta property=\"og:description\" content=\"Durante uma chamada de Donald Trump, a tripula\u00e7\u00e3o da Artemis II manteve sil\u00eancio por mais de um minuto a ouvir elogios e divaga\u00e7\u00f5es do ex\u2011presidente. Trump mencionou contactos com Wayne Gretzky e com o primeiro-ministro do Canad\u00e1, entre outros, durante a conversa. O momento ficou gravado e tornou\u2011se viral, com muitas pessoas a comentar a rea\u00e7\u00e3o contida dos astronautas. As rea\u00e7\u00f5es online elogiam a integridade da equipa e a sua recusa em agradar o l\u00edder durante a chamada. Os astronautas Reid Wiseman (comandante), Victor Glover (piloto) e Christina Koch e Jeremy Hansen (especialistas de miss\u00e3o) seguem para regresso \u00e0 Terra, com a amaragem prevista para sexta\u2011feira, 10 de abril.\" \/>\n<meta property=\"og:url\" content=\"https:\/\/portaltela.pt\/noticias\/2026\/04\/08\/artemis-ii-astronautas-ignoram-trump-em-chamada\/\" \/>\n<meta property=\"og:site_name\" content=\"Portal Tela Portugal\" \/>\n<meta property=\"article:published_time\" content=\"2026-04-08T08:47:09+00:00\" \/>\n<meta name=\"author\" content=\"Telinha\" \/>\n<meta name=\"twitter:card\" content=\"summary_large_image\" \/>\n<meta name=\"twitter:label1\" content=\"Escrito por\" \/>\n\t<meta name=\"twitter:data1\" content=\"Telinha\" \/>\n\t<meta name=\"twitter:label2\" content=\"Tempo estimado de leitura\" \/>\n\t<meta name=\"twitter:data2\" content=\"1 minuto\" \/>\n<script type=\"application\/ld+json\" class=\"yoast-schema-graph\">{\"@context\":\"https:\/\/schema.org\",\"@graph\":[{\"@type\":\"Article\",\"@id\":\"https:\/\/portaltela.pt\/noticias\/2026\/04\/08\/artemis-ii-astronautas-ignoram-trump-em-chamada\/#article\",\"isPartOf\":{\"@id\":\"https:\/\/portaltela.pt\/noticias\/2026\/04\/08\/artemis-ii-astronautas-ignoram-trump-em-chamada\/\"},\"author\":{\"name\":\"Telinha\",\"@id\":\"https:\/\/portaltela.pt\/#\/schema\/person\/c4278d4a6028830caff9ee44b42d32ed\"},\"headline\":\"Artemis II astronautas ignoram Trump em chamada\",\"datePublished\":\"2026-04-08T08:47:09+00:00\",\"mainEntityOfPage\":{\"@id\":\"https:\/\/portaltela.pt\/noticias\/2026\/04\/08\/artemis-ii-astronautas-ignoram-trump-em-chamada\/\"},\"wordCount\":207,\"image\":{\"@id\":\"https:\/\/portaltela.pt\/noticias\/2026\/04\/08\/artemis-ii-astronautas-ignoram-trump-em-chamada\/#primaryimage\"},\"thumbnailUrl\":\"https:\/\/portaltela.pt\/s.01k8rhncp4jt1\/2026\/04\/1536x864_cmsv2_ce27f19b-2a37-5deb-a124-ac73a0d40aef-9714135.jpg\",\"keywords\":[\"Ag\u00eancia Espacial Portuguesa\",\"astronomia\",\"ci\u00eancia\",\"informa\u00e7\u00e3o\",\"internacionais\",\"pol\u00edtica internacional\"],\"articleSection\":[\"Tecnologia\"],\"inLanguage\":\"pt-PT\"},{\"@type\":\"WebPage\",\"@id\":\"https:\/\/portaltela.pt\/noticias\/2026\/04\/08\/artemis-ii-astronautas-ignoram-trump-em-chamada\/\",\"url\":\"https:\/\/portaltela.pt\/noticias\/2026\/04\/08\/artemis-ii-astronautas-ignoram-trump-em-chamada\/\",\"name\":\"Artemis II astronautas ignoram Trump em chamada - Portal Tela Portugal\",\"isPartOf\":{\"@id\":\"https:\/\/portaltela.pt\/#website\"},\"primaryImageOfPage\":{\"@id\":\"https:\/\/portaltela.pt\/noticias\/2026\/04\/08\/artemis-ii-astronautas-ignoram-trump-em-chamada\/#primaryimage\"},\"image\":{\"@id\":\"https:\/\/portaltela.pt\/noticias\/2026\/04\/08\/artemis-ii-astronautas-ignoram-trump-em-chamada\/#primaryimage\"},\"thumbnailUrl\":\"https:\/\/portaltela.pt\/s.01k8rhncp4jt1\/2026\/04\/1536x864_cmsv2_ce27f19b-2a37-5deb-a124-ac73a0d40aef-9714135.jpg\",\"datePublished\":\"2026-04-08T08:47:09+00:00\",\"author\":{\"@id\":\"https:\/\/portaltela.pt\/#\/schema\/person\/c4278d4a6028830caff9ee44b42d32ed\"},\"breadcrumb\":{\"@id\":\"https:\/\/portaltela.pt\/noticias\/2026\/04\/08\/artemis-ii-astronautas-ignoram-trump-em-chamada\/#breadcrumb\"},\"inLanguage\":\"pt-PT\",\"potentialAction\":[{\"@type\":\"ReadAction\",\"target\":[\"https:\/\/portaltela.pt\/noticias\/2026\/04\/08\/artemis-ii-astronautas-ignoram-trump-em-chamada\/\"]}]},{\"@type\":\"ImageObject\",\"inLanguage\":\"pt-PT\",\"@id\":\"https:\/\/portaltela.pt\/noticias\/2026\/04\/08\/artemis-ii-astronautas-ignoram-trump-em-chamada\/#primaryimage\",\"url\":\"https:\/\/portaltela.pt\/s.01k8rhncp4jt1\/2026\/04\/1536x864_cmsv2_ce27f19b-2a37-5deb-a124-ac73a0d40aef-9714135.jpg\",\"contentUrl\":\"https:\/\/portaltela.pt\/s.01k8rhncp4jt1\/2026\/04\/1536x864_cmsv2_ce27f19b-2a37-5deb-a124-ac73a0d40aef-9714135.jpg\",\"width\":796,\"height\":448,\"caption\":\"Astronautas da Artemis II ignoram Trump em momento constrangedor\"},{\"@type\":\"BreadcrumbList\",\"@id\":\"https:\/\/portaltela.pt\/noticias\/2026\/04\/08\/artemis-ii-astronautas-ignoram-trump-em-chamada\/#breadcrumb\",\"itemListElement\":[{\"@type\":\"ListItem\",\"position\":1,\"name\":\"In\u00edcio\",\"item\":\"https:\/\/portaltela.pt\/\"},{\"@type\":\"ListItem\",\"position\":2,\"name\":\"Artemis II astronautas ignoram Trump em chamada\"}]},{\"@type\":\"WebSite\",\"@id\":\"https:\/\/portaltela.pt\/#website\",\"url\":\"https:\/\/portaltela.pt\/\",\"name\":\"Portal Tela Portugal\",\"description\":\"\",\"potentialAction\":[{\"@type\":\"SearchAction\",\"target\":{\"@type\":\"EntryPoint\",\"urlTemplate\":\"https:\/\/portaltela.pt\/?s={search_term_string}\"},\"query-input\":{\"@type\":\"PropertyValueSpecification\",\"valueRequired\":true,\"valueName\":\"search_term_string\"}}],\"inLanguage\":\"pt-PT\"},{\"@type\":\"Person\",\"@id\":\"https:\/\/portaltela.pt\/#\/schema\/person\/c4278d4a6028830caff9ee44b42d32ed\",\"name\":\"Telinha\",\"image\":{\"@type\":\"ImageObject\",\"inLanguage\":\"pt-PT\",\"@id\":\"https:\/\/portaltela.pt\/s.01k8rhncp4jt1\/2025\/11\/talking-bot-125x125.png\",\"url\":\"https:\/\/portaltela.pt\/s.01k8rhncp4jt1\/2025\/11\/talking-bot-125x125.png\",\"contentUrl\":\"https:\/\/portaltela.pt\/s.01k8rhncp4jt1\/2025\/11\/talking-bot-125x125.png\",\"caption\":\"Telinha\"},\"sameAs\":[\"https:\/\/portaltela.pt\/\"],\"url\":\"https:\/\/portaltela.pt\/por\/367410592786\/\"}]}<\/script>\n<!-- \/ Yoast SEO plugin. -->","yoast_head_json":{"title":"Artemis II astronautas ignoram Trump em chamada - Portal Tela Portugal","robots":{"index":"index","follow":"follow","max-snippet":"max-snippet:-1","max-image-preview":"max-image-preview:large","max-video-preview":"max-video-preview:-1"},"og_locale":"pt_PT","og_type":"article","og_title":"Artemis II astronautas ignoram Trump em chamada - Portal Tela Portugal","og_description":"Durante uma chamada de Donald Trump, a tripula\u00e7\u00e3o da Artemis II manteve sil\u00eancio por mais de um minuto a ouvir elogios e divaga\u00e7\u00f5es do ex\u2011presidente. Trump mencionou contactos com Wayne Gretzky e com o primeiro-ministro do Canad\u00e1, entre outros, durante a conversa. O momento ficou gravado e tornou\u2011se viral, com muitas pessoas a comentar a rea\u00e7\u00e3o contida dos astronautas. As rea\u00e7\u00f5es online elogiam a integridade da equipa e a sua recusa em agradar o l\u00edder durante a chamada. Os astronautas Reid Wiseman (comandante), Victor Glover (piloto) e Christina Koch e Jeremy Hansen (especialistas de miss\u00e3o) seguem para regresso \u00e0 Terra, com a amaragem prevista para sexta\u2011feira, 10 de abril.","og_url":"https:\/\/portaltela.pt\/noticias\/2026\/04\/08\/artemis-ii-astronautas-ignoram-trump-em-chamada\/","og_site_name":"Portal Tela Portugal","article_published_time":"2026-04-08T08:47:09+00:00","author":"Telinha","twitter_card":"summary_large_image","twitter_misc":{"Escrito por":"Telinha","Tempo estimado de leitura":"1 minuto"},"schema":{"@context":"https:\/\/schema.org","@graph":[{"@type":"Article","@id":"https:\/\/portaltela.pt\/noticias\/2026\/04\/08\/artemis-ii-astronautas-ignoram-trump-em-chamada\/#article","isPartOf":{"@id":"https:\/\/portaltela.pt\/noticias\/2026\/04\/08\/artemis-ii-astronautas-ignoram-trump-em-chamada\/"},"author":{"name":"Telinha","@id":"https:\/\/portaltela.pt\/#\/schema\/person\/c4278d4a6028830caff9ee44b42d32ed"},"headline":"Artemis II astronautas ignoram Trump em chamada","datePublished":"2026-04-08T08:47:09+00:00","mainEntityOfPage":{"@id":"https:\/\/portaltela.pt\/noticias\/2026\/04\/08\/artemis-ii-astronautas-ignoram-trump-em-chamada\/"},"wordCount":207,"image":{"@id":"https:\/\/portaltela.pt\/noticias\/2026\/04\/08\/artemis-ii-astronautas-ignoram-trump-em-chamada\/#primaryimage"},"thumbnailUrl":"https:\/\/portaltela.pt\/s.01k8rhncp4jt1\/2026\/04\/1536x864_cmsv2_ce27f19b-2a37-5deb-a124-ac73a0d40aef-9714135.jpg","keywords":["Ag\u00eancia Espacial Portuguesa","astronomia","ci\u00eancia","informa\u00e7\u00e3o","internacionais","pol\u00edtica internacional"],"articleSection":["Tecnologia"],"inLanguage":"pt-PT"},{"@type":"WebPage","@id":"https:\/\/portaltela.pt\/noticias\/2026\/04\/08\/artemis-ii-astronautas-ignoram-trump-em-chamada\/","url":"https:\/\/portaltela.pt\/noticias\/2026\/04\/08\/artemis-ii-astronautas-ignoram-trump-em-chamada\/","name":"Artemis II astronautas ignoram Trump em chamada - Portal Tela Portugal","isPartOf":{"@id":"https:\/\/portaltela.pt\/#website"},"primaryImageOfPage":{"@id":"https:\/\/portaltela.pt\/noticias\/2026\/04\/08\/artemis-ii-astronautas-ignoram-trump-em-chamada\/#primaryimage"},"image":{"@id":"https:\/\/portaltela.pt\/noticias\/2026\/04\/08\/artemis-ii-astronautas-ignoram-trump-em-chamada\/#primaryimage"},"thumbnailUrl":"https:\/\/portaltela.pt\/s.01k8rhncp4jt1\/2026\/04\/1536x864_cmsv2_ce27f19b-2a37-5deb-a124-ac73a0d40aef-9714135.jpg","datePublished":"2026-04-08T08:47:09+00:00","author":{"@id":"https:\/\/portaltela.pt\/#\/schema\/person\/c4278d4a6028830caff9ee44b42d32ed"},"breadcrumb":{"@id":"https:\/\/portaltela.pt\/noticias\/2026\/04\/08\/artemis-ii-astronautas-ignoram-trump-em-chamada\/#breadcrumb"},"inLanguage":"pt-PT","potentialAction":[{"@type":"ReadAction","target":["https:\/\/portaltela.pt\/noticias\/2026\/04\/08\/artemis-ii-astronautas-ignoram-trump-em-chamada\/"]}]},{"@type":"ImageObject","inLanguage":"pt-PT","@id":"https:\/\/portaltela.pt\/noticias\/2026\/04\/08\/artemis-ii-astronautas-ignoram-trump-em-chamada\/#primaryimage","url":"https:\/\/portaltela.pt\/s.01k8rhncp4jt1\/2026\/04\/1536x864_cmsv2_ce27f19b-2a37-5deb-a124-ac73a0d40aef-9714135.jpg","contentUrl":"https:\/\/portaltela.pt\/s.01k8rhncp4jt1\/2026\/04\/1536x864_cmsv2_ce27f19b-2a37-5deb-a124-ac73a0d40aef-9714135.jpg","width":796,"height":448,"caption":"Astronautas da Artemis II ignoram Trump em momento constrangedor"},{"@type":"BreadcrumbList","@id":"https:\/\/portaltela.pt\/noticias\/2026\/04\/08\/artemis-ii-astronautas-ignoram-trump-em-chamada\/#breadcrumb","itemListElement":[{"@type":"ListItem","position":1,"name":"In\u00edcio","item":"https:\/\/portaltela.pt\/"},{"@type":"ListItem","position":2,"name":"Artemis II astronautas ignoram Trump em chamada"}]},{"@type":"WebSite","@id":"https:\/\/portaltela.pt\/#website","url":"https:\/\/portaltela.pt\/","name":"Portal Tela Portugal","description":"","potentialAction":[{"@type":"SearchAction","target":{"@type":"EntryPoint","urlTemplate":"https:\/\/portaltela.pt\/?s={search_term_string}"},"query-input":{"@type":"PropertyValueSpecification","valueRequired":true,"valueName":"search_term_string"}}],"inLanguage":"pt-PT"},{"@type":"Person","@id":"https:\/\/portaltela.pt\/#\/schema\/person\/c4278d4a6028830caff9ee44b42d32ed","name":"Telinha","image":{"@type":"ImageObject","inLanguage":"pt-PT","@id":"https:\/\/portaltela.pt\/s.01k8rhncp4jt1\/2025\/11\/talking-bot-125x125.png","url":"https:\/\/portaltela.pt\/s.01k8rhncp4jt1\/2025\/11\/talking-bot-125x125.png","contentUrl":"https:\/\/portaltela.pt\/s.01k8rhncp4jt1\/2025\/11\/talking-bot-125x125.png","caption":"Telinha"},"sameAs":["https:\/\/portaltela.pt\/"],"url":"https:\/\/portaltela.pt\/por\/367410592786\/"}]}},"_links":{"self":[{"href":"https:\/\/portaltela.pt\/api\/wp\/v2\/posts\/436270","targetHints":{"allow":["GET"]}}],"collection":[{"href":"https:\/\/portaltela.pt\/api\/wp\/v2\/posts"}],"about":[{"href":"https:\/\/portaltela.pt\/api\/wp\/v2\/types\/post"}],"author":[{"embeddable":true,"href":"https:\/\/portaltela.pt\/api\/wp\/v2\/users\/2"}],"replies":[{"embeddable":true,"href":"https:\/\/portaltela.pt\/api\/wp\/v2\/comments?post=436270"}],"version-history":[{"count":0,"href":"https:\/\/portaltela.pt\/api\/wp\/v2\/posts\/436270\/revisions"}],"wp:featuredmedia":[{"embeddable":true,"href":"https:\/\/portaltela.pt\/api\/wp\/v2\/media\/436273"}],"wp:attachment":[{"href":"https:\/\/portaltela.pt\/api\/wp\/v2\/media?parent=436270"}],"wp:term":[{"taxonomy":"category","embeddable":true,"href":"https:\/\/portaltela.pt\/api\/wp\/v2\/categories?post=436270"},{"taxonomy":"post_tag","embeddable":true,"href":"https:\/\/portaltela.pt\/api\/wp\/v2\/tags?post=436270"}],"curies":[{"name":"wp","href":"https:\/\/api.w.org\/{rel}","templated":true}]}}