{"id":436269,"date":"2026-04-08T05:47:07","date_gmt":"2026-04-08T08:47:07","guid":{"rendered":"https:\/\/portaltela.pt\/noticias\/2026\/04\/08\/sismo-de-magnitude-30-sentido-no-pico-e-no-faial\/"},"modified":"2026-04-08T05:47:07","modified_gmt":"2026-04-08T08:47:07","slug":"sismo-de-magnitude-30-sentido-no-pico-e-no-faial","status":"publish","type":"post","link":"https:\/\/portaltela.pt\/tempo\/2026\/04\/08\/sismo-de-magnitude-30-sentido-no-pico-e-no-faial\/","title":{"rendered":"Sismo de magnitude 3,0 sentido no Pico e no Faial"},"content":{"rendered":"<p>Um sismo de magnitude 3,0 na escala de Richter foi registado, sentido no Pico e no Faial, nos A\u00e7ores.<\/p>\n<p>Segundo o texto dispon\u00edvel, n\u00e3o foram divulgadas informa\u00e7\u00f5es sobre o momento do abalo, danos ou v\u00edtimas.<\/p>\n<p>O conte\u00fado completo est\u00e1 dispon\u00edvel apenas para subscritores.<\/p>\n","protected":false},"excerpt":{"rendered":"<ul>\n<li>Um sismo de magnitude 3,0 na escala de Richter foi sentido no Pico e no Faial.<\/li>\n<li>O abalo ocorreu na regi\u00e3o dos A\u00e7ores e foi percept\u00edvel nas duas ilhas mencionadas.<\/li>\n<li>N\u00e3o h\u00e1 informa\u00e7\u00f5es dispon\u00edveis sobre danos ou eventuais consequ\u00eancias at\u00e9 ao momento.<\/li>\n<li>O ocorr\u00eancia foi registada recentemente, segundo fontes locais (informa\u00e7\u00e3o dispon\u00edvel apenas para subscritores).<\/li>\n<\/ul>\n","protected":false},"author":2,"featured_media":436271,"comment_status":"closed","ping_status":"closed","sticky":false,"template":"","format":"standard","meta":{"footnotes":""},"categories":[7365],"tags":[822,5215,45,3568,1014,6385],"class_list":["post-436269","post","type-post","status-publish","format-standard","has-post-thumbnail","hentry","category-tempo","tag-acores","tag-catastrofes-naturais","tag-meio-ambiente","tag-natureza","tag-portugal","tag-sismos"],"yoast_head":"<!-- This site is optimized with the Yoast SEO plugin v27.2 - https:\/\/yoast.com\/product\/yoast-seo-wordpress\/ -->\n<title>Sismo de magnitude 3,0 sentido no Pico e no Faial - Portal Tela Portugal<\/title>\n<meta name=\"robots\" content=\"index, follow, max-snippet:-1, max-image-preview:large, max-video-preview:-1\" \/>\n<meta property=\"og:locale\" content=\"pt_PT\" \/>\n<meta property=\"og:type\" content=\"article\" \/>\n<meta property=\"og:title\" content=\"Sismo de magnitude 3,0 sentido no Pico e no Faial - Portal Tela Portugal\" \/>\n<meta property=\"og:description\" content=\"Um sismo de magnitude 3,0 na escala de Richter foi sentido no Pico e no Faial. O abalo ocorreu na regi\u00e3o dos A\u00e7ores e foi percept\u00edvel nas duas ilhas mencionadas. N\u00e3o h\u00e1 informa\u00e7\u00f5es dispon\u00edveis sobre danos ou eventuais consequ\u00eancias at\u00e9 ao momento. O ocorr\u00eancia foi registada recentemente, segundo fontes locais (informa\u00e7\u00e3o dispon\u00edvel apenas para subscritores).\" \/>\n<meta property=\"og:url\" content=\"https:\/\/portaltela.pt\/noticias\/2026\/04\/08\/sismo-de-magnitude-30-sentido-no-pico-e-no-faial\/\" \/>\n<meta property=\"og:site_name\" content=\"Portal Tela Portugal\" \/>\n<meta property=\"article:published_time\" content=\"2026-04-08T08:47:07+00:00\" \/>\n<meta name=\"author\" content=\"Telinha\" \/>\n<meta name=\"twitter:card\" content=\"summary_large_image\" \/>\n<meta name=\"twitter:label1\" content=\"Escrito por\" \/>\n\t<meta name=\"twitter:data1\" content=\"Telinha\" \/>\n<script type=\"application\/ld+json\" class=\"yoast-schema-graph\">{\"@context\":\"https:\/\/schema.org\",\"@graph\":[{\"@type\":\"Article\",\"@id\":\"https:\/\/portaltela.pt\/noticias\/2026\/04\/08\/sismo-de-magnitude-30-sentido-no-pico-e-no-faial\/#article\",\"isPartOf\":{\"@id\":\"https:\/\/portaltela.pt\/noticias\/2026\/04\/08\/sismo-de-magnitude-30-sentido-no-pico-e-no-faial\/\"},\"author\":{\"name\":\"Telinha\",\"@id\":\"https:\/\/portaltela.pt\/#\/schema\/person\/c4278d4a6028830caff9ee44b42d32ed\"},\"headline\":\"Sismo de magnitude 3,0 sentido no Pico e no Faial\",\"datePublished\":\"2026-04-08T08:47:07+00:00\",\"mainEntityOfPage\":{\"@id\":\"https:\/\/portaltela.pt\/noticias\/2026\/04\/08\/sismo-de-magnitude-30-sentido-no-pico-e-no-faial\/\"},\"wordCount\":58,\"image\":{\"@id\":\"https:\/\/portaltela.pt\/noticias\/2026\/04\/08\/sismo-de-magnitude-30-sentido-no-pico-e-no-faial\/#primaryimage\"},\"thumbnailUrl\":\"https:\/\/portaltela.pt\/s.01k8rhncp4jt1\/2026\/04\/CACHE_780X1200_ANALOG_WATERMARKED_45574938_6441048_01092025113909.jpg\",\"keywords\":[\"A\u00e7ores\",\"cat\u00e1strofes naturais\",\"meio-ambiente\",\"natureza\",\"Portugal\",\"sismos\"],\"articleSection\":[\"Tempo\"],\"inLanguage\":\"pt-PT\"},{\"@type\":\"WebPage\",\"@id\":\"https:\/\/portaltela.pt\/noticias\/2026\/04\/08\/sismo-de-magnitude-30-sentido-no-pico-e-no-faial\/\",\"url\":\"https:\/\/portaltela.pt\/noticias\/2026\/04\/08\/sismo-de-magnitude-30-sentido-no-pico-e-no-faial\/\",\"name\":\"Sismo de magnitude 3,0 sentido no Pico e no Faial - Portal Tela Portugal\",\"isPartOf\":{\"@id\":\"https:\/\/portaltela.pt\/#website\"},\"primaryImageOfPage\":{\"@id\":\"https:\/\/portaltela.pt\/noticias\/2026\/04\/08\/sismo-de-magnitude-30-sentido-no-pico-e-no-faial\/#primaryimage\"},\"image\":{\"@id\":\"https:\/\/portaltela.pt\/noticias\/2026\/04\/08\/sismo-de-magnitude-30-sentido-no-pico-e-no-faial\/#primaryimage\"},\"thumbnailUrl\":\"https:\/\/portaltela.pt\/s.01k8rhncp4jt1\/2026\/04\/CACHE_780X1200_ANALOG_WATERMARKED_45574938_6441048_01092025113909.jpg\",\"datePublished\":\"2026-04-08T08:47:07+00:00\",\"author\":{\"@id\":\"https:\/\/portaltela.pt\/#\/schema\/person\/c4278d4a6028830caff9ee44b42d32ed\"},\"breadcrumb\":{\"@id\":\"https:\/\/portaltela.pt\/noticias\/2026\/04\/08\/sismo-de-magnitude-30-sentido-no-pico-e-no-faial\/#breadcrumb\"},\"inLanguage\":\"pt-PT\",\"potentialAction\":[{\"@type\":\"ReadAction\",\"target\":[\"https:\/\/portaltela.pt\/noticias\/2026\/04\/08\/sismo-de-magnitude-30-sentido-no-pico-e-no-faial\/\"]}]},{\"@type\":\"ImageObject\",\"inLanguage\":\"pt-PT\",\"@id\":\"https:\/\/portaltela.pt\/noticias\/2026\/04\/08\/sismo-de-magnitude-30-sentido-no-pico-e-no-faial\/#primaryimage\",\"url\":\"https:\/\/portaltela.pt\/s.01k8rhncp4jt1\/2026\/04\/CACHE_780X1200_ANALOG_WATERMARKED_45574938_6441048_01092025113909.jpg\",\"contentUrl\":\"https:\/\/portaltela.pt\/s.01k8rhncp4jt1\/2026\/04\/CACHE_780X1200_ANALOG_WATERMARKED_45574938_6441048_01092025113909.jpg\",\"width\":796,\"height\":448,\"caption\":\"Sismo de magnitude 3,0 na escala de Richter sentido no Pico e no Faial\"},{\"@type\":\"BreadcrumbList\",\"@id\":\"https:\/\/portaltela.pt\/noticias\/2026\/04\/08\/sismo-de-magnitude-30-sentido-no-pico-e-no-faial\/#breadcrumb\",\"itemListElement\":[{\"@type\":\"ListItem\",\"position\":1,\"name\":\"In\u00edcio\",\"item\":\"https:\/\/portaltela.pt\/\"},{\"@type\":\"ListItem\",\"position\":2,\"name\":\"Sismo de magnitude 3,0 sentido no Pico e no Faial\"}]},{\"@type\":\"WebSite\",\"@id\":\"https:\/\/portaltela.pt\/#website\",\"url\":\"https:\/\/portaltela.pt\/\",\"name\":\"Portal Tela Portugal\",\"description\":\"\",\"potentialAction\":[{\"@type\":\"SearchAction\",\"target\":{\"@type\":\"EntryPoint\",\"urlTemplate\":\"https:\/\/portaltela.pt\/?s={search_term_string}\"},\"query-input\":{\"@type\":\"PropertyValueSpecification\",\"valueRequired\":true,\"valueName\":\"search_term_string\"}}],\"inLanguage\":\"pt-PT\"},{\"@type\":\"Person\",\"@id\":\"https:\/\/portaltela.pt\/#\/schema\/person\/c4278d4a6028830caff9ee44b42d32ed\",\"name\":\"Telinha\",\"image\":{\"@type\":\"ImageObject\",\"inLanguage\":\"pt-PT\",\"@id\":\"https:\/\/portaltela.pt\/s.01k8rhncp4jt1\/2025\/11\/talking-bot-125x125.png\",\"url\":\"https:\/\/portaltela.pt\/s.01k8rhncp4jt1\/2025\/11\/talking-bot-125x125.png\",\"contentUrl\":\"https:\/\/portaltela.pt\/s.01k8rhncp4jt1\/2025\/11\/talking-bot-125x125.png\",\"caption\":\"Telinha\"},\"sameAs\":[\"https:\/\/portaltela.pt\/\"],\"url\":\"https:\/\/portaltela.pt\/por\/367410592786\/\"}]}<\/script>\n<!-- \/ Yoast SEO plugin. -->","yoast_head_json":{"title":"Sismo de magnitude 3,0 sentido no Pico e no Faial - Portal Tela Portugal","robots":{"index":"index","follow":"follow","max-snippet":"max-snippet:-1","max-image-preview":"max-image-preview:large","max-video-preview":"max-video-preview:-1"},"og_locale":"pt_PT","og_type":"article","og_title":"Sismo de magnitude 3,0 sentido no Pico e no Faial - Portal Tela Portugal","og_description":"Um sismo de magnitude 3,0 na escala de Richter foi sentido no Pico e no Faial. O abalo ocorreu na regi\u00e3o dos A\u00e7ores e foi percept\u00edvel nas duas ilhas mencionadas. N\u00e3o h\u00e1 informa\u00e7\u00f5es dispon\u00edveis sobre danos ou eventuais consequ\u00eancias at\u00e9 ao momento. O ocorr\u00eancia foi registada recentemente, segundo fontes locais (informa\u00e7\u00e3o dispon\u00edvel apenas para subscritores).","og_url":"https:\/\/portaltela.pt\/noticias\/2026\/04\/08\/sismo-de-magnitude-30-sentido-no-pico-e-no-faial\/","og_site_name":"Portal Tela Portugal","article_published_time":"2026-04-08T08:47:07+00:00","author":"Telinha","twitter_card":"summary_large_image","twitter_misc":{"Escrito por":"Telinha"},"schema":{"@context":"https:\/\/schema.org","@graph":[{"@type":"Article","@id":"https:\/\/portaltela.pt\/noticias\/2026\/04\/08\/sismo-de-magnitude-30-sentido-no-pico-e-no-faial\/#article","isPartOf":{"@id":"https:\/\/portaltela.pt\/noticias\/2026\/04\/08\/sismo-de-magnitude-30-sentido-no-pico-e-no-faial\/"},"author":{"name":"Telinha","@id":"https:\/\/portaltela.pt\/#\/schema\/person\/c4278d4a6028830caff9ee44b42d32ed"},"headline":"Sismo de magnitude 3,0 sentido no Pico e no Faial","datePublished":"2026-04-08T08:47:07+00:00","mainEntityOfPage":{"@id":"https:\/\/portaltela.pt\/noticias\/2026\/04\/08\/sismo-de-magnitude-30-sentido-no-pico-e-no-faial\/"},"wordCount":58,"image":{"@id":"https:\/\/portaltela.pt\/noticias\/2026\/04\/08\/sismo-de-magnitude-30-sentido-no-pico-e-no-faial\/#primaryimage"},"thumbnailUrl":"https:\/\/portaltela.pt\/s.01k8rhncp4jt1\/2026\/04\/CACHE_780X1200_ANALOG_WATERMARKED_45574938_6441048_01092025113909.jpg","keywords":["A\u00e7ores","cat\u00e1strofes naturais","meio-ambiente","natureza","Portugal","sismos"],"articleSection":["Tempo"],"inLanguage":"pt-PT"},{"@type":"WebPage","@id":"https:\/\/portaltela.pt\/noticias\/2026\/04\/08\/sismo-de-magnitude-30-sentido-no-pico-e-no-faial\/","url":"https:\/\/portaltela.pt\/noticias\/2026\/04\/08\/sismo-de-magnitude-30-sentido-no-pico-e-no-faial\/","name":"Sismo de magnitude 3,0 sentido no Pico e no Faial - Portal Tela Portugal","isPartOf":{"@id":"https:\/\/portaltela.pt\/#website"},"primaryImageOfPage":{"@id":"https:\/\/portaltela.pt\/noticias\/2026\/04\/08\/sismo-de-magnitude-30-sentido-no-pico-e-no-faial\/#primaryimage"},"image":{"@id":"https:\/\/portaltela.pt\/noticias\/2026\/04\/08\/sismo-de-magnitude-30-sentido-no-pico-e-no-faial\/#primaryimage"},"thumbnailUrl":"https:\/\/portaltela.pt\/s.01k8rhncp4jt1\/2026\/04\/CACHE_780X1200_ANALOG_WATERMARKED_45574938_6441048_01092025113909.jpg","datePublished":"2026-04-08T08:47:07+00:00","author":{"@id":"https:\/\/portaltela.pt\/#\/schema\/person\/c4278d4a6028830caff9ee44b42d32ed"},"breadcrumb":{"@id":"https:\/\/portaltela.pt\/noticias\/2026\/04\/08\/sismo-de-magnitude-30-sentido-no-pico-e-no-faial\/#breadcrumb"},"inLanguage":"pt-PT","potentialAction":[{"@type":"ReadAction","target":["https:\/\/portaltela.pt\/noticias\/2026\/04\/08\/sismo-de-magnitude-30-sentido-no-pico-e-no-faial\/"]}]},{"@type":"ImageObject","inLanguage":"pt-PT","@id":"https:\/\/portaltela.pt\/noticias\/2026\/04\/08\/sismo-de-magnitude-30-sentido-no-pico-e-no-faial\/#primaryimage","url":"https:\/\/portaltela.pt\/s.01k8rhncp4jt1\/2026\/04\/CACHE_780X1200_ANALOG_WATERMARKED_45574938_6441048_01092025113909.jpg","contentUrl":"https:\/\/portaltela.pt\/s.01k8rhncp4jt1\/2026\/04\/CACHE_780X1200_ANALOG_WATERMARKED_45574938_6441048_01092025113909.jpg","width":796,"height":448,"caption":"Sismo de magnitude 3,0 na escala de Richter sentido no Pico e no Faial"},{"@type":"BreadcrumbList","@id":"https:\/\/portaltela.pt\/noticias\/2026\/04\/08\/sismo-de-magnitude-30-sentido-no-pico-e-no-faial\/#breadcrumb","itemListElement":[{"@type":"ListItem","position":1,"name":"In\u00edcio","item":"https:\/\/portaltela.pt\/"},{"@type":"ListItem","position":2,"name":"Sismo de magnitude 3,0 sentido no Pico e no Faial"}]},{"@type":"WebSite","@id":"https:\/\/portaltela.pt\/#website","url":"https:\/\/portaltela.pt\/","name":"Portal Tela Portugal","description":"","potentialAction":[{"@type":"SearchAction","target":{"@type":"EntryPoint","urlTemplate":"https:\/\/portaltela.pt\/?s={search_term_string}"},"query-input":{"@type":"PropertyValueSpecification","valueRequired":true,"valueName":"search_term_string"}}],"inLanguage":"pt-PT"},{"@type":"Person","@id":"https:\/\/portaltela.pt\/#\/schema\/person\/c4278d4a6028830caff9ee44b42d32ed","name":"Telinha","image":{"@type":"ImageObject","inLanguage":"pt-PT","@id":"https:\/\/portaltela.pt\/s.01k8rhncp4jt1\/2025\/11\/talking-bot-125x125.png","url":"https:\/\/portaltela.pt\/s.01k8rhncp4jt1\/2025\/11\/talking-bot-125x125.png","contentUrl":"https:\/\/portaltela.pt\/s.01k8rhncp4jt1\/2025\/11\/talking-bot-125x125.png","caption":"Telinha"},"sameAs":["https:\/\/portaltela.pt\/"],"url":"https:\/\/portaltela.pt\/por\/367410592786\/"}]}},"_links":{"self":[{"href":"https:\/\/portaltela.pt\/api\/wp\/v2\/posts\/436269","targetHints":{"allow":["GET"]}}],"collection":[{"href":"https:\/\/portaltela.pt\/api\/wp\/v2\/posts"}],"about":[{"href":"https:\/\/portaltela.pt\/api\/wp\/v2\/types\/post"}],"author":[{"embeddable":true,"href":"https:\/\/portaltela.pt\/api\/wp\/v2\/users\/2"}],"replies":[{"embeddable":true,"href":"https:\/\/portaltela.pt\/api\/wp\/v2\/comments?post=436269"}],"version-history":[{"count":0,"href":"https:\/\/portaltela.pt\/api\/wp\/v2\/posts\/436269\/revisions"}],"wp:featuredmedia":[{"embeddable":true,"href":"https:\/\/portaltela.pt\/api\/wp\/v2\/media\/436271"}],"wp:attachment":[{"href":"https:\/\/portaltela.pt\/api\/wp\/v2\/media?parent=436269"}],"wp:term":[{"taxonomy":"category","embeddable":true,"href":"https:\/\/portaltela.pt\/api\/wp\/v2\/categories?post=436269"},{"taxonomy":"post_tag","embeddable":true,"href":"https:\/\/portaltela.pt\/api\/wp\/v2\/tags?post=436269"}],"curies":[{"name":"wp","href":"https:\/\/api.w.org\/{rel}","templated":true}]}}