{"id":436252,"date":"2026-04-08T05:32:11","date_gmt":"2026-04-08T08:32:11","guid":{"rendered":"https:\/\/portaltela.pt\/noticias\/2026\/04\/08\/assalto-a-ourivesaria-em-lisboa-suspeito-foge-de-trotinete-com-relogios-e-ouro\/"},"modified":"2026-04-08T05:32:11","modified_gmt":"2026-04-08T08:32:11","slug":"assalto-a-ourivesaria-em-lisboa-suspeito-foge-de-trotinete-com-relogios-e-ouro","status":"publish","type":"post","link":"https:\/\/portaltela.pt\/seguranca\/2026\/04\/08\/assalto-a-ourivesaria-em-lisboa-suspeito-foge-de-trotinete-com-relogios-e-ouro\/","title":{"rendered":"Assalto a ourivesaria em Lisboa: suspeito foge de trotinete com rel\u00f3gios e ouro"},"content":{"rendered":"<p>Uma ourivesaria na Pra\u00e7a da Figueira, em Lisboa, foi assaltada \u00e0s 17h50 desta ter\u00e7a-feira. O suspeito utilizou uma barra met\u00e1lica para o furto.<\/p>\n<p>Ao que o CM apurou, o indiv\u00edduo roubou v\u00e1rios rel\u00f3gios e outras pe\u00e7as em ouro. O valor total do que foi levado ainda n\u00e3o est\u00e1 apurado.<\/p>\n<p>O homem fugiu de trotinete e ainda n\u00e3o foi identificado. A PSP est\u00e1 a investigar o caso para determinar a identidade do suspeito e as circunst\u00e2ncias do furto.<\/p>\n","protected":false},"excerpt":{"rendered":"<ul>\n<li>\u00c0s 17h50 de ter\u00e7a-feira, a ourivesaria na Pra\u00e7a da Figueira, em Lisboa, foi assaltada.<\/li>\n<li>O suspeito, um homem, recorreu a uma barra met\u00e1lica para realizar o furto.<\/li>\n<li>O homem roubou v\u00e1rios rel\u00f3gios e outras pe\u00e7as em ouro, cujo valor ainda n\u00e3o foi apurado.<\/li>\n<li>Seguiu fuga de trotinete e ainda n\u00e3o foi identificado.<\/li>\n<li>A PSP est\u00e1 a investigar o caso.<\/li>\n<\/ul>\n","protected":false},"author":2,"featured_media":436256,"comment_status":"closed","ping_status":"closed","sticky":false,"template":"","format":"standard","meta":{"footnotes":""},"categories":[6907,6779],"tags":[147,424,188,981,3418,203],"class_list":["post-436252","post","type-post","status-publish","format-standard","has-post-thumbnail","hentry","category-crime","category-seguranca","tag-crime","tag-furto","tag-joalharia","tag-lisboa","tag-policia-de-seguranca-publica","tag-roubo"],"yoast_head":"<!-- This site is optimized with the Yoast SEO plugin v27.2 - https:\/\/yoast.com\/product\/yoast-seo-wordpress\/ -->\n<title>Assalto a ourivesaria em Lisboa: suspeito foge de trotinete com rel\u00f3gios e ouro - Portal Tela Portugal<\/title>\n<meta name=\"robots\" content=\"index, follow, max-snippet:-1, max-image-preview:large, max-video-preview:-1\" \/>\n<meta property=\"og:locale\" content=\"pt_PT\" \/>\n<meta property=\"og:type\" content=\"article\" \/>\n<meta property=\"og:title\" content=\"Assalto a ourivesaria em Lisboa: suspeito foge de trotinete com rel\u00f3gios e ouro - Portal Tela Portugal\" \/>\n<meta property=\"og:description\" content=\"\u00c0s 17h50 de ter\u00e7a-feira, a ourivesaria na Pra\u00e7a da Figueira, em Lisboa, foi assaltada. O suspeito, um homem, recorreu a uma barra met\u00e1lica para realizar o furto. O homem roubou v\u00e1rios rel\u00f3gios e outras pe\u00e7as em ouro, cujo valor ainda n\u00e3o foi apurado. Seguiu fuga de trotinete e ainda n\u00e3o foi identificado. A PSP est\u00e1 a investigar o caso.\" \/>\n<meta property=\"og:url\" content=\"https:\/\/portaltela.pt\/noticias\/2026\/04\/08\/assalto-a-ourivesaria-em-lisboa-suspeito-foge-de-trotinete-com-relogios-e-ouro\/\" \/>\n<meta property=\"og:site_name\" content=\"Portal Tela Portugal\" \/>\n<meta property=\"article:published_time\" content=\"2026-04-08T08:32:11+00:00\" \/>\n<meta name=\"author\" content=\"Telinha\" \/>\n<meta name=\"twitter:card\" content=\"summary_large_image\" \/>\n<meta name=\"twitter:label1\" content=\"Escrito por\" \/>\n\t<meta name=\"twitter:data1\" content=\"Telinha\" \/>\n<script type=\"application\/ld+json\" class=\"yoast-schema-graph\">{\"@context\":\"https:\/\/schema.org\",\"@graph\":[{\"@type\":\"Article\",\"@id\":\"https:\/\/portaltela.pt\/noticias\/2026\/04\/08\/assalto-a-ourivesaria-em-lisboa-suspeito-foge-de-trotinete-com-relogios-e-ouro\/#article\",\"isPartOf\":{\"@id\":\"https:\/\/portaltela.pt\/noticias\/2026\/04\/08\/assalto-a-ourivesaria-em-lisboa-suspeito-foge-de-trotinete-com-relogios-e-ouro\/\"},\"author\":{\"name\":\"Telinha\",\"@id\":\"https:\/\/portaltela.pt\/#\/schema\/person\/c4278d4a6028830caff9ee44b42d32ed\"},\"headline\":\"Assalto a ourivesaria em Lisboa: suspeito foge de trotinete com rel\u00f3gios e ouro\",\"datePublished\":\"2026-04-08T08:32:11+00:00\",\"mainEntityOfPage\":{\"@id\":\"https:\/\/portaltela.pt\/noticias\/2026\/04\/08\/assalto-a-ourivesaria-em-lisboa-suspeito-foge-de-trotinete-com-relogios-e-ouro\/\"},\"wordCount\":101,\"image\":{\"@id\":\"https:\/\/portaltela.pt\/noticias\/2026\/04\/08\/assalto-a-ourivesaria-em-lisboa-suspeito-foge-de-trotinete-com-relogios-e-ouro\/#primaryimage\"},\"thumbnailUrl\":\"https:\/\/portaltela.pt\/s.01k8rhncp4jt1\/2026\/04\/img_1500x1000uu2022-01-10-20-18-52-1115058.jpg\",\"keywords\":[\"crime\",\"furto\",\"joalharia\",\"Lisboa\",\"Pol\u00edcia de Seguran\u00e7a P\u00fablica\",\"roubo\"],\"articleSection\":[\"Crime\",\"Seguran\u00e7a\"],\"inLanguage\":\"pt-PT\"},{\"@type\":\"WebPage\",\"@id\":\"https:\/\/portaltela.pt\/noticias\/2026\/04\/08\/assalto-a-ourivesaria-em-lisboa-suspeito-foge-de-trotinete-com-relogios-e-ouro\/\",\"url\":\"https:\/\/portaltela.pt\/noticias\/2026\/04\/08\/assalto-a-ourivesaria-em-lisboa-suspeito-foge-de-trotinete-com-relogios-e-ouro\/\",\"name\":\"Assalto a ourivesaria em Lisboa: suspeito foge de trotinete com rel\u00f3gios e ouro - Portal Tela Portugal\",\"isPartOf\":{\"@id\":\"https:\/\/portaltela.pt\/#website\"},\"primaryImageOfPage\":{\"@id\":\"https:\/\/portaltela.pt\/noticias\/2026\/04\/08\/assalto-a-ourivesaria-em-lisboa-suspeito-foge-de-trotinete-com-relogios-e-ouro\/#primaryimage\"},\"image\":{\"@id\":\"https:\/\/portaltela.pt\/noticias\/2026\/04\/08\/assalto-a-ourivesaria-em-lisboa-suspeito-foge-de-trotinete-com-relogios-e-ouro\/#primaryimage\"},\"thumbnailUrl\":\"https:\/\/portaltela.pt\/s.01k8rhncp4jt1\/2026\/04\/img_1500x1000uu2022-01-10-20-18-52-1115058.jpg\",\"datePublished\":\"2026-04-08T08:32:11+00:00\",\"author\":{\"@id\":\"https:\/\/portaltela.pt\/#\/schema\/person\/c4278d4a6028830caff9ee44b42d32ed\"},\"breadcrumb\":{\"@id\":\"https:\/\/portaltela.pt\/noticias\/2026\/04\/08\/assalto-a-ourivesaria-em-lisboa-suspeito-foge-de-trotinete-com-relogios-e-ouro\/#breadcrumb\"},\"inLanguage\":\"pt-PT\",\"potentialAction\":[{\"@type\":\"ReadAction\",\"target\":[\"https:\/\/portaltela.pt\/noticias\/2026\/04\/08\/assalto-a-ourivesaria-em-lisboa-suspeito-foge-de-trotinete-com-relogios-e-ouro\/\"]}]},{\"@type\":\"ImageObject\",\"inLanguage\":\"pt-PT\",\"@id\":\"https:\/\/portaltela.pt\/noticias\/2026\/04\/08\/assalto-a-ourivesaria-em-lisboa-suspeito-foge-de-trotinete-com-relogios-e-ouro\/#primaryimage\",\"url\":\"https:\/\/portaltela.pt\/s.01k8rhncp4jt1\/2026\/04\/img_1500x1000uu2022-01-10-20-18-52-1115058.jpg\",\"contentUrl\":\"https:\/\/portaltela.pt\/s.01k8rhncp4jt1\/2026\/04\/img_1500x1000uu2022-01-10-20-18-52-1115058.jpg\",\"width\":796,\"height\":448,\"caption\":\"PSP\"},{\"@type\":\"BreadcrumbList\",\"@id\":\"https:\/\/portaltela.pt\/noticias\/2026\/04\/08\/assalto-a-ourivesaria-em-lisboa-suspeito-foge-de-trotinete-com-relogios-e-ouro\/#breadcrumb\",\"itemListElement\":[{\"@type\":\"ListItem\",\"position\":1,\"name\":\"In\u00edcio\",\"item\":\"https:\/\/portaltela.pt\/\"},{\"@type\":\"ListItem\",\"position\":2,\"name\":\"Assalto a ourivesaria em Lisboa: suspeito foge de trotinete com rel\u00f3gios e ouro\"}]},{\"@type\":\"WebSite\",\"@id\":\"https:\/\/portaltela.pt\/#website\",\"url\":\"https:\/\/portaltela.pt\/\",\"name\":\"Portal Tela Portugal\",\"description\":\"\",\"potentialAction\":[{\"@type\":\"SearchAction\",\"target\":{\"@type\":\"EntryPoint\",\"urlTemplate\":\"https:\/\/portaltela.pt\/?s={search_term_string}\"},\"query-input\":{\"@type\":\"PropertyValueSpecification\",\"valueRequired\":true,\"valueName\":\"search_term_string\"}}],\"inLanguage\":\"pt-PT\"},{\"@type\":\"Person\",\"@id\":\"https:\/\/portaltela.pt\/#\/schema\/person\/c4278d4a6028830caff9ee44b42d32ed\",\"name\":\"Telinha\",\"image\":{\"@type\":\"ImageObject\",\"inLanguage\":\"pt-PT\",\"@id\":\"https:\/\/portaltela.pt\/s.01k8rhncp4jt1\/2025\/11\/talking-bot-125x125.png\",\"url\":\"https:\/\/portaltela.pt\/s.01k8rhncp4jt1\/2025\/11\/talking-bot-125x125.png\",\"contentUrl\":\"https:\/\/portaltela.pt\/s.01k8rhncp4jt1\/2025\/11\/talking-bot-125x125.png\",\"caption\":\"Telinha\"},\"sameAs\":[\"https:\/\/portaltela.pt\/\"],\"url\":\"https:\/\/portaltela.pt\/por\/367410592786\/\"}]}<\/script>\n<!-- \/ Yoast SEO plugin. -->","yoast_head_json":{"title":"Assalto a ourivesaria em Lisboa: suspeito foge de trotinete com rel\u00f3gios e ouro - Portal Tela Portugal","robots":{"index":"index","follow":"follow","max-snippet":"max-snippet:-1","max-image-preview":"max-image-preview:large","max-video-preview":"max-video-preview:-1"},"og_locale":"pt_PT","og_type":"article","og_title":"Assalto a ourivesaria em Lisboa: suspeito foge de trotinete com rel\u00f3gios e ouro - Portal Tela Portugal","og_description":"\u00c0s 17h50 de ter\u00e7a-feira, a ourivesaria na Pra\u00e7a da Figueira, em Lisboa, foi assaltada. O suspeito, um homem, recorreu a uma barra met\u00e1lica para realizar o furto. O homem roubou v\u00e1rios rel\u00f3gios e outras pe\u00e7as em ouro, cujo valor ainda n\u00e3o foi apurado. Seguiu fuga de trotinete e ainda n\u00e3o foi identificado. A PSP est\u00e1 a investigar o caso.","og_url":"https:\/\/portaltela.pt\/noticias\/2026\/04\/08\/assalto-a-ourivesaria-em-lisboa-suspeito-foge-de-trotinete-com-relogios-e-ouro\/","og_site_name":"Portal Tela Portugal","article_published_time":"2026-04-08T08:32:11+00:00","author":"Telinha","twitter_card":"summary_large_image","twitter_misc":{"Escrito por":"Telinha"},"schema":{"@context":"https:\/\/schema.org","@graph":[{"@type":"Article","@id":"https:\/\/portaltela.pt\/noticias\/2026\/04\/08\/assalto-a-ourivesaria-em-lisboa-suspeito-foge-de-trotinete-com-relogios-e-ouro\/#article","isPartOf":{"@id":"https:\/\/portaltela.pt\/noticias\/2026\/04\/08\/assalto-a-ourivesaria-em-lisboa-suspeito-foge-de-trotinete-com-relogios-e-ouro\/"},"author":{"name":"Telinha","@id":"https:\/\/portaltela.pt\/#\/schema\/person\/c4278d4a6028830caff9ee44b42d32ed"},"headline":"Assalto a ourivesaria em Lisboa: suspeito foge de trotinete com rel\u00f3gios e ouro","datePublished":"2026-04-08T08:32:11+00:00","mainEntityOfPage":{"@id":"https:\/\/portaltela.pt\/noticias\/2026\/04\/08\/assalto-a-ourivesaria-em-lisboa-suspeito-foge-de-trotinete-com-relogios-e-ouro\/"},"wordCount":101,"image":{"@id":"https:\/\/portaltela.pt\/noticias\/2026\/04\/08\/assalto-a-ourivesaria-em-lisboa-suspeito-foge-de-trotinete-com-relogios-e-ouro\/#primaryimage"},"thumbnailUrl":"https:\/\/portaltela.pt\/s.01k8rhncp4jt1\/2026\/04\/img_1500x1000uu2022-01-10-20-18-52-1115058.jpg","keywords":["crime","furto","joalharia","Lisboa","Pol\u00edcia de Seguran\u00e7a P\u00fablica","roubo"],"articleSection":["Crime","Seguran\u00e7a"],"inLanguage":"pt-PT"},{"@type":"WebPage","@id":"https:\/\/portaltela.pt\/noticias\/2026\/04\/08\/assalto-a-ourivesaria-em-lisboa-suspeito-foge-de-trotinete-com-relogios-e-ouro\/","url":"https:\/\/portaltela.pt\/noticias\/2026\/04\/08\/assalto-a-ourivesaria-em-lisboa-suspeito-foge-de-trotinete-com-relogios-e-ouro\/","name":"Assalto a ourivesaria em Lisboa: suspeito foge de trotinete com rel\u00f3gios e ouro - Portal Tela Portugal","isPartOf":{"@id":"https:\/\/portaltela.pt\/#website"},"primaryImageOfPage":{"@id":"https:\/\/portaltela.pt\/noticias\/2026\/04\/08\/assalto-a-ourivesaria-em-lisboa-suspeito-foge-de-trotinete-com-relogios-e-ouro\/#primaryimage"},"image":{"@id":"https:\/\/portaltela.pt\/noticias\/2026\/04\/08\/assalto-a-ourivesaria-em-lisboa-suspeito-foge-de-trotinete-com-relogios-e-ouro\/#primaryimage"},"thumbnailUrl":"https:\/\/portaltela.pt\/s.01k8rhncp4jt1\/2026\/04\/img_1500x1000uu2022-01-10-20-18-52-1115058.jpg","datePublished":"2026-04-08T08:32:11+00:00","author":{"@id":"https:\/\/portaltela.pt\/#\/schema\/person\/c4278d4a6028830caff9ee44b42d32ed"},"breadcrumb":{"@id":"https:\/\/portaltela.pt\/noticias\/2026\/04\/08\/assalto-a-ourivesaria-em-lisboa-suspeito-foge-de-trotinete-com-relogios-e-ouro\/#breadcrumb"},"inLanguage":"pt-PT","potentialAction":[{"@type":"ReadAction","target":["https:\/\/portaltela.pt\/noticias\/2026\/04\/08\/assalto-a-ourivesaria-em-lisboa-suspeito-foge-de-trotinete-com-relogios-e-ouro\/"]}]},{"@type":"ImageObject","inLanguage":"pt-PT","@id":"https:\/\/portaltela.pt\/noticias\/2026\/04\/08\/assalto-a-ourivesaria-em-lisboa-suspeito-foge-de-trotinete-com-relogios-e-ouro\/#primaryimage","url":"https:\/\/portaltela.pt\/s.01k8rhncp4jt1\/2026\/04\/img_1500x1000uu2022-01-10-20-18-52-1115058.jpg","contentUrl":"https:\/\/portaltela.pt\/s.01k8rhncp4jt1\/2026\/04\/img_1500x1000uu2022-01-10-20-18-52-1115058.jpg","width":796,"height":448,"caption":"PSP"},{"@type":"BreadcrumbList","@id":"https:\/\/portaltela.pt\/noticias\/2026\/04\/08\/assalto-a-ourivesaria-em-lisboa-suspeito-foge-de-trotinete-com-relogios-e-ouro\/#breadcrumb","itemListElement":[{"@type":"ListItem","position":1,"name":"In\u00edcio","item":"https:\/\/portaltela.pt\/"},{"@type":"ListItem","position":2,"name":"Assalto a ourivesaria em Lisboa: suspeito foge de trotinete com rel\u00f3gios e ouro"}]},{"@type":"WebSite","@id":"https:\/\/portaltela.pt\/#website","url":"https:\/\/portaltela.pt\/","name":"Portal Tela Portugal","description":"","potentialAction":[{"@type":"SearchAction","target":{"@type":"EntryPoint","urlTemplate":"https:\/\/portaltela.pt\/?s={search_term_string}"},"query-input":{"@type":"PropertyValueSpecification","valueRequired":true,"valueName":"search_term_string"}}],"inLanguage":"pt-PT"},{"@type":"Person","@id":"https:\/\/portaltela.pt\/#\/schema\/person\/c4278d4a6028830caff9ee44b42d32ed","name":"Telinha","image":{"@type":"ImageObject","inLanguage":"pt-PT","@id":"https:\/\/portaltela.pt\/s.01k8rhncp4jt1\/2025\/11\/talking-bot-125x125.png","url":"https:\/\/portaltela.pt\/s.01k8rhncp4jt1\/2025\/11\/talking-bot-125x125.png","contentUrl":"https:\/\/portaltela.pt\/s.01k8rhncp4jt1\/2025\/11\/talking-bot-125x125.png","caption":"Telinha"},"sameAs":["https:\/\/portaltela.pt\/"],"url":"https:\/\/portaltela.pt\/por\/367410592786\/"}]}},"_links":{"self":[{"href":"https:\/\/portaltela.pt\/api\/wp\/v2\/posts\/436252","targetHints":{"allow":["GET"]}}],"collection":[{"href":"https:\/\/portaltela.pt\/api\/wp\/v2\/posts"}],"about":[{"href":"https:\/\/portaltela.pt\/api\/wp\/v2\/types\/post"}],"author":[{"embeddable":true,"href":"https:\/\/portaltela.pt\/api\/wp\/v2\/users\/2"}],"replies":[{"embeddable":true,"href":"https:\/\/portaltela.pt\/api\/wp\/v2\/comments?post=436252"}],"version-history":[{"count":0,"href":"https:\/\/portaltela.pt\/api\/wp\/v2\/posts\/436252\/revisions"}],"wp:featuredmedia":[{"embeddable":true,"href":"https:\/\/portaltela.pt\/api\/wp\/v2\/media\/436256"}],"wp:attachment":[{"href":"https:\/\/portaltela.pt\/api\/wp\/v2\/media?parent=436252"}],"wp:term":[{"taxonomy":"category","embeddable":true,"href":"https:\/\/portaltela.pt\/api\/wp\/v2\/categories?post=436252"},{"taxonomy":"post_tag","embeddable":true,"href":"https:\/\/portaltela.pt\/api\/wp\/v2\/tags?post=436252"}],"curies":[{"name":"wp","href":"https:\/\/api.w.org\/{rel}","templated":true}]}}