{"id":436248,"date":"2026-04-08T05:32:10","date_gmt":"2026-04-08T08:32:10","guid":{"rendered":"https:\/\/portaltela.pt\/noticias\/2026\/04\/08\/imaginarius-procura-quem-exponha-mamilos-em-debate-sobre-preconceito-e-censura\/"},"modified":"2026-04-08T05:32:10","modified_gmt":"2026-04-08T08:32:10","slug":"imaginarius-procura-quem-exponha-mamilos-em-debate-sobre-preconceito-e-censura","status":"publish","type":"post","link":"https:\/\/portaltela.pt\/noticias\/2026\/04\/08\/imaginarius-procura-quem-exponha-mamilos-em-debate-sobre-preconceito-e-censura\/","title":{"rendered":"Imaginarius procura quem exponha mamilos em debate sobre preconceito e censura"},"content":{"rendered":"<p>A performance intitulada Mamil(a)s chega a Portugal para a edi\u00e7\u00e3o comemorativa dos 25 anos do festival Imaginarius. A estreia est\u00e1 marcada para as 19:00 de 23 de maio, na cidade do distrito de Aveiro e na \u00c1rea Metropolitana do Porto. A pe\u00e7a \u00e9 da Desvio Coletivo, companhia brasileira, que j\u00e1 exibiu o conceito apenas uma vez, em S\u00e3o Paulo, por n\u00e3o ter autoriza\u00e7\u00e3o para encenar novamente no Brasil.<\/p>\n<p>A obra cruza Direito, Feminismo e Arte, convocando 30 participantes de qualquer identidade de g\u00e9nero. Os interessados podem candidatar-se at\u00e9 08 de maio atrav\u00e9s do site do festival, com requisito de terem 18 anos ou mais e receberem forma\u00e7\u00e3o pr\u00e9via que explica o car\u00e1ter inclusivo da produ\u00e7\u00e3o.<\/p>\n<h3>Participa\u00e7\u00e3o e forma\u00e7\u00e3o<\/h3>\n<p>Os selecionados receber\u00e3o treino para compreender a dimens\u00e3o coletiva da pe\u00e7a, que envolve andar na rua sem ser um gesto neutro. A produ\u00e7\u00e3o sustenta que, embora a a\u00e7\u00e3o pare\u00e7a simples, carrega significados de direitos, vigil\u00e2ncia social e exposi\u00e7\u00e3o p\u00fablica.<\/p>\n<h3>Contexto e prop\u00f3sito da obra<\/h3>\n<p>A Desvio Coletivo descreve Mamil(a)s como um projeto comunit\u00e1rio que debate g\u00e9nero, cidade, direito e arte. A forma\u00e7\u00e3o visa antecipar conversas sens\u00edveis sobre circula\u00e7\u00e3o no espa\u00e7o p\u00fablico, com foco em v\u00e1rias viv\u00eancias presentes na cidade.<\/p>\n<p>Leandro Bras\u00edlio, coautor e produtor, afirma que a obra exp\u00f5e desigualdades ligadas ao pudor coletivo. A pe\u00e7a prop\u00f5e refletir sobre por que a exposi\u00e7\u00e3o de mamilos femininos costuma ser mais alvo de cr\u00edticas do que a de mamilos masculinos.<\/p>\n<p>A proposta aponta para que o corpo feminino enfrente riscos sociais mais amplos em diferentes contextos, mesmo quando a performance n\u00e3o \u00e9 verbal. A ideia \u00e9 que a experi\u00eancia de participa\u00e7\u00e3o transforme a percep\u00e7\u00e3o individual e a rela\u00e7\u00e3o com a cidade.<\/p>\n<p>A iniciativa j\u00e1 teve a participa\u00e7\u00e3o de Priscilla Toscano, diretora art\u00edstica, que pesquisou o corpo das mulheres no espa\u00e7o urbano. A equipa enfatiza que a atua\u00e7\u00e3o final envolve uma constru\u00e7\u00e3o coletiva, sem tomar a maioria como regra.<\/p>\n<p>Al\u00e9m dos desdobramentos art\u00edsticos, o projeto presta homenagem a mulheres marcadas pela viol\u00eancia e pela exclus\u00e3o, conectando casos hist\u00f3ricos com exibi\u00e7\u00f5es p\u00fablicas contempor\u00e2neas.<\/p>\n","protected":false},"excerpt":{"rendered":"<ul>\n<li>A Imaginarius procura volunt\u00e1rios maiores de 18 anos para participar na performance Mamil(a)s, da Desvio Coletivo, que estreia nacionalmente \u00e0s 19h de 23 de maio no distrito de Aveiro e na \u00c1rea Metropolitana do Porto.<\/li>\n<li>A edi\u00e7\u00e3o celebra os 25 anos do festival, que passou a chamar-se Festival de Artes Performativas em Espa\u00e7o P\u00fablico. A pe\u00e7a j\u00e1 tinha sido encenada apenas em S\u00e3o Paulo e n\u00e3o foi autorizada no Brasil desde 2021.<\/li>\n<li>A obra discute pudor, censura e direitos das mulheres, cruzando direito e feminismos, com forma\u00e7\u00e3o pr\u00e9via para os selecionados sobre o car\u00e1ter plural do espet\u00e1culo.<\/li>\n<li>O processo de sele\u00e7\u00e3o encerra a 8 de maio, com cerca de 30 participantes de qualquer identidade de g\u00e9nero. Os figurantes recebem orienta\u00e7\u00e3o para uma tarefa que envolve caminhar na rua e pode ser interpretada como cont\u00ednua entre exposi\u00e7\u00e3o e vigil\u00e2ncia.<\/li>\n<li>A produ\u00e7\u00e3o destaca que a atua\u00e7\u00e3o final \u00e9 resultado de prepara\u00e7\u00e3o e constru\u00e7\u00e3o coletiva, refletindo sobre quest\u00f5es de g\u00e9nero, cidade, direito e arte, e conta com a participa\u00e7\u00e3o de Leandro Bras\u00edlio (advogado) e Priscilla Toscano (diretora art\u00edstica).<\/li>\n<\/ul>\n","protected":false},"author":2,"featured_media":436253,"comment_status":"closed","ping_status":"closed","sticky":false,"template":"","format":"standard","meta":{"footnotes":""},"categories":[7375,1],"tags":[7756,1975,3035,6373,7011,2701],"class_list":["post-436248","post","type-post","status-publish","format-standard","has-post-thumbnail","hentry","category-cultura","category-noticias","tag-_cultura","tag-arte-teatro-concertos","tag-comunidade","tag-direitos","tag-direitos-das-mulheres","tag-mulheres"],"yoast_head":"<!-- This site is optimized with the Yoast SEO plugin v27.2 - https:\/\/yoast.com\/product\/yoast-seo-wordpress\/ -->\n<title>Imaginarius procura quem exponha mamilos em debate sobre preconceito e censura - Portal Tela Portugal<\/title>\n<meta name=\"robots\" content=\"index, follow, max-snippet:-1, max-image-preview:large, max-video-preview:-1\" \/>\n<meta property=\"og:locale\" content=\"pt_PT\" \/>\n<meta property=\"og:type\" content=\"article\" \/>\n<meta property=\"og:title\" content=\"Imaginarius procura quem exponha mamilos em debate sobre preconceito e censura - Portal Tela Portugal\" \/>\n<meta property=\"og:description\" content=\"A Imaginarius procura volunt\u00e1rios maiores de 18 anos para participar na performance Mamil(a)s, da Desvio Coletivo, que estreia nacionalmente \u00e0s 19h de 23 de maio no distrito de Aveiro e na \u00c1rea Metropolitana do Porto. A edi\u00e7\u00e3o celebra os 25 anos do festival, que passou a chamar-se Festival de Artes Performativas em Espa\u00e7o P\u00fablico. A pe\u00e7a j\u00e1 tinha sido encenada apenas em S\u00e3o Paulo e n\u00e3o foi autorizada no Brasil desde 2021. A obra discute pudor, censura e direitos das mulheres, cruzando direito e feminismos, com forma\u00e7\u00e3o pr\u00e9via para os selecionados sobre o car\u00e1ter plural do espet\u00e1culo. O processo de sele\u00e7\u00e3o encerra a 8 de maio, com cerca de 30 participantes de qualquer identidade de g\u00e9nero. Os figurantes recebem orienta\u00e7\u00e3o para uma tarefa que envolve caminhar na rua e pode ser interpretada como cont\u00ednua entre exposi\u00e7\u00e3o e vigil\u00e2ncia. A produ\u00e7\u00e3o destaca que a atua\u00e7\u00e3o final \u00e9 resultado de prepara\u00e7\u00e3o e constru\u00e7\u00e3o coletiva, refletindo sobre quest\u00f5es de g\u00e9nero, cidade, direito e arte, e conta com a participa\u00e7\u00e3o de Leandro Bras\u00edlio (advogado) e Priscilla Toscano (diretora art\u00edstica).\" \/>\n<meta property=\"og:url\" content=\"https:\/\/portaltela.pt\/noticias\/2026\/04\/08\/imaginarius-procura-quem-exponha-mamilos-em-debate-sobre-preconceito-e-censura\/\" \/>\n<meta property=\"og:site_name\" content=\"Portal Tela Portugal\" \/>\n<meta property=\"article:published_time\" content=\"2026-04-08T08:32:10+00:00\" \/>\n<meta name=\"author\" content=\"Telinha\" \/>\n<meta name=\"twitter:card\" content=\"summary_large_image\" \/>\n<meta name=\"twitter:label1\" content=\"Escrito por\" \/>\n\t<meta name=\"twitter:data1\" content=\"Telinha\" \/>\n\t<meta name=\"twitter:label2\" content=\"Tempo estimado de leitura\" \/>\n\t<meta name=\"twitter:data2\" content=\"2 minutos\" \/>\n<script type=\"application\/ld+json\" class=\"yoast-schema-graph\">{\"@context\":\"https:\/\/schema.org\",\"@graph\":[{\"@type\":\"Article\",\"@id\":\"https:\/\/portaltela.pt\/noticias\/2026\/04\/08\/imaginarius-procura-quem-exponha-mamilos-em-debate-sobre-preconceito-e-censura\/#article\",\"isPartOf\":{\"@id\":\"https:\/\/portaltela.pt\/noticias\/2026\/04\/08\/imaginarius-procura-quem-exponha-mamilos-em-debate-sobre-preconceito-e-censura\/\"},\"author\":{\"name\":\"Telinha\",\"@id\":\"https:\/\/portaltela.pt\/#\/schema\/person\/c4278d4a6028830caff9ee44b42d32ed\"},\"headline\":\"Imaginarius procura quem exponha mamilos em debate sobre preconceito e censura\",\"datePublished\":\"2026-04-08T08:32:10+00:00\",\"mainEntityOfPage\":{\"@id\":\"https:\/\/portaltela.pt\/noticias\/2026\/04\/08\/imaginarius-procura-quem-exponha-mamilos-em-debate-sobre-preconceito-e-censura\/\"},\"wordCount\":399,\"image\":{\"@id\":\"https:\/\/portaltela.pt\/noticias\/2026\/04\/08\/imaginarius-procura-quem-exponha-mamilos-em-debate-sobre-preconceito-e-censura\/#primaryimage\"},\"thumbnailUrl\":\"https:\/\/portaltela.pt\/s.01k8rhncp4jt1\/2026\/04\/d7c1887e-9c93-4a00-9b41-0fda9dad730a_1200x675.jpg\",\"keywords\":[\"_cultura\",\"arte\/teatro\/concertos\",\"comunidade\",\"direitos\",\"direitos das mulheres\",\"Mulheres\"],\"articleSection\":[\"Cultura\",\"Not\u00edcias\"],\"inLanguage\":\"pt-PT\"},{\"@type\":\"WebPage\",\"@id\":\"https:\/\/portaltela.pt\/noticias\/2026\/04\/08\/imaginarius-procura-quem-exponha-mamilos-em-debate-sobre-preconceito-e-censura\/\",\"url\":\"https:\/\/portaltela.pt\/noticias\/2026\/04\/08\/imaginarius-procura-quem-exponha-mamilos-em-debate-sobre-preconceito-e-censura\/\",\"name\":\"Imaginarius procura quem exponha mamilos em debate sobre preconceito e censura - Portal Tela Portugal\",\"isPartOf\":{\"@id\":\"https:\/\/portaltela.pt\/#website\"},\"primaryImageOfPage\":{\"@id\":\"https:\/\/portaltela.pt\/noticias\/2026\/04\/08\/imaginarius-procura-quem-exponha-mamilos-em-debate-sobre-preconceito-e-censura\/#primaryimage\"},\"image\":{\"@id\":\"https:\/\/portaltela.pt\/noticias\/2026\/04\/08\/imaginarius-procura-quem-exponha-mamilos-em-debate-sobre-preconceito-e-censura\/#primaryimage\"},\"thumbnailUrl\":\"https:\/\/portaltela.pt\/s.01k8rhncp4jt1\/2026\/04\/d7c1887e-9c93-4a00-9b41-0fda9dad730a_1200x675.jpg\",\"datePublished\":\"2026-04-08T08:32:10+00:00\",\"author\":{\"@id\":\"https:\/\/portaltela.pt\/#\/schema\/person\/c4278d4a6028830caff9ee44b42d32ed\"},\"breadcrumb\":{\"@id\":\"https:\/\/portaltela.pt\/noticias\/2026\/04\/08\/imaginarius-procura-quem-exponha-mamilos-em-debate-sobre-preconceito-e-censura\/#breadcrumb\"},\"inLanguage\":\"pt-PT\",\"potentialAction\":[{\"@type\":\"ReadAction\",\"target\":[\"https:\/\/portaltela.pt\/noticias\/2026\/04\/08\/imaginarius-procura-quem-exponha-mamilos-em-debate-sobre-preconceito-e-censura\/\"]}]},{\"@type\":\"ImageObject\",\"inLanguage\":\"pt-PT\",\"@id\":\"https:\/\/portaltela.pt\/noticias\/2026\/04\/08\/imaginarius-procura-quem-exponha-mamilos-em-debate-sobre-preconceito-e-censura\/#primaryimage\",\"url\":\"https:\/\/portaltela.pt\/s.01k8rhncp4jt1\/2026\/04\/d7c1887e-9c93-4a00-9b41-0fda9dad730a_1200x675.jpg\",\"contentUrl\":\"https:\/\/portaltela.pt\/s.01k8rhncp4jt1\/2026\/04\/d7c1887e-9c93-4a00-9b41-0fda9dad730a_1200x675.jpg\",\"width\":1200,\"height\":675,\"caption\":\"Imagem de contexto do artigo Imaginarius procura quem queira expor mamilos em reflex\u00e3o sobre preconceito e censura\"},{\"@type\":\"BreadcrumbList\",\"@id\":\"https:\/\/portaltela.pt\/noticias\/2026\/04\/08\/imaginarius-procura-quem-exponha-mamilos-em-debate-sobre-preconceito-e-censura\/#breadcrumb\",\"itemListElement\":[{\"@type\":\"ListItem\",\"position\":1,\"name\":\"In\u00edcio\",\"item\":\"https:\/\/portaltela.pt\/\"},{\"@type\":\"ListItem\",\"position\":2,\"name\":\"Imaginarius procura quem exponha mamilos em debate sobre preconceito e censura\"}]},{\"@type\":\"WebSite\",\"@id\":\"https:\/\/portaltela.pt\/#website\",\"url\":\"https:\/\/portaltela.pt\/\",\"name\":\"Portal Tela Portugal\",\"description\":\"\",\"potentialAction\":[{\"@type\":\"SearchAction\",\"target\":{\"@type\":\"EntryPoint\",\"urlTemplate\":\"https:\/\/portaltela.pt\/?s={search_term_string}\"},\"query-input\":{\"@type\":\"PropertyValueSpecification\",\"valueRequired\":true,\"valueName\":\"search_term_string\"}}],\"inLanguage\":\"pt-PT\"},{\"@type\":\"Person\",\"@id\":\"https:\/\/portaltela.pt\/#\/schema\/person\/c4278d4a6028830caff9ee44b42d32ed\",\"name\":\"Telinha\",\"image\":{\"@type\":\"ImageObject\",\"inLanguage\":\"pt-PT\",\"@id\":\"https:\/\/portaltela.pt\/s.01k8rhncp4jt1\/2025\/11\/talking-bot-125x125.png\",\"url\":\"https:\/\/portaltela.pt\/s.01k8rhncp4jt1\/2025\/11\/talking-bot-125x125.png\",\"contentUrl\":\"https:\/\/portaltela.pt\/s.01k8rhncp4jt1\/2025\/11\/talking-bot-125x125.png\",\"caption\":\"Telinha\"},\"sameAs\":[\"https:\/\/portaltela.pt\/\"],\"url\":\"https:\/\/portaltela.pt\/por\/367410592786\/\"}]}<\/script>\n<!-- \/ Yoast SEO plugin. -->","yoast_head_json":{"title":"Imaginarius procura quem exponha mamilos em debate sobre preconceito e censura - Portal Tela Portugal","robots":{"index":"index","follow":"follow","max-snippet":"max-snippet:-1","max-image-preview":"max-image-preview:large","max-video-preview":"max-video-preview:-1"},"og_locale":"pt_PT","og_type":"article","og_title":"Imaginarius procura quem exponha mamilos em debate sobre preconceito e censura - Portal Tela Portugal","og_description":"A Imaginarius procura volunt\u00e1rios maiores de 18 anos para participar na performance Mamil(a)s, da Desvio Coletivo, que estreia nacionalmente \u00e0s 19h de 23 de maio no distrito de Aveiro e na \u00c1rea Metropolitana do Porto. A edi\u00e7\u00e3o celebra os 25 anos do festival, que passou a chamar-se Festival de Artes Performativas em Espa\u00e7o P\u00fablico. A pe\u00e7a j\u00e1 tinha sido encenada apenas em S\u00e3o Paulo e n\u00e3o foi autorizada no Brasil desde 2021. A obra discute pudor, censura e direitos das mulheres, cruzando direito e feminismos, com forma\u00e7\u00e3o pr\u00e9via para os selecionados sobre o car\u00e1ter plural do espet\u00e1culo. O processo de sele\u00e7\u00e3o encerra a 8 de maio, com cerca de 30 participantes de qualquer identidade de g\u00e9nero. Os figurantes recebem orienta\u00e7\u00e3o para uma tarefa que envolve caminhar na rua e pode ser interpretada como cont\u00ednua entre exposi\u00e7\u00e3o e vigil\u00e2ncia. A produ\u00e7\u00e3o destaca que a atua\u00e7\u00e3o final \u00e9 resultado de prepara\u00e7\u00e3o e constru\u00e7\u00e3o coletiva, refletindo sobre quest\u00f5es de g\u00e9nero, cidade, direito e arte, e conta com a participa\u00e7\u00e3o de Leandro Bras\u00edlio (advogado) e Priscilla Toscano (diretora art\u00edstica).","og_url":"https:\/\/portaltela.pt\/noticias\/2026\/04\/08\/imaginarius-procura-quem-exponha-mamilos-em-debate-sobre-preconceito-e-censura\/","og_site_name":"Portal Tela Portugal","article_published_time":"2026-04-08T08:32:10+00:00","author":"Telinha","twitter_card":"summary_large_image","twitter_misc":{"Escrito por":"Telinha","Tempo estimado de leitura":"2 minutos"},"schema":{"@context":"https:\/\/schema.org","@graph":[{"@type":"Article","@id":"https:\/\/portaltela.pt\/noticias\/2026\/04\/08\/imaginarius-procura-quem-exponha-mamilos-em-debate-sobre-preconceito-e-censura\/#article","isPartOf":{"@id":"https:\/\/portaltela.pt\/noticias\/2026\/04\/08\/imaginarius-procura-quem-exponha-mamilos-em-debate-sobre-preconceito-e-censura\/"},"author":{"name":"Telinha","@id":"https:\/\/portaltela.pt\/#\/schema\/person\/c4278d4a6028830caff9ee44b42d32ed"},"headline":"Imaginarius procura quem exponha mamilos em debate sobre preconceito e censura","datePublished":"2026-04-08T08:32:10+00:00","mainEntityOfPage":{"@id":"https:\/\/portaltela.pt\/noticias\/2026\/04\/08\/imaginarius-procura-quem-exponha-mamilos-em-debate-sobre-preconceito-e-censura\/"},"wordCount":399,"image":{"@id":"https:\/\/portaltela.pt\/noticias\/2026\/04\/08\/imaginarius-procura-quem-exponha-mamilos-em-debate-sobre-preconceito-e-censura\/#primaryimage"},"thumbnailUrl":"https:\/\/portaltela.pt\/s.01k8rhncp4jt1\/2026\/04\/d7c1887e-9c93-4a00-9b41-0fda9dad730a_1200x675.jpg","keywords":["_cultura","arte\/teatro\/concertos","comunidade","direitos","direitos das mulheres","Mulheres"],"articleSection":["Cultura","Not\u00edcias"],"inLanguage":"pt-PT"},{"@type":"WebPage","@id":"https:\/\/portaltela.pt\/noticias\/2026\/04\/08\/imaginarius-procura-quem-exponha-mamilos-em-debate-sobre-preconceito-e-censura\/","url":"https:\/\/portaltela.pt\/noticias\/2026\/04\/08\/imaginarius-procura-quem-exponha-mamilos-em-debate-sobre-preconceito-e-censura\/","name":"Imaginarius procura quem exponha mamilos em debate sobre preconceito e censura - Portal Tela Portugal","isPartOf":{"@id":"https:\/\/portaltela.pt\/#website"},"primaryImageOfPage":{"@id":"https:\/\/portaltela.pt\/noticias\/2026\/04\/08\/imaginarius-procura-quem-exponha-mamilos-em-debate-sobre-preconceito-e-censura\/#primaryimage"},"image":{"@id":"https:\/\/portaltela.pt\/noticias\/2026\/04\/08\/imaginarius-procura-quem-exponha-mamilos-em-debate-sobre-preconceito-e-censura\/#primaryimage"},"thumbnailUrl":"https:\/\/portaltela.pt\/s.01k8rhncp4jt1\/2026\/04\/d7c1887e-9c93-4a00-9b41-0fda9dad730a_1200x675.jpg","datePublished":"2026-04-08T08:32:10+00:00","author":{"@id":"https:\/\/portaltela.pt\/#\/schema\/person\/c4278d4a6028830caff9ee44b42d32ed"},"breadcrumb":{"@id":"https:\/\/portaltela.pt\/noticias\/2026\/04\/08\/imaginarius-procura-quem-exponha-mamilos-em-debate-sobre-preconceito-e-censura\/#breadcrumb"},"inLanguage":"pt-PT","potentialAction":[{"@type":"ReadAction","target":["https:\/\/portaltela.pt\/noticias\/2026\/04\/08\/imaginarius-procura-quem-exponha-mamilos-em-debate-sobre-preconceito-e-censura\/"]}]},{"@type":"ImageObject","inLanguage":"pt-PT","@id":"https:\/\/portaltela.pt\/noticias\/2026\/04\/08\/imaginarius-procura-quem-exponha-mamilos-em-debate-sobre-preconceito-e-censura\/#primaryimage","url":"https:\/\/portaltela.pt\/s.01k8rhncp4jt1\/2026\/04\/d7c1887e-9c93-4a00-9b41-0fda9dad730a_1200x675.jpg","contentUrl":"https:\/\/portaltela.pt\/s.01k8rhncp4jt1\/2026\/04\/d7c1887e-9c93-4a00-9b41-0fda9dad730a_1200x675.jpg","width":1200,"height":675,"caption":"Imagem de contexto do artigo Imaginarius procura quem queira expor mamilos em reflex\u00e3o sobre preconceito e censura"},{"@type":"BreadcrumbList","@id":"https:\/\/portaltela.pt\/noticias\/2026\/04\/08\/imaginarius-procura-quem-exponha-mamilos-em-debate-sobre-preconceito-e-censura\/#breadcrumb","itemListElement":[{"@type":"ListItem","position":1,"name":"In\u00edcio","item":"https:\/\/portaltela.pt\/"},{"@type":"ListItem","position":2,"name":"Imaginarius procura quem exponha mamilos em debate sobre preconceito e censura"}]},{"@type":"WebSite","@id":"https:\/\/portaltela.pt\/#website","url":"https:\/\/portaltela.pt\/","name":"Portal Tela Portugal","description":"","potentialAction":[{"@type":"SearchAction","target":{"@type":"EntryPoint","urlTemplate":"https:\/\/portaltela.pt\/?s={search_term_string}"},"query-input":{"@type":"PropertyValueSpecification","valueRequired":true,"valueName":"search_term_string"}}],"inLanguage":"pt-PT"},{"@type":"Person","@id":"https:\/\/portaltela.pt\/#\/schema\/person\/c4278d4a6028830caff9ee44b42d32ed","name":"Telinha","image":{"@type":"ImageObject","inLanguage":"pt-PT","@id":"https:\/\/portaltela.pt\/s.01k8rhncp4jt1\/2025\/11\/talking-bot-125x125.png","url":"https:\/\/portaltela.pt\/s.01k8rhncp4jt1\/2025\/11\/talking-bot-125x125.png","contentUrl":"https:\/\/portaltela.pt\/s.01k8rhncp4jt1\/2025\/11\/talking-bot-125x125.png","caption":"Telinha"},"sameAs":["https:\/\/portaltela.pt\/"],"url":"https:\/\/portaltela.pt\/por\/367410592786\/"}]}},"_links":{"self":[{"href":"https:\/\/portaltela.pt\/api\/wp\/v2\/posts\/436248","targetHints":{"allow":["GET"]}}],"collection":[{"href":"https:\/\/portaltela.pt\/api\/wp\/v2\/posts"}],"about":[{"href":"https:\/\/portaltela.pt\/api\/wp\/v2\/types\/post"}],"author":[{"embeddable":true,"href":"https:\/\/portaltela.pt\/api\/wp\/v2\/users\/2"}],"replies":[{"embeddable":true,"href":"https:\/\/portaltela.pt\/api\/wp\/v2\/comments?post=436248"}],"version-history":[{"count":0,"href":"https:\/\/portaltela.pt\/api\/wp\/v2\/posts\/436248\/revisions"}],"wp:featuredmedia":[{"embeddable":true,"href":"https:\/\/portaltela.pt\/api\/wp\/v2\/media\/436253"}],"wp:attachment":[{"href":"https:\/\/portaltela.pt\/api\/wp\/v2\/media?parent=436248"}],"wp:term":[{"taxonomy":"category","embeddable":true,"href":"https:\/\/portaltela.pt\/api\/wp\/v2\/categories?post=436248"},{"taxonomy":"post_tag","embeddable":true,"href":"https:\/\/portaltela.pt\/api\/wp\/v2\/tags?post=436248"}],"curies":[{"name":"wp","href":"https:\/\/api.w.org\/{rel}","templated":true}]}}