{"id":436201,"date":"2026-04-08T04:47:15","date_gmt":"2026-04-08T07:47:15","guid":{"rendered":"https:\/\/portaltela.pt\/noticias\/2026\/04\/08\/contas-do-ranking-uefa-mudam-apos-derrota-do-sporting\/"},"modified":"2026-04-08T04:47:15","modified_gmt":"2026-04-08T07:47:15","slug":"contas-do-ranking-uefa-mudam-apos-derrota-do-sporting","status":"publish","type":"post","link":"https:\/\/portaltela.pt\/desporto\/futebol\/2026\/04\/08\/contas-do-ranking-uefa-mudam-apos-derrota-do-sporting\/","title":{"rendered":"Contas do ranking UEFA mudam ap\u00f3s derrota do Sporting"},"content":{"rendered":"<p>O Sporting foi derrotado pelo Arsenal e n\u00e3o somou pontos para o ranking UEFA. A derrota n\u00e3o alterou, por\u00e9m, a posi\u00e7\u00e3o de Portugal no 6.\u00ba lugar, devido \u00e0 aus\u00eancia de equipas holandesas em competi\u00e7\u00e3o.<\/p>\n<p>Mesmo sem pontos, Portugal mant\u00e9m o 6.\u00ba posto no quadro europeu, com o FC Porto ainda em competi\u00e7\u00e3o na Liga Europa. A confirma\u00e7\u00e3o de mudan\u00e7as depende de resultados de clubes estrangeiros que tamb\u00e9m comp\u00f5em o ranking do pa\u00eds.<\/p>\n<p>Amanh\u00e3 ou hoje, caso o Sp. Braga ven\u00e7a o Betis na 1.\u00aa m\u00e3o dos quartos da Liga Europa, pode haver reajuste parcial no saldo de pontos para Portugal. Os holandeses contam apenas com o AZ Alkmaar, que joga contra o Shakhtar Donetsk na 1.\u00aa m\u00e3o da Conference League.<\/p>\n<h3>Situa\u00e7\u00e3o atual<\/h3>\n<ul>\n<li>O FC Porto segue em competi\u00e7\u00e3o na Liga Europa.<\/li>\n<li>O AZ Alkmaar \u00e9 a \u00fanica equipa holandesa ainda em prova, atuando na Conference League.<\/li>\n<li>A evolu\u00e7\u00e3o do ranking depende de resultados entre equipas europeias que representam Portugal e a Holanda.<\/li>\n<\/ul>\n","protected":false},"excerpt":{"rendered":"<ul>\n<li>As contas do ranking UEFA ficaram sem pontos para Portugal ap\u00f3s a derrota do Sporting frente ao Arsenal.<\/li>\n<li>Portugal mant\u00e9m o 6.\u00ba lugar no ranking, apesar do rev\u00e9s.<\/li>\n<li>A possibilidade de refor\u00e7ar o sexto posto depende do Sp. Braga vencer o Betis na primeira m\u00e3o dos quartos de final da Liga Europa.<\/li>\n<li>O FC Porto permanece em competi\u00e7\u00e3o na Liga Europa.<\/li>\n<li>Os holandeses contam apenas com o AZ Alkmaar, que joga na quinta-feira frente ao Shakhtar Donetsk na primeira m\u00e3o dos quartos da Conference League.<\/li>\n<\/ul>\n","protected":false},"author":2,"featured_media":436204,"comment_status":"closed","ping_status":"closed","sticky":false,"template":"","format":"standard","meta":{"footnotes":""},"categories":[21,24],"tags":[7755,2361,2028,2006,1014,1652],"class_list":["post-436201","post","type-post","status-publish","format-standard","has-post-thumbnail","hentry","category-desporto","category-futebol","tag-_futebol","tag-conference-league","tag-fc-porto","tag-liga-europa","tag-portugal","tag-sporting"],"yoast_head":"<!-- This site is optimized with the Yoast SEO plugin v27.2 - https:\/\/yoast.com\/product\/yoast-seo-wordpress\/ -->\n<title>Contas do ranking UEFA mudam ap\u00f3s derrota do Sporting - Portal Tela Portugal<\/title>\n<meta name=\"robots\" content=\"index, follow, max-snippet:-1, max-image-preview:large, max-video-preview:-1\" \/>\n<meta property=\"og:locale\" content=\"pt_PT\" \/>\n<meta property=\"og:type\" content=\"article\" \/>\n<meta property=\"og:title\" content=\"Contas do ranking UEFA mudam ap\u00f3s derrota do Sporting - Portal Tela Portugal\" \/>\n<meta property=\"og:description\" content=\"As contas do ranking UEFA ficaram sem pontos para Portugal ap\u00f3s a derrota do Sporting frente ao Arsenal. Portugal mant\u00e9m o 6.\u00ba lugar no ranking, apesar do rev\u00e9s. A possibilidade de refor\u00e7ar o sexto posto depende do Sp. Braga vencer o Betis na primeira m\u00e3o dos quartos de final da Liga Europa. O FC Porto permanece em competi\u00e7\u00e3o na Liga Europa. Os holandeses contam apenas com o AZ Alkmaar, que joga na quinta-feira frente ao Shakhtar Donetsk na primeira m\u00e3o dos quartos da Conference League.\" \/>\n<meta property=\"og:url\" content=\"https:\/\/portaltela.pt\/noticias\/2026\/04\/08\/contas-do-ranking-uefa-mudam-apos-derrota-do-sporting\/\" \/>\n<meta property=\"og:site_name\" content=\"Portal Tela Portugal\" \/>\n<meta property=\"article:published_time\" content=\"2026-04-08T07:47:15+00:00\" \/>\n<meta name=\"author\" content=\"Telinha\" \/>\n<meta name=\"twitter:card\" content=\"summary_large_image\" \/>\n<meta name=\"twitter:label1\" content=\"Escrito por\" \/>\n\t<meta name=\"twitter:data1\" content=\"Telinha\" \/>\n\t<meta name=\"twitter:label2\" content=\"Tempo estimado de leitura\" \/>\n\t<meta name=\"twitter:data2\" content=\"1 minuto\" \/>\n<script type=\"application\/ld+json\" class=\"yoast-schema-graph\">{\"@context\":\"https:\/\/schema.org\",\"@graph\":[{\"@type\":\"Article\",\"@id\":\"https:\/\/portaltela.pt\/noticias\/2026\/04\/08\/contas-do-ranking-uefa-mudam-apos-derrota-do-sporting\/#article\",\"isPartOf\":{\"@id\":\"https:\/\/portaltela.pt\/noticias\/2026\/04\/08\/contas-do-ranking-uefa-mudam-apos-derrota-do-sporting\/\"},\"author\":{\"name\":\"Telinha\",\"@id\":\"https:\/\/portaltela.pt\/#\/schema\/person\/c4278d4a6028830caff9ee44b42d32ed\"},\"headline\":\"Contas do ranking UEFA mudam ap\u00f3s derrota do Sporting\",\"datePublished\":\"2026-04-08T07:47:15+00:00\",\"mainEntityOfPage\":{\"@id\":\"https:\/\/portaltela.pt\/noticias\/2026\/04\/08\/contas-do-ranking-uefa-mudam-apos-derrota-do-sporting\/\"},\"wordCount\":185,\"image\":{\"@id\":\"https:\/\/portaltela.pt\/noticias\/2026\/04\/08\/contas-do-ranking-uefa-mudam-apos-derrota-do-sporting\/#primaryimage\"},\"thumbnailUrl\":\"https:\/\/portaltela.pt\/s.01k8rhncp4jt1\/2026\/04\/img_920x518uu2026-04-08-08-43-43-2431735.jpg\",\"keywords\":[\"_futebol\",\"Conference League\",\"FC Porto\",\"Liga Europa\",\"Portugal\",\"Sporting\"],\"articleSection\":[\"Desporto\",\"Futebol\"],\"inLanguage\":\"pt-PT\"},{\"@type\":\"WebPage\",\"@id\":\"https:\/\/portaltela.pt\/noticias\/2026\/04\/08\/contas-do-ranking-uefa-mudam-apos-derrota-do-sporting\/\",\"url\":\"https:\/\/portaltela.pt\/noticias\/2026\/04\/08\/contas-do-ranking-uefa-mudam-apos-derrota-do-sporting\/\",\"name\":\"Contas do ranking UEFA mudam ap\u00f3s derrota do Sporting - Portal Tela Portugal\",\"isPartOf\":{\"@id\":\"https:\/\/portaltela.pt\/#website\"},\"primaryImageOfPage\":{\"@id\":\"https:\/\/portaltela.pt\/noticias\/2026\/04\/08\/contas-do-ranking-uefa-mudam-apos-derrota-do-sporting\/#primaryimage\"},\"image\":{\"@id\":\"https:\/\/portaltela.pt\/noticias\/2026\/04\/08\/contas-do-ranking-uefa-mudam-apos-derrota-do-sporting\/#primaryimage\"},\"thumbnailUrl\":\"https:\/\/portaltela.pt\/s.01k8rhncp4jt1\/2026\/04\/img_920x518uu2026-04-08-08-43-43-2431735.jpg\",\"datePublished\":\"2026-04-08T07:47:15+00:00\",\"author\":{\"@id\":\"https:\/\/portaltela.pt\/#\/schema\/person\/c4278d4a6028830caff9ee44b42d32ed\"},\"breadcrumb\":{\"@id\":\"https:\/\/portaltela.pt\/noticias\/2026\/04\/08\/contas-do-ranking-uefa-mudam-apos-derrota-do-sporting\/#breadcrumb\"},\"inLanguage\":\"pt-PT\",\"potentialAction\":[{\"@type\":\"ReadAction\",\"target\":[\"https:\/\/portaltela.pt\/noticias\/2026\/04\/08\/contas-do-ranking-uefa-mudam-apos-derrota-do-sporting\/\"]}]},{\"@type\":\"ImageObject\",\"inLanguage\":\"pt-PT\",\"@id\":\"https:\/\/portaltela.pt\/noticias\/2026\/04\/08\/contas-do-ranking-uefa-mudam-apos-derrota-do-sporting\/#primaryimage\",\"url\":\"https:\/\/portaltela.pt\/s.01k8rhncp4jt1\/2026\/04\/img_920x518uu2026-04-08-08-43-43-2431735.jpg\",\"contentUrl\":\"https:\/\/portaltela.pt\/s.01k8rhncp4jt1\/2026\/04\/img_920x518uu2026-04-08-08-43-43-2431735.jpg\",\"width\":796,\"height\":448,\"caption\":\"Photo\"},{\"@type\":\"BreadcrumbList\",\"@id\":\"https:\/\/portaltela.pt\/noticias\/2026\/04\/08\/contas-do-ranking-uefa-mudam-apos-derrota-do-sporting\/#breadcrumb\",\"itemListElement\":[{\"@type\":\"ListItem\",\"position\":1,\"name\":\"In\u00edcio\",\"item\":\"https:\/\/portaltela.pt\/\"},{\"@type\":\"ListItem\",\"position\":2,\"name\":\"Contas do ranking UEFA mudam ap\u00f3s derrota do Sporting\"}]},{\"@type\":\"WebSite\",\"@id\":\"https:\/\/portaltela.pt\/#website\",\"url\":\"https:\/\/portaltela.pt\/\",\"name\":\"Portal Tela Portugal\",\"description\":\"\",\"potentialAction\":[{\"@type\":\"SearchAction\",\"target\":{\"@type\":\"EntryPoint\",\"urlTemplate\":\"https:\/\/portaltela.pt\/?s={search_term_string}\"},\"query-input\":{\"@type\":\"PropertyValueSpecification\",\"valueRequired\":true,\"valueName\":\"search_term_string\"}}],\"inLanguage\":\"pt-PT\"},{\"@type\":\"Person\",\"@id\":\"https:\/\/portaltela.pt\/#\/schema\/person\/c4278d4a6028830caff9ee44b42d32ed\",\"name\":\"Telinha\",\"image\":{\"@type\":\"ImageObject\",\"inLanguage\":\"pt-PT\",\"@id\":\"https:\/\/portaltela.pt\/s.01k8rhncp4jt1\/2025\/11\/talking-bot-125x125.png\",\"url\":\"https:\/\/portaltela.pt\/s.01k8rhncp4jt1\/2025\/11\/talking-bot-125x125.png\",\"contentUrl\":\"https:\/\/portaltela.pt\/s.01k8rhncp4jt1\/2025\/11\/talking-bot-125x125.png\",\"caption\":\"Telinha\"},\"sameAs\":[\"https:\/\/portaltela.pt\/\"],\"url\":\"https:\/\/portaltela.pt\/por\/367410592786\/\"}]}<\/script>\n<!-- \/ Yoast SEO plugin. -->","yoast_head_json":{"title":"Contas do ranking UEFA mudam ap\u00f3s derrota do Sporting - Portal Tela Portugal","robots":{"index":"index","follow":"follow","max-snippet":"max-snippet:-1","max-image-preview":"max-image-preview:large","max-video-preview":"max-video-preview:-1"},"og_locale":"pt_PT","og_type":"article","og_title":"Contas do ranking UEFA mudam ap\u00f3s derrota do Sporting - Portal Tela Portugal","og_description":"As contas do ranking UEFA ficaram sem pontos para Portugal ap\u00f3s a derrota do Sporting frente ao Arsenal. Portugal mant\u00e9m o 6.\u00ba lugar no ranking, apesar do rev\u00e9s. A possibilidade de refor\u00e7ar o sexto posto depende do Sp. Braga vencer o Betis na primeira m\u00e3o dos quartos de final da Liga Europa. O FC Porto permanece em competi\u00e7\u00e3o na Liga Europa. Os holandeses contam apenas com o AZ Alkmaar, que joga na quinta-feira frente ao Shakhtar Donetsk na primeira m\u00e3o dos quartos da Conference League.","og_url":"https:\/\/portaltela.pt\/noticias\/2026\/04\/08\/contas-do-ranking-uefa-mudam-apos-derrota-do-sporting\/","og_site_name":"Portal Tela Portugal","article_published_time":"2026-04-08T07:47:15+00:00","author":"Telinha","twitter_card":"summary_large_image","twitter_misc":{"Escrito por":"Telinha","Tempo estimado de leitura":"1 minuto"},"schema":{"@context":"https:\/\/schema.org","@graph":[{"@type":"Article","@id":"https:\/\/portaltela.pt\/noticias\/2026\/04\/08\/contas-do-ranking-uefa-mudam-apos-derrota-do-sporting\/#article","isPartOf":{"@id":"https:\/\/portaltela.pt\/noticias\/2026\/04\/08\/contas-do-ranking-uefa-mudam-apos-derrota-do-sporting\/"},"author":{"name":"Telinha","@id":"https:\/\/portaltela.pt\/#\/schema\/person\/c4278d4a6028830caff9ee44b42d32ed"},"headline":"Contas do ranking UEFA mudam ap\u00f3s derrota do Sporting","datePublished":"2026-04-08T07:47:15+00:00","mainEntityOfPage":{"@id":"https:\/\/portaltela.pt\/noticias\/2026\/04\/08\/contas-do-ranking-uefa-mudam-apos-derrota-do-sporting\/"},"wordCount":185,"image":{"@id":"https:\/\/portaltela.pt\/noticias\/2026\/04\/08\/contas-do-ranking-uefa-mudam-apos-derrota-do-sporting\/#primaryimage"},"thumbnailUrl":"https:\/\/portaltela.pt\/s.01k8rhncp4jt1\/2026\/04\/img_920x518uu2026-04-08-08-43-43-2431735.jpg","keywords":["_futebol","Conference League","FC Porto","Liga Europa","Portugal","Sporting"],"articleSection":["Desporto","Futebol"],"inLanguage":"pt-PT"},{"@type":"WebPage","@id":"https:\/\/portaltela.pt\/noticias\/2026\/04\/08\/contas-do-ranking-uefa-mudam-apos-derrota-do-sporting\/","url":"https:\/\/portaltela.pt\/noticias\/2026\/04\/08\/contas-do-ranking-uefa-mudam-apos-derrota-do-sporting\/","name":"Contas do ranking UEFA mudam ap\u00f3s derrota do Sporting - Portal Tela Portugal","isPartOf":{"@id":"https:\/\/portaltela.pt\/#website"},"primaryImageOfPage":{"@id":"https:\/\/portaltela.pt\/noticias\/2026\/04\/08\/contas-do-ranking-uefa-mudam-apos-derrota-do-sporting\/#primaryimage"},"image":{"@id":"https:\/\/portaltela.pt\/noticias\/2026\/04\/08\/contas-do-ranking-uefa-mudam-apos-derrota-do-sporting\/#primaryimage"},"thumbnailUrl":"https:\/\/portaltela.pt\/s.01k8rhncp4jt1\/2026\/04\/img_920x518uu2026-04-08-08-43-43-2431735.jpg","datePublished":"2026-04-08T07:47:15+00:00","author":{"@id":"https:\/\/portaltela.pt\/#\/schema\/person\/c4278d4a6028830caff9ee44b42d32ed"},"breadcrumb":{"@id":"https:\/\/portaltela.pt\/noticias\/2026\/04\/08\/contas-do-ranking-uefa-mudam-apos-derrota-do-sporting\/#breadcrumb"},"inLanguage":"pt-PT","potentialAction":[{"@type":"ReadAction","target":["https:\/\/portaltela.pt\/noticias\/2026\/04\/08\/contas-do-ranking-uefa-mudam-apos-derrota-do-sporting\/"]}]},{"@type":"ImageObject","inLanguage":"pt-PT","@id":"https:\/\/portaltela.pt\/noticias\/2026\/04\/08\/contas-do-ranking-uefa-mudam-apos-derrota-do-sporting\/#primaryimage","url":"https:\/\/portaltela.pt\/s.01k8rhncp4jt1\/2026\/04\/img_920x518uu2026-04-08-08-43-43-2431735.jpg","contentUrl":"https:\/\/portaltela.pt\/s.01k8rhncp4jt1\/2026\/04\/img_920x518uu2026-04-08-08-43-43-2431735.jpg","width":796,"height":448,"caption":"Photo"},{"@type":"BreadcrumbList","@id":"https:\/\/portaltela.pt\/noticias\/2026\/04\/08\/contas-do-ranking-uefa-mudam-apos-derrota-do-sporting\/#breadcrumb","itemListElement":[{"@type":"ListItem","position":1,"name":"In\u00edcio","item":"https:\/\/portaltela.pt\/"},{"@type":"ListItem","position":2,"name":"Contas do ranking UEFA mudam ap\u00f3s derrota do Sporting"}]},{"@type":"WebSite","@id":"https:\/\/portaltela.pt\/#website","url":"https:\/\/portaltela.pt\/","name":"Portal Tela Portugal","description":"","potentialAction":[{"@type":"SearchAction","target":{"@type":"EntryPoint","urlTemplate":"https:\/\/portaltela.pt\/?s={search_term_string}"},"query-input":{"@type":"PropertyValueSpecification","valueRequired":true,"valueName":"search_term_string"}}],"inLanguage":"pt-PT"},{"@type":"Person","@id":"https:\/\/portaltela.pt\/#\/schema\/person\/c4278d4a6028830caff9ee44b42d32ed","name":"Telinha","image":{"@type":"ImageObject","inLanguage":"pt-PT","@id":"https:\/\/portaltela.pt\/s.01k8rhncp4jt1\/2025\/11\/talking-bot-125x125.png","url":"https:\/\/portaltela.pt\/s.01k8rhncp4jt1\/2025\/11\/talking-bot-125x125.png","contentUrl":"https:\/\/portaltela.pt\/s.01k8rhncp4jt1\/2025\/11\/talking-bot-125x125.png","caption":"Telinha"},"sameAs":["https:\/\/portaltela.pt\/"],"url":"https:\/\/portaltela.pt\/por\/367410592786\/"}]}},"_links":{"self":[{"href":"https:\/\/portaltela.pt\/api\/wp\/v2\/posts\/436201","targetHints":{"allow":["GET"]}}],"collection":[{"href":"https:\/\/portaltela.pt\/api\/wp\/v2\/posts"}],"about":[{"href":"https:\/\/portaltela.pt\/api\/wp\/v2\/types\/post"}],"author":[{"embeddable":true,"href":"https:\/\/portaltela.pt\/api\/wp\/v2\/users\/2"}],"replies":[{"embeddable":true,"href":"https:\/\/portaltela.pt\/api\/wp\/v2\/comments?post=436201"}],"version-history":[{"count":0,"href":"https:\/\/portaltela.pt\/api\/wp\/v2\/posts\/436201\/revisions"}],"wp:featuredmedia":[{"embeddable":true,"href":"https:\/\/portaltela.pt\/api\/wp\/v2\/media\/436204"}],"wp:attachment":[{"href":"https:\/\/portaltela.pt\/api\/wp\/v2\/media?parent=436201"}],"wp:term":[{"taxonomy":"category","embeddable":true,"href":"https:\/\/portaltela.pt\/api\/wp\/v2\/categories?post=436201"},{"taxonomy":"post_tag","embeddable":true,"href":"https:\/\/portaltela.pt\/api\/wp\/v2\/tags?post=436201"}],"curies":[{"name":"wp","href":"https:\/\/api.w.org\/{rel}","templated":true}]}}