{"id":436166,"date":"2026-04-08T03:47:02","date_gmt":"2026-04-08T06:47:02","guid":{"rendered":"https:\/\/portaltela.pt\/noticias\/2026\/04\/08\/ex-guarda-prisional-condenado-a-pena-suspensa-de-dois-anos-por-corrupcao-passiva-2\/"},"modified":"2026-04-08T03:47:02","modified_gmt":"2026-04-08T06:47:02","slug":"ex-guarda-prisional-condenado-a-pena-suspensa-de-dois-anos-por-corrupcao-passiva-2","status":"publish","type":"post","link":"https:\/\/portaltela.pt\/noticias\/2026\/04\/08\/ex-guarda-prisional-condenado-a-pena-suspensa-de-dois-anos-por-corrupcao-passiva-2\/","title":{"rendered":"Ex-guarda prisional condenado a pena suspensa de dois anos por corrup\u00e7\u00e3o passiva"},"content":{"rendered":"<p>O Tribunal de Matosinhos condenou o ex-guarda prisional a uma pena de dois anos de pris\u00e3o, suspensa na sua execu\u00e7\u00e3o, por corrup\u00e7\u00e3o passiva. O crime ocorreu em Cust\u00f3ias, em 2017, quando o arguido introduziu telem\u00f3veis, cart\u00f5es SIM, cabos e, numa ocasi\u00e3o, droga, dentro da pris\u00e3o.<\/p>\n<p>A acusa\u00e7\u00e3o aponta que o suspeito vendia os artigos dentro do estabelecimento a reclusos. O antigo guarda foi absolvido de um dos crimes, mas ficou condenado pelo outro. Al\u00e9m da pena, tem regime de prova, suspens\u00e3o da atividade e pagamento de 3 mil euros ao Estado.<\/p>\n<h3>Decis\u00e3o e responsabilidades<\/h3>\n<p>A mulher de um dos reclusos foi condenada a 1 ano e 3 meses de pris\u00e3o, suspensa, pela pr\u00e1tica de corrup\u00e7\u00e3o ativa. O namorado da mulher recebeu 3 anos de pris\u00e3o efetiva e a obriga\u00e7\u00e3o de recolha de ADN. Um dos coarguidos foi absolvido de todos os crimes.<\/p>\n<p>O tribunal determinou a perda de 650 euros a favor do Estado no caso do ex-guarda, e 400 euros nos casos da arguida e do outro condenado. Al\u00e9m disso, todos os tr\u00eas condenados ficaram obrigados ao pagamento de custas processuais.<\/p>\n<p>Outros dois arguidos n\u00e3o foram notificados no processo, estando em fuga ou no Brasil; o tribunal decidiu pela separa\u00e7\u00e3o dos respetivos processos. A investiga\u00e7\u00e3o sobre tr\u00e1fico de droga correu em processo aut\u00f3nomo.<\/p>\n","protected":false},"excerpt":{"rendered":"<ul>\n<li>O ex-guarda prisional de Cust\u00f3ias, em Matosinhos, foi condenado a dois anos de pris\u00e3o, suspensa na sua execu\u00e7\u00e3o, por corrup\u00e7\u00e3o passiva relacionada com a entrada de telem\u00f3veis, cart\u00f5es SIM, cabos e droga no estabelecimento em 2017.<\/li>\n<li>O arguido foi absolvido de um dos crimes de corrup\u00e7\u00e3o passiva; recebe ainda proibi\u00e7\u00e3o de exercer fun\u00e7\u00f5es em pris\u00f5es por tr\u00eas anos e o pagamento de tr\u00eas mil euros ao Estado, em regime de prova.<\/li>\n<li>Entre os restantes arguidos, a mulher do namorado de uma das pessoas presas ficou condenada a um ano e tr\u00eas meses de pris\u00e3o, suspensa, por corrup\u00e7\u00e3o ativa.<\/li>\n<li>O namorado da mulher foi condenado a tr\u00eas anos de pris\u00e3o efetiva por corrup\u00e7\u00e3o ativa e teve de recolher ADN; um dos acusados foi absolvido de todos os crimes.<\/li>\n<li>O tribunal ordenou a perda de duzentos euros para o Estado no caso da mulher e do outro arguido condenado, e aplicou custas processuais; dois arguidos n\u00e3o foram notificados, com processos separados, tratando-se o tr\u00e1fico de droga num processo aut\u00f3nomo.<\/li>\n<\/ul>\n","protected":false},"author":2,"featured_media":436168,"comment_status":"closed","ping_status":"closed","sticky":false,"template":"","format":"standard","meta":{"footnotes":""},"categories":[6907,1],"tags":[83,7402,147,3848,803,96],"class_list":["post-436166","post","type-post","status-publish","format-standard","has-post-thumbnail","hentry","category-crime","category-noticias","tag-corrupcao","tag-corrupcao-ativa","tag-crime","tag-custoias","tag-justica","tag-trafico-de-droga"],"yoast_head":"<!-- This site is optimized with the Yoast SEO plugin v27.2 - https:\/\/yoast.com\/product\/yoast-seo-wordpress\/ -->\n<title>Ex-guarda prisional condenado a pena suspensa de dois anos por corrup\u00e7\u00e3o passiva - Portal Tela Portugal<\/title>\n<meta name=\"robots\" content=\"index, follow, max-snippet:-1, max-image-preview:large, max-video-preview:-1\" \/>\n<meta property=\"og:locale\" content=\"pt_PT\" \/>\n<meta property=\"og:type\" content=\"article\" \/>\n<meta property=\"og:title\" content=\"Ex-guarda prisional condenado a pena suspensa de dois anos por corrup\u00e7\u00e3o passiva - Portal Tela Portugal\" \/>\n<meta property=\"og:description\" content=\"O ex-guarda prisional de Cust\u00f3ias, em Matosinhos, foi condenado a dois anos de pris\u00e3o, suspensa na sua execu\u00e7\u00e3o, por corrup\u00e7\u00e3o passiva relacionada com a entrada de telem\u00f3veis, cart\u00f5es SIM, cabos e droga no estabelecimento em 2017. O arguido foi absolvido de um dos crimes de corrup\u00e7\u00e3o passiva; recebe ainda proibi\u00e7\u00e3o de exercer fun\u00e7\u00f5es em pris\u00f5es por tr\u00eas anos e o pagamento de tr\u00eas mil euros ao Estado, em regime de prova. Entre os restantes arguidos, a mulher do namorado de uma das pessoas presas ficou condenada a um ano e tr\u00eas meses de pris\u00e3o, suspensa, por corrup\u00e7\u00e3o ativa. O namorado da mulher foi condenado a tr\u00eas anos de pris\u00e3o efetiva por corrup\u00e7\u00e3o ativa e teve de recolher ADN; um dos acusados foi absolvido de todos os crimes. O tribunal ordenou a perda de duzentos euros para o Estado no caso da mulher e do outro arguido condenado, e aplicou custas processuais; dois arguidos n\u00e3o foram notificados, com processos separados, tratando-se o tr\u00e1fico de droga num processo aut\u00f3nomo.\" \/>\n<meta property=\"og:url\" content=\"https:\/\/portaltela.pt\/noticias\/2026\/04\/08\/ex-guarda-prisional-condenado-a-pena-suspensa-de-dois-anos-por-corrupcao-passiva-2\/\" \/>\n<meta property=\"og:site_name\" content=\"Portal Tela Portugal\" \/>\n<meta property=\"article:published_time\" content=\"2026-04-08T06:47:02+00:00\" \/>\n<meta name=\"author\" content=\"Telinha\" \/>\n<meta name=\"twitter:card\" content=\"summary_large_image\" \/>\n<meta name=\"twitter:label1\" content=\"Escrito por\" \/>\n\t<meta name=\"twitter:data1\" content=\"Telinha\" \/>\n\t<meta name=\"twitter:label2\" content=\"Tempo estimado de leitura\" \/>\n\t<meta name=\"twitter:data2\" content=\"1 minuto\" \/>\n<script type=\"application\/ld+json\" class=\"yoast-schema-graph\">{\"@context\":\"https:\/\/schema.org\",\"@graph\":[{\"@type\":\"Article\",\"@id\":\"https:\/\/portaltela.pt\/noticias\/2026\/04\/08\/ex-guarda-prisional-condenado-a-pena-suspensa-de-dois-anos-por-corrupcao-passiva-2\/#article\",\"isPartOf\":{\"@id\":\"https:\/\/portaltela.pt\/noticias\/2026\/04\/08\/ex-guarda-prisional-condenado-a-pena-suspensa-de-dois-anos-por-corrupcao-passiva-2\/\"},\"author\":{\"name\":\"Telinha\",\"@id\":\"https:\/\/portaltela.pt\/#\/schema\/person\/c4278d4a6028830caff9ee44b42d32ed\"},\"headline\":\"Ex-guarda prisional condenado a pena suspensa de dois anos por corrup\u00e7\u00e3o passiva\",\"datePublished\":\"2026-04-08T06:47:02+00:00\",\"mainEntityOfPage\":{\"@id\":\"https:\/\/portaltela.pt\/noticias\/2026\/04\/08\/ex-guarda-prisional-condenado-a-pena-suspensa-de-dois-anos-por-corrupcao-passiva-2\/\"},\"wordCount\":244,\"image\":{\"@id\":\"https:\/\/portaltela.pt\/noticias\/2026\/04\/08\/ex-guarda-prisional-condenado-a-pena-suspensa-de-dois-anos-por-corrupcao-passiva-2\/#primaryimage\"},\"thumbnailUrl\":\"https:\/\/portaltela.pt\/s.01k8rhncp4jt1\/2026\/04\/img_1500x1000uu2022-12-17-19-57-15-1232021.jpg\",\"keywords\":[\"corrup\u00e7\u00e3o\",\"corrup\u00e7\u00e3o ativa\",\"crime\",\"Cust\u00f3ias\",\"justi\u00e7a\",\"tr\u00e1fico de droga\"],\"articleSection\":[\"Crime\",\"Not\u00edcias\"],\"inLanguage\":\"pt-PT\"},{\"@type\":\"WebPage\",\"@id\":\"https:\/\/portaltela.pt\/noticias\/2026\/04\/08\/ex-guarda-prisional-condenado-a-pena-suspensa-de-dois-anos-por-corrupcao-passiva-2\/\",\"url\":\"https:\/\/portaltela.pt\/noticias\/2026\/04\/08\/ex-guarda-prisional-condenado-a-pena-suspensa-de-dois-anos-por-corrupcao-passiva-2\/\",\"name\":\"Ex-guarda prisional condenado a pena suspensa de dois anos por corrup\u00e7\u00e3o passiva - Portal Tela Portugal\",\"isPartOf\":{\"@id\":\"https:\/\/portaltela.pt\/#website\"},\"primaryImageOfPage\":{\"@id\":\"https:\/\/portaltela.pt\/noticias\/2026\/04\/08\/ex-guarda-prisional-condenado-a-pena-suspensa-de-dois-anos-por-corrupcao-passiva-2\/#primaryimage\"},\"image\":{\"@id\":\"https:\/\/portaltela.pt\/noticias\/2026\/04\/08\/ex-guarda-prisional-condenado-a-pena-suspensa-de-dois-anos-por-corrupcao-passiva-2\/#primaryimage\"},\"thumbnailUrl\":\"https:\/\/portaltela.pt\/s.01k8rhncp4jt1\/2026\/04\/img_1500x1000uu2022-12-17-19-57-15-1232021.jpg\",\"datePublished\":\"2026-04-08T06:47:02+00:00\",\"author\":{\"@id\":\"https:\/\/portaltela.pt\/#\/schema\/person\/c4278d4a6028830caff9ee44b42d32ed\"},\"breadcrumb\":{\"@id\":\"https:\/\/portaltela.pt\/noticias\/2026\/04\/08\/ex-guarda-prisional-condenado-a-pena-suspensa-de-dois-anos-por-corrupcao-passiva-2\/#breadcrumb\"},\"inLanguage\":\"pt-PT\",\"potentialAction\":[{\"@type\":\"ReadAction\",\"target\":[\"https:\/\/portaltela.pt\/noticias\/2026\/04\/08\/ex-guarda-prisional-condenado-a-pena-suspensa-de-dois-anos-por-corrupcao-passiva-2\/\"]}]},{\"@type\":\"ImageObject\",\"inLanguage\":\"pt-PT\",\"@id\":\"https:\/\/portaltela.pt\/noticias\/2026\/04\/08\/ex-guarda-prisional-condenado-a-pena-suspensa-de-dois-anos-por-corrupcao-passiva-2\/#primaryimage\",\"url\":\"https:\/\/portaltela.pt\/s.01k8rhncp4jt1\/2026\/04\/img_1500x1000uu2022-12-17-19-57-15-1232021.jpg\",\"contentUrl\":\"https:\/\/portaltela.pt\/s.01k8rhncp4jt1\/2026\/04\/img_1500x1000uu2022-12-17-19-57-15-1232021.jpg\",\"width\":796,\"height\":448,\"caption\":\"Guarda prisional\"},{\"@type\":\"BreadcrumbList\",\"@id\":\"https:\/\/portaltela.pt\/noticias\/2026\/04\/08\/ex-guarda-prisional-condenado-a-pena-suspensa-de-dois-anos-por-corrupcao-passiva-2\/#breadcrumb\",\"itemListElement\":[{\"@type\":\"ListItem\",\"position\":1,\"name\":\"In\u00edcio\",\"item\":\"https:\/\/portaltela.pt\/\"},{\"@type\":\"ListItem\",\"position\":2,\"name\":\"Ex-guarda prisional condenado a pena suspensa de dois anos por corrup\u00e7\u00e3o passiva\"}]},{\"@type\":\"WebSite\",\"@id\":\"https:\/\/portaltela.pt\/#website\",\"url\":\"https:\/\/portaltela.pt\/\",\"name\":\"Portal Tela Portugal\",\"description\":\"\",\"potentialAction\":[{\"@type\":\"SearchAction\",\"target\":{\"@type\":\"EntryPoint\",\"urlTemplate\":\"https:\/\/portaltela.pt\/?s={search_term_string}\"},\"query-input\":{\"@type\":\"PropertyValueSpecification\",\"valueRequired\":true,\"valueName\":\"search_term_string\"}}],\"inLanguage\":\"pt-PT\"},{\"@type\":\"Person\",\"@id\":\"https:\/\/portaltela.pt\/#\/schema\/person\/c4278d4a6028830caff9ee44b42d32ed\",\"name\":\"Telinha\",\"image\":{\"@type\":\"ImageObject\",\"inLanguage\":\"pt-PT\",\"@id\":\"https:\/\/portaltela.pt\/s.01k8rhncp4jt1\/2025\/11\/talking-bot-125x125.png\",\"url\":\"https:\/\/portaltela.pt\/s.01k8rhncp4jt1\/2025\/11\/talking-bot-125x125.png\",\"contentUrl\":\"https:\/\/portaltela.pt\/s.01k8rhncp4jt1\/2025\/11\/talking-bot-125x125.png\",\"caption\":\"Telinha\"},\"sameAs\":[\"https:\/\/portaltela.pt\/\"],\"url\":\"https:\/\/portaltela.pt\/por\/367410592786\/\"}]}<\/script>\n<!-- \/ Yoast SEO plugin. -->","yoast_head_json":{"title":"Ex-guarda prisional condenado a pena suspensa de dois anos por corrup\u00e7\u00e3o passiva - Portal Tela Portugal","robots":{"index":"index","follow":"follow","max-snippet":"max-snippet:-1","max-image-preview":"max-image-preview:large","max-video-preview":"max-video-preview:-1"},"og_locale":"pt_PT","og_type":"article","og_title":"Ex-guarda prisional condenado a pena suspensa de dois anos por corrup\u00e7\u00e3o passiva - Portal Tela Portugal","og_description":"O ex-guarda prisional de Cust\u00f3ias, em Matosinhos, foi condenado a dois anos de pris\u00e3o, suspensa na sua execu\u00e7\u00e3o, por corrup\u00e7\u00e3o passiva relacionada com a entrada de telem\u00f3veis, cart\u00f5es SIM, cabos e droga no estabelecimento em 2017. O arguido foi absolvido de um dos crimes de corrup\u00e7\u00e3o passiva; recebe ainda proibi\u00e7\u00e3o de exercer fun\u00e7\u00f5es em pris\u00f5es por tr\u00eas anos e o pagamento de tr\u00eas mil euros ao Estado, em regime de prova. Entre os restantes arguidos, a mulher do namorado de uma das pessoas presas ficou condenada a um ano e tr\u00eas meses de pris\u00e3o, suspensa, por corrup\u00e7\u00e3o ativa. O namorado da mulher foi condenado a tr\u00eas anos de pris\u00e3o efetiva por corrup\u00e7\u00e3o ativa e teve de recolher ADN; um dos acusados foi absolvido de todos os crimes. O tribunal ordenou a perda de duzentos euros para o Estado no caso da mulher e do outro arguido condenado, e aplicou custas processuais; dois arguidos n\u00e3o foram notificados, com processos separados, tratando-se o tr\u00e1fico de droga num processo aut\u00f3nomo.","og_url":"https:\/\/portaltela.pt\/noticias\/2026\/04\/08\/ex-guarda-prisional-condenado-a-pena-suspensa-de-dois-anos-por-corrupcao-passiva-2\/","og_site_name":"Portal Tela Portugal","article_published_time":"2026-04-08T06:47:02+00:00","author":"Telinha","twitter_card":"summary_large_image","twitter_misc":{"Escrito por":"Telinha","Tempo estimado de leitura":"1 minuto"},"schema":{"@context":"https:\/\/schema.org","@graph":[{"@type":"Article","@id":"https:\/\/portaltela.pt\/noticias\/2026\/04\/08\/ex-guarda-prisional-condenado-a-pena-suspensa-de-dois-anos-por-corrupcao-passiva-2\/#article","isPartOf":{"@id":"https:\/\/portaltela.pt\/noticias\/2026\/04\/08\/ex-guarda-prisional-condenado-a-pena-suspensa-de-dois-anos-por-corrupcao-passiva-2\/"},"author":{"name":"Telinha","@id":"https:\/\/portaltela.pt\/#\/schema\/person\/c4278d4a6028830caff9ee44b42d32ed"},"headline":"Ex-guarda prisional condenado a pena suspensa de dois anos por corrup\u00e7\u00e3o passiva","datePublished":"2026-04-08T06:47:02+00:00","mainEntityOfPage":{"@id":"https:\/\/portaltela.pt\/noticias\/2026\/04\/08\/ex-guarda-prisional-condenado-a-pena-suspensa-de-dois-anos-por-corrupcao-passiva-2\/"},"wordCount":244,"image":{"@id":"https:\/\/portaltela.pt\/noticias\/2026\/04\/08\/ex-guarda-prisional-condenado-a-pena-suspensa-de-dois-anos-por-corrupcao-passiva-2\/#primaryimage"},"thumbnailUrl":"https:\/\/portaltela.pt\/s.01k8rhncp4jt1\/2026\/04\/img_1500x1000uu2022-12-17-19-57-15-1232021.jpg","keywords":["corrup\u00e7\u00e3o","corrup\u00e7\u00e3o ativa","crime","Cust\u00f3ias","justi\u00e7a","tr\u00e1fico de droga"],"articleSection":["Crime","Not\u00edcias"],"inLanguage":"pt-PT"},{"@type":"WebPage","@id":"https:\/\/portaltela.pt\/noticias\/2026\/04\/08\/ex-guarda-prisional-condenado-a-pena-suspensa-de-dois-anos-por-corrupcao-passiva-2\/","url":"https:\/\/portaltela.pt\/noticias\/2026\/04\/08\/ex-guarda-prisional-condenado-a-pena-suspensa-de-dois-anos-por-corrupcao-passiva-2\/","name":"Ex-guarda prisional condenado a pena suspensa de dois anos por corrup\u00e7\u00e3o passiva - Portal Tela Portugal","isPartOf":{"@id":"https:\/\/portaltela.pt\/#website"},"primaryImageOfPage":{"@id":"https:\/\/portaltela.pt\/noticias\/2026\/04\/08\/ex-guarda-prisional-condenado-a-pena-suspensa-de-dois-anos-por-corrupcao-passiva-2\/#primaryimage"},"image":{"@id":"https:\/\/portaltela.pt\/noticias\/2026\/04\/08\/ex-guarda-prisional-condenado-a-pena-suspensa-de-dois-anos-por-corrupcao-passiva-2\/#primaryimage"},"thumbnailUrl":"https:\/\/portaltela.pt\/s.01k8rhncp4jt1\/2026\/04\/img_1500x1000uu2022-12-17-19-57-15-1232021.jpg","datePublished":"2026-04-08T06:47:02+00:00","author":{"@id":"https:\/\/portaltela.pt\/#\/schema\/person\/c4278d4a6028830caff9ee44b42d32ed"},"breadcrumb":{"@id":"https:\/\/portaltela.pt\/noticias\/2026\/04\/08\/ex-guarda-prisional-condenado-a-pena-suspensa-de-dois-anos-por-corrupcao-passiva-2\/#breadcrumb"},"inLanguage":"pt-PT","potentialAction":[{"@type":"ReadAction","target":["https:\/\/portaltela.pt\/noticias\/2026\/04\/08\/ex-guarda-prisional-condenado-a-pena-suspensa-de-dois-anos-por-corrupcao-passiva-2\/"]}]},{"@type":"ImageObject","inLanguage":"pt-PT","@id":"https:\/\/portaltela.pt\/noticias\/2026\/04\/08\/ex-guarda-prisional-condenado-a-pena-suspensa-de-dois-anos-por-corrupcao-passiva-2\/#primaryimage","url":"https:\/\/portaltela.pt\/s.01k8rhncp4jt1\/2026\/04\/img_1500x1000uu2022-12-17-19-57-15-1232021.jpg","contentUrl":"https:\/\/portaltela.pt\/s.01k8rhncp4jt1\/2026\/04\/img_1500x1000uu2022-12-17-19-57-15-1232021.jpg","width":796,"height":448,"caption":"Guarda prisional"},{"@type":"BreadcrumbList","@id":"https:\/\/portaltela.pt\/noticias\/2026\/04\/08\/ex-guarda-prisional-condenado-a-pena-suspensa-de-dois-anos-por-corrupcao-passiva-2\/#breadcrumb","itemListElement":[{"@type":"ListItem","position":1,"name":"In\u00edcio","item":"https:\/\/portaltela.pt\/"},{"@type":"ListItem","position":2,"name":"Ex-guarda prisional condenado a pena suspensa de dois anos por corrup\u00e7\u00e3o passiva"}]},{"@type":"WebSite","@id":"https:\/\/portaltela.pt\/#website","url":"https:\/\/portaltela.pt\/","name":"Portal Tela Portugal","description":"","potentialAction":[{"@type":"SearchAction","target":{"@type":"EntryPoint","urlTemplate":"https:\/\/portaltela.pt\/?s={search_term_string}"},"query-input":{"@type":"PropertyValueSpecification","valueRequired":true,"valueName":"search_term_string"}}],"inLanguage":"pt-PT"},{"@type":"Person","@id":"https:\/\/portaltela.pt\/#\/schema\/person\/c4278d4a6028830caff9ee44b42d32ed","name":"Telinha","image":{"@type":"ImageObject","inLanguage":"pt-PT","@id":"https:\/\/portaltela.pt\/s.01k8rhncp4jt1\/2025\/11\/talking-bot-125x125.png","url":"https:\/\/portaltela.pt\/s.01k8rhncp4jt1\/2025\/11\/talking-bot-125x125.png","contentUrl":"https:\/\/portaltela.pt\/s.01k8rhncp4jt1\/2025\/11\/talking-bot-125x125.png","caption":"Telinha"},"sameAs":["https:\/\/portaltela.pt\/"],"url":"https:\/\/portaltela.pt\/por\/367410592786\/"}]}},"_links":{"self":[{"href":"https:\/\/portaltela.pt\/api\/wp\/v2\/posts\/436166","targetHints":{"allow":["GET"]}}],"collection":[{"href":"https:\/\/portaltela.pt\/api\/wp\/v2\/posts"}],"about":[{"href":"https:\/\/portaltela.pt\/api\/wp\/v2\/types\/post"}],"author":[{"embeddable":true,"href":"https:\/\/portaltela.pt\/api\/wp\/v2\/users\/2"}],"replies":[{"embeddable":true,"href":"https:\/\/portaltela.pt\/api\/wp\/v2\/comments?post=436166"}],"version-history":[{"count":0,"href":"https:\/\/portaltela.pt\/api\/wp\/v2\/posts\/436166\/revisions"}],"wp:featuredmedia":[{"embeddable":true,"href":"https:\/\/portaltela.pt\/api\/wp\/v2\/media\/436168"}],"wp:attachment":[{"href":"https:\/\/portaltela.pt\/api\/wp\/v2\/media?parent=436166"}],"wp:term":[{"taxonomy":"category","embeddable":true,"href":"https:\/\/portaltela.pt\/api\/wp\/v2\/categories?post=436166"},{"taxonomy":"post_tag","embeddable":true,"href":"https:\/\/portaltela.pt\/api\/wp\/v2\/tags?post=436166"}],"curies":[{"name":"wp","href":"https:\/\/api.w.org\/{rel}","templated":true}]}}