{"id":436159,"date":"2026-04-08T03:46:57","date_gmt":"2026-04-08T06:46:57","guid":{"rendered":"https:\/\/portaltela.pt\/noticias\/2026\/04\/08\/a-roupa-das-palavras-estudo-sobre-linguagem-e-expressao\/"},"modified":"2026-04-08T03:46:57","modified_gmt":"2026-04-08T06:46:57","slug":"a-roupa-das-palavras-estudo-sobre-linguagem-e-expressao","status":"publish","type":"post","link":"https:\/\/portaltela.pt\/noticias\/2026\/04\/08\/a-roupa-das-palavras-estudo-sobre-linguagem-e-expressao\/","title":{"rendered":"A roupa das palavras: estudo sobre linguagem e express\u00e3o"},"content":{"rendered":"<p>Numa confer\u00eancia recente em Maputo, o escritor mo\u00e7ambicano Mia Couto abordou o papel das palavras. Segundo ele, as palavras n\u00e3o s\u00e3o o essencial, servem para tornar vis\u00edveis os contornos da realidade, tal como a roupa revela a forma sem ser o corpo.<\/p>\n<p>Couto explicou que o problema n\u00e3o est\u00e1 em ter proclamado valores no passado que n\u00e3o foram cumpridos, mas no que sucede quando esses valores regressam hoje como uma exig\u00eancia moral.<\/p>\n<p>A interven\u00e7\u00e3o ocorreu num evento em Maputo, destacando-se a ideia de que a linguagem ajuda a moldar a percep\u00e7\u00e3o p\u00fablica. A reflex\u00e3o oferece uma leitura sobre como a comunica\u00e7\u00e3o pode expor a realidade, sem ser o pr\u00f3prio conte\u00fado.<\/p>\n","protected":false},"excerpt":{"rendered":"<ul>\n<li>Em Maputo, o escritor mo\u00e7ambicano Mia Couto participou numa confer\u00eancia recente.<\/li>\n<li>Disse que o problema n\u00e3o \u00e9 proclamarem valores que n\u00e3o foram cumpridos no passado, mas o que sucede quando esses valores regressam no presente como exig\u00eancia moral.<\/li>\n<li>Afirmou que as palavras n\u00e3o s\u00e3o o mais importante; servem sobretudo para tornar vis\u00edveis os contornos da realidade.<\/li>\n<li>Comparou as palavras a roupa: n\u00e3o s\u00e3o o corpo, mas permitem ver a sua forma.<\/li>\n<\/ul>\n","protected":false},"author":2,"featured_media":436163,"comment_status":"closed","ping_status":"closed","sticky":false,"template":"","format":"standard","meta":{"footnotes":""},"categories":[7375,1],"tags":[2607,145,106,2506,1911,2318],"class_list":["post-436159","post","type-post","status-publish","format-standard","has-post-thumbnail","hentry","category-cultura","category-noticias","tag-comunicacao","tag-cultura","tag-literatura","tag-maputo","tag-mocambique","tag-sociedade"],"yoast_head":"<!-- This site is optimized with the Yoast SEO plugin v27.2 - https:\/\/yoast.com\/product\/yoast-seo-wordpress\/ -->\n<title>A roupa das palavras: estudo sobre linguagem e express\u00e3o - Portal Tela Portugal<\/title>\n<meta name=\"robots\" content=\"index, follow, max-snippet:-1, max-image-preview:large, max-video-preview:-1\" \/>\n<meta property=\"og:locale\" content=\"pt_PT\" \/>\n<meta property=\"og:type\" content=\"article\" \/>\n<meta property=\"og:title\" content=\"A roupa das palavras: estudo sobre linguagem e express\u00e3o - Portal Tela Portugal\" \/>\n<meta property=\"og:description\" content=\"Em Maputo, o escritor mo\u00e7ambicano Mia Couto participou numa confer\u00eancia recente. Disse que o problema n\u00e3o \u00e9 proclamarem valores que n\u00e3o foram cumpridos no passado, mas o que sucede quando esses valores regressam no presente como exig\u00eancia moral. Afirmou que as palavras n\u00e3o s\u00e3o o mais importante; servem sobretudo para tornar vis\u00edveis os contornos da realidade. Comparou as palavras a roupa: n\u00e3o s\u00e3o o corpo, mas permitem ver a sua forma.\" \/>\n<meta property=\"og:url\" content=\"https:\/\/portaltela.pt\/noticias\/2026\/04\/08\/a-roupa-das-palavras-estudo-sobre-linguagem-e-expressao\/\" \/>\n<meta property=\"og:site_name\" content=\"Portal Tela Portugal\" \/>\n<meta property=\"article:published_time\" content=\"2026-04-08T06:46:57+00:00\" \/>\n<meta name=\"author\" content=\"Telinha\" \/>\n<meta name=\"twitter:card\" content=\"summary_large_image\" \/>\n<meta name=\"twitter:label1\" content=\"Escrito por\" \/>\n\t<meta name=\"twitter:data1\" content=\"Telinha\" \/>\n\t<meta name=\"twitter:label2\" content=\"Tempo estimado de leitura\" \/>\n\t<meta name=\"twitter:data2\" content=\"1 minuto\" \/>\n<script type=\"application\/ld+json\" class=\"yoast-schema-graph\">{\"@context\":\"https:\/\/schema.org\",\"@graph\":[{\"@type\":\"Article\",\"@id\":\"https:\/\/portaltela.pt\/noticias\/2026\/04\/08\/a-roupa-das-palavras-estudo-sobre-linguagem-e-expressao\/#article\",\"isPartOf\":{\"@id\":\"https:\/\/portaltela.pt\/noticias\/2026\/04\/08\/a-roupa-das-palavras-estudo-sobre-linguagem-e-expressao\/\"},\"author\":{\"name\":\"Telinha\",\"@id\":\"https:\/\/portaltela.pt\/#\/schema\/person\/c4278d4a6028830caff9ee44b42d32ed\"},\"headline\":\"A roupa das palavras: estudo sobre linguagem e express\u00e3o\",\"datePublished\":\"2026-04-08T06:46:57+00:00\",\"mainEntityOfPage\":{\"@id\":\"https:\/\/portaltela.pt\/noticias\/2026\/04\/08\/a-roupa-das-palavras-estudo-sobre-linguagem-e-expressao\/\"},\"wordCount\":135,\"image\":{\"@id\":\"https:\/\/portaltela.pt\/noticias\/2026\/04\/08\/a-roupa-das-palavras-estudo-sobre-linguagem-e-expressao\/#primaryimage\"},\"thumbnailUrl\":\"https:\/\/portaltela.pt\/s.01k8rhncp4jt1\/2026\/04\/2059061.jpg\",\"keywords\":[\"comunica\u00e7\u00e3o\",\"cultura\",\"literatura\",\"Maputo\",\"Mo\u00e7ambique\",\"sociedade\"],\"articleSection\":[\"Cultura\",\"Not\u00edcias\"],\"inLanguage\":\"pt-PT\"},{\"@type\":\"WebPage\",\"@id\":\"https:\/\/portaltela.pt\/noticias\/2026\/04\/08\/a-roupa-das-palavras-estudo-sobre-linguagem-e-expressao\/\",\"url\":\"https:\/\/portaltela.pt\/noticias\/2026\/04\/08\/a-roupa-das-palavras-estudo-sobre-linguagem-e-expressao\/\",\"name\":\"A roupa das palavras: estudo sobre linguagem e express\u00e3o - Portal Tela Portugal\",\"isPartOf\":{\"@id\":\"https:\/\/portaltela.pt\/#website\"},\"primaryImageOfPage\":{\"@id\":\"https:\/\/portaltela.pt\/noticias\/2026\/04\/08\/a-roupa-das-palavras-estudo-sobre-linguagem-e-expressao\/#primaryimage\"},\"image\":{\"@id\":\"https:\/\/portaltela.pt\/noticias\/2026\/04\/08\/a-roupa-das-palavras-estudo-sobre-linguagem-e-expressao\/#primaryimage\"},\"thumbnailUrl\":\"https:\/\/portaltela.pt\/s.01k8rhncp4jt1\/2026\/04\/2059061.jpg\",\"datePublished\":\"2026-04-08T06:46:57+00:00\",\"author\":{\"@id\":\"https:\/\/portaltela.pt\/#\/schema\/person\/c4278d4a6028830caff9ee44b42d32ed\"},\"breadcrumb\":{\"@id\":\"https:\/\/portaltela.pt\/noticias\/2026\/04\/08\/a-roupa-das-palavras-estudo-sobre-linguagem-e-expressao\/#breadcrumb\"},\"inLanguage\":\"pt-PT\",\"potentialAction\":[{\"@type\":\"ReadAction\",\"target\":[\"https:\/\/portaltela.pt\/noticias\/2026\/04\/08\/a-roupa-das-palavras-estudo-sobre-linguagem-e-expressao\/\"]}]},{\"@type\":\"ImageObject\",\"inLanguage\":\"pt-PT\",\"@id\":\"https:\/\/portaltela.pt\/noticias\/2026\/04\/08\/a-roupa-das-palavras-estudo-sobre-linguagem-e-expressao\/#primaryimage\",\"url\":\"https:\/\/portaltela.pt\/s.01k8rhncp4jt1\/2026\/04\/2059061.jpg\",\"contentUrl\":\"https:\/\/portaltela.pt\/s.01k8rhncp4jt1\/2026\/04\/2059061.jpg\",\"width\":796,\"height\":448,\"caption\":\"Photo\"},{\"@type\":\"BreadcrumbList\",\"@id\":\"https:\/\/portaltela.pt\/noticias\/2026\/04\/08\/a-roupa-das-palavras-estudo-sobre-linguagem-e-expressao\/#breadcrumb\",\"itemListElement\":[{\"@type\":\"ListItem\",\"position\":1,\"name\":\"In\u00edcio\",\"item\":\"https:\/\/portaltela.pt\/\"},{\"@type\":\"ListItem\",\"position\":2,\"name\":\"A roupa das palavras: estudo sobre linguagem e express\u00e3o\"}]},{\"@type\":\"WebSite\",\"@id\":\"https:\/\/portaltela.pt\/#website\",\"url\":\"https:\/\/portaltela.pt\/\",\"name\":\"Portal Tela Portugal\",\"description\":\"\",\"potentialAction\":[{\"@type\":\"SearchAction\",\"target\":{\"@type\":\"EntryPoint\",\"urlTemplate\":\"https:\/\/portaltela.pt\/?s={search_term_string}\"},\"query-input\":{\"@type\":\"PropertyValueSpecification\",\"valueRequired\":true,\"valueName\":\"search_term_string\"}}],\"inLanguage\":\"pt-PT\"},{\"@type\":\"Person\",\"@id\":\"https:\/\/portaltela.pt\/#\/schema\/person\/c4278d4a6028830caff9ee44b42d32ed\",\"name\":\"Telinha\",\"image\":{\"@type\":\"ImageObject\",\"inLanguage\":\"pt-PT\",\"@id\":\"https:\/\/portaltela.pt\/s.01k8rhncp4jt1\/2025\/11\/talking-bot-125x125.png\",\"url\":\"https:\/\/portaltela.pt\/s.01k8rhncp4jt1\/2025\/11\/talking-bot-125x125.png\",\"contentUrl\":\"https:\/\/portaltela.pt\/s.01k8rhncp4jt1\/2025\/11\/talking-bot-125x125.png\",\"caption\":\"Telinha\"},\"sameAs\":[\"https:\/\/portaltela.pt\/\"],\"url\":\"https:\/\/portaltela.pt\/por\/367410592786\/\"}]}<\/script>\n<!-- \/ Yoast SEO plugin. -->","yoast_head_json":{"title":"A roupa das palavras: estudo sobre linguagem e express\u00e3o - Portal Tela Portugal","robots":{"index":"index","follow":"follow","max-snippet":"max-snippet:-1","max-image-preview":"max-image-preview:large","max-video-preview":"max-video-preview:-1"},"og_locale":"pt_PT","og_type":"article","og_title":"A roupa das palavras: estudo sobre linguagem e express\u00e3o - Portal Tela Portugal","og_description":"Em Maputo, o escritor mo\u00e7ambicano Mia Couto participou numa confer\u00eancia recente. Disse que o problema n\u00e3o \u00e9 proclamarem valores que n\u00e3o foram cumpridos no passado, mas o que sucede quando esses valores regressam no presente como exig\u00eancia moral. Afirmou que as palavras n\u00e3o s\u00e3o o mais importante; servem sobretudo para tornar vis\u00edveis os contornos da realidade. Comparou as palavras a roupa: n\u00e3o s\u00e3o o corpo, mas permitem ver a sua forma.","og_url":"https:\/\/portaltela.pt\/noticias\/2026\/04\/08\/a-roupa-das-palavras-estudo-sobre-linguagem-e-expressao\/","og_site_name":"Portal Tela Portugal","article_published_time":"2026-04-08T06:46:57+00:00","author":"Telinha","twitter_card":"summary_large_image","twitter_misc":{"Escrito por":"Telinha","Tempo estimado de leitura":"1 minuto"},"schema":{"@context":"https:\/\/schema.org","@graph":[{"@type":"Article","@id":"https:\/\/portaltela.pt\/noticias\/2026\/04\/08\/a-roupa-das-palavras-estudo-sobre-linguagem-e-expressao\/#article","isPartOf":{"@id":"https:\/\/portaltela.pt\/noticias\/2026\/04\/08\/a-roupa-das-palavras-estudo-sobre-linguagem-e-expressao\/"},"author":{"name":"Telinha","@id":"https:\/\/portaltela.pt\/#\/schema\/person\/c4278d4a6028830caff9ee44b42d32ed"},"headline":"A roupa das palavras: estudo sobre linguagem e express\u00e3o","datePublished":"2026-04-08T06:46:57+00:00","mainEntityOfPage":{"@id":"https:\/\/portaltela.pt\/noticias\/2026\/04\/08\/a-roupa-das-palavras-estudo-sobre-linguagem-e-expressao\/"},"wordCount":135,"image":{"@id":"https:\/\/portaltela.pt\/noticias\/2026\/04\/08\/a-roupa-das-palavras-estudo-sobre-linguagem-e-expressao\/#primaryimage"},"thumbnailUrl":"https:\/\/portaltela.pt\/s.01k8rhncp4jt1\/2026\/04\/2059061.jpg","keywords":["comunica\u00e7\u00e3o","cultura","literatura","Maputo","Mo\u00e7ambique","sociedade"],"articleSection":["Cultura","Not\u00edcias"],"inLanguage":"pt-PT"},{"@type":"WebPage","@id":"https:\/\/portaltela.pt\/noticias\/2026\/04\/08\/a-roupa-das-palavras-estudo-sobre-linguagem-e-expressao\/","url":"https:\/\/portaltela.pt\/noticias\/2026\/04\/08\/a-roupa-das-palavras-estudo-sobre-linguagem-e-expressao\/","name":"A roupa das palavras: estudo sobre linguagem e express\u00e3o - Portal Tela Portugal","isPartOf":{"@id":"https:\/\/portaltela.pt\/#website"},"primaryImageOfPage":{"@id":"https:\/\/portaltela.pt\/noticias\/2026\/04\/08\/a-roupa-das-palavras-estudo-sobre-linguagem-e-expressao\/#primaryimage"},"image":{"@id":"https:\/\/portaltela.pt\/noticias\/2026\/04\/08\/a-roupa-das-palavras-estudo-sobre-linguagem-e-expressao\/#primaryimage"},"thumbnailUrl":"https:\/\/portaltela.pt\/s.01k8rhncp4jt1\/2026\/04\/2059061.jpg","datePublished":"2026-04-08T06:46:57+00:00","author":{"@id":"https:\/\/portaltela.pt\/#\/schema\/person\/c4278d4a6028830caff9ee44b42d32ed"},"breadcrumb":{"@id":"https:\/\/portaltela.pt\/noticias\/2026\/04\/08\/a-roupa-das-palavras-estudo-sobre-linguagem-e-expressao\/#breadcrumb"},"inLanguage":"pt-PT","potentialAction":[{"@type":"ReadAction","target":["https:\/\/portaltela.pt\/noticias\/2026\/04\/08\/a-roupa-das-palavras-estudo-sobre-linguagem-e-expressao\/"]}]},{"@type":"ImageObject","inLanguage":"pt-PT","@id":"https:\/\/portaltela.pt\/noticias\/2026\/04\/08\/a-roupa-das-palavras-estudo-sobre-linguagem-e-expressao\/#primaryimage","url":"https:\/\/portaltela.pt\/s.01k8rhncp4jt1\/2026\/04\/2059061.jpg","contentUrl":"https:\/\/portaltela.pt\/s.01k8rhncp4jt1\/2026\/04\/2059061.jpg","width":796,"height":448,"caption":"Photo"},{"@type":"BreadcrumbList","@id":"https:\/\/portaltela.pt\/noticias\/2026\/04\/08\/a-roupa-das-palavras-estudo-sobre-linguagem-e-expressao\/#breadcrumb","itemListElement":[{"@type":"ListItem","position":1,"name":"In\u00edcio","item":"https:\/\/portaltela.pt\/"},{"@type":"ListItem","position":2,"name":"A roupa das palavras: estudo sobre linguagem e express\u00e3o"}]},{"@type":"WebSite","@id":"https:\/\/portaltela.pt\/#website","url":"https:\/\/portaltela.pt\/","name":"Portal Tela Portugal","description":"","potentialAction":[{"@type":"SearchAction","target":{"@type":"EntryPoint","urlTemplate":"https:\/\/portaltela.pt\/?s={search_term_string}"},"query-input":{"@type":"PropertyValueSpecification","valueRequired":true,"valueName":"search_term_string"}}],"inLanguage":"pt-PT"},{"@type":"Person","@id":"https:\/\/portaltela.pt\/#\/schema\/person\/c4278d4a6028830caff9ee44b42d32ed","name":"Telinha","image":{"@type":"ImageObject","inLanguage":"pt-PT","@id":"https:\/\/portaltela.pt\/s.01k8rhncp4jt1\/2025\/11\/talking-bot-125x125.png","url":"https:\/\/portaltela.pt\/s.01k8rhncp4jt1\/2025\/11\/talking-bot-125x125.png","contentUrl":"https:\/\/portaltela.pt\/s.01k8rhncp4jt1\/2025\/11\/talking-bot-125x125.png","caption":"Telinha"},"sameAs":["https:\/\/portaltela.pt\/"],"url":"https:\/\/portaltela.pt\/por\/367410592786\/"}]}},"_links":{"self":[{"href":"https:\/\/portaltela.pt\/api\/wp\/v2\/posts\/436159","targetHints":{"allow":["GET"]}}],"collection":[{"href":"https:\/\/portaltela.pt\/api\/wp\/v2\/posts"}],"about":[{"href":"https:\/\/portaltela.pt\/api\/wp\/v2\/types\/post"}],"author":[{"embeddable":true,"href":"https:\/\/portaltela.pt\/api\/wp\/v2\/users\/2"}],"replies":[{"embeddable":true,"href":"https:\/\/portaltela.pt\/api\/wp\/v2\/comments?post=436159"}],"version-history":[{"count":0,"href":"https:\/\/portaltela.pt\/api\/wp\/v2\/posts\/436159\/revisions"}],"wp:featuredmedia":[{"embeddable":true,"href":"https:\/\/portaltela.pt\/api\/wp\/v2\/media\/436163"}],"wp:attachment":[{"href":"https:\/\/portaltela.pt\/api\/wp\/v2\/media?parent=436159"}],"wp:term":[{"taxonomy":"category","embeddable":true,"href":"https:\/\/portaltela.pt\/api\/wp\/v2\/categories?post=436159"},{"taxonomy":"post_tag","embeddable":true,"href":"https:\/\/portaltela.pt\/api\/wp\/v2\/tags?post=436159"}],"curies":[{"name":"wp","href":"https:\/\/api.w.org\/{rel}","templated":true}]}}