{"id":436156,"date":"2026-04-08T03:46:54","date_gmt":"2026-04-08T06:46:54","guid":{"rendered":"https:\/\/portaltela.pt\/noticias\/2026\/04\/08\/caminho-de-santiago-cresce-vila-do-conde-fechou-albergue-sem-aviso\/"},"modified":"2026-04-08T03:46:54","modified_gmt":"2026-04-08T06:46:54","slug":"caminho-de-santiago-cresce-vila-do-conde-fechou-albergue-sem-aviso","status":"publish","type":"post","link":"https:\/\/portaltela.pt\/sociedade\/2026\/04\/08\/caminho-de-santiago-cresce-vila-do-conde-fechou-albergue-sem-aviso\/","title":{"rendered":"Caminho de Santiago cresce; Vila do Conde fechou albergue sem aviso"},"content":{"rendered":"<p>O Albergue de Santa Clara, em Vila do Conde, fechou as portas de forma repentina, sem aviso pr\u00e9vio. O encerramento ocorreu durante uma \u00e9poca de crescimento do Caminho Portugu\u00eas da Costa, que j\u00e1 representa 17% dos peregrinos que chegam a Santiago de Compostela.<\/p>\n<p>O albergue era a \u00fanica infraestrutura de acolhimento no centro da cidade e, este ano, completava dez anos de funcionamento. \u00c0 porta, permanece apenas a placa \u201cclosed for maintenance\u201d, sem data ou explica\u00e7\u00e3o para a interrup\u00e7\u00e3o.<\/p>\n<p>Influ\u00eancia econ\u00f3mica local: comerciantes da zona apresentam quebras de fatura\u00e7\u00e3o em cerca de 40%. O presidente da C\u00e2mara Municipal, V\u00edtor Costa, afirmou ao JN que o espa\u00e7o precisa de obras, mas ainda n\u00e3o foi tomada qualquer decis\u00e3o sobre a interven\u00e7\u00e3o.<\/p>\n<h3>Impacto para o Caminho de Santiago<\/h3>\n<p>O encerramento levanta d\u00favidas sobre a disponibilidade de alojamento para peregrinos no centro de Vila do Conde, enquanto o fluxo de viajantes na rota portuguesa mant\u00e9m tend\u00eancia de crescimento. A administra\u00e7\u00e3o municipal n\u00e3o disponibilizou uma data para reabertura. Fonte: JN.<\/p>\n","protected":false},"excerpt":{"rendered":"<ul>\n<li>O Albergue de Santa Clara, no centro de Vila do Conde, fechou as portas de surpresa, ficando a mostrar apenas &#8220;closed for maintenance&#8221;.<\/li>\n<li>O espa\u00e7o, que este ano completava dez anos, recebia mais de seis mil peregrinos por ano, e encerrou sem data nem explica\u00e7\u00e3o nem alternativa apresentada.<\/li>\n<li>O Caminho Portugu\u00eas da Costa est\u00e1 a crescer e j\u00e1 representa 17 por cento dos peregrinos que chegam a Santiago de Compostela.<\/li>\n<li>Ao redor, comerciantes registam quebras de fatura\u00e7\u00e3o na ordem de 40 por cento.<\/li>\n<li>O presidente da C\u00e2mara, V\u00edtor Costa, afirmou que o albergue precisa de obras, mas ainda n\u00e3o tomou decis\u00e3o sobre as interven\u00e7\u00f5es.<\/li>\n<\/ul>\n","protected":false},"author":2,"featured_media":436162,"comment_status":"closed","ping_status":"closed","sticky":false,"template":"","format":"standard","meta":{"footnotes":""},"categories":[7384,6871],"tags":[6115,491,244,169,1546],"class_list":["post-436156","post","type-post","status-publish","format-standard","has-post-thumbnail","hentry","category-curiosidades","category-sociedade","tag-_economia","tag-alojamento-local","tag-comercio","tag-turismo","tag-vila-do-conde"],"yoast_head":"<!-- This site is optimized with the Yoast SEO plugin v27.2 - https:\/\/yoast.com\/product\/yoast-seo-wordpress\/ -->\n<title>Caminho de Santiago cresce; Vila do Conde fechou albergue sem aviso - Portal Tela Portugal<\/title>\n<meta name=\"robots\" content=\"index, follow, max-snippet:-1, max-image-preview:large, max-video-preview:-1\" \/>\n<meta property=\"og:locale\" content=\"pt_PT\" \/>\n<meta property=\"og:type\" content=\"article\" \/>\n<meta property=\"og:title\" content=\"Caminho de Santiago cresce; Vila do Conde fechou albergue sem aviso - Portal Tela Portugal\" \/>\n<meta property=\"og:description\" content=\"O Albergue de Santa Clara, no centro de Vila do Conde, fechou as portas de surpresa, ficando a mostrar apenas &quot;closed for maintenance&quot;. O espa\u00e7o, que este ano completava dez anos, recebia mais de seis mil peregrinos por ano, e encerrou sem data nem explica\u00e7\u00e3o nem alternativa apresentada. O Caminho Portugu\u00eas da Costa est\u00e1 a crescer e j\u00e1 representa 17 por cento dos peregrinos que chegam a Santiago de Compostela. Ao redor, comerciantes registam quebras de fatura\u00e7\u00e3o na ordem de 40 por cento. O presidente da C\u00e2mara, V\u00edtor Costa, afirmou que o albergue precisa de obras, mas ainda n\u00e3o tomou decis\u00e3o sobre as interven\u00e7\u00f5es.\" \/>\n<meta property=\"og:url\" content=\"https:\/\/portaltela.pt\/noticias\/2026\/04\/08\/caminho-de-santiago-cresce-vila-do-conde-fechou-albergue-sem-aviso\/\" \/>\n<meta property=\"og:site_name\" content=\"Portal Tela Portugal\" \/>\n<meta property=\"article:published_time\" content=\"2026-04-08T06:46:54+00:00\" \/>\n<meta name=\"author\" content=\"Telinha\" \/>\n<meta name=\"twitter:card\" content=\"summary_large_image\" \/>\n<meta name=\"twitter:label1\" content=\"Escrito por\" \/>\n\t<meta name=\"twitter:data1\" content=\"Telinha\" \/>\n\t<meta name=\"twitter:label2\" content=\"Tempo estimado de leitura\" \/>\n\t<meta name=\"twitter:data2\" content=\"1 minuto\" \/>\n<script type=\"application\/ld+json\" class=\"yoast-schema-graph\">{\"@context\":\"https:\/\/schema.org\",\"@graph\":[{\"@type\":\"Article\",\"@id\":\"https:\/\/portaltela.pt\/noticias\/2026\/04\/08\/caminho-de-santiago-cresce-vila-do-conde-fechou-albergue-sem-aviso\/#article\",\"isPartOf\":{\"@id\":\"https:\/\/portaltela.pt\/noticias\/2026\/04\/08\/caminho-de-santiago-cresce-vila-do-conde-fechou-albergue-sem-aviso\/\"},\"author\":{\"name\":\"Telinha\",\"@id\":\"https:\/\/portaltela.pt\/#\/schema\/person\/c4278d4a6028830caff9ee44b42d32ed\"},\"headline\":\"Caminho de Santiago cresce; Vila do Conde fechou albergue sem aviso\",\"datePublished\":\"2026-04-08T06:46:54+00:00\",\"mainEntityOfPage\":{\"@id\":\"https:\/\/portaltela.pt\/noticias\/2026\/04\/08\/caminho-de-santiago-cresce-vila-do-conde-fechou-albergue-sem-aviso\/\"},\"wordCount\":191,\"image\":{\"@id\":\"https:\/\/portaltela.pt\/noticias\/2026\/04\/08\/caminho-de-santiago-cresce-vila-do-conde-fechou-albergue-sem-aviso\/#primaryimage\"},\"thumbnailUrl\":\"https:\/\/portaltela.pt\/s.01k8rhncp4jt1\/2026\/04\/image-421.jpg\",\"keywords\":[\"_economia\",\"alojamento local\",\"com\u00e9rcio\",\"turismo\",\"Vila do Conde\"],\"articleSection\":[\"Curiosidades\",\"Sociedade\"],\"inLanguage\":\"pt-PT\"},{\"@type\":\"WebPage\",\"@id\":\"https:\/\/portaltela.pt\/noticias\/2026\/04\/08\/caminho-de-santiago-cresce-vila-do-conde-fechou-albergue-sem-aviso\/\",\"url\":\"https:\/\/portaltela.pt\/noticias\/2026\/04\/08\/caminho-de-santiago-cresce-vila-do-conde-fechou-albergue-sem-aviso\/\",\"name\":\"Caminho de Santiago cresce; Vila do Conde fechou albergue sem aviso - Portal Tela Portugal\",\"isPartOf\":{\"@id\":\"https:\/\/portaltela.pt\/#website\"},\"primaryImageOfPage\":{\"@id\":\"https:\/\/portaltela.pt\/noticias\/2026\/04\/08\/caminho-de-santiago-cresce-vila-do-conde-fechou-albergue-sem-aviso\/#primaryimage\"},\"image\":{\"@id\":\"https:\/\/portaltela.pt\/noticias\/2026\/04\/08\/caminho-de-santiago-cresce-vila-do-conde-fechou-albergue-sem-aviso\/#primaryimage\"},\"thumbnailUrl\":\"https:\/\/portaltela.pt\/s.01k8rhncp4jt1\/2026\/04\/image-421.jpg\",\"datePublished\":\"2026-04-08T06:46:54+00:00\",\"author\":{\"@id\":\"https:\/\/portaltela.pt\/#\/schema\/person\/c4278d4a6028830caff9ee44b42d32ed\"},\"breadcrumb\":{\"@id\":\"https:\/\/portaltela.pt\/noticias\/2026\/04\/08\/caminho-de-santiago-cresce-vila-do-conde-fechou-albergue-sem-aviso\/#breadcrumb\"},\"inLanguage\":\"pt-PT\",\"potentialAction\":[{\"@type\":\"ReadAction\",\"target\":[\"https:\/\/portaltela.pt\/noticias\/2026\/04\/08\/caminho-de-santiago-cresce-vila-do-conde-fechou-albergue-sem-aviso\/\"]}]},{\"@type\":\"ImageObject\",\"inLanguage\":\"pt-PT\",\"@id\":\"https:\/\/portaltela.pt\/noticias\/2026\/04\/08\/caminho-de-santiago-cresce-vila-do-conde-fechou-albergue-sem-aviso\/#primaryimage\",\"url\":\"https:\/\/portaltela.pt\/s.01k8rhncp4jt1\/2026\/04\/image-421.jpg\",\"contentUrl\":\"https:\/\/portaltela.pt\/s.01k8rhncp4jt1\/2026\/04\/image-421.jpg\",\"width\":796,\"height\":448,\"caption\":\"Albergue de Santa Clara recebia mais de seis mil peregrinos por ano\"},{\"@type\":\"BreadcrumbList\",\"@id\":\"https:\/\/portaltela.pt\/noticias\/2026\/04\/08\/caminho-de-santiago-cresce-vila-do-conde-fechou-albergue-sem-aviso\/#breadcrumb\",\"itemListElement\":[{\"@type\":\"ListItem\",\"position\":1,\"name\":\"In\u00edcio\",\"item\":\"https:\/\/portaltela.pt\/\"},{\"@type\":\"ListItem\",\"position\":2,\"name\":\"Caminho de Santiago cresce; Vila do Conde fechou albergue sem aviso\"}]},{\"@type\":\"WebSite\",\"@id\":\"https:\/\/portaltela.pt\/#website\",\"url\":\"https:\/\/portaltela.pt\/\",\"name\":\"Portal Tela Portugal\",\"description\":\"\",\"potentialAction\":[{\"@type\":\"SearchAction\",\"target\":{\"@type\":\"EntryPoint\",\"urlTemplate\":\"https:\/\/portaltela.pt\/?s={search_term_string}\"},\"query-input\":{\"@type\":\"PropertyValueSpecification\",\"valueRequired\":true,\"valueName\":\"search_term_string\"}}],\"inLanguage\":\"pt-PT\"},{\"@type\":\"Person\",\"@id\":\"https:\/\/portaltela.pt\/#\/schema\/person\/c4278d4a6028830caff9ee44b42d32ed\",\"name\":\"Telinha\",\"image\":{\"@type\":\"ImageObject\",\"inLanguage\":\"pt-PT\",\"@id\":\"https:\/\/portaltela.pt\/s.01k8rhncp4jt1\/2025\/11\/talking-bot-125x125.png\",\"url\":\"https:\/\/portaltela.pt\/s.01k8rhncp4jt1\/2025\/11\/talking-bot-125x125.png\",\"contentUrl\":\"https:\/\/portaltela.pt\/s.01k8rhncp4jt1\/2025\/11\/talking-bot-125x125.png\",\"caption\":\"Telinha\"},\"sameAs\":[\"https:\/\/portaltela.pt\/\"],\"url\":\"https:\/\/portaltela.pt\/por\/367410592786\/\"}]}<\/script>\n<!-- \/ Yoast SEO plugin. -->","yoast_head_json":{"title":"Caminho de Santiago cresce; Vila do Conde fechou albergue sem aviso - Portal Tela Portugal","robots":{"index":"index","follow":"follow","max-snippet":"max-snippet:-1","max-image-preview":"max-image-preview:large","max-video-preview":"max-video-preview:-1"},"og_locale":"pt_PT","og_type":"article","og_title":"Caminho de Santiago cresce; Vila do Conde fechou albergue sem aviso - Portal Tela Portugal","og_description":"O Albergue de Santa Clara, no centro de Vila do Conde, fechou as portas de surpresa, ficando a mostrar apenas \"closed for maintenance\". O espa\u00e7o, que este ano completava dez anos, recebia mais de seis mil peregrinos por ano, e encerrou sem data nem explica\u00e7\u00e3o nem alternativa apresentada. O Caminho Portugu\u00eas da Costa est\u00e1 a crescer e j\u00e1 representa 17 por cento dos peregrinos que chegam a Santiago de Compostela. Ao redor, comerciantes registam quebras de fatura\u00e7\u00e3o na ordem de 40 por cento. O presidente da C\u00e2mara, V\u00edtor Costa, afirmou que o albergue precisa de obras, mas ainda n\u00e3o tomou decis\u00e3o sobre as interven\u00e7\u00f5es.","og_url":"https:\/\/portaltela.pt\/noticias\/2026\/04\/08\/caminho-de-santiago-cresce-vila-do-conde-fechou-albergue-sem-aviso\/","og_site_name":"Portal Tela Portugal","article_published_time":"2026-04-08T06:46:54+00:00","author":"Telinha","twitter_card":"summary_large_image","twitter_misc":{"Escrito por":"Telinha","Tempo estimado de leitura":"1 minuto"},"schema":{"@context":"https:\/\/schema.org","@graph":[{"@type":"Article","@id":"https:\/\/portaltela.pt\/noticias\/2026\/04\/08\/caminho-de-santiago-cresce-vila-do-conde-fechou-albergue-sem-aviso\/#article","isPartOf":{"@id":"https:\/\/portaltela.pt\/noticias\/2026\/04\/08\/caminho-de-santiago-cresce-vila-do-conde-fechou-albergue-sem-aviso\/"},"author":{"name":"Telinha","@id":"https:\/\/portaltela.pt\/#\/schema\/person\/c4278d4a6028830caff9ee44b42d32ed"},"headline":"Caminho de Santiago cresce; Vila do Conde fechou albergue sem aviso","datePublished":"2026-04-08T06:46:54+00:00","mainEntityOfPage":{"@id":"https:\/\/portaltela.pt\/noticias\/2026\/04\/08\/caminho-de-santiago-cresce-vila-do-conde-fechou-albergue-sem-aviso\/"},"wordCount":191,"image":{"@id":"https:\/\/portaltela.pt\/noticias\/2026\/04\/08\/caminho-de-santiago-cresce-vila-do-conde-fechou-albergue-sem-aviso\/#primaryimage"},"thumbnailUrl":"https:\/\/portaltela.pt\/s.01k8rhncp4jt1\/2026\/04\/image-421.jpg","keywords":["_economia","alojamento local","com\u00e9rcio","turismo","Vila do Conde"],"articleSection":["Curiosidades","Sociedade"],"inLanguage":"pt-PT"},{"@type":"WebPage","@id":"https:\/\/portaltela.pt\/noticias\/2026\/04\/08\/caminho-de-santiago-cresce-vila-do-conde-fechou-albergue-sem-aviso\/","url":"https:\/\/portaltela.pt\/noticias\/2026\/04\/08\/caminho-de-santiago-cresce-vila-do-conde-fechou-albergue-sem-aviso\/","name":"Caminho de Santiago cresce; Vila do Conde fechou albergue sem aviso - Portal Tela Portugal","isPartOf":{"@id":"https:\/\/portaltela.pt\/#website"},"primaryImageOfPage":{"@id":"https:\/\/portaltela.pt\/noticias\/2026\/04\/08\/caminho-de-santiago-cresce-vila-do-conde-fechou-albergue-sem-aviso\/#primaryimage"},"image":{"@id":"https:\/\/portaltela.pt\/noticias\/2026\/04\/08\/caminho-de-santiago-cresce-vila-do-conde-fechou-albergue-sem-aviso\/#primaryimage"},"thumbnailUrl":"https:\/\/portaltela.pt\/s.01k8rhncp4jt1\/2026\/04\/image-421.jpg","datePublished":"2026-04-08T06:46:54+00:00","author":{"@id":"https:\/\/portaltela.pt\/#\/schema\/person\/c4278d4a6028830caff9ee44b42d32ed"},"breadcrumb":{"@id":"https:\/\/portaltela.pt\/noticias\/2026\/04\/08\/caminho-de-santiago-cresce-vila-do-conde-fechou-albergue-sem-aviso\/#breadcrumb"},"inLanguage":"pt-PT","potentialAction":[{"@type":"ReadAction","target":["https:\/\/portaltela.pt\/noticias\/2026\/04\/08\/caminho-de-santiago-cresce-vila-do-conde-fechou-albergue-sem-aviso\/"]}]},{"@type":"ImageObject","inLanguage":"pt-PT","@id":"https:\/\/portaltela.pt\/noticias\/2026\/04\/08\/caminho-de-santiago-cresce-vila-do-conde-fechou-albergue-sem-aviso\/#primaryimage","url":"https:\/\/portaltela.pt\/s.01k8rhncp4jt1\/2026\/04\/image-421.jpg","contentUrl":"https:\/\/portaltela.pt\/s.01k8rhncp4jt1\/2026\/04\/image-421.jpg","width":796,"height":448,"caption":"Albergue de Santa Clara recebia mais de seis mil peregrinos por ano"},{"@type":"BreadcrumbList","@id":"https:\/\/portaltela.pt\/noticias\/2026\/04\/08\/caminho-de-santiago-cresce-vila-do-conde-fechou-albergue-sem-aviso\/#breadcrumb","itemListElement":[{"@type":"ListItem","position":1,"name":"In\u00edcio","item":"https:\/\/portaltela.pt\/"},{"@type":"ListItem","position":2,"name":"Caminho de Santiago cresce; Vila do Conde fechou albergue sem aviso"}]},{"@type":"WebSite","@id":"https:\/\/portaltela.pt\/#website","url":"https:\/\/portaltela.pt\/","name":"Portal Tela Portugal","description":"","potentialAction":[{"@type":"SearchAction","target":{"@type":"EntryPoint","urlTemplate":"https:\/\/portaltela.pt\/?s={search_term_string}"},"query-input":{"@type":"PropertyValueSpecification","valueRequired":true,"valueName":"search_term_string"}}],"inLanguage":"pt-PT"},{"@type":"Person","@id":"https:\/\/portaltela.pt\/#\/schema\/person\/c4278d4a6028830caff9ee44b42d32ed","name":"Telinha","image":{"@type":"ImageObject","inLanguage":"pt-PT","@id":"https:\/\/portaltela.pt\/s.01k8rhncp4jt1\/2025\/11\/talking-bot-125x125.png","url":"https:\/\/portaltela.pt\/s.01k8rhncp4jt1\/2025\/11\/talking-bot-125x125.png","contentUrl":"https:\/\/portaltela.pt\/s.01k8rhncp4jt1\/2025\/11\/talking-bot-125x125.png","caption":"Telinha"},"sameAs":["https:\/\/portaltela.pt\/"],"url":"https:\/\/portaltela.pt\/por\/367410592786\/"}]}},"_links":{"self":[{"href":"https:\/\/portaltela.pt\/api\/wp\/v2\/posts\/436156","targetHints":{"allow":["GET"]}}],"collection":[{"href":"https:\/\/portaltela.pt\/api\/wp\/v2\/posts"}],"about":[{"href":"https:\/\/portaltela.pt\/api\/wp\/v2\/types\/post"}],"author":[{"embeddable":true,"href":"https:\/\/portaltela.pt\/api\/wp\/v2\/users\/2"}],"replies":[{"embeddable":true,"href":"https:\/\/portaltela.pt\/api\/wp\/v2\/comments?post=436156"}],"version-history":[{"count":0,"href":"https:\/\/portaltela.pt\/api\/wp\/v2\/posts\/436156\/revisions"}],"wp:featuredmedia":[{"embeddable":true,"href":"https:\/\/portaltela.pt\/api\/wp\/v2\/media\/436162"}],"wp:attachment":[{"href":"https:\/\/portaltela.pt\/api\/wp\/v2\/media?parent=436156"}],"wp:term":[{"taxonomy":"category","embeddable":true,"href":"https:\/\/portaltela.pt\/api\/wp\/v2\/categories?post=436156"},{"taxonomy":"post_tag","embeddable":true,"href":"https:\/\/portaltela.pt\/api\/wp\/v2\/tags?post=436156"}],"curies":[{"name":"wp","href":"https:\/\/api.w.org\/{rel}","templated":true}]}}