{"id":436149,"date":"2026-04-08T03:32:30","date_gmt":"2026-04-08T06:32:30","guid":{"rendered":"https:\/\/portaltela.pt\/noticias\/2026\/04\/08\/dia-internacional-dos-ciganos-portugal-sem-estrategia-para-desigualdades\/"},"modified":"2026-04-08T03:32:30","modified_gmt":"2026-04-08T06:32:30","slug":"dia-internacional-dos-ciganos-portugal-sem-estrategia-para-desigualdades","status":"publish","type":"post","link":"https:\/\/portaltela.pt\/sociedade\/2026\/04\/08\/dia-internacional-dos-ciganos-portugal-sem-estrategia-para-desigualdades\/","title":{"rendered":"Dia Internacional dos Ciganos: Portugal sem estrat\u00e9gia para desigualdades"},"content":{"rendered":"<p>Portugal assinala hoje o Dia Internacional dos Ciganos sem uma nova estrat\u00e9gia nacional h\u00e1 cerca de tr\u00eas anos. Organiza\u00e7\u00f5es alertam para riscos de retrocesso e desigualdades persistentes em educa\u00e7\u00e3o, habita\u00e7\u00e3o e sa\u00fade. A situa\u00e7\u00e3o seguiu desde o fim da Estrat\u00e9gia Nacional para a Integra\u00e7\u00e3o das Comunidades Ciganas em 2023.<\/p>\n<p>A Rede Europeia Anti-Pobreza (EAPN) e a Pastoral dos Ciganos coincidem no diagn\u00f3stico: falta de um instrumento nacional compromete a continuidade de medidas de inclus\u00e3o. A coordenadora nacional da EAPN, Maria Jos\u00e9 Vicente, afirma que Portugal \u00e9 o \u00fanico pa\u00eds da UE sem uma estrat\u00e9gia em vigor.<\/p>\n<p>A aus\u00eancia de uma nova estrat\u00e9gia \u00e9 considerada inadmiss\u00edvel pelas organiza\u00e7\u00f5es, que veem aspetos estruturais de desigualdade. O debate ambiental e social insiste na necessidade de orientar pol\u00edticas p\u00fablicas para responder \u00e0s necessidades espec\u00edficas das comunidades ciganas.<\/p>\n<h3>Situa\u00e7\u00e3o atual e impactos<\/h3>\n<p>Dados do inqu\u00e9rito FRA 2024, citados pela EAPN, indicam n\u00edveis elevados de pobreza entre a popula\u00e7\u00e3o cigana. Quase metade das fam\u00edlias vive em priva\u00e7\u00e3o material severa e a maioria n\u00e3o consegue suportar despesas b\u00e1sicas. Condi\u00e7\u00f5es de vida marcadas por fragilidade econ\u00f3mica e habitacional persistem.<\/p>\n<p>As condi\u00e7\u00f5es de habita\u00e7\u00e3o continuam entre as \u00e1reas com menos progressos. Muitas fam\u00edlias vivem em contextos prec\u00e1rios, com acesso limitado a servi\u00e7os essenciais, o que condiciona educa\u00e7\u00e3o, sa\u00fade e participa\u00e7\u00e3o social.<\/p>\n<p>Na educa\u00e7\u00e3o, houve melhorias, como o aumento da frequ\u00eancia no pr\u00e9-escolar, no ensino obrigat\u00f3rio e no ensino superior. Contudo, persiste a exist\u00eancia de turmas compostas maioritariamente por alunos ciganos e de fen\u00f3menos de segrega\u00e7\u00e3o em alguns contextos.<\/p>\n<p>A transi\u00e7\u00e3o da escola para o mercado de trabalho continua a enfrentar barreiras, associadas a preconceito e discrimina\u00e7\u00e3o. A EAPN refor\u00e7a a necessidade de campanhas p\u00fablicas para combater o estigma e facilitar a inclus\u00e3o profissional.<\/p>\n<h3>Perspetivas e propostas<\/h3>\n<p>As organiza\u00e7\u00f5es defendem que a nova estrat\u00e9gia tenha em conta a diversidade das comunidades e seja adaptada aos territ\u00f3rios. O envolvimento de autarquias e das pr\u00f3prias popula\u00e7\u00f5es \u00e9 visto como essencial.<\/p>\n<p>Entre as prioridades est\u00e3o o refor\u00e7o de pol\u00edticas de habita\u00e7\u00e3o, o combate ao abandono escolar, a melhoria do acesso aos cuidados de sa\u00fade e a promo\u00e7\u00e3o da inclus\u00e3o no mercado de trabalho. Tamb\u00e9m \u00e9 defendida a valoriza\u00e7\u00e3o dos mediadores interculturais.<\/p>\n<p>No Dia Internacional dos Ciganos, o apelo \u00e9 por um compromisso pol\u00edtico renovado que permita consolidar progressos e responder \u00e0s desigualdades persistentes. As comunidades t\u00eam mais de cinco s\u00e9culos de presen\u00e7a em Portugal.<\/p>\n","protected":false},"excerpt":{"rendered":"<ul>\n<li>Portugal assinala o Dia Internacional dos Ciganos sem uma estrat\u00e9gia nacional h\u00e1 cerca de tr\u00eas anos, com alertas de risco de retrocesso e desigualdades em educa\u00e7\u00e3o, habita\u00e7\u00e3o e sa\u00fade.<\/li>\n<li>Portugal \u00e9 o \u00fanico pa\u00eds da Uni\u00e3o Europeia sem uma estrat\u00e9gia em vigor; h\u00e1 urg\u00eancia em aprovar uma nova gera\u00e7\u00e3o deste instrumento.<\/li>\n<li>Dados da Ag\u00eancia dos Direitos Fundamentais da Uni\u00e3o Europeia, de 2024, indicam que quase metade das fam\u00edlias ciganas vive em priva\u00e7\u00e3o material severa e a maioria n\u00e3o consegue suportar despesas b\u00e1sicas.<\/li>\n<li>Habita\u00e7\u00e3o prec\u00e1ria, segrega\u00e7\u00e3o escolar e dificuldades na transi\u00e7\u00e3o para o mercado de trabalho persistem, com o preconceito a dificultar a inclus\u00e3o.<\/li>\n<li>As prioridades incluem habita\u00e7\u00e3o, combate ao abandono escolar, acesso \u00e0 sa\u00fade e inclus\u00e3o laboral, envolvendo autarquias e mediadores interculturais; h\u00e1 exemplos de progressos, como maior presen\u00e7a de jovens ciganos no ensino superior.<\/li>\n<\/ul>\n","protected":false},"author":2,"featured_media":436150,"comment_status":"closed","ping_status":"closed","sticky":false,"template":"","format":"standard","meta":{"footnotes":""},"categories":[6745,6871],"tags":[7795,7791,7816,2633,1695,6313],"class_list":["post-436149","post","type-post","status-publish","format-standard","has-post-thumbnail","hentry","category-saude","category-sociedade","tag-_educacao","tag-_habitacao","tag-_habitacao-social","tag-direitos-humanos","tag-discriminacao","tag-sociedade-civil"],"yoast_head":"<!-- This site is optimized with the Yoast SEO plugin v27.2 - https:\/\/yoast.com\/product\/yoast-seo-wordpress\/ -->\n<title>Dia Internacional dos Ciganos: Portugal sem estrat\u00e9gia para desigualdades - Portal Tela Portugal<\/title>\n<meta name=\"robots\" content=\"index, follow, max-snippet:-1, max-image-preview:large, max-video-preview:-1\" \/>\n<meta property=\"og:locale\" content=\"pt_PT\" \/>\n<meta property=\"og:type\" content=\"article\" \/>\n<meta property=\"og:title\" content=\"Dia Internacional dos Ciganos: Portugal sem estrat\u00e9gia para desigualdades - Portal Tela Portugal\" \/>\n<meta property=\"og:description\" content=\"Portugal assinala o Dia Internacional dos Ciganos sem uma estrat\u00e9gia nacional h\u00e1 cerca de tr\u00eas anos, com alertas de risco de retrocesso e desigualdades em educa\u00e7\u00e3o, habita\u00e7\u00e3o e sa\u00fade. Portugal \u00e9 o \u00fanico pa\u00eds da Uni\u00e3o Europeia sem uma estrat\u00e9gia em vigor; h\u00e1 urg\u00eancia em aprovar uma nova gera\u00e7\u00e3o deste instrumento. Dados da Ag\u00eancia dos Direitos Fundamentais da Uni\u00e3o Europeia, de 2024, indicam que quase metade das fam\u00edlias ciganas vive em priva\u00e7\u00e3o material severa e a maioria n\u00e3o consegue suportar despesas b\u00e1sicas. Habita\u00e7\u00e3o prec\u00e1ria, segrega\u00e7\u00e3o escolar e dificuldades na transi\u00e7\u00e3o para o mercado de trabalho persistem, com o preconceito a dificultar a inclus\u00e3o. As prioridades incluem habita\u00e7\u00e3o, combate ao abandono escolar, acesso \u00e0 sa\u00fade e inclus\u00e3o laboral, envolvendo autarquias e mediadores interculturais; h\u00e1 exemplos de progressos, como maior presen\u00e7a de jovens ciganos no ensino superior.\" \/>\n<meta property=\"og:url\" content=\"https:\/\/portaltela.pt\/noticias\/2026\/04\/08\/dia-internacional-dos-ciganos-portugal-sem-estrategia-para-desigualdades\/\" \/>\n<meta property=\"og:site_name\" content=\"Portal Tela Portugal\" \/>\n<meta property=\"article:published_time\" content=\"2026-04-08T06:32:30+00:00\" \/>\n<meta name=\"author\" content=\"Telinha\" \/>\n<meta name=\"twitter:card\" content=\"summary_large_image\" \/>\n<meta name=\"twitter:label1\" content=\"Escrito por\" \/>\n\t<meta name=\"twitter:data1\" content=\"Telinha\" \/>\n\t<meta name=\"twitter:label2\" content=\"Tempo estimado de leitura\" \/>\n\t<meta name=\"twitter:data2\" content=\"2 minutos\" \/>\n<script type=\"application\/ld+json\" class=\"yoast-schema-graph\">{\"@context\":\"https:\/\/schema.org\",\"@graph\":[{\"@type\":\"Article\",\"@id\":\"https:\/\/portaltela.pt\/noticias\/2026\/04\/08\/dia-internacional-dos-ciganos-portugal-sem-estrategia-para-desigualdades\/#article\",\"isPartOf\":{\"@id\":\"https:\/\/portaltela.pt\/noticias\/2026\/04\/08\/dia-internacional-dos-ciganos-portugal-sem-estrategia-para-desigualdades\/\"},\"author\":{\"name\":\"Telinha\",\"@id\":\"https:\/\/portaltela.pt\/#\/schema\/person\/c4278d4a6028830caff9ee44b42d32ed\"},\"headline\":\"Dia Internacional dos Ciganos: Portugal sem estrat\u00e9gia para desigualdades\",\"datePublished\":\"2026-04-08T06:32:30+00:00\",\"mainEntityOfPage\":{\"@id\":\"https:\/\/portaltela.pt\/noticias\/2026\/04\/08\/dia-internacional-dos-ciganos-portugal-sem-estrategia-para-desigualdades\/\"},\"wordCount\":462,\"image\":{\"@id\":\"https:\/\/portaltela.pt\/noticias\/2026\/04\/08\/dia-internacional-dos-ciganos-portugal-sem-estrategia-para-desigualdades\/#primaryimage\"},\"thumbnailUrl\":\"https:\/\/portaltela.pt\/s.01k8rhncp4jt1\/2026\/04\/img_1500x1000uu2022-04-10-20-36-30-1138909.jpg\",\"keywords\":[\"_educa\u00e7\u00e3o\",\"_habita\u00e7\u00e3o\",\"_habita\u00e7\u00e3o social\",\"direitos humanos\",\"discrimina\u00e7\u00e3o\",\"sociedade civil\"],\"articleSection\":[\"Sa\u00fade\",\"Sociedade\"],\"inLanguage\":\"pt-PT\"},{\"@type\":\"WebPage\",\"@id\":\"https:\/\/portaltela.pt\/noticias\/2026\/04\/08\/dia-internacional-dos-ciganos-portugal-sem-estrategia-para-desigualdades\/\",\"url\":\"https:\/\/portaltela.pt\/noticias\/2026\/04\/08\/dia-internacional-dos-ciganos-portugal-sem-estrategia-para-desigualdades\/\",\"name\":\"Dia Internacional dos Ciganos: Portugal sem estrat\u00e9gia para desigualdades - Portal Tela Portugal\",\"isPartOf\":{\"@id\":\"https:\/\/portaltela.pt\/#website\"},\"primaryImageOfPage\":{\"@id\":\"https:\/\/portaltela.pt\/noticias\/2026\/04\/08\/dia-internacional-dos-ciganos-portugal-sem-estrategia-para-desigualdades\/#primaryimage\"},\"image\":{\"@id\":\"https:\/\/portaltela.pt\/noticias\/2026\/04\/08\/dia-internacional-dos-ciganos-portugal-sem-estrategia-para-desigualdades\/#primaryimage\"},\"thumbnailUrl\":\"https:\/\/portaltela.pt\/s.01k8rhncp4jt1\/2026\/04\/img_1500x1000uu2022-04-10-20-36-30-1138909.jpg\",\"datePublished\":\"2026-04-08T06:32:30+00:00\",\"author\":{\"@id\":\"https:\/\/portaltela.pt\/#\/schema\/person\/c4278d4a6028830caff9ee44b42d32ed\"},\"breadcrumb\":{\"@id\":\"https:\/\/portaltela.pt\/noticias\/2026\/04\/08\/dia-internacional-dos-ciganos-portugal-sem-estrategia-para-desigualdades\/#breadcrumb\"},\"inLanguage\":\"pt-PT\",\"potentialAction\":[{\"@type\":\"ReadAction\",\"target\":[\"https:\/\/portaltela.pt\/noticias\/2026\/04\/08\/dia-internacional-dos-ciganos-portugal-sem-estrategia-para-desigualdades\/\"]}]},{\"@type\":\"ImageObject\",\"inLanguage\":\"pt-PT\",\"@id\":\"https:\/\/portaltela.pt\/noticias\/2026\/04\/08\/dia-internacional-dos-ciganos-portugal-sem-estrategia-para-desigualdades\/#primaryimage\",\"url\":\"https:\/\/portaltela.pt\/s.01k8rhncp4jt1\/2026\/04\/img_1500x1000uu2022-04-10-20-36-30-1138909.jpg\",\"contentUrl\":\"https:\/\/portaltela.pt\/s.01k8rhncp4jt1\/2026\/04\/img_1500x1000uu2022-04-10-20-36-30-1138909.jpg\",\"width\":796,\"height\":448,\"caption\":\"Pessoas\"},{\"@type\":\"BreadcrumbList\",\"@id\":\"https:\/\/portaltela.pt\/noticias\/2026\/04\/08\/dia-internacional-dos-ciganos-portugal-sem-estrategia-para-desigualdades\/#breadcrumb\",\"itemListElement\":[{\"@type\":\"ListItem\",\"position\":1,\"name\":\"In\u00edcio\",\"item\":\"https:\/\/portaltela.pt\/\"},{\"@type\":\"ListItem\",\"position\":2,\"name\":\"Dia Internacional dos Ciganos: Portugal sem estrat\u00e9gia para desigualdades\"}]},{\"@type\":\"WebSite\",\"@id\":\"https:\/\/portaltela.pt\/#website\",\"url\":\"https:\/\/portaltela.pt\/\",\"name\":\"Portal Tela Portugal\",\"description\":\"\",\"potentialAction\":[{\"@type\":\"SearchAction\",\"target\":{\"@type\":\"EntryPoint\",\"urlTemplate\":\"https:\/\/portaltela.pt\/?s={search_term_string}\"},\"query-input\":{\"@type\":\"PropertyValueSpecification\",\"valueRequired\":true,\"valueName\":\"search_term_string\"}}],\"inLanguage\":\"pt-PT\"},{\"@type\":\"Person\",\"@id\":\"https:\/\/portaltela.pt\/#\/schema\/person\/c4278d4a6028830caff9ee44b42d32ed\",\"name\":\"Telinha\",\"image\":{\"@type\":\"ImageObject\",\"inLanguage\":\"pt-PT\",\"@id\":\"https:\/\/portaltela.pt\/s.01k8rhncp4jt1\/2025\/11\/talking-bot-125x125.png\",\"url\":\"https:\/\/portaltela.pt\/s.01k8rhncp4jt1\/2025\/11\/talking-bot-125x125.png\",\"contentUrl\":\"https:\/\/portaltela.pt\/s.01k8rhncp4jt1\/2025\/11\/talking-bot-125x125.png\",\"caption\":\"Telinha\"},\"sameAs\":[\"https:\/\/portaltela.pt\/\"],\"url\":\"https:\/\/portaltela.pt\/por\/367410592786\/\"}]}<\/script>\n<!-- \/ Yoast SEO plugin. -->","yoast_head_json":{"title":"Dia Internacional dos Ciganos: Portugal sem estrat\u00e9gia para desigualdades - Portal Tela Portugal","robots":{"index":"index","follow":"follow","max-snippet":"max-snippet:-1","max-image-preview":"max-image-preview:large","max-video-preview":"max-video-preview:-1"},"og_locale":"pt_PT","og_type":"article","og_title":"Dia Internacional dos Ciganos: Portugal sem estrat\u00e9gia para desigualdades - Portal Tela Portugal","og_description":"Portugal assinala o Dia Internacional dos Ciganos sem uma estrat\u00e9gia nacional h\u00e1 cerca de tr\u00eas anos, com alertas de risco de retrocesso e desigualdades em educa\u00e7\u00e3o, habita\u00e7\u00e3o e sa\u00fade. Portugal \u00e9 o \u00fanico pa\u00eds da Uni\u00e3o Europeia sem uma estrat\u00e9gia em vigor; h\u00e1 urg\u00eancia em aprovar uma nova gera\u00e7\u00e3o deste instrumento. Dados da Ag\u00eancia dos Direitos Fundamentais da Uni\u00e3o Europeia, de 2024, indicam que quase metade das fam\u00edlias ciganas vive em priva\u00e7\u00e3o material severa e a maioria n\u00e3o consegue suportar despesas b\u00e1sicas. Habita\u00e7\u00e3o prec\u00e1ria, segrega\u00e7\u00e3o escolar e dificuldades na transi\u00e7\u00e3o para o mercado de trabalho persistem, com o preconceito a dificultar a inclus\u00e3o. As prioridades incluem habita\u00e7\u00e3o, combate ao abandono escolar, acesso \u00e0 sa\u00fade e inclus\u00e3o laboral, envolvendo autarquias e mediadores interculturais; h\u00e1 exemplos de progressos, como maior presen\u00e7a de jovens ciganos no ensino superior.","og_url":"https:\/\/portaltela.pt\/noticias\/2026\/04\/08\/dia-internacional-dos-ciganos-portugal-sem-estrategia-para-desigualdades\/","og_site_name":"Portal Tela Portugal","article_published_time":"2026-04-08T06:32:30+00:00","author":"Telinha","twitter_card":"summary_large_image","twitter_misc":{"Escrito por":"Telinha","Tempo estimado de leitura":"2 minutos"},"schema":{"@context":"https:\/\/schema.org","@graph":[{"@type":"Article","@id":"https:\/\/portaltela.pt\/noticias\/2026\/04\/08\/dia-internacional-dos-ciganos-portugal-sem-estrategia-para-desigualdades\/#article","isPartOf":{"@id":"https:\/\/portaltela.pt\/noticias\/2026\/04\/08\/dia-internacional-dos-ciganos-portugal-sem-estrategia-para-desigualdades\/"},"author":{"name":"Telinha","@id":"https:\/\/portaltela.pt\/#\/schema\/person\/c4278d4a6028830caff9ee44b42d32ed"},"headline":"Dia Internacional dos Ciganos: Portugal sem estrat\u00e9gia para desigualdades","datePublished":"2026-04-08T06:32:30+00:00","mainEntityOfPage":{"@id":"https:\/\/portaltela.pt\/noticias\/2026\/04\/08\/dia-internacional-dos-ciganos-portugal-sem-estrategia-para-desigualdades\/"},"wordCount":462,"image":{"@id":"https:\/\/portaltela.pt\/noticias\/2026\/04\/08\/dia-internacional-dos-ciganos-portugal-sem-estrategia-para-desigualdades\/#primaryimage"},"thumbnailUrl":"https:\/\/portaltela.pt\/s.01k8rhncp4jt1\/2026\/04\/img_1500x1000uu2022-04-10-20-36-30-1138909.jpg","keywords":["_educa\u00e7\u00e3o","_habita\u00e7\u00e3o","_habita\u00e7\u00e3o social","direitos humanos","discrimina\u00e7\u00e3o","sociedade civil"],"articleSection":["Sa\u00fade","Sociedade"],"inLanguage":"pt-PT"},{"@type":"WebPage","@id":"https:\/\/portaltela.pt\/noticias\/2026\/04\/08\/dia-internacional-dos-ciganos-portugal-sem-estrategia-para-desigualdades\/","url":"https:\/\/portaltela.pt\/noticias\/2026\/04\/08\/dia-internacional-dos-ciganos-portugal-sem-estrategia-para-desigualdades\/","name":"Dia Internacional dos Ciganos: Portugal sem estrat\u00e9gia para desigualdades - Portal Tela Portugal","isPartOf":{"@id":"https:\/\/portaltela.pt\/#website"},"primaryImageOfPage":{"@id":"https:\/\/portaltela.pt\/noticias\/2026\/04\/08\/dia-internacional-dos-ciganos-portugal-sem-estrategia-para-desigualdades\/#primaryimage"},"image":{"@id":"https:\/\/portaltela.pt\/noticias\/2026\/04\/08\/dia-internacional-dos-ciganos-portugal-sem-estrategia-para-desigualdades\/#primaryimage"},"thumbnailUrl":"https:\/\/portaltela.pt\/s.01k8rhncp4jt1\/2026\/04\/img_1500x1000uu2022-04-10-20-36-30-1138909.jpg","datePublished":"2026-04-08T06:32:30+00:00","author":{"@id":"https:\/\/portaltela.pt\/#\/schema\/person\/c4278d4a6028830caff9ee44b42d32ed"},"breadcrumb":{"@id":"https:\/\/portaltela.pt\/noticias\/2026\/04\/08\/dia-internacional-dos-ciganos-portugal-sem-estrategia-para-desigualdades\/#breadcrumb"},"inLanguage":"pt-PT","potentialAction":[{"@type":"ReadAction","target":["https:\/\/portaltela.pt\/noticias\/2026\/04\/08\/dia-internacional-dos-ciganos-portugal-sem-estrategia-para-desigualdades\/"]}]},{"@type":"ImageObject","inLanguage":"pt-PT","@id":"https:\/\/portaltela.pt\/noticias\/2026\/04\/08\/dia-internacional-dos-ciganos-portugal-sem-estrategia-para-desigualdades\/#primaryimage","url":"https:\/\/portaltela.pt\/s.01k8rhncp4jt1\/2026\/04\/img_1500x1000uu2022-04-10-20-36-30-1138909.jpg","contentUrl":"https:\/\/portaltela.pt\/s.01k8rhncp4jt1\/2026\/04\/img_1500x1000uu2022-04-10-20-36-30-1138909.jpg","width":796,"height":448,"caption":"Pessoas"},{"@type":"BreadcrumbList","@id":"https:\/\/portaltela.pt\/noticias\/2026\/04\/08\/dia-internacional-dos-ciganos-portugal-sem-estrategia-para-desigualdades\/#breadcrumb","itemListElement":[{"@type":"ListItem","position":1,"name":"In\u00edcio","item":"https:\/\/portaltela.pt\/"},{"@type":"ListItem","position":2,"name":"Dia Internacional dos Ciganos: Portugal sem estrat\u00e9gia para desigualdades"}]},{"@type":"WebSite","@id":"https:\/\/portaltela.pt\/#website","url":"https:\/\/portaltela.pt\/","name":"Portal Tela Portugal","description":"","potentialAction":[{"@type":"SearchAction","target":{"@type":"EntryPoint","urlTemplate":"https:\/\/portaltela.pt\/?s={search_term_string}"},"query-input":{"@type":"PropertyValueSpecification","valueRequired":true,"valueName":"search_term_string"}}],"inLanguage":"pt-PT"},{"@type":"Person","@id":"https:\/\/portaltela.pt\/#\/schema\/person\/c4278d4a6028830caff9ee44b42d32ed","name":"Telinha","image":{"@type":"ImageObject","inLanguage":"pt-PT","@id":"https:\/\/portaltela.pt\/s.01k8rhncp4jt1\/2025\/11\/talking-bot-125x125.png","url":"https:\/\/portaltela.pt\/s.01k8rhncp4jt1\/2025\/11\/talking-bot-125x125.png","contentUrl":"https:\/\/portaltela.pt\/s.01k8rhncp4jt1\/2025\/11\/talking-bot-125x125.png","caption":"Telinha"},"sameAs":["https:\/\/portaltela.pt\/"],"url":"https:\/\/portaltela.pt\/por\/367410592786\/"}]}},"_links":{"self":[{"href":"https:\/\/portaltela.pt\/api\/wp\/v2\/posts\/436149","targetHints":{"allow":["GET"]}}],"collection":[{"href":"https:\/\/portaltela.pt\/api\/wp\/v2\/posts"}],"about":[{"href":"https:\/\/portaltela.pt\/api\/wp\/v2\/types\/post"}],"author":[{"embeddable":true,"href":"https:\/\/portaltela.pt\/api\/wp\/v2\/users\/2"}],"replies":[{"embeddable":true,"href":"https:\/\/portaltela.pt\/api\/wp\/v2\/comments?post=436149"}],"version-history":[{"count":0,"href":"https:\/\/portaltela.pt\/api\/wp\/v2\/posts\/436149\/revisions"}],"wp:featuredmedia":[{"embeddable":true,"href":"https:\/\/portaltela.pt\/api\/wp\/v2\/media\/436150"}],"wp:attachment":[{"href":"https:\/\/portaltela.pt\/api\/wp\/v2\/media?parent=436149"}],"wp:term":[{"taxonomy":"category","embeddable":true,"href":"https:\/\/portaltela.pt\/api\/wp\/v2\/categories?post=436149"},{"taxonomy":"post_tag","embeddable":true,"href":"https:\/\/portaltela.pt\/api\/wp\/v2\/tags?post=436149"}],"curies":[{"name":"wp","href":"https:\/\/api.w.org\/{rel}","templated":true}]}}