{"id":436139,"date":"2026-04-08T03:32:02","date_gmt":"2026-04-08T06:32:02","guid":{"rendered":"https:\/\/portaltela.pt\/noticias\/2026\/04\/08\/montepio-nao-supera-duvidas-do-auditor-ha-sete-anos\/"},"modified":"2026-04-08T03:32:02","modified_gmt":"2026-04-08T06:32:02","slug":"montepio-nao-supera-duvidas-do-auditor-ha-sete-anos","status":"publish","type":"post","link":"https:\/\/portaltela.pt\/noticias\/economia\/2026\/04\/08\/montepio-nao-supera-duvidas-do-auditor-ha-sete-anos\/","title":{"rendered":"Montepio n\u00e3o supera d\u00favidas do auditor h\u00e1 sete anos"},"content":{"rendered":"<p>A PwC continua a levantar d\u00favidas sobre as contas da Associa\u00e7\u00e3o Mutualista Montepio Geral, maior mutualista de Portugal. A rela\u00e7\u00e3o entre a associa\u00e7\u00e3o e a auditora j\u00e1 dura sete anos, desde a sua designa\u00e7\u00e3o. Em 2025, apesar de um lucro mais alto, o saldo vermelho mantinha-se e a administra\u00e7\u00e3o n\u00e3o reconhece problemas.<\/p>\n<p>Virg\u00edlio Lima iniciou novo mandato como presidente em 2019 e foi reeleito em dezembro passado. Mant\u00e9m a gest\u00e3o enquanto persiste a disputa com a PwC, que sustenta avalia\u00e7\u00f5es inferiores para lucros e patrim\u00f3nio da Montepio Geral. A posi\u00e7\u00e3o da audita permanece sob escrut\u00ednio.<\/p>\n<h3>Auditoria em curso<\/h3>\n<p>Em 2025, a Montepio Geral apresentou um lucro com melhoria de cerca de 10%, mas a avalia\u00e7\u00e3o da PwC continua a apontar r\u00e1cios que, segundo a auditora, indicam sobreavalia\u00e7\u00e3o de ativos. A administra\u00e7\u00e3o e o conselho fiscal mant\u00eam a posi\u00e7\u00e3o de que n\u00e3o existem irregularidades.<\/p>\n<p>A gest\u00e3o da Montepio Geral afirma que as contas s\u00e3o est\u00e1veis e que os processos de controlo interno est\u00e3o em conformidade. A PwC, por seu lado, mant\u00e9m a auditoria em curso e n\u00e3o comenta publicamente detalhes adicionais do caso.<\/p>\n","protected":false},"excerpt":{"rendered":"<ul>\n<li>A Montepio Geral n\u00e3o consegue dissipar as d\u00favidas da auditora PwC, que existem h\u00e1 sete anos.<\/li>\n<li>A PwC defende que lucros e patrim\u00f3nio da Associa\u00e7\u00e3o Mutualista Montepio Geral est\u00e3o sobreavaliados.<\/li>\n<li>Em 2025, a associa\u00e7\u00e3o registou uma melhoria de 10% no lucro, mas continua com o cart\u00e3o vermelho da auditoria.<\/li>\n<li>A administra\u00e7\u00e3o e o conselho fiscal negam a exist\u00eancia de problemas.<\/li>\n<li>Virg\u00edlio Lima lidera a institui\u00e7\u00e3o desde 2019 e foi reeleito em dezembro passado.<\/li>\n<\/ul>\n","protected":false},"author":2,"featured_media":436142,"comment_status":"closed","ping_status":"closed","sticky":false,"template":"","format":"standard","meta":{"footnotes":""},"categories":[2,6850],"tags":[6115,679,4683,2584,2415,1014],"class_list":["post-436139","post","type-post","status-publish","format-standard","has-post-thumbnail","hentry","category-economia","category-financas","tag-_economia","tag-associacoes","tag-auditoria-interna","tag-financas","tag-gestao","tag-portugal"],"yoast_head":"<!-- This site is optimized with the Yoast SEO plugin v27.2 - https:\/\/yoast.com\/product\/yoast-seo-wordpress\/ -->\n<title>Montepio n\u00e3o supera d\u00favidas do auditor h\u00e1 sete anos - Portal Tela Portugal<\/title>\n<meta name=\"robots\" content=\"index, follow, max-snippet:-1, max-image-preview:large, max-video-preview:-1\" \/>\n<meta property=\"og:locale\" content=\"pt_PT\" \/>\n<meta property=\"og:type\" content=\"article\" \/>\n<meta property=\"og:title\" content=\"Montepio n\u00e3o supera d\u00favidas do auditor h\u00e1 sete anos - Portal Tela Portugal\" \/>\n<meta property=\"og:description\" content=\"A Montepio Geral n\u00e3o consegue dissipar as d\u00favidas da auditora PwC, que existem h\u00e1 sete anos. A PwC defende que lucros e patrim\u00f3nio da Associa\u00e7\u00e3o Mutualista Montepio Geral est\u00e3o sobreavaliados. Em 2025, a associa\u00e7\u00e3o registou uma melhoria de 10% no lucro, mas continua com o cart\u00e3o vermelho da auditoria. A administra\u00e7\u00e3o e o conselho fiscal negam a exist\u00eancia de problemas. Virg\u00edlio Lima lidera a institui\u00e7\u00e3o desde 2019 e foi reeleito em dezembro passado.\" \/>\n<meta property=\"og:url\" content=\"https:\/\/portaltela.pt\/noticias\/2026\/04\/08\/montepio-nao-supera-duvidas-do-auditor-ha-sete-anos\/\" \/>\n<meta property=\"og:site_name\" content=\"Portal Tela Portugal\" \/>\n<meta property=\"article:published_time\" content=\"2026-04-08T06:32:02+00:00\" \/>\n<meta name=\"author\" content=\"Telinha\" \/>\n<meta name=\"twitter:card\" content=\"summary_large_image\" \/>\n<meta name=\"twitter:label1\" content=\"Escrito por\" \/>\n\t<meta name=\"twitter:data1\" content=\"Telinha\" \/>\n\t<meta name=\"twitter:label2\" content=\"Tempo estimado de leitura\" \/>\n\t<meta name=\"twitter:data2\" content=\"1 minuto\" \/>\n<script type=\"application\/ld+json\" class=\"yoast-schema-graph\">{\"@context\":\"https:\/\/schema.org\",\"@graph\":[{\"@type\":\"Article\",\"@id\":\"https:\/\/portaltela.pt\/noticias\/2026\/04\/08\/montepio-nao-supera-duvidas-do-auditor-ha-sete-anos\/#article\",\"isPartOf\":{\"@id\":\"https:\/\/portaltela.pt\/noticias\/2026\/04\/08\/montepio-nao-supera-duvidas-do-auditor-ha-sete-anos\/\"},\"author\":{\"name\":\"Telinha\",\"@id\":\"https:\/\/portaltela.pt\/#\/schema\/person\/c4278d4a6028830caff9ee44b42d32ed\"},\"headline\":\"Montepio n\u00e3o supera d\u00favidas do auditor h\u00e1 sete anos\",\"datePublished\":\"2026-04-08T06:32:02+00:00\",\"mainEntityOfPage\":{\"@id\":\"https:\/\/portaltela.pt\/noticias\/2026\/04\/08\/montepio-nao-supera-duvidas-do-auditor-ha-sete-anos\/\"},\"wordCount\":216,\"image\":{\"@id\":\"https:\/\/portaltela.pt\/noticias\/2026\/04\/08\/montepio-nao-supera-duvidas-do-auditor-ha-sete-anos\/#primaryimage\"},\"thumbnailUrl\":\"https:\/\/portaltela.pt\/s.01k8rhncp4jt1\/2026\/04\/2079773.jpg\",\"keywords\":[\"_economia\",\"associa\u00e7\u00f5es\",\"auditoria interna\",\"finan\u00e7as\",\"gest\u00e3o\",\"Portugal\"],\"articleSection\":[\"Economia\",\"Finan\u00e7as\"],\"inLanguage\":\"pt-PT\"},{\"@type\":\"WebPage\",\"@id\":\"https:\/\/portaltela.pt\/noticias\/2026\/04\/08\/montepio-nao-supera-duvidas-do-auditor-ha-sete-anos\/\",\"url\":\"https:\/\/portaltela.pt\/noticias\/2026\/04\/08\/montepio-nao-supera-duvidas-do-auditor-ha-sete-anos\/\",\"name\":\"Montepio n\u00e3o supera d\u00favidas do auditor h\u00e1 sete anos - Portal Tela Portugal\",\"isPartOf\":{\"@id\":\"https:\/\/portaltela.pt\/#website\"},\"primaryImageOfPage\":{\"@id\":\"https:\/\/portaltela.pt\/noticias\/2026\/04\/08\/montepio-nao-supera-duvidas-do-auditor-ha-sete-anos\/#primaryimage\"},\"image\":{\"@id\":\"https:\/\/portaltela.pt\/noticias\/2026\/04\/08\/montepio-nao-supera-duvidas-do-auditor-ha-sete-anos\/#primaryimage\"},\"thumbnailUrl\":\"https:\/\/portaltela.pt\/s.01k8rhncp4jt1\/2026\/04\/2079773.jpg\",\"datePublished\":\"2026-04-08T06:32:02+00:00\",\"author\":{\"@id\":\"https:\/\/portaltela.pt\/#\/schema\/person\/c4278d4a6028830caff9ee44b42d32ed\"},\"breadcrumb\":{\"@id\":\"https:\/\/portaltela.pt\/noticias\/2026\/04\/08\/montepio-nao-supera-duvidas-do-auditor-ha-sete-anos\/#breadcrumb\"},\"inLanguage\":\"pt-PT\",\"potentialAction\":[{\"@type\":\"ReadAction\",\"target\":[\"https:\/\/portaltela.pt\/noticias\/2026\/04\/08\/montepio-nao-supera-duvidas-do-auditor-ha-sete-anos\/\"]}]},{\"@type\":\"ImageObject\",\"inLanguage\":\"pt-PT\",\"@id\":\"https:\/\/portaltela.pt\/noticias\/2026\/04\/08\/montepio-nao-supera-duvidas-do-auditor-ha-sete-anos\/#primaryimage\",\"url\":\"https:\/\/portaltela.pt\/s.01k8rhncp4jt1\/2026\/04\/2079773.jpg\",\"contentUrl\":\"https:\/\/portaltela.pt\/s.01k8rhncp4jt1\/2026\/04\/2079773.jpg\",\"width\":796,\"height\":448,\"caption\":\"Virg\u00edlio Lima lidera a maior associa\u00e7\u00e3o mutualista do pa\u00eds desde 2019, tendo sido reeleito em Dezembro passado\"},{\"@type\":\"BreadcrumbList\",\"@id\":\"https:\/\/portaltela.pt\/noticias\/2026\/04\/08\/montepio-nao-supera-duvidas-do-auditor-ha-sete-anos\/#breadcrumb\",\"itemListElement\":[{\"@type\":\"ListItem\",\"position\":1,\"name\":\"In\u00edcio\",\"item\":\"https:\/\/portaltela.pt\/\"},{\"@type\":\"ListItem\",\"position\":2,\"name\":\"Montepio n\u00e3o supera d\u00favidas do auditor h\u00e1 sete anos\"}]},{\"@type\":\"WebSite\",\"@id\":\"https:\/\/portaltela.pt\/#website\",\"url\":\"https:\/\/portaltela.pt\/\",\"name\":\"Portal Tela Portugal\",\"description\":\"\",\"potentialAction\":[{\"@type\":\"SearchAction\",\"target\":{\"@type\":\"EntryPoint\",\"urlTemplate\":\"https:\/\/portaltela.pt\/?s={search_term_string}\"},\"query-input\":{\"@type\":\"PropertyValueSpecification\",\"valueRequired\":true,\"valueName\":\"search_term_string\"}}],\"inLanguage\":\"pt-PT\"},{\"@type\":\"Person\",\"@id\":\"https:\/\/portaltela.pt\/#\/schema\/person\/c4278d4a6028830caff9ee44b42d32ed\",\"name\":\"Telinha\",\"image\":{\"@type\":\"ImageObject\",\"inLanguage\":\"pt-PT\",\"@id\":\"https:\/\/portaltela.pt\/s.01k8rhncp4jt1\/2025\/11\/talking-bot-125x125.png\",\"url\":\"https:\/\/portaltela.pt\/s.01k8rhncp4jt1\/2025\/11\/talking-bot-125x125.png\",\"contentUrl\":\"https:\/\/portaltela.pt\/s.01k8rhncp4jt1\/2025\/11\/talking-bot-125x125.png\",\"caption\":\"Telinha\"},\"sameAs\":[\"https:\/\/portaltela.pt\/\"],\"url\":\"https:\/\/portaltela.pt\/por\/367410592786\/\"}]}<\/script>\n<!-- \/ Yoast SEO plugin. -->","yoast_head_json":{"title":"Montepio n\u00e3o supera d\u00favidas do auditor h\u00e1 sete anos - Portal Tela Portugal","robots":{"index":"index","follow":"follow","max-snippet":"max-snippet:-1","max-image-preview":"max-image-preview:large","max-video-preview":"max-video-preview:-1"},"og_locale":"pt_PT","og_type":"article","og_title":"Montepio n\u00e3o supera d\u00favidas do auditor h\u00e1 sete anos - Portal Tela Portugal","og_description":"A Montepio Geral n\u00e3o consegue dissipar as d\u00favidas da auditora PwC, que existem h\u00e1 sete anos. A PwC defende que lucros e patrim\u00f3nio da Associa\u00e7\u00e3o Mutualista Montepio Geral est\u00e3o sobreavaliados. Em 2025, a associa\u00e7\u00e3o registou uma melhoria de 10% no lucro, mas continua com o cart\u00e3o vermelho da auditoria. A administra\u00e7\u00e3o e o conselho fiscal negam a exist\u00eancia de problemas. Virg\u00edlio Lima lidera a institui\u00e7\u00e3o desde 2019 e foi reeleito em dezembro passado.","og_url":"https:\/\/portaltela.pt\/noticias\/2026\/04\/08\/montepio-nao-supera-duvidas-do-auditor-ha-sete-anos\/","og_site_name":"Portal Tela Portugal","article_published_time":"2026-04-08T06:32:02+00:00","author":"Telinha","twitter_card":"summary_large_image","twitter_misc":{"Escrito por":"Telinha","Tempo estimado de leitura":"1 minuto"},"schema":{"@context":"https:\/\/schema.org","@graph":[{"@type":"Article","@id":"https:\/\/portaltela.pt\/noticias\/2026\/04\/08\/montepio-nao-supera-duvidas-do-auditor-ha-sete-anos\/#article","isPartOf":{"@id":"https:\/\/portaltela.pt\/noticias\/2026\/04\/08\/montepio-nao-supera-duvidas-do-auditor-ha-sete-anos\/"},"author":{"name":"Telinha","@id":"https:\/\/portaltela.pt\/#\/schema\/person\/c4278d4a6028830caff9ee44b42d32ed"},"headline":"Montepio n\u00e3o supera d\u00favidas do auditor h\u00e1 sete anos","datePublished":"2026-04-08T06:32:02+00:00","mainEntityOfPage":{"@id":"https:\/\/portaltela.pt\/noticias\/2026\/04\/08\/montepio-nao-supera-duvidas-do-auditor-ha-sete-anos\/"},"wordCount":216,"image":{"@id":"https:\/\/portaltela.pt\/noticias\/2026\/04\/08\/montepio-nao-supera-duvidas-do-auditor-ha-sete-anos\/#primaryimage"},"thumbnailUrl":"https:\/\/portaltela.pt\/s.01k8rhncp4jt1\/2026\/04\/2079773.jpg","keywords":["_economia","associa\u00e7\u00f5es","auditoria interna","finan\u00e7as","gest\u00e3o","Portugal"],"articleSection":["Economia","Finan\u00e7as"],"inLanguage":"pt-PT"},{"@type":"WebPage","@id":"https:\/\/portaltela.pt\/noticias\/2026\/04\/08\/montepio-nao-supera-duvidas-do-auditor-ha-sete-anos\/","url":"https:\/\/portaltela.pt\/noticias\/2026\/04\/08\/montepio-nao-supera-duvidas-do-auditor-ha-sete-anos\/","name":"Montepio n\u00e3o supera d\u00favidas do auditor h\u00e1 sete anos - Portal Tela Portugal","isPartOf":{"@id":"https:\/\/portaltela.pt\/#website"},"primaryImageOfPage":{"@id":"https:\/\/portaltela.pt\/noticias\/2026\/04\/08\/montepio-nao-supera-duvidas-do-auditor-ha-sete-anos\/#primaryimage"},"image":{"@id":"https:\/\/portaltela.pt\/noticias\/2026\/04\/08\/montepio-nao-supera-duvidas-do-auditor-ha-sete-anos\/#primaryimage"},"thumbnailUrl":"https:\/\/portaltela.pt\/s.01k8rhncp4jt1\/2026\/04\/2079773.jpg","datePublished":"2026-04-08T06:32:02+00:00","author":{"@id":"https:\/\/portaltela.pt\/#\/schema\/person\/c4278d4a6028830caff9ee44b42d32ed"},"breadcrumb":{"@id":"https:\/\/portaltela.pt\/noticias\/2026\/04\/08\/montepio-nao-supera-duvidas-do-auditor-ha-sete-anos\/#breadcrumb"},"inLanguage":"pt-PT","potentialAction":[{"@type":"ReadAction","target":["https:\/\/portaltela.pt\/noticias\/2026\/04\/08\/montepio-nao-supera-duvidas-do-auditor-ha-sete-anos\/"]}]},{"@type":"ImageObject","inLanguage":"pt-PT","@id":"https:\/\/portaltela.pt\/noticias\/2026\/04\/08\/montepio-nao-supera-duvidas-do-auditor-ha-sete-anos\/#primaryimage","url":"https:\/\/portaltela.pt\/s.01k8rhncp4jt1\/2026\/04\/2079773.jpg","contentUrl":"https:\/\/portaltela.pt\/s.01k8rhncp4jt1\/2026\/04\/2079773.jpg","width":796,"height":448,"caption":"Virg\u00edlio Lima lidera a maior associa\u00e7\u00e3o mutualista do pa\u00eds desde 2019, tendo sido reeleito em Dezembro passado"},{"@type":"BreadcrumbList","@id":"https:\/\/portaltela.pt\/noticias\/2026\/04\/08\/montepio-nao-supera-duvidas-do-auditor-ha-sete-anos\/#breadcrumb","itemListElement":[{"@type":"ListItem","position":1,"name":"In\u00edcio","item":"https:\/\/portaltela.pt\/"},{"@type":"ListItem","position":2,"name":"Montepio n\u00e3o supera d\u00favidas do auditor h\u00e1 sete anos"}]},{"@type":"WebSite","@id":"https:\/\/portaltela.pt\/#website","url":"https:\/\/portaltela.pt\/","name":"Portal Tela Portugal","description":"","potentialAction":[{"@type":"SearchAction","target":{"@type":"EntryPoint","urlTemplate":"https:\/\/portaltela.pt\/?s={search_term_string}"},"query-input":{"@type":"PropertyValueSpecification","valueRequired":true,"valueName":"search_term_string"}}],"inLanguage":"pt-PT"},{"@type":"Person","@id":"https:\/\/portaltela.pt\/#\/schema\/person\/c4278d4a6028830caff9ee44b42d32ed","name":"Telinha","image":{"@type":"ImageObject","inLanguage":"pt-PT","@id":"https:\/\/portaltela.pt\/s.01k8rhncp4jt1\/2025\/11\/talking-bot-125x125.png","url":"https:\/\/portaltela.pt\/s.01k8rhncp4jt1\/2025\/11\/talking-bot-125x125.png","contentUrl":"https:\/\/portaltela.pt\/s.01k8rhncp4jt1\/2025\/11\/talking-bot-125x125.png","caption":"Telinha"},"sameAs":["https:\/\/portaltela.pt\/"],"url":"https:\/\/portaltela.pt\/por\/367410592786\/"}]}},"_links":{"self":[{"href":"https:\/\/portaltela.pt\/api\/wp\/v2\/posts\/436139","targetHints":{"allow":["GET"]}}],"collection":[{"href":"https:\/\/portaltela.pt\/api\/wp\/v2\/posts"}],"about":[{"href":"https:\/\/portaltela.pt\/api\/wp\/v2\/types\/post"}],"author":[{"embeddable":true,"href":"https:\/\/portaltela.pt\/api\/wp\/v2\/users\/2"}],"replies":[{"embeddable":true,"href":"https:\/\/portaltela.pt\/api\/wp\/v2\/comments?post=436139"}],"version-history":[{"count":0,"href":"https:\/\/portaltela.pt\/api\/wp\/v2\/posts\/436139\/revisions"}],"wp:featuredmedia":[{"embeddable":true,"href":"https:\/\/portaltela.pt\/api\/wp\/v2\/media\/436142"}],"wp:attachment":[{"href":"https:\/\/portaltela.pt\/api\/wp\/v2\/media?parent=436139"}],"wp:term":[{"taxonomy":"category","embeddable":true,"href":"https:\/\/portaltela.pt\/api\/wp\/v2\/categories?post=436139"},{"taxonomy":"post_tag","embeddable":true,"href":"https:\/\/portaltela.pt\/api\/wp\/v2\/tags?post=436139"}],"curies":[{"name":"wp","href":"https:\/\/api.w.org\/{rel}","templated":true}]}}