{"id":436133,"date":"2026-04-08T03:16:44","date_gmt":"2026-04-08T06:16:44","guid":{"rendered":"https:\/\/portaltela.pt\/noticias\/2026\/04\/08\/video-divulgado-sobre-o-tema-em-analise-2\/"},"modified":"2026-04-08T03:16:44","modified_gmt":"2026-04-08T06:16:44","slug":"video-divulgado-sobre-o-tema-em-analise-2","status":"publish","type":"post","link":"https:\/\/portaltela.pt\/noticias\/internacional\/2026\/04\/08\/video-divulgado-sobre-o-tema-em-analise-2\/","title":{"rendered":"V\u00eddeo divulgado sobre o tema em an\u00e1lise"},"content":{"rendered":"<p>N\u00e3o foi fornecido o texto da not\u00edcia a ser reescrita. Para cumprir as orienta\u00e7\u00f5es (par\u00e1grafos curtos, voz ativa, neutralidade, formato em pt-PT, sem aspas duplas e estrutura de hard news), preciso do conte\u00fado original que pretende que eu reformule.<\/p>\n<p>Pode enviar o texto completo da not\u00edcia ou os pontos-chave a serem inclu\u00eddos? Assim elaboro o corpo jornal\u00edstico conforme as diretrizes.<\/p>\n","protected":false},"excerpt":{"rendered":"<ul>\n<li>N\u00e3o h\u00e1 detalhes espec\u00edficos ou fatos apresentados no conte\u00fado fornecido.<\/li>\n<li>O t\u00edtulo sugere um v\u00eddeo com not\u00edcias do dia.<\/li>\n<li>A data indicada \u00e9 8 de abril de 2026 &#8211; Manh\u00e3.<\/li>\n<li>O texto menciona cobertura de not\u00edcias da Europa e de outras regi\u00f5es.<\/li>\n<li>N\u00e3o existem dados, n\u00fameros ou eventos para resumir adicionalmente.<\/li>\n<\/ul>\n","protected":false},"author":2,"featured_media":436134,"comment_status":"closed","ping_status":"closed","sticky":false,"template":"","format":"standard","meta":{"footnotes":""},"categories":[4,1],"tags":[2607,506,195,41,7221,3181],"class_list":["post-436133","post","type-post","status-publish","format-standard","has-post-thumbnail","hentry","category-internacional","category-noticias","tag-comunicacao","tag-imprensa","tag-informacao","tag-noticia","tag-noticias","tag-publicacoes"],"yoast_head":"<!-- This site is optimized with the Yoast SEO plugin v27.2 - https:\/\/yoast.com\/product\/yoast-seo-wordpress\/ -->\n<title>V\u00eddeo divulgado sobre o tema em an\u00e1lise - Portal Tela Portugal<\/title>\n<meta name=\"robots\" content=\"index, follow, max-snippet:-1, max-image-preview:large, max-video-preview:-1\" \/>\n<meta property=\"og:locale\" content=\"pt_PT\" \/>\n<meta property=\"og:type\" content=\"article\" \/>\n<meta property=\"og:title\" content=\"V\u00eddeo divulgado sobre o tema em an\u00e1lise - Portal Tela Portugal\" \/>\n<meta property=\"og:description\" content=\"N\u00e3o h\u00e1 detalhes espec\u00edficos ou fatos apresentados no conte\u00fado fornecido. O t\u00edtulo sugere um v\u00eddeo com not\u00edcias do dia. A data indicada \u00e9 8 de abril de 2026 - Manh\u00e3. O texto menciona cobertura de not\u00edcias da Europa e de outras regi\u00f5es. N\u00e3o existem dados, n\u00fameros ou eventos para resumir adicionalmente.\" \/>\n<meta property=\"og:url\" content=\"https:\/\/portaltela.pt\/noticias\/2026\/04\/08\/video-divulgado-sobre-o-tema-em-analise-2\/\" \/>\n<meta property=\"og:site_name\" content=\"Portal Tela Portugal\" \/>\n<meta property=\"article:published_time\" content=\"2026-04-08T06:16:44+00:00\" \/>\n<meta name=\"author\" content=\"Telinha\" \/>\n<meta name=\"twitter:card\" content=\"summary_large_image\" \/>\n<meta name=\"twitter:label1\" content=\"Escrito por\" \/>\n\t<meta name=\"twitter:data1\" content=\"Telinha\" \/>\n<script type=\"application\/ld+json\" class=\"yoast-schema-graph\">{\"@context\":\"https:\/\/schema.org\",\"@graph\":[{\"@type\":\"Article\",\"@id\":\"https:\/\/portaltela.pt\/noticias\/2026\/04\/08\/video-divulgado-sobre-o-tema-em-analise-2\/#article\",\"isPartOf\":{\"@id\":\"https:\/\/portaltela.pt\/noticias\/2026\/04\/08\/video-divulgado-sobre-o-tema-em-analise-2\/\"},\"author\":{\"name\":\"Telinha\",\"@id\":\"https:\/\/portaltela.pt\/#\/schema\/person\/c4278d4a6028830caff9ee44b42d32ed\"},\"headline\":\"V\u00eddeo divulgado sobre o tema em an\u00e1lise\",\"datePublished\":\"2026-04-08T06:16:44+00:00\",\"mainEntityOfPage\":{\"@id\":\"https:\/\/portaltela.pt\/noticias\/2026\/04\/08\/video-divulgado-sobre-o-tema-em-analise-2\/\"},\"wordCount\":77,\"image\":{\"@id\":\"https:\/\/portaltela.pt\/noticias\/2026\/04\/08\/video-divulgado-sobre-o-tema-em-analise-2\/#primaryimage\"},\"thumbnailUrl\":\"https:\/\/portaltela.pt\/s.01k8rhncp4jt1\/2026\/04\/1536x864_cmsv2_a8e279f9-ca20-5f80-896a-9311f6d62932-9713921.jpg\",\"keywords\":[\"comunica\u00e7\u00e3o\",\"imprensa\",\"informa\u00e7\u00e3o\",\"not\u00edcia\",\"not\u00edcias\",\"publica\u00e7\u00f5es\"],\"articleSection\":[\"Internacional\",\"Not\u00edcias\"],\"inLanguage\":\"pt-PT\"},{\"@type\":\"WebPage\",\"@id\":\"https:\/\/portaltela.pt\/noticias\/2026\/04\/08\/video-divulgado-sobre-o-tema-em-analise-2\/\",\"url\":\"https:\/\/portaltela.pt\/noticias\/2026\/04\/08\/video-divulgado-sobre-o-tema-em-analise-2\/\",\"name\":\"V\u00eddeo divulgado sobre o tema em an\u00e1lise - Portal Tela Portugal\",\"isPartOf\":{\"@id\":\"https:\/\/portaltela.pt\/#website\"},\"primaryImageOfPage\":{\"@id\":\"https:\/\/portaltela.pt\/noticias\/2026\/04\/08\/video-divulgado-sobre-o-tema-em-analise-2\/#primaryimage\"},\"image\":{\"@id\":\"https:\/\/portaltela.pt\/noticias\/2026\/04\/08\/video-divulgado-sobre-o-tema-em-analise-2\/#primaryimage\"},\"thumbnailUrl\":\"https:\/\/portaltela.pt\/s.01k8rhncp4jt1\/2026\/04\/1536x864_cmsv2_a8e279f9-ca20-5f80-896a-9311f6d62932-9713921.jpg\",\"datePublished\":\"2026-04-08T06:16:44+00:00\",\"author\":{\"@id\":\"https:\/\/portaltela.pt\/#\/schema\/person\/c4278d4a6028830caff9ee44b42d32ed\"},\"breadcrumb\":{\"@id\":\"https:\/\/portaltela.pt\/noticias\/2026\/04\/08\/video-divulgado-sobre-o-tema-em-analise-2\/#breadcrumb\"},\"inLanguage\":\"pt-PT\",\"potentialAction\":[{\"@type\":\"ReadAction\",\"target\":[\"https:\/\/portaltela.pt\/noticias\/2026\/04\/08\/video-divulgado-sobre-o-tema-em-analise-2\/\"]}]},{\"@type\":\"ImageObject\",\"inLanguage\":\"pt-PT\",\"@id\":\"https:\/\/portaltela.pt\/noticias\/2026\/04\/08\/video-divulgado-sobre-o-tema-em-analise-2\/#primaryimage\",\"url\":\"https:\/\/portaltela.pt\/s.01k8rhncp4jt1\/2026\/04\/1536x864_cmsv2_a8e279f9-ca20-5f80-896a-9311f6d62932-9713921.jpg\",\"contentUrl\":\"https:\/\/portaltela.pt\/s.01k8rhncp4jt1\/2026\/04\/1536x864_cmsv2_a8e279f9-ca20-5f80-896a-9311f6d62932-9713921.jpg\",\"width\":1536,\"height\":864,\"caption\":\"Not\u00edcias do dia | 8 de abril 2026 - Manh\u00e3\"},{\"@type\":\"BreadcrumbList\",\"@id\":\"https:\/\/portaltela.pt\/noticias\/2026\/04\/08\/video-divulgado-sobre-o-tema-em-analise-2\/#breadcrumb\",\"itemListElement\":[{\"@type\":\"ListItem\",\"position\":1,\"name\":\"In\u00edcio\",\"item\":\"https:\/\/portaltela.pt\/\"},{\"@type\":\"ListItem\",\"position\":2,\"name\":\"V\u00eddeo divulgado sobre o tema em an\u00e1lise\"}]},{\"@type\":\"WebSite\",\"@id\":\"https:\/\/portaltela.pt\/#website\",\"url\":\"https:\/\/portaltela.pt\/\",\"name\":\"Portal Tela Portugal\",\"description\":\"\",\"potentialAction\":[{\"@type\":\"SearchAction\",\"target\":{\"@type\":\"EntryPoint\",\"urlTemplate\":\"https:\/\/portaltela.pt\/?s={search_term_string}\"},\"query-input\":{\"@type\":\"PropertyValueSpecification\",\"valueRequired\":true,\"valueName\":\"search_term_string\"}}],\"inLanguage\":\"pt-PT\"},{\"@type\":\"Person\",\"@id\":\"https:\/\/portaltela.pt\/#\/schema\/person\/c4278d4a6028830caff9ee44b42d32ed\",\"name\":\"Telinha\",\"image\":{\"@type\":\"ImageObject\",\"inLanguage\":\"pt-PT\",\"@id\":\"https:\/\/portaltela.pt\/s.01k8rhncp4jt1\/2025\/11\/talking-bot-125x125.png\",\"url\":\"https:\/\/portaltela.pt\/s.01k8rhncp4jt1\/2025\/11\/talking-bot-125x125.png\",\"contentUrl\":\"https:\/\/portaltela.pt\/s.01k8rhncp4jt1\/2025\/11\/talking-bot-125x125.png\",\"caption\":\"Telinha\"},\"sameAs\":[\"https:\/\/portaltela.pt\/\"],\"url\":\"https:\/\/portaltela.pt\/por\/367410592786\/\"}]}<\/script>\n<!-- \/ Yoast SEO plugin. -->","yoast_head_json":{"title":"V\u00eddeo divulgado sobre o tema em an\u00e1lise - Portal Tela Portugal","robots":{"index":"index","follow":"follow","max-snippet":"max-snippet:-1","max-image-preview":"max-image-preview:large","max-video-preview":"max-video-preview:-1"},"og_locale":"pt_PT","og_type":"article","og_title":"V\u00eddeo divulgado sobre o tema em an\u00e1lise - Portal Tela Portugal","og_description":"N\u00e3o h\u00e1 detalhes espec\u00edficos ou fatos apresentados no conte\u00fado fornecido. O t\u00edtulo sugere um v\u00eddeo com not\u00edcias do dia. A data indicada \u00e9 8 de abril de 2026 - Manh\u00e3. O texto menciona cobertura de not\u00edcias da Europa e de outras regi\u00f5es. N\u00e3o existem dados, n\u00fameros ou eventos para resumir adicionalmente.","og_url":"https:\/\/portaltela.pt\/noticias\/2026\/04\/08\/video-divulgado-sobre-o-tema-em-analise-2\/","og_site_name":"Portal Tela Portugal","article_published_time":"2026-04-08T06:16:44+00:00","author":"Telinha","twitter_card":"summary_large_image","twitter_misc":{"Escrito por":"Telinha"},"schema":{"@context":"https:\/\/schema.org","@graph":[{"@type":"Article","@id":"https:\/\/portaltela.pt\/noticias\/2026\/04\/08\/video-divulgado-sobre-o-tema-em-analise-2\/#article","isPartOf":{"@id":"https:\/\/portaltela.pt\/noticias\/2026\/04\/08\/video-divulgado-sobre-o-tema-em-analise-2\/"},"author":{"name":"Telinha","@id":"https:\/\/portaltela.pt\/#\/schema\/person\/c4278d4a6028830caff9ee44b42d32ed"},"headline":"V\u00eddeo divulgado sobre o tema em an\u00e1lise","datePublished":"2026-04-08T06:16:44+00:00","mainEntityOfPage":{"@id":"https:\/\/portaltela.pt\/noticias\/2026\/04\/08\/video-divulgado-sobre-o-tema-em-analise-2\/"},"wordCount":77,"image":{"@id":"https:\/\/portaltela.pt\/noticias\/2026\/04\/08\/video-divulgado-sobre-o-tema-em-analise-2\/#primaryimage"},"thumbnailUrl":"https:\/\/portaltela.pt\/s.01k8rhncp4jt1\/2026\/04\/1536x864_cmsv2_a8e279f9-ca20-5f80-896a-9311f6d62932-9713921.jpg","keywords":["comunica\u00e7\u00e3o","imprensa","informa\u00e7\u00e3o","not\u00edcia","not\u00edcias","publica\u00e7\u00f5es"],"articleSection":["Internacional","Not\u00edcias"],"inLanguage":"pt-PT"},{"@type":"WebPage","@id":"https:\/\/portaltela.pt\/noticias\/2026\/04\/08\/video-divulgado-sobre-o-tema-em-analise-2\/","url":"https:\/\/portaltela.pt\/noticias\/2026\/04\/08\/video-divulgado-sobre-o-tema-em-analise-2\/","name":"V\u00eddeo divulgado sobre o tema em an\u00e1lise - Portal Tela Portugal","isPartOf":{"@id":"https:\/\/portaltela.pt\/#website"},"primaryImageOfPage":{"@id":"https:\/\/portaltela.pt\/noticias\/2026\/04\/08\/video-divulgado-sobre-o-tema-em-analise-2\/#primaryimage"},"image":{"@id":"https:\/\/portaltela.pt\/noticias\/2026\/04\/08\/video-divulgado-sobre-o-tema-em-analise-2\/#primaryimage"},"thumbnailUrl":"https:\/\/portaltela.pt\/s.01k8rhncp4jt1\/2026\/04\/1536x864_cmsv2_a8e279f9-ca20-5f80-896a-9311f6d62932-9713921.jpg","datePublished":"2026-04-08T06:16:44+00:00","author":{"@id":"https:\/\/portaltela.pt\/#\/schema\/person\/c4278d4a6028830caff9ee44b42d32ed"},"breadcrumb":{"@id":"https:\/\/portaltela.pt\/noticias\/2026\/04\/08\/video-divulgado-sobre-o-tema-em-analise-2\/#breadcrumb"},"inLanguage":"pt-PT","potentialAction":[{"@type":"ReadAction","target":["https:\/\/portaltela.pt\/noticias\/2026\/04\/08\/video-divulgado-sobre-o-tema-em-analise-2\/"]}]},{"@type":"ImageObject","inLanguage":"pt-PT","@id":"https:\/\/portaltela.pt\/noticias\/2026\/04\/08\/video-divulgado-sobre-o-tema-em-analise-2\/#primaryimage","url":"https:\/\/portaltela.pt\/s.01k8rhncp4jt1\/2026\/04\/1536x864_cmsv2_a8e279f9-ca20-5f80-896a-9311f6d62932-9713921.jpg","contentUrl":"https:\/\/portaltela.pt\/s.01k8rhncp4jt1\/2026\/04\/1536x864_cmsv2_a8e279f9-ca20-5f80-896a-9311f6d62932-9713921.jpg","width":1536,"height":864,"caption":"Not\u00edcias do dia | 8 de abril 2026 - Manh\u00e3"},{"@type":"BreadcrumbList","@id":"https:\/\/portaltela.pt\/noticias\/2026\/04\/08\/video-divulgado-sobre-o-tema-em-analise-2\/#breadcrumb","itemListElement":[{"@type":"ListItem","position":1,"name":"In\u00edcio","item":"https:\/\/portaltela.pt\/"},{"@type":"ListItem","position":2,"name":"V\u00eddeo divulgado sobre o tema em an\u00e1lise"}]},{"@type":"WebSite","@id":"https:\/\/portaltela.pt\/#website","url":"https:\/\/portaltela.pt\/","name":"Portal Tela Portugal","description":"","potentialAction":[{"@type":"SearchAction","target":{"@type":"EntryPoint","urlTemplate":"https:\/\/portaltela.pt\/?s={search_term_string}"},"query-input":{"@type":"PropertyValueSpecification","valueRequired":true,"valueName":"search_term_string"}}],"inLanguage":"pt-PT"},{"@type":"Person","@id":"https:\/\/portaltela.pt\/#\/schema\/person\/c4278d4a6028830caff9ee44b42d32ed","name":"Telinha","image":{"@type":"ImageObject","inLanguage":"pt-PT","@id":"https:\/\/portaltela.pt\/s.01k8rhncp4jt1\/2025\/11\/talking-bot-125x125.png","url":"https:\/\/portaltela.pt\/s.01k8rhncp4jt1\/2025\/11\/talking-bot-125x125.png","contentUrl":"https:\/\/portaltela.pt\/s.01k8rhncp4jt1\/2025\/11\/talking-bot-125x125.png","caption":"Telinha"},"sameAs":["https:\/\/portaltela.pt\/"],"url":"https:\/\/portaltela.pt\/por\/367410592786\/"}]}},"_links":{"self":[{"href":"https:\/\/portaltela.pt\/api\/wp\/v2\/posts\/436133","targetHints":{"allow":["GET"]}}],"collection":[{"href":"https:\/\/portaltela.pt\/api\/wp\/v2\/posts"}],"about":[{"href":"https:\/\/portaltela.pt\/api\/wp\/v2\/types\/post"}],"author":[{"embeddable":true,"href":"https:\/\/portaltela.pt\/api\/wp\/v2\/users\/2"}],"replies":[{"embeddable":true,"href":"https:\/\/portaltela.pt\/api\/wp\/v2\/comments?post=436133"}],"version-history":[{"count":0,"href":"https:\/\/portaltela.pt\/api\/wp\/v2\/posts\/436133\/revisions"}],"wp:featuredmedia":[{"embeddable":true,"href":"https:\/\/portaltela.pt\/api\/wp\/v2\/media\/436134"}],"wp:attachment":[{"href":"https:\/\/portaltela.pt\/api\/wp\/v2\/media?parent=436133"}],"wp:term":[{"taxonomy":"category","embeddable":true,"href":"https:\/\/portaltela.pt\/api\/wp\/v2\/categories?post=436133"},{"taxonomy":"post_tag","embeddable":true,"href":"https:\/\/portaltela.pt\/api\/wp\/v2\/tags?post=436133"}],"curies":[{"name":"wp","href":"https:\/\/api.w.org\/{rel}","templated":true}]}}