{"id":436131,"date":"2026-04-08T03:02:26","date_gmt":"2026-04-08T06:02:26","guid":{"rendered":"https:\/\/portaltela.pt\/noticias\/2026\/04\/08\/art-paris-2026-destaca-linguagem-memoria-e-reparacao-no-grand-palais\/"},"modified":"2026-04-08T03:02:26","modified_gmt":"2026-04-08T06:02:26","slug":"art-paris-2026-destaca-linguagem-memoria-e-reparacao-no-grand-palais","status":"publish","type":"post","link":"https:\/\/portaltela.pt\/noticias\/2026\/04\/08\/art-paris-2026-destaca-linguagem-memoria-e-reparacao-no-grand-palais\/","title":{"rendered":"Art Paris 2026 destaca linguagem, mem\u00f3ria e repara\u00e7\u00e3o no Grand Palais"},"content":{"rendered":"<p>Art Paris regressa ao Grand Palais para a 28.\u00aa edi\u00e7\u00e3o, reunindo mais de 160 galerias de 20 pa\u00edses numa feira de quatro dias que cruza arte contempor\u00e2nea, design e debate cr\u00edtico. A edi\u00e7\u00e3o de 2026 decorre entre 9 e 12 de abril, sob vidro e luz natural.<\/p>\n<p>A edi\u00e7\u00e3o foca-se em dois temas centrais: linguagem e repara\u00e7\u00e3o. O evento apresenta percursos comissariados que exploram como a palavra \u00e9 material e sentido, e como a mem\u00f3ria se transforma em repara\u00e7\u00e3o art\u00edstica.<\/p>\n<p>A pandemia n\u00e3o est\u00e1 em foco, mas sim a linguagem. Em \u201cBabel: Art and Language in France\u201d, Lo\u00efc Le Gall destaca a leitura da linguagem como forma de leitura da realidade, incluindo a tradu\u00e7\u00e3o e a circula\u00e7\u00e3o entre culturas.<\/p>\n<h3>Babel: Art and Language in France<\/h3>\n<p>Algumas obras evidenciam a forma f\u00edsica das letras, outras a tradu\u00e7\u00e3o e a ambiguidade. A mostra interroga como lemos, interpretamos e constru\u00edmos a realidade a partir da linguagem.<\/p>\n<p>Paralelamente, a se\u00e7\u00e3o \u201cReparation\u201d, comissariada por Alexia Fabre, adota uma perspetiva de mem\u00f3ria, perda e continuidade. As obras conectam hist\u00f3rias pessoais e coletivas, com foco em cuidado e resili\u00eancia.<\/p>\n<p>A feira divide-se por \u00e1reas de interesse, incluindo o setor Promises, dedicado a galerias jovens. Re\u00fane 27 expositores, muitos em estreia, com participa\u00e7\u00e3o expressiva de mulheres.<\/p>\n<h3>Design e apresenta\u00e7\u00e3o<\/h3>\n<p>A edi\u00e7\u00e3o mant\u00e9m o impulso do design com a French Design Art Edition, que regressa e expande para 17 expositores. A proposta junta objetos funcionais e pe\u00e7as de arte colecion\u00e1vel, em pe\u00e7as \u00fanicas e s\u00e9ries limitadas.<\/p>\n<p>H\u00e1 24 exposi\u00e7\u00f5es monogr\u00e1ficas distribu\u00eddas pela feira, oferecendo um olhar intimista sobre artistas individuais, em contraste com o piso principal.<\/p>\n<p>A Paris Collection tem uma apresenta\u00e7\u00e3o dedicada da arte contempor\u00e2nea da cidade, destacando artistas de \u00c1frica, Cara\u00edbas e Am\u00e9rica do Sul para ampliar a visibilidade nas cole\u00e7\u00f5es p\u00fablicas.<\/p>\n<p>Os pr\u00e9mios da feira incluem o BNP Paribas Banque Priv\u00e9e Prize e o Her Art Prize, que distingue artistas mulheres e envolve 30 mil euros e promo\u00e7\u00e3o internacional.<\/p>\n<h3>Data e localiza\u00e7\u00e3o<\/h3>\n<p>Art Paris 2026 est\u00e1 aberta ao p\u00fablico de 9 a 12 de abril, no Grand Palais, em Paris. A edi\u00e7\u00e3o re\u00fane propostas de diversas \u00e1reas e pretende promover di\u00e1logo entre arte, mem\u00f3ria e repara\u00e7\u00e3o.<\/p>\n","protected":false},"excerpt":{"rendered":"<ul>\n<li>A Art Paris 2026 regressa ao Grand Palais, de 9 a 12 de abril, com mais de 160 galerias de vinte pa\u00edses numa feira que junta arte contempor\u00e2nea, design e debate cr\u00edtico.<\/li>\n<li>O evento foca dois temas centrais: \u201cBabel: Art and Language in France\u201d (linguagem) e \u201cReparation\u201d (repara\u00e7\u00e3o), explorando a leitura, interpreta\u00e7\u00e3o e mem\u00f3ria na pr\u00e1tica art\u00edstica.<\/li>\n<li>Cerca de 40% dos expositores s\u00e3o internacionais, com um equil\u00edbrio entre galerias que j\u00e1 participaram e novos participantes.<\/li>\n<li>Destacam-se \u00e1reas como Promises (27 expositores jovens), a French Design Art Edition (design e pe\u00e7as \u00fanicas) e 24 exposi\u00e7\u00f5es monogr\u00e1ficas, oferecendo contrapontos mais \u00edntimos ao piso principal.<\/li>\n<li>Dois grandes pr\u00e9mios ser\u00e3o atribu\u00eddos durante o evento: BNP Paribas Banque Priv\u00e9e Prize e Her Art Prize, este \u00faltimo com 30 mil euros e promo\u00e7\u00e3o internacional, ligado \u00e0 visibilidade de artistas femininas.<\/li>\n<\/ul>\n","protected":false},"author":2,"featured_media":436132,"comment_status":"closed","ping_status":"closed","sticky":false,"template":"","format":"standard","meta":{"footnotes":""},"categories":[7375,1],"tags":[7756,70,143,1397,7490,2701],"class_list":["post-436131","post","type-post","status-publish","format-standard","has-post-thumbnail","hentry","category-cultura","category-noticias","tag-_cultura","tag-arte","tag-design","tag-exposicoes","tag-memoria-publica","tag-mulheres"],"yoast_head":"<!-- This site is optimized with the Yoast SEO plugin v27.2 - https:\/\/yoast.com\/product\/yoast-seo-wordpress\/ -->\n<title>Art Paris 2026 destaca linguagem, mem\u00f3ria e repara\u00e7\u00e3o no Grand Palais - Portal Tela Portugal<\/title>\n<meta name=\"robots\" content=\"index, follow, max-snippet:-1, max-image-preview:large, max-video-preview:-1\" \/>\n<meta property=\"og:locale\" content=\"pt_PT\" \/>\n<meta property=\"og:type\" content=\"article\" \/>\n<meta property=\"og:title\" content=\"Art Paris 2026 destaca linguagem, mem\u00f3ria e repara\u00e7\u00e3o no Grand Palais - Portal Tela Portugal\" \/>\n<meta property=\"og:description\" content=\"A Art Paris 2026 regressa ao Grand Palais, de 9 a 12 de abril, com mais de 160 galerias de vinte pa\u00edses numa feira que junta arte contempor\u00e2nea, design e debate cr\u00edtico. O evento foca dois temas centrais: \u201cBabel: Art and Language in France\u201d (linguagem) e \u201cReparation\u201d (repara\u00e7\u00e3o), explorando a leitura, interpreta\u00e7\u00e3o e mem\u00f3ria na pr\u00e1tica art\u00edstica. Cerca de 40% dos expositores s\u00e3o internacionais, com um equil\u00edbrio entre galerias que j\u00e1 participaram e novos participantes. Destacam-se \u00e1reas como Promises (27 expositores jovens), a French Design Art Edition (design e pe\u00e7as \u00fanicas) e 24 exposi\u00e7\u00f5es monogr\u00e1ficas, oferecendo contrapontos mais \u00edntimos ao piso principal. Dois grandes pr\u00e9mios ser\u00e3o atribu\u00eddos durante o evento: BNP Paribas Banque Priv\u00e9e Prize e Her Art Prize, este \u00faltimo com 30 mil euros e promo\u00e7\u00e3o internacional, ligado \u00e0 visibilidade de artistas femininas.\" \/>\n<meta property=\"og:url\" content=\"https:\/\/portaltela.pt\/noticias\/2026\/04\/08\/art-paris-2026-destaca-linguagem-memoria-e-reparacao-no-grand-palais\/\" \/>\n<meta property=\"og:site_name\" content=\"Portal Tela Portugal\" \/>\n<meta property=\"article:published_time\" content=\"2026-04-08T06:02:26+00:00\" \/>\n<meta name=\"author\" content=\"Telinha\" \/>\n<meta name=\"twitter:card\" content=\"summary_large_image\" \/>\n<meta name=\"twitter:label1\" content=\"Escrito por\" \/>\n\t<meta name=\"twitter:data1\" content=\"Telinha\" \/>\n\t<meta name=\"twitter:label2\" content=\"Tempo estimado de leitura\" \/>\n\t<meta name=\"twitter:data2\" content=\"2 minutos\" \/>\n<script type=\"application\/ld+json\" class=\"yoast-schema-graph\">{\"@context\":\"https:\/\/schema.org\",\"@graph\":[{\"@type\":\"Article\",\"@id\":\"https:\/\/portaltela.pt\/noticias\/2026\/04\/08\/art-paris-2026-destaca-linguagem-memoria-e-reparacao-no-grand-palais\/#article\",\"isPartOf\":{\"@id\":\"https:\/\/portaltela.pt\/noticias\/2026\/04\/08\/art-paris-2026-destaca-linguagem-memoria-e-reparacao-no-grand-palais\/\"},\"author\":{\"name\":\"Telinha\",\"@id\":\"https:\/\/portaltela.pt\/#\/schema\/person\/c4278d4a6028830caff9ee44b42d32ed\"},\"headline\":\"Art Paris 2026 destaca linguagem, mem\u00f3ria e repara\u00e7\u00e3o no Grand Palais\",\"datePublished\":\"2026-04-08T06:02:26+00:00\",\"mainEntityOfPage\":{\"@id\":\"https:\/\/portaltela.pt\/noticias\/2026\/04\/08\/art-paris-2026-destaca-linguagem-memoria-e-reparacao-no-grand-palais\/\"},\"wordCount\":407,\"image\":{\"@id\":\"https:\/\/portaltela.pt\/noticias\/2026\/04\/08\/art-paris-2026-destaca-linguagem-memoria-e-reparacao-no-grand-palais\/#primaryimage\"},\"thumbnailUrl\":\"https:\/\/portaltela.pt\/s.01k8rhncp4jt1\/2026\/04\/1536x864_cmsv2_55f31132-d157-5fc0-b109-c367025b7f85-9713321.jpg\",\"keywords\":[\"_cultura\",\"arte\",\"design\",\"exposi\u00e7\u00f5es\",\"mem\u00f3ria p\u00fablica\",\"Mulheres\"],\"articleSection\":[\"Cultura\",\"Not\u00edcias\"],\"inLanguage\":\"pt-PT\"},{\"@type\":\"WebPage\",\"@id\":\"https:\/\/portaltela.pt\/noticias\/2026\/04\/08\/art-paris-2026-destaca-linguagem-memoria-e-reparacao-no-grand-palais\/\",\"url\":\"https:\/\/portaltela.pt\/noticias\/2026\/04\/08\/art-paris-2026-destaca-linguagem-memoria-e-reparacao-no-grand-palais\/\",\"name\":\"Art Paris 2026 destaca linguagem, mem\u00f3ria e repara\u00e7\u00e3o no Grand Palais - Portal Tela Portugal\",\"isPartOf\":{\"@id\":\"https:\/\/portaltela.pt\/#website\"},\"primaryImageOfPage\":{\"@id\":\"https:\/\/portaltela.pt\/noticias\/2026\/04\/08\/art-paris-2026-destaca-linguagem-memoria-e-reparacao-no-grand-palais\/#primaryimage\"},\"image\":{\"@id\":\"https:\/\/portaltela.pt\/noticias\/2026\/04\/08\/art-paris-2026-destaca-linguagem-memoria-e-reparacao-no-grand-palais\/#primaryimage\"},\"thumbnailUrl\":\"https:\/\/portaltela.pt\/s.01k8rhncp4jt1\/2026\/04\/1536x864_cmsv2_55f31132-d157-5fc0-b109-c367025b7f85-9713321.jpg\",\"datePublished\":\"2026-04-08T06:02:26+00:00\",\"author\":{\"@id\":\"https:\/\/portaltela.pt\/#\/schema\/person\/c4278d4a6028830caff9ee44b42d32ed\"},\"breadcrumb\":{\"@id\":\"https:\/\/portaltela.pt\/noticias\/2026\/04\/08\/art-paris-2026-destaca-linguagem-memoria-e-reparacao-no-grand-palais\/#breadcrumb\"},\"inLanguage\":\"pt-PT\",\"potentialAction\":[{\"@type\":\"ReadAction\",\"target\":[\"https:\/\/portaltela.pt\/noticias\/2026\/04\/08\/art-paris-2026-destaca-linguagem-memoria-e-reparacao-no-grand-palais\/\"]}]},{\"@type\":\"ImageObject\",\"inLanguage\":\"pt-PT\",\"@id\":\"https:\/\/portaltela.pt\/noticias\/2026\/04\/08\/art-paris-2026-destaca-linguagem-memoria-e-reparacao-no-grand-palais\/#primaryimage\",\"url\":\"https:\/\/portaltela.pt\/s.01k8rhncp4jt1\/2026\/04\/1536x864_cmsv2_55f31132-d157-5fc0-b109-c367025b7f85-9713321.jpg\",\"contentUrl\":\"https:\/\/portaltela.pt\/s.01k8rhncp4jt1\/2026\/04\/1536x864_cmsv2_55f31132-d157-5fc0-b109-c367025b7f85-9713321.jpg\",\"width\":796,\"height\":448,\"caption\":\"Pen\u00e9lope a pintar, 2020\"},{\"@type\":\"BreadcrumbList\",\"@id\":\"https:\/\/portaltela.pt\/noticias\/2026\/04\/08\/art-paris-2026-destaca-linguagem-memoria-e-reparacao-no-grand-palais\/#breadcrumb\",\"itemListElement\":[{\"@type\":\"ListItem\",\"position\":1,\"name\":\"In\u00edcio\",\"item\":\"https:\/\/portaltela.pt\/\"},{\"@type\":\"ListItem\",\"position\":2,\"name\":\"Art Paris 2026 destaca linguagem, mem\u00f3ria e repara\u00e7\u00e3o no Grand Palais\"}]},{\"@type\":\"WebSite\",\"@id\":\"https:\/\/portaltela.pt\/#website\",\"url\":\"https:\/\/portaltela.pt\/\",\"name\":\"Portal Tela Portugal\",\"description\":\"\",\"potentialAction\":[{\"@type\":\"SearchAction\",\"target\":{\"@type\":\"EntryPoint\",\"urlTemplate\":\"https:\/\/portaltela.pt\/?s={search_term_string}\"},\"query-input\":{\"@type\":\"PropertyValueSpecification\",\"valueRequired\":true,\"valueName\":\"search_term_string\"}}],\"inLanguage\":\"pt-PT\"},{\"@type\":\"Person\",\"@id\":\"https:\/\/portaltela.pt\/#\/schema\/person\/c4278d4a6028830caff9ee44b42d32ed\",\"name\":\"Telinha\",\"image\":{\"@type\":\"ImageObject\",\"inLanguage\":\"pt-PT\",\"@id\":\"https:\/\/portaltela.pt\/s.01k8rhncp4jt1\/2025\/11\/talking-bot-125x125.png\",\"url\":\"https:\/\/portaltela.pt\/s.01k8rhncp4jt1\/2025\/11\/talking-bot-125x125.png\",\"contentUrl\":\"https:\/\/portaltela.pt\/s.01k8rhncp4jt1\/2025\/11\/talking-bot-125x125.png\",\"caption\":\"Telinha\"},\"sameAs\":[\"https:\/\/portaltela.pt\/\"],\"url\":\"https:\/\/portaltela.pt\/por\/367410592786\/\"}]}<\/script>\n<!-- \/ Yoast SEO plugin. -->","yoast_head_json":{"title":"Art Paris 2026 destaca linguagem, mem\u00f3ria e repara\u00e7\u00e3o no Grand Palais - Portal Tela Portugal","robots":{"index":"index","follow":"follow","max-snippet":"max-snippet:-1","max-image-preview":"max-image-preview:large","max-video-preview":"max-video-preview:-1"},"og_locale":"pt_PT","og_type":"article","og_title":"Art Paris 2026 destaca linguagem, mem\u00f3ria e repara\u00e7\u00e3o no Grand Palais - Portal Tela Portugal","og_description":"A Art Paris 2026 regressa ao Grand Palais, de 9 a 12 de abril, com mais de 160 galerias de vinte pa\u00edses numa feira que junta arte contempor\u00e2nea, design e debate cr\u00edtico. O evento foca dois temas centrais: \u201cBabel: Art and Language in France\u201d (linguagem) e \u201cReparation\u201d (repara\u00e7\u00e3o), explorando a leitura, interpreta\u00e7\u00e3o e mem\u00f3ria na pr\u00e1tica art\u00edstica. Cerca de 40% dos expositores s\u00e3o internacionais, com um equil\u00edbrio entre galerias que j\u00e1 participaram e novos participantes. Destacam-se \u00e1reas como Promises (27 expositores jovens), a French Design Art Edition (design e pe\u00e7as \u00fanicas) e 24 exposi\u00e7\u00f5es monogr\u00e1ficas, oferecendo contrapontos mais \u00edntimos ao piso principal. Dois grandes pr\u00e9mios ser\u00e3o atribu\u00eddos durante o evento: BNP Paribas Banque Priv\u00e9e Prize e Her Art Prize, este \u00faltimo com 30 mil euros e promo\u00e7\u00e3o internacional, ligado \u00e0 visibilidade de artistas femininas.","og_url":"https:\/\/portaltela.pt\/noticias\/2026\/04\/08\/art-paris-2026-destaca-linguagem-memoria-e-reparacao-no-grand-palais\/","og_site_name":"Portal Tela Portugal","article_published_time":"2026-04-08T06:02:26+00:00","author":"Telinha","twitter_card":"summary_large_image","twitter_misc":{"Escrito por":"Telinha","Tempo estimado de leitura":"2 minutos"},"schema":{"@context":"https:\/\/schema.org","@graph":[{"@type":"Article","@id":"https:\/\/portaltela.pt\/noticias\/2026\/04\/08\/art-paris-2026-destaca-linguagem-memoria-e-reparacao-no-grand-palais\/#article","isPartOf":{"@id":"https:\/\/portaltela.pt\/noticias\/2026\/04\/08\/art-paris-2026-destaca-linguagem-memoria-e-reparacao-no-grand-palais\/"},"author":{"name":"Telinha","@id":"https:\/\/portaltela.pt\/#\/schema\/person\/c4278d4a6028830caff9ee44b42d32ed"},"headline":"Art Paris 2026 destaca linguagem, mem\u00f3ria e repara\u00e7\u00e3o no Grand Palais","datePublished":"2026-04-08T06:02:26+00:00","mainEntityOfPage":{"@id":"https:\/\/portaltela.pt\/noticias\/2026\/04\/08\/art-paris-2026-destaca-linguagem-memoria-e-reparacao-no-grand-palais\/"},"wordCount":407,"image":{"@id":"https:\/\/portaltela.pt\/noticias\/2026\/04\/08\/art-paris-2026-destaca-linguagem-memoria-e-reparacao-no-grand-palais\/#primaryimage"},"thumbnailUrl":"https:\/\/portaltela.pt\/s.01k8rhncp4jt1\/2026\/04\/1536x864_cmsv2_55f31132-d157-5fc0-b109-c367025b7f85-9713321.jpg","keywords":["_cultura","arte","design","exposi\u00e7\u00f5es","mem\u00f3ria p\u00fablica","Mulheres"],"articleSection":["Cultura","Not\u00edcias"],"inLanguage":"pt-PT"},{"@type":"WebPage","@id":"https:\/\/portaltela.pt\/noticias\/2026\/04\/08\/art-paris-2026-destaca-linguagem-memoria-e-reparacao-no-grand-palais\/","url":"https:\/\/portaltela.pt\/noticias\/2026\/04\/08\/art-paris-2026-destaca-linguagem-memoria-e-reparacao-no-grand-palais\/","name":"Art Paris 2026 destaca linguagem, mem\u00f3ria e repara\u00e7\u00e3o no Grand Palais - Portal Tela Portugal","isPartOf":{"@id":"https:\/\/portaltela.pt\/#website"},"primaryImageOfPage":{"@id":"https:\/\/portaltela.pt\/noticias\/2026\/04\/08\/art-paris-2026-destaca-linguagem-memoria-e-reparacao-no-grand-palais\/#primaryimage"},"image":{"@id":"https:\/\/portaltela.pt\/noticias\/2026\/04\/08\/art-paris-2026-destaca-linguagem-memoria-e-reparacao-no-grand-palais\/#primaryimage"},"thumbnailUrl":"https:\/\/portaltela.pt\/s.01k8rhncp4jt1\/2026\/04\/1536x864_cmsv2_55f31132-d157-5fc0-b109-c367025b7f85-9713321.jpg","datePublished":"2026-04-08T06:02:26+00:00","author":{"@id":"https:\/\/portaltela.pt\/#\/schema\/person\/c4278d4a6028830caff9ee44b42d32ed"},"breadcrumb":{"@id":"https:\/\/portaltela.pt\/noticias\/2026\/04\/08\/art-paris-2026-destaca-linguagem-memoria-e-reparacao-no-grand-palais\/#breadcrumb"},"inLanguage":"pt-PT","potentialAction":[{"@type":"ReadAction","target":["https:\/\/portaltela.pt\/noticias\/2026\/04\/08\/art-paris-2026-destaca-linguagem-memoria-e-reparacao-no-grand-palais\/"]}]},{"@type":"ImageObject","inLanguage":"pt-PT","@id":"https:\/\/portaltela.pt\/noticias\/2026\/04\/08\/art-paris-2026-destaca-linguagem-memoria-e-reparacao-no-grand-palais\/#primaryimage","url":"https:\/\/portaltela.pt\/s.01k8rhncp4jt1\/2026\/04\/1536x864_cmsv2_55f31132-d157-5fc0-b109-c367025b7f85-9713321.jpg","contentUrl":"https:\/\/portaltela.pt\/s.01k8rhncp4jt1\/2026\/04\/1536x864_cmsv2_55f31132-d157-5fc0-b109-c367025b7f85-9713321.jpg","width":796,"height":448,"caption":"Pen\u00e9lope a pintar, 2020"},{"@type":"BreadcrumbList","@id":"https:\/\/portaltela.pt\/noticias\/2026\/04\/08\/art-paris-2026-destaca-linguagem-memoria-e-reparacao-no-grand-palais\/#breadcrumb","itemListElement":[{"@type":"ListItem","position":1,"name":"In\u00edcio","item":"https:\/\/portaltela.pt\/"},{"@type":"ListItem","position":2,"name":"Art Paris 2026 destaca linguagem, mem\u00f3ria e repara\u00e7\u00e3o no Grand Palais"}]},{"@type":"WebSite","@id":"https:\/\/portaltela.pt\/#website","url":"https:\/\/portaltela.pt\/","name":"Portal Tela Portugal","description":"","potentialAction":[{"@type":"SearchAction","target":{"@type":"EntryPoint","urlTemplate":"https:\/\/portaltela.pt\/?s={search_term_string}"},"query-input":{"@type":"PropertyValueSpecification","valueRequired":true,"valueName":"search_term_string"}}],"inLanguage":"pt-PT"},{"@type":"Person","@id":"https:\/\/portaltela.pt\/#\/schema\/person\/c4278d4a6028830caff9ee44b42d32ed","name":"Telinha","image":{"@type":"ImageObject","inLanguage":"pt-PT","@id":"https:\/\/portaltela.pt\/s.01k8rhncp4jt1\/2025\/11\/talking-bot-125x125.png","url":"https:\/\/portaltela.pt\/s.01k8rhncp4jt1\/2025\/11\/talking-bot-125x125.png","contentUrl":"https:\/\/portaltela.pt\/s.01k8rhncp4jt1\/2025\/11\/talking-bot-125x125.png","caption":"Telinha"},"sameAs":["https:\/\/portaltela.pt\/"],"url":"https:\/\/portaltela.pt\/por\/367410592786\/"}]}},"_links":{"self":[{"href":"https:\/\/portaltela.pt\/api\/wp\/v2\/posts\/436131","targetHints":{"allow":["GET"]}}],"collection":[{"href":"https:\/\/portaltela.pt\/api\/wp\/v2\/posts"}],"about":[{"href":"https:\/\/portaltela.pt\/api\/wp\/v2\/types\/post"}],"author":[{"embeddable":true,"href":"https:\/\/portaltela.pt\/api\/wp\/v2\/users\/2"}],"replies":[{"embeddable":true,"href":"https:\/\/portaltela.pt\/api\/wp\/v2\/comments?post=436131"}],"version-history":[{"count":0,"href":"https:\/\/portaltela.pt\/api\/wp\/v2\/posts\/436131\/revisions"}],"wp:featuredmedia":[{"embeddable":true,"href":"https:\/\/portaltela.pt\/api\/wp\/v2\/media\/436132"}],"wp:attachment":[{"href":"https:\/\/portaltela.pt\/api\/wp\/v2\/media?parent=436131"}],"wp:term":[{"taxonomy":"category","embeddable":true,"href":"https:\/\/portaltela.pt\/api\/wp\/v2\/categories?post=436131"},{"taxonomy":"post_tag","embeddable":true,"href":"https:\/\/portaltela.pt\/api\/wp\/v2\/tags?post=436131"}],"curies":[{"name":"wp","href":"https:\/\/api.w.org\/{rel}","templated":true}]}}