{"id":436128,"date":"2026-04-08T03:02:20","date_gmt":"2026-04-08T06:02:20","guid":{"rendered":"https:\/\/portaltela.pt\/noticias\/2026\/04\/08\/adrien-recorda-aurelio-pereira-e-ve-portugueses-nos-maiores-clubes\/"},"modified":"2026-04-08T03:02:20","modified_gmt":"2026-04-08T06:02:20","slug":"adrien-recorda-aurelio-pereira-e-ve-portugueses-nos-maiores-clubes","status":"publish","type":"post","link":"https:\/\/portaltela.pt\/desporto\/futebol\/2026\/04\/08\/adrien-recorda-aurelio-pereira-e-ve-portugueses-nos-maiores-clubes\/","title":{"rendered":"Adrien recorda Aur\u00e9lio Pereira e v\u00ea portugueses nos maiores clubes"},"content":{"rendered":"<p>Adrien Silva recorda Aur\u00e9lio Pereira, mentor e amigo que desapareceu h\u00e1 um ano. O ex-futebolista portugu\u00eas reuniu-se novamente commemorar a figura que o ajudou a subir no futebol.<\/p>\n<p>Pelo papel que desempenhava, Aur\u00e9lio Pereira ficou marcado como mentor de v\u00e1rias promessas do Sporting. Subia ao centro de est\u00e1gios de Alcochete, moldando jovens talentos ao longo de in\u00fameras temporadas.<\/p>\n<p>Adrien descreve a liga\u00e7\u00e3o desde a chegada aos 13 anos, quando come\u00e7ou a construir a carreira que o levou a representar clubes de renome. O reconhecimento chega numa altura em que se assinala o primeiro anivers\u00e1rio da perda.<\/p>\n","protected":false},"excerpt":{"rendered":"<ul>\n<li>Adrien Silva recorda Aur\u00e9lio Pereira, mentor e amigo do Sporting, falecido h\u00e1 um ano.<\/li>\n<li>O ex\u2011m\u00e9dio cresceu no centro de est\u00e1gios de Alcochete desde os 13 anos.<\/li>\n<li>A rela\u00e7\u00e3o entre ambos era t\u00e3o pr\u00f3xima que se assemelhava a pai e filho.<\/li>\n<li>Adrien considera que as ra\u00edzes deixadas por Aur\u00e9lio contribu\u00edram para ver jogadores portugueses nos maiores clubes do mundo.<\/li>\n<li>O testemunho destaca o papel de Aur\u00e9lio Pereira na forma\u00e7\u00e3o de jovens talentos do Sporting.<\/li>\n<\/ul>\n","protected":false},"author":2,"featured_media":436130,"comment_status":"closed","ping_status":"closed","sticky":false,"template":"","format":"standard","meta":{"footnotes":""},"categories":[21,24],"tags":[152,32,2844,5653,1652],"class_list":["post-436128","post","type-post","status-publish","format-standard","has-post-thumbnail","hentry","category-desporto","category-futebol","tag-desporto","tag-futebol","tag-jovens","tag-promessas","tag-sporting"],"yoast_head":"<!-- This site is optimized with the Yoast SEO plugin v27.2 - https:\/\/yoast.com\/product\/yoast-seo-wordpress\/ -->\n<title>Adrien recorda Aur\u00e9lio Pereira e v\u00ea portugueses nos maiores clubes - Portal Tela Portugal<\/title>\n<meta name=\"robots\" content=\"index, follow, max-snippet:-1, max-image-preview:large, max-video-preview:-1\" \/>\n<meta property=\"og:locale\" content=\"pt_PT\" \/>\n<meta property=\"og:type\" content=\"article\" \/>\n<meta property=\"og:title\" content=\"Adrien recorda Aur\u00e9lio Pereira e v\u00ea portugueses nos maiores clubes - Portal Tela Portugal\" \/>\n<meta property=\"og:description\" content=\"Adrien Silva recorda Aur\u00e9lio Pereira, mentor e amigo do Sporting, falecido h\u00e1 um ano. O ex\u2011m\u00e9dio cresceu no centro de est\u00e1gios de Alcochete desde os 13 anos. A rela\u00e7\u00e3o entre ambos era t\u00e3o pr\u00f3xima que se assemelhava a pai e filho. Adrien considera que as ra\u00edzes deixadas por Aur\u00e9lio contribu\u00edram para ver jogadores portugueses nos maiores clubes do mundo. O testemunho destaca o papel de Aur\u00e9lio Pereira na forma\u00e7\u00e3o de jovens talentos do Sporting.\" \/>\n<meta property=\"og:url\" content=\"https:\/\/portaltela.pt\/noticias\/2026\/04\/08\/adrien-recorda-aurelio-pereira-e-ve-portugueses-nos-maiores-clubes\/\" \/>\n<meta property=\"og:site_name\" content=\"Portal Tela Portugal\" \/>\n<meta property=\"article:published_time\" content=\"2026-04-08T06:02:20+00:00\" \/>\n<meta name=\"author\" content=\"Telinha\" \/>\n<meta name=\"twitter:card\" content=\"summary_large_image\" \/>\n<meta name=\"twitter:label1\" content=\"Escrito por\" \/>\n\t<meta name=\"twitter:data1\" content=\"Telinha\" \/>\n\t<meta name=\"twitter:label2\" content=\"Tempo estimado de leitura\" \/>\n\t<meta name=\"twitter:data2\" content=\"1 minuto\" \/>\n<script type=\"application\/ld+json\" class=\"yoast-schema-graph\">{\"@context\":\"https:\/\/schema.org\",\"@graph\":[{\"@type\":\"Article\",\"@id\":\"https:\/\/portaltela.pt\/noticias\/2026\/04\/08\/adrien-recorda-aurelio-pereira-e-ve-portugueses-nos-maiores-clubes\/#article\",\"isPartOf\":{\"@id\":\"https:\/\/portaltela.pt\/noticias\/2026\/04\/08\/adrien-recorda-aurelio-pereira-e-ve-portugueses-nos-maiores-clubes\/\"},\"author\":{\"name\":\"Telinha\",\"@id\":\"https:\/\/portaltela.pt\/#\/schema\/person\/c4278d4a6028830caff9ee44b42d32ed\"},\"headline\":\"Adrien recorda Aur\u00e9lio Pereira e v\u00ea portugueses nos maiores clubes\",\"datePublished\":\"2026-04-08T06:02:20+00:00\",\"mainEntityOfPage\":{\"@id\":\"https:\/\/portaltela.pt\/noticias\/2026\/04\/08\/adrien-recorda-aurelio-pereira-e-ve-portugueses-nos-maiores-clubes\/\"},\"wordCount\":115,\"image\":{\"@id\":\"https:\/\/portaltela.pt\/noticias\/2026\/04\/08\/adrien-recorda-aurelio-pereira-e-ve-portugueses-nos-maiores-clubes\/#primaryimage\"},\"thumbnailUrl\":\"https:\/\/portaltela.pt\/s.01k8rhncp4jt1\/2026\/04\/img_920x518uu2025-10-30-20-03-05-2399450-im-639111793605552424.jpg\",\"keywords\":[\"desporto\",\"futebol\",\"jovens\",\"promessas\",\"Sporting\"],\"articleSection\":[\"Desporto\",\"Futebol\"],\"inLanguage\":\"pt-PT\"},{\"@type\":\"WebPage\",\"@id\":\"https:\/\/portaltela.pt\/noticias\/2026\/04\/08\/adrien-recorda-aurelio-pereira-e-ve-portugueses-nos-maiores-clubes\/\",\"url\":\"https:\/\/portaltela.pt\/noticias\/2026\/04\/08\/adrien-recorda-aurelio-pereira-e-ve-portugueses-nos-maiores-clubes\/\",\"name\":\"Adrien recorda Aur\u00e9lio Pereira e v\u00ea portugueses nos maiores clubes - Portal Tela Portugal\",\"isPartOf\":{\"@id\":\"https:\/\/portaltela.pt\/#website\"},\"primaryImageOfPage\":{\"@id\":\"https:\/\/portaltela.pt\/noticias\/2026\/04\/08\/adrien-recorda-aurelio-pereira-e-ve-portugueses-nos-maiores-clubes\/#primaryimage\"},\"image\":{\"@id\":\"https:\/\/portaltela.pt\/noticias\/2026\/04\/08\/adrien-recorda-aurelio-pereira-e-ve-portugueses-nos-maiores-clubes\/#primaryimage\"},\"thumbnailUrl\":\"https:\/\/portaltela.pt\/s.01k8rhncp4jt1\/2026\/04\/img_920x518uu2025-10-30-20-03-05-2399450-im-639111793605552424.jpg\",\"datePublished\":\"2026-04-08T06:02:20+00:00\",\"author\":{\"@id\":\"https:\/\/portaltela.pt\/#\/schema\/person\/c4278d4a6028830caff9ee44b42d32ed\"},\"breadcrumb\":{\"@id\":\"https:\/\/portaltela.pt\/noticias\/2026\/04\/08\/adrien-recorda-aurelio-pereira-e-ve-portugueses-nos-maiores-clubes\/#breadcrumb\"},\"inLanguage\":\"pt-PT\",\"potentialAction\":[{\"@type\":\"ReadAction\",\"target\":[\"https:\/\/portaltela.pt\/noticias\/2026\/04\/08\/adrien-recorda-aurelio-pereira-e-ve-portugueses-nos-maiores-clubes\/\"]}]},{\"@type\":\"ImageObject\",\"inLanguage\":\"pt-PT\",\"@id\":\"https:\/\/portaltela.pt\/noticias\/2026\/04\/08\/adrien-recorda-aurelio-pereira-e-ve-portugueses-nos-maiores-clubes\/#primaryimage\",\"url\":\"https:\/\/portaltela.pt\/s.01k8rhncp4jt1\/2026\/04\/img_920x518uu2025-10-30-20-03-05-2399450-im-639111793605552424.jpg\",\"contentUrl\":\"https:\/\/portaltela.pt\/s.01k8rhncp4jt1\/2026\/04\/img_920x518uu2025-10-30-20-03-05-2399450-im-639111793605552424.jpg\",\"width\":796,\"height\":448,\"caption\":\"Adrien Silva recorda amizade com Aur\u00e9lio Pereira\"},{\"@type\":\"BreadcrumbList\",\"@id\":\"https:\/\/portaltela.pt\/noticias\/2026\/04\/08\/adrien-recorda-aurelio-pereira-e-ve-portugueses-nos-maiores-clubes\/#breadcrumb\",\"itemListElement\":[{\"@type\":\"ListItem\",\"position\":1,\"name\":\"In\u00edcio\",\"item\":\"https:\/\/portaltela.pt\/\"},{\"@type\":\"ListItem\",\"position\":2,\"name\":\"Adrien recorda Aur\u00e9lio Pereira e v\u00ea portugueses nos maiores clubes\"}]},{\"@type\":\"WebSite\",\"@id\":\"https:\/\/portaltela.pt\/#website\",\"url\":\"https:\/\/portaltela.pt\/\",\"name\":\"Portal Tela Portugal\",\"description\":\"\",\"potentialAction\":[{\"@type\":\"SearchAction\",\"target\":{\"@type\":\"EntryPoint\",\"urlTemplate\":\"https:\/\/portaltela.pt\/?s={search_term_string}\"},\"query-input\":{\"@type\":\"PropertyValueSpecification\",\"valueRequired\":true,\"valueName\":\"search_term_string\"}}],\"inLanguage\":\"pt-PT\"},{\"@type\":\"Person\",\"@id\":\"https:\/\/portaltela.pt\/#\/schema\/person\/c4278d4a6028830caff9ee44b42d32ed\",\"name\":\"Telinha\",\"image\":{\"@type\":\"ImageObject\",\"inLanguage\":\"pt-PT\",\"@id\":\"https:\/\/portaltela.pt\/s.01k8rhncp4jt1\/2025\/11\/talking-bot-125x125.png\",\"url\":\"https:\/\/portaltela.pt\/s.01k8rhncp4jt1\/2025\/11\/talking-bot-125x125.png\",\"contentUrl\":\"https:\/\/portaltela.pt\/s.01k8rhncp4jt1\/2025\/11\/talking-bot-125x125.png\",\"caption\":\"Telinha\"},\"sameAs\":[\"https:\/\/portaltela.pt\/\"],\"url\":\"https:\/\/portaltela.pt\/por\/367410592786\/\"}]}<\/script>\n<!-- \/ Yoast SEO plugin. -->","yoast_head_json":{"title":"Adrien recorda Aur\u00e9lio Pereira e v\u00ea portugueses nos maiores clubes - Portal Tela Portugal","robots":{"index":"index","follow":"follow","max-snippet":"max-snippet:-1","max-image-preview":"max-image-preview:large","max-video-preview":"max-video-preview:-1"},"og_locale":"pt_PT","og_type":"article","og_title":"Adrien recorda Aur\u00e9lio Pereira e v\u00ea portugueses nos maiores clubes - Portal Tela Portugal","og_description":"Adrien Silva recorda Aur\u00e9lio Pereira, mentor e amigo do Sporting, falecido h\u00e1 um ano. O ex\u2011m\u00e9dio cresceu no centro de est\u00e1gios de Alcochete desde os 13 anos. A rela\u00e7\u00e3o entre ambos era t\u00e3o pr\u00f3xima que se assemelhava a pai e filho. Adrien considera que as ra\u00edzes deixadas por Aur\u00e9lio contribu\u00edram para ver jogadores portugueses nos maiores clubes do mundo. O testemunho destaca o papel de Aur\u00e9lio Pereira na forma\u00e7\u00e3o de jovens talentos do Sporting.","og_url":"https:\/\/portaltela.pt\/noticias\/2026\/04\/08\/adrien-recorda-aurelio-pereira-e-ve-portugueses-nos-maiores-clubes\/","og_site_name":"Portal Tela Portugal","article_published_time":"2026-04-08T06:02:20+00:00","author":"Telinha","twitter_card":"summary_large_image","twitter_misc":{"Escrito por":"Telinha","Tempo estimado de leitura":"1 minuto"},"schema":{"@context":"https:\/\/schema.org","@graph":[{"@type":"Article","@id":"https:\/\/portaltela.pt\/noticias\/2026\/04\/08\/adrien-recorda-aurelio-pereira-e-ve-portugueses-nos-maiores-clubes\/#article","isPartOf":{"@id":"https:\/\/portaltela.pt\/noticias\/2026\/04\/08\/adrien-recorda-aurelio-pereira-e-ve-portugueses-nos-maiores-clubes\/"},"author":{"name":"Telinha","@id":"https:\/\/portaltela.pt\/#\/schema\/person\/c4278d4a6028830caff9ee44b42d32ed"},"headline":"Adrien recorda Aur\u00e9lio Pereira e v\u00ea portugueses nos maiores clubes","datePublished":"2026-04-08T06:02:20+00:00","mainEntityOfPage":{"@id":"https:\/\/portaltela.pt\/noticias\/2026\/04\/08\/adrien-recorda-aurelio-pereira-e-ve-portugueses-nos-maiores-clubes\/"},"wordCount":115,"image":{"@id":"https:\/\/portaltela.pt\/noticias\/2026\/04\/08\/adrien-recorda-aurelio-pereira-e-ve-portugueses-nos-maiores-clubes\/#primaryimage"},"thumbnailUrl":"https:\/\/portaltela.pt\/s.01k8rhncp4jt1\/2026\/04\/img_920x518uu2025-10-30-20-03-05-2399450-im-639111793605552424.jpg","keywords":["desporto","futebol","jovens","promessas","Sporting"],"articleSection":["Desporto","Futebol"],"inLanguage":"pt-PT"},{"@type":"WebPage","@id":"https:\/\/portaltela.pt\/noticias\/2026\/04\/08\/adrien-recorda-aurelio-pereira-e-ve-portugueses-nos-maiores-clubes\/","url":"https:\/\/portaltela.pt\/noticias\/2026\/04\/08\/adrien-recorda-aurelio-pereira-e-ve-portugueses-nos-maiores-clubes\/","name":"Adrien recorda Aur\u00e9lio Pereira e v\u00ea portugueses nos maiores clubes - Portal Tela Portugal","isPartOf":{"@id":"https:\/\/portaltela.pt\/#website"},"primaryImageOfPage":{"@id":"https:\/\/portaltela.pt\/noticias\/2026\/04\/08\/adrien-recorda-aurelio-pereira-e-ve-portugueses-nos-maiores-clubes\/#primaryimage"},"image":{"@id":"https:\/\/portaltela.pt\/noticias\/2026\/04\/08\/adrien-recorda-aurelio-pereira-e-ve-portugueses-nos-maiores-clubes\/#primaryimage"},"thumbnailUrl":"https:\/\/portaltela.pt\/s.01k8rhncp4jt1\/2026\/04\/img_920x518uu2025-10-30-20-03-05-2399450-im-639111793605552424.jpg","datePublished":"2026-04-08T06:02:20+00:00","author":{"@id":"https:\/\/portaltela.pt\/#\/schema\/person\/c4278d4a6028830caff9ee44b42d32ed"},"breadcrumb":{"@id":"https:\/\/portaltela.pt\/noticias\/2026\/04\/08\/adrien-recorda-aurelio-pereira-e-ve-portugueses-nos-maiores-clubes\/#breadcrumb"},"inLanguage":"pt-PT","potentialAction":[{"@type":"ReadAction","target":["https:\/\/portaltela.pt\/noticias\/2026\/04\/08\/adrien-recorda-aurelio-pereira-e-ve-portugueses-nos-maiores-clubes\/"]}]},{"@type":"ImageObject","inLanguage":"pt-PT","@id":"https:\/\/portaltela.pt\/noticias\/2026\/04\/08\/adrien-recorda-aurelio-pereira-e-ve-portugueses-nos-maiores-clubes\/#primaryimage","url":"https:\/\/portaltela.pt\/s.01k8rhncp4jt1\/2026\/04\/img_920x518uu2025-10-30-20-03-05-2399450-im-639111793605552424.jpg","contentUrl":"https:\/\/portaltela.pt\/s.01k8rhncp4jt1\/2026\/04\/img_920x518uu2025-10-30-20-03-05-2399450-im-639111793605552424.jpg","width":796,"height":448,"caption":"Adrien Silva recorda amizade com Aur\u00e9lio Pereira"},{"@type":"BreadcrumbList","@id":"https:\/\/portaltela.pt\/noticias\/2026\/04\/08\/adrien-recorda-aurelio-pereira-e-ve-portugueses-nos-maiores-clubes\/#breadcrumb","itemListElement":[{"@type":"ListItem","position":1,"name":"In\u00edcio","item":"https:\/\/portaltela.pt\/"},{"@type":"ListItem","position":2,"name":"Adrien recorda Aur\u00e9lio Pereira e v\u00ea portugueses nos maiores clubes"}]},{"@type":"WebSite","@id":"https:\/\/portaltela.pt\/#website","url":"https:\/\/portaltela.pt\/","name":"Portal Tela Portugal","description":"","potentialAction":[{"@type":"SearchAction","target":{"@type":"EntryPoint","urlTemplate":"https:\/\/portaltela.pt\/?s={search_term_string}"},"query-input":{"@type":"PropertyValueSpecification","valueRequired":true,"valueName":"search_term_string"}}],"inLanguage":"pt-PT"},{"@type":"Person","@id":"https:\/\/portaltela.pt\/#\/schema\/person\/c4278d4a6028830caff9ee44b42d32ed","name":"Telinha","image":{"@type":"ImageObject","inLanguage":"pt-PT","@id":"https:\/\/portaltela.pt\/s.01k8rhncp4jt1\/2025\/11\/talking-bot-125x125.png","url":"https:\/\/portaltela.pt\/s.01k8rhncp4jt1\/2025\/11\/talking-bot-125x125.png","contentUrl":"https:\/\/portaltela.pt\/s.01k8rhncp4jt1\/2025\/11\/talking-bot-125x125.png","caption":"Telinha"},"sameAs":["https:\/\/portaltela.pt\/"],"url":"https:\/\/portaltela.pt\/por\/367410592786\/"}]}},"_links":{"self":[{"href":"https:\/\/portaltela.pt\/api\/wp\/v2\/posts\/436128","targetHints":{"allow":["GET"]}}],"collection":[{"href":"https:\/\/portaltela.pt\/api\/wp\/v2\/posts"}],"about":[{"href":"https:\/\/portaltela.pt\/api\/wp\/v2\/types\/post"}],"author":[{"embeddable":true,"href":"https:\/\/portaltela.pt\/api\/wp\/v2\/users\/2"}],"replies":[{"embeddable":true,"href":"https:\/\/portaltela.pt\/api\/wp\/v2\/comments?post=436128"}],"version-history":[{"count":0,"href":"https:\/\/portaltela.pt\/api\/wp\/v2\/posts\/436128\/revisions"}],"wp:featuredmedia":[{"embeddable":true,"href":"https:\/\/portaltela.pt\/api\/wp\/v2\/media\/436130"}],"wp:attachment":[{"href":"https:\/\/portaltela.pt\/api\/wp\/v2\/media?parent=436128"}],"wp:term":[{"taxonomy":"category","embeddable":true,"href":"https:\/\/portaltela.pt\/api\/wp\/v2\/categories?post=436128"},{"taxonomy":"post_tag","embeddable":true,"href":"https:\/\/portaltela.pt\/api\/wp\/v2\/tags?post=436128"}],"curies":[{"name":"wp","href":"https:\/\/api.w.org\/{rel}","templated":true}]}}