{"id":436125,"date":"2026-04-08T03:02:16","date_gmt":"2026-04-08T06:02:16","guid":{"rendered":"https:\/\/portaltela.pt\/noticias\/2026\/04\/08\/inverno-de-chuva-nao-travar-aridez-em-portugal\/"},"modified":"2026-04-08T03:02:16","modified_gmt":"2026-04-08T06:02:16","slug":"inverno-de-chuva-nao-travar-aridez-em-portugal","status":"publish","type":"post","link":"https:\/\/portaltela.pt\/tempo\/2026\/04\/08\/inverno-de-chuva-nao-travar-aridez-em-portugal\/","title":{"rendered":"Inverno de chuva n\u00e3o travar aridez em Portugal"},"content":{"rendered":"<p>Portugal vive um inverno marcado por chuva intensa e tempestades, sem impedir o avan\u00e7o da aridez. O presidente da Rep\u00fablica est\u00e1 a cumprir a Presid\u00eancia Aberta, num roteiro de cinco dias pelos distritos de Castelo Branco, Santar\u00e9m, Coimbra e Leiria, para avaliar os danos causados pelo mau tempo.<\/p>\n<p>Dados do IPMA indicam precipita\u00e7\u00e3o excecional em fevereiro, com totais mensais m\u00e9dios a rondar 300% da normal clim\u00e1tica. Climatologistas consultados explicam o fen\u00f3meno como um dil\u00favio estat\u00edstico que, apesar de encher rios e refor\u00e7ar barragens, n\u00e3o impede o pa\u00eds de caminhar para a aridez.<\/p>\n<p>O fen\u00f3meno tem impactos variados na opera\u00e7\u00e3o de recursos h\u00eddricos e na agricultura, j\u00e1 que volumes inesperadamente elevados podem distender o regime de \u00e1guas. As informa\u00e7\u00f5es oficiais refor\u00e7am a necessidade de monitoriza\u00e7\u00e3o permanente e de medidas de adapta\u00e7\u00e3o \u00e0s altera\u00e7\u00f5es clim\u00e1ticas.<\/p>\n","protected":false},"excerpt":{"rendered":"<ul>\n<li>O IPMA revela que fevereiro teve precipita\u00e7\u00e3o excecional, com totais mensais em m\u00e9dia cerca de 300 por cento da normal climatol\u00f3gica.<\/li>\n<li>O presidente da Rep\u00fablica est\u00e1 a cumprir a Presid\u00eancia Aberta, num roteiro de cinco dias pelos distritos de Castelo Branco, Santar\u00e9m, Coimbra e Leiria, para avaliar os danos causados pelo mau tempo.<\/li>\n<li>Os distritos em foco s\u00e3o Castelo Branco, Santar\u00e9m, Coimbra e Leiria.<\/li>\n<li>O ciclo de chuva intenso resulta num sereno paradoxal: rios cheios e barragens a respirar, mas o pa\u00eds avan\u00e7a, de forma silenciosa, para a aridez.<\/li>\n<li>Os climatologistas Vanda Cabrinha e Ricardo Deus destacam o contraste entre a intensidade de fevereiro e o impacto a longo prazo na disponibilidade de \u00e1gua.<\/li>\n<\/ul>\n","protected":false},"author":2,"featured_media":436126,"comment_status":"closed","ping_status":"closed","sticky":false,"template":"","format":"standard","meta":{"footnotes":""},"categories":[7380,7365],"tags":[7767,179,1090,2665,5329,5045],"class_list":["post-436125","post","type-post","status-publish","format-standard","has-post-thumbnail","hentry","category-clima","category-tempo","tag-_meio-ambiente","tag-agricultura","tag-agua","tag-alteracoes-climaticas","tag-chuva","tag-precipitacao"],"yoast_head":"<!-- This site is optimized with the Yoast SEO plugin v27.2 - https:\/\/yoast.com\/product\/yoast-seo-wordpress\/ -->\n<title>Inverno de chuva n\u00e3o travar aridez em Portugal - Portal Tela Portugal<\/title>\n<meta name=\"robots\" content=\"index, follow, max-snippet:-1, max-image-preview:large, max-video-preview:-1\" \/>\n<meta property=\"og:locale\" content=\"pt_PT\" \/>\n<meta property=\"og:type\" content=\"article\" \/>\n<meta property=\"og:title\" content=\"Inverno de chuva n\u00e3o travar aridez em Portugal - Portal Tela Portugal\" \/>\n<meta property=\"og:description\" content=\"O IPMA revela que fevereiro teve precipita\u00e7\u00e3o excecional, com totais mensais em m\u00e9dia cerca de 300 por cento da normal climatol\u00f3gica. O presidente da Rep\u00fablica est\u00e1 a cumprir a Presid\u00eancia Aberta, num roteiro de cinco dias pelos distritos de Castelo Branco, Santar\u00e9m, Coimbra e Leiria, para avaliar os danos causados pelo mau tempo. Os distritos em foco s\u00e3o Castelo Branco, Santar\u00e9m, Coimbra e Leiria. O ciclo de chuva intenso resulta num sereno paradoxal: rios cheios e barragens a respirar, mas o pa\u00eds avan\u00e7a, de forma silenciosa, para a aridez. Os climatologistas Vanda Cabrinha e Ricardo Deus destacam o contraste entre a intensidade de fevereiro e o impacto a longo prazo na disponibilidade de \u00e1gua.\" \/>\n<meta property=\"og:url\" content=\"https:\/\/portaltela.pt\/noticias\/2026\/04\/08\/inverno-de-chuva-nao-travar-aridez-em-portugal\/\" \/>\n<meta property=\"og:site_name\" content=\"Portal Tela Portugal\" \/>\n<meta property=\"article:published_time\" content=\"2026-04-08T06:02:16+00:00\" \/>\n<meta name=\"author\" content=\"Telinha\" \/>\n<meta name=\"twitter:card\" content=\"summary_large_image\" \/>\n<meta name=\"twitter:label1\" content=\"Escrito por\" \/>\n\t<meta name=\"twitter:data1\" content=\"Telinha\" \/>\n\t<meta name=\"twitter:label2\" content=\"Tempo estimado de leitura\" \/>\n\t<meta name=\"twitter:data2\" content=\"1 minuto\" \/>\n<script type=\"application\/ld+json\" class=\"yoast-schema-graph\">{\"@context\":\"https:\/\/schema.org\",\"@graph\":[{\"@type\":\"Article\",\"@id\":\"https:\/\/portaltela.pt\/noticias\/2026\/04\/08\/inverno-de-chuva-nao-travar-aridez-em-portugal\/#article\",\"isPartOf\":{\"@id\":\"https:\/\/portaltela.pt\/noticias\/2026\/04\/08\/inverno-de-chuva-nao-travar-aridez-em-portugal\/\"},\"author\":{\"name\":\"Telinha\",\"@id\":\"https:\/\/portaltela.pt\/#\/schema\/person\/c4278d4a6028830caff9ee44b42d32ed\"},\"headline\":\"Inverno de chuva n\u00e3o travar aridez em Portugal\",\"datePublished\":\"2026-04-08T06:02:16+00:00\",\"mainEntityOfPage\":{\"@id\":\"https:\/\/portaltela.pt\/noticias\/2026\/04\/08\/inverno-de-chuva-nao-travar-aridez-em-portugal\/\"},\"wordCount\":163,\"image\":{\"@id\":\"https:\/\/portaltela.pt\/noticias\/2026\/04\/08\/inverno-de-chuva-nao-travar-aridez-em-portugal\/#primaryimage\"},\"thumbnailUrl\":\"https:\/\/portaltela.pt\/s.01k8rhncp4jt1\/2026\/04\/image-420.jpg\",\"keywords\":[\"_meio-ambiente\",\"agricultura\",\"\u00e1gua\",\"Altera\u00e7\u00f5es Clim\u00e1ticas\",\"chuva\",\"precipita\u00e7\u00e3o\"],\"articleSection\":[\"Clima\",\"Tempo\"],\"inLanguage\":\"pt-PT\"},{\"@type\":\"WebPage\",\"@id\":\"https:\/\/portaltela.pt\/noticias\/2026\/04\/08\/inverno-de-chuva-nao-travar-aridez-em-portugal\/\",\"url\":\"https:\/\/portaltela.pt\/noticias\/2026\/04\/08\/inverno-de-chuva-nao-travar-aridez-em-portugal\/\",\"name\":\"Inverno de chuva n\u00e3o travar aridez em Portugal - Portal Tela Portugal\",\"isPartOf\":{\"@id\":\"https:\/\/portaltela.pt\/#website\"},\"primaryImageOfPage\":{\"@id\":\"https:\/\/portaltela.pt\/noticias\/2026\/04\/08\/inverno-de-chuva-nao-travar-aridez-em-portugal\/#primaryimage\"},\"image\":{\"@id\":\"https:\/\/portaltela.pt\/noticias\/2026\/04\/08\/inverno-de-chuva-nao-travar-aridez-em-portugal\/#primaryimage\"},\"thumbnailUrl\":\"https:\/\/portaltela.pt\/s.01k8rhncp4jt1\/2026\/04\/image-420.jpg\",\"datePublished\":\"2026-04-08T06:02:16+00:00\",\"author\":{\"@id\":\"https:\/\/portaltela.pt\/#\/schema\/person\/c4278d4a6028830caff9ee44b42d32ed\"},\"breadcrumb\":{\"@id\":\"https:\/\/portaltela.pt\/noticias\/2026\/04\/08\/inverno-de-chuva-nao-travar-aridez-em-portugal\/#breadcrumb\"},\"inLanguage\":\"pt-PT\",\"potentialAction\":[{\"@type\":\"ReadAction\",\"target\":[\"https:\/\/portaltela.pt\/noticias\/2026\/04\/08\/inverno-de-chuva-nao-travar-aridez-em-portugal\/\"]}]},{\"@type\":\"ImageObject\",\"inLanguage\":\"pt-PT\",\"@id\":\"https:\/\/portaltela.pt\/noticias\/2026\/04\/08\/inverno-de-chuva-nao-travar-aridez-em-portugal\/#primaryimage\",\"url\":\"https:\/\/portaltela.pt\/s.01k8rhncp4jt1\/2026\/04\/image-420.jpg\",\"contentUrl\":\"https:\/\/portaltela.pt\/s.01k8rhncp4jt1\/2026\/04\/image-420.jpg\",\"width\":796,\"height\":448,\"caption\":\"Durante as chuvas intensas, a autoestrada A1 sofreu junto ao Mondego. Tempestades como o Kristin ser\u00e3o o novo normal daqui para a frente\"},{\"@type\":\"BreadcrumbList\",\"@id\":\"https:\/\/portaltela.pt\/noticias\/2026\/04\/08\/inverno-de-chuva-nao-travar-aridez-em-portugal\/#breadcrumb\",\"itemListElement\":[{\"@type\":\"ListItem\",\"position\":1,\"name\":\"In\u00edcio\",\"item\":\"https:\/\/portaltela.pt\/\"},{\"@type\":\"ListItem\",\"position\":2,\"name\":\"Inverno de chuva n\u00e3o travar aridez em Portugal\"}]},{\"@type\":\"WebSite\",\"@id\":\"https:\/\/portaltela.pt\/#website\",\"url\":\"https:\/\/portaltela.pt\/\",\"name\":\"Portal Tela Portugal\",\"description\":\"\",\"potentialAction\":[{\"@type\":\"SearchAction\",\"target\":{\"@type\":\"EntryPoint\",\"urlTemplate\":\"https:\/\/portaltela.pt\/?s={search_term_string}\"},\"query-input\":{\"@type\":\"PropertyValueSpecification\",\"valueRequired\":true,\"valueName\":\"search_term_string\"}}],\"inLanguage\":\"pt-PT\"},{\"@type\":\"Person\",\"@id\":\"https:\/\/portaltela.pt\/#\/schema\/person\/c4278d4a6028830caff9ee44b42d32ed\",\"name\":\"Telinha\",\"image\":{\"@type\":\"ImageObject\",\"inLanguage\":\"pt-PT\",\"@id\":\"https:\/\/portaltela.pt\/s.01k8rhncp4jt1\/2025\/11\/talking-bot-125x125.png\",\"url\":\"https:\/\/portaltela.pt\/s.01k8rhncp4jt1\/2025\/11\/talking-bot-125x125.png\",\"contentUrl\":\"https:\/\/portaltela.pt\/s.01k8rhncp4jt1\/2025\/11\/talking-bot-125x125.png\",\"caption\":\"Telinha\"},\"sameAs\":[\"https:\/\/portaltela.pt\/\"],\"url\":\"https:\/\/portaltela.pt\/por\/367410592786\/\"}]}<\/script>\n<!-- \/ Yoast SEO plugin. -->","yoast_head_json":{"title":"Inverno de chuva n\u00e3o travar aridez em Portugal - Portal Tela Portugal","robots":{"index":"index","follow":"follow","max-snippet":"max-snippet:-1","max-image-preview":"max-image-preview:large","max-video-preview":"max-video-preview:-1"},"og_locale":"pt_PT","og_type":"article","og_title":"Inverno de chuva n\u00e3o travar aridez em Portugal - Portal Tela Portugal","og_description":"O IPMA revela que fevereiro teve precipita\u00e7\u00e3o excecional, com totais mensais em m\u00e9dia cerca de 300 por cento da normal climatol\u00f3gica. O presidente da Rep\u00fablica est\u00e1 a cumprir a Presid\u00eancia Aberta, num roteiro de cinco dias pelos distritos de Castelo Branco, Santar\u00e9m, Coimbra e Leiria, para avaliar os danos causados pelo mau tempo. Os distritos em foco s\u00e3o Castelo Branco, Santar\u00e9m, Coimbra e Leiria. O ciclo de chuva intenso resulta num sereno paradoxal: rios cheios e barragens a respirar, mas o pa\u00eds avan\u00e7a, de forma silenciosa, para a aridez. Os climatologistas Vanda Cabrinha e Ricardo Deus destacam o contraste entre a intensidade de fevereiro e o impacto a longo prazo na disponibilidade de \u00e1gua.","og_url":"https:\/\/portaltela.pt\/noticias\/2026\/04\/08\/inverno-de-chuva-nao-travar-aridez-em-portugal\/","og_site_name":"Portal Tela Portugal","article_published_time":"2026-04-08T06:02:16+00:00","author":"Telinha","twitter_card":"summary_large_image","twitter_misc":{"Escrito por":"Telinha","Tempo estimado de leitura":"1 minuto"},"schema":{"@context":"https:\/\/schema.org","@graph":[{"@type":"Article","@id":"https:\/\/portaltela.pt\/noticias\/2026\/04\/08\/inverno-de-chuva-nao-travar-aridez-em-portugal\/#article","isPartOf":{"@id":"https:\/\/portaltela.pt\/noticias\/2026\/04\/08\/inverno-de-chuva-nao-travar-aridez-em-portugal\/"},"author":{"name":"Telinha","@id":"https:\/\/portaltela.pt\/#\/schema\/person\/c4278d4a6028830caff9ee44b42d32ed"},"headline":"Inverno de chuva n\u00e3o travar aridez em Portugal","datePublished":"2026-04-08T06:02:16+00:00","mainEntityOfPage":{"@id":"https:\/\/portaltela.pt\/noticias\/2026\/04\/08\/inverno-de-chuva-nao-travar-aridez-em-portugal\/"},"wordCount":163,"image":{"@id":"https:\/\/portaltela.pt\/noticias\/2026\/04\/08\/inverno-de-chuva-nao-travar-aridez-em-portugal\/#primaryimage"},"thumbnailUrl":"https:\/\/portaltela.pt\/s.01k8rhncp4jt1\/2026\/04\/image-420.jpg","keywords":["_meio-ambiente","agricultura","\u00e1gua","Altera\u00e7\u00f5es Clim\u00e1ticas","chuva","precipita\u00e7\u00e3o"],"articleSection":["Clima","Tempo"],"inLanguage":"pt-PT"},{"@type":"WebPage","@id":"https:\/\/portaltela.pt\/noticias\/2026\/04\/08\/inverno-de-chuva-nao-travar-aridez-em-portugal\/","url":"https:\/\/portaltela.pt\/noticias\/2026\/04\/08\/inverno-de-chuva-nao-travar-aridez-em-portugal\/","name":"Inverno de chuva n\u00e3o travar aridez em Portugal - Portal Tela Portugal","isPartOf":{"@id":"https:\/\/portaltela.pt\/#website"},"primaryImageOfPage":{"@id":"https:\/\/portaltela.pt\/noticias\/2026\/04\/08\/inverno-de-chuva-nao-travar-aridez-em-portugal\/#primaryimage"},"image":{"@id":"https:\/\/portaltela.pt\/noticias\/2026\/04\/08\/inverno-de-chuva-nao-travar-aridez-em-portugal\/#primaryimage"},"thumbnailUrl":"https:\/\/portaltela.pt\/s.01k8rhncp4jt1\/2026\/04\/image-420.jpg","datePublished":"2026-04-08T06:02:16+00:00","author":{"@id":"https:\/\/portaltela.pt\/#\/schema\/person\/c4278d4a6028830caff9ee44b42d32ed"},"breadcrumb":{"@id":"https:\/\/portaltela.pt\/noticias\/2026\/04\/08\/inverno-de-chuva-nao-travar-aridez-em-portugal\/#breadcrumb"},"inLanguage":"pt-PT","potentialAction":[{"@type":"ReadAction","target":["https:\/\/portaltela.pt\/noticias\/2026\/04\/08\/inverno-de-chuva-nao-travar-aridez-em-portugal\/"]}]},{"@type":"ImageObject","inLanguage":"pt-PT","@id":"https:\/\/portaltela.pt\/noticias\/2026\/04\/08\/inverno-de-chuva-nao-travar-aridez-em-portugal\/#primaryimage","url":"https:\/\/portaltela.pt\/s.01k8rhncp4jt1\/2026\/04\/image-420.jpg","contentUrl":"https:\/\/portaltela.pt\/s.01k8rhncp4jt1\/2026\/04\/image-420.jpg","width":796,"height":448,"caption":"Durante as chuvas intensas, a autoestrada A1 sofreu junto ao Mondego. Tempestades como o Kristin ser\u00e3o o novo normal daqui para a frente"},{"@type":"BreadcrumbList","@id":"https:\/\/portaltela.pt\/noticias\/2026\/04\/08\/inverno-de-chuva-nao-travar-aridez-em-portugal\/#breadcrumb","itemListElement":[{"@type":"ListItem","position":1,"name":"In\u00edcio","item":"https:\/\/portaltela.pt\/"},{"@type":"ListItem","position":2,"name":"Inverno de chuva n\u00e3o travar aridez em Portugal"}]},{"@type":"WebSite","@id":"https:\/\/portaltela.pt\/#website","url":"https:\/\/portaltela.pt\/","name":"Portal Tela Portugal","description":"","potentialAction":[{"@type":"SearchAction","target":{"@type":"EntryPoint","urlTemplate":"https:\/\/portaltela.pt\/?s={search_term_string}"},"query-input":{"@type":"PropertyValueSpecification","valueRequired":true,"valueName":"search_term_string"}}],"inLanguage":"pt-PT"},{"@type":"Person","@id":"https:\/\/portaltela.pt\/#\/schema\/person\/c4278d4a6028830caff9ee44b42d32ed","name":"Telinha","image":{"@type":"ImageObject","inLanguage":"pt-PT","@id":"https:\/\/portaltela.pt\/s.01k8rhncp4jt1\/2025\/11\/talking-bot-125x125.png","url":"https:\/\/portaltela.pt\/s.01k8rhncp4jt1\/2025\/11\/talking-bot-125x125.png","contentUrl":"https:\/\/portaltela.pt\/s.01k8rhncp4jt1\/2025\/11\/talking-bot-125x125.png","caption":"Telinha"},"sameAs":["https:\/\/portaltela.pt\/"],"url":"https:\/\/portaltela.pt\/por\/367410592786\/"}]}},"_links":{"self":[{"href":"https:\/\/portaltela.pt\/api\/wp\/v2\/posts\/436125","targetHints":{"allow":["GET"]}}],"collection":[{"href":"https:\/\/portaltela.pt\/api\/wp\/v2\/posts"}],"about":[{"href":"https:\/\/portaltela.pt\/api\/wp\/v2\/types\/post"}],"author":[{"embeddable":true,"href":"https:\/\/portaltela.pt\/api\/wp\/v2\/users\/2"}],"replies":[{"embeddable":true,"href":"https:\/\/portaltela.pt\/api\/wp\/v2\/comments?post=436125"}],"version-history":[{"count":0,"href":"https:\/\/portaltela.pt\/api\/wp\/v2\/posts\/436125\/revisions"}],"wp:featuredmedia":[{"embeddable":true,"href":"https:\/\/portaltela.pt\/api\/wp\/v2\/media\/436126"}],"wp:attachment":[{"href":"https:\/\/portaltela.pt\/api\/wp\/v2\/media?parent=436125"}],"wp:term":[{"taxonomy":"category","embeddable":true,"href":"https:\/\/portaltela.pt\/api\/wp\/v2\/categories?post=436125"},{"taxonomy":"post_tag","embeddable":true,"href":"https:\/\/portaltela.pt\/api\/wp\/v2\/tags?post=436125"}],"curies":[{"name":"wp","href":"https:\/\/api.w.org\/{rel}","templated":true}]}}