{"id":436123,"date":"2026-04-08T02:32:05","date_gmt":"2026-04-08T05:32:05","guid":{"rendered":"https:\/\/portaltela.pt\/noticias\/2026\/04\/08\/salvar-bisoes-da-extincao-na-europa-melhora-biodiversidade-e-captura-carbono\/"},"modified":"2026-04-08T02:32:05","modified_gmt":"2026-04-08T05:32:05","slug":"salvar-bisoes-da-extincao-na-europa-melhora-biodiversidade-e-captura-carbono","status":"publish","type":"post","link":"https:\/\/portaltela.pt\/meio-ambiente\/2026\/04\/08\/salvar-bisoes-da-extincao-na-europa-melhora-biodiversidade-e-captura-carbono\/","title":{"rendered":"Salvar bis\u00f5es da extin\u00e7\u00e3o na Europa melhora biodiversidade e captura carbono"},"content":{"rendered":"<p>O bis\u00e3o-europeu, o maior mam\u00edfero terrestre selvagem da Europa, est\u00e1 a recuperar popula\u00e7\u00f5es em v\u00e1rias regi\u00f5es, ap\u00f3s ter estado \u00e0 beira da extin\u00e7\u00e3o no in\u00edcio do s\u00e9culo XX. A esp\u00e9cie tem hoje presen\u00e7a no Reino Unido, Rom\u00e9nia, Alemanha, Su\u00ed\u00e7a, Pol\u00f3nia, Bielorr\u00fassia e Litu\u00e2nia.<\/p>\n<p>A recupera\u00e7\u00e3o deve-se, em parte, aos esfor\u00e7os da Rewilding Europe, que ajudaram a manter a esp\u00e9cie viva em jardins zool\u00f3gicos e programas de reintrodu\u00e7\u00e3o. Entre 1950 e hoje, as popula\u00e7\u00f5es passaram de menos de 60 animais para milhares em liberdade.<\/p>\n<p>Na \u00faltima d\u00e9cada, o n\u00famero estimado de bis\u00f5es-europeus em liberdade aumentou de 2 579 para 7 000, com maiores manadas na Bielorr\u00fassia e na Pol\u00f3nia. Na Rom\u00e9nia, mais de 100 animais j\u00e1 circulam livremente nos Carpos do sul.<\/p>\n<h3>Reino Unido: impacto na regenera\u00e7\u00e3o de bosques<\/h3>\n<p>No Reino Unido, uma manada introduzida em Blean Woods, Kent, em 2022, j\u00e1 influencia a din\u00e2mica florestal. Conservacionistas indicam melhoria na passagem de luz ao solo, facilitando o aparecimento de novas esp\u00e9cies e a diversidade de habitats.<\/p>\n<p>Pontes para bis\u00f5es, com quatro estruturas planeadas para ampliar o acesso da manada a \u00e1reas maiores, dever\u00e3o ampliar o impacto ambiental positivo no bosque brit\u00e2nico.<\/p>\n<h3>Rom\u00e9nia: carbono e pastoreio<\/h3>\n<p>Em 2014, a Rewilding Europe e a WWF Rom\u00e9nia reintroduziram bis\u00f5es nos C\u00e1rpatos. Um estudo de 2024, da Universidade de Yale, sugere que os bis\u00f5es podem contribuir para mitigar altera\u00e7\u00f5es clim\u00e1ticas via captura e armazenamento de carbono.<\/p>\n<p>A manada romena pode envolver 170 indiv\u00edduos. A estimativa sugere que o seu efeito pode equivaler a reduzir emiss\u00f5es de at\u00e9 84 000 autom\u00f3veis m\u00e9dios por ano, dependendo de vari\u00e1veis do ecossistema.<\/p>\n<h3>Pa\u00edses Baixos: nidifica\u00e7\u00e3o com pelo de bis\u00e3o<\/h3>\n<p>No Parque Nacional Zuid-Kennemerland, os bis\u00f5es ajudam aves canoras durante a reprodu\u00e7\u00e3o. As aves reutilizam o pelo de inverno da manada para construir ninhos, beneficiando o isolamento e a temperatura dos ovos.<\/p>\n<p>Pesquisadores estudam se este material de nidifica\u00e7\u00e3o influencia o sucesso reprodutor das aves, com interesse em impactos ecol\u00f3gicos locais.<\/p>\n","protected":false},"excerpt":{"rendered":"<ul>\n<li>O bis\u00e3o-europeu, \u00e0 face da extin\u00e7\u00e3o no in\u00edcio do s\u00e9culo XX, regista reintrodu\u00e7\u00f5es no Reino Unido, Rom\u00e9nia, Alemanha, Su\u00ed\u00e7a, Pol\u00f3nia, Bielorr\u00fassia e Litu\u00e2nia; a popula\u00e7\u00e3o passou de 2.579 para 7.000 indiv\u00edduos na \u00faltima d\u00e9cada, gra\u00e7as a programas de recupera\u00e7\u00e3o.<\/li>\n<li>Na Rom\u00e9nia, as popula\u00e7\u00f5es reintroduzidas desde 2014 nos C\u00e1rpatos j\u00e1 somam cerca de 170 animais; estudo de 2024 da Universidade de Yale sugere que estes herb\u00edvoros ajudam a capturar e armazenar carbono, em compara\u00e7\u00e3o com a pegada de at\u00e9 84.000 autom\u00f3veis m\u00e9dios nos EUA.<\/li>\n<li>No Reino Unido, uma manada reintroduzida em Blean Woods, Kent, em 2022, j\u00e1 \u00e9 associada a impactos positivos na regenera\u00e7\u00e3o de bosques e na gest\u00e3o de habitats de outras esp\u00e9cies.<\/li>\n<li>Nos Pa\u00edses Baixos, os bis\u00f5es contribuem para a reprodu\u00e7\u00e3o de aves canoras, com o pelo de bis\u00e3o a ser utilizado na constru\u00e7\u00e3o de ninhos em Zuid-Kennemerland.<\/li>\n<li>Os programas de renaturaliza\u00e7\u00e3o, liderados pela Rewilding Europe e pela WWF Rom\u00e9nia, incluem ainda a instala\u00e7\u00e3o de pontes de acesso para ampliar o territ\u00f3rio dispon\u00edvel \u00e0s manadas.<\/li>\n<\/ul>\n","protected":false},"author":2,"featured_media":436124,"comment_status":"closed","ping_status":"closed","sticky":false,"template":"","format":"standard","meta":{"footnotes":""},"categories":[6725],"tags":[7767,1701,2768,4880,4198,2487],"class_list":["post-436123","post","type-post","status-publish","format-standard","has-post-thumbnail","hentry","category-meio-ambiente","tag-_meio-ambiente","tag-biodiversidade","tag-captacao-de-carbono","tag-conservacao-ambiental","tag-conservacao-da-natureza-e-da-biodiversidade","tag-europa"],"yoast_head":"<!-- This site is optimized with the Yoast SEO plugin v27.2 - https:\/\/yoast.com\/product\/yoast-seo-wordpress\/ -->\n<title>Salvar bis\u00f5es da extin\u00e7\u00e3o na Europa melhora biodiversidade e captura carbono - Portal Tela Portugal<\/title>\n<meta name=\"robots\" content=\"index, follow, max-snippet:-1, max-image-preview:large, max-video-preview:-1\" \/>\n<meta property=\"og:locale\" content=\"pt_PT\" \/>\n<meta property=\"og:type\" content=\"article\" \/>\n<meta property=\"og:title\" content=\"Salvar bis\u00f5es da extin\u00e7\u00e3o na Europa melhora biodiversidade e captura carbono - Portal Tela Portugal\" \/>\n<meta property=\"og:description\" content=\"O bis\u00e3o-europeu, \u00e0 face da extin\u00e7\u00e3o no in\u00edcio do s\u00e9culo XX, regista reintrodu\u00e7\u00f5es no Reino Unido, Rom\u00e9nia, Alemanha, Su\u00ed\u00e7a, Pol\u00f3nia, Bielorr\u00fassia e Litu\u00e2nia; a popula\u00e7\u00e3o passou de 2.579 para 7.000 indiv\u00edduos na \u00faltima d\u00e9cada, gra\u00e7as a programas de recupera\u00e7\u00e3o. Na Rom\u00e9nia, as popula\u00e7\u00f5es reintroduzidas desde 2014 nos C\u00e1rpatos j\u00e1 somam cerca de 170 animais; estudo de 2024 da Universidade de Yale sugere que estes herb\u00edvoros ajudam a capturar e armazenar carbono, em compara\u00e7\u00e3o com a pegada de at\u00e9 84.000 autom\u00f3veis m\u00e9dios nos EUA. No Reino Unido, uma manada reintroduzida em Blean Woods, Kent, em 2022, j\u00e1 \u00e9 associada a impactos positivos na regenera\u00e7\u00e3o de bosques e na gest\u00e3o de habitats de outras esp\u00e9cies. Nos Pa\u00edses Baixos, os bis\u00f5es contribuem para a reprodu\u00e7\u00e3o de aves canoras, com o pelo de bis\u00e3o a ser utilizado na constru\u00e7\u00e3o de ninhos em Zuid-Kennemerland. Os programas de renaturaliza\u00e7\u00e3o, liderados pela Rewilding Europe e pela WWF Rom\u00e9nia, incluem ainda a instala\u00e7\u00e3o de pontes de acesso para ampliar o territ\u00f3rio dispon\u00edvel \u00e0s manadas.\" \/>\n<meta property=\"og:url\" content=\"https:\/\/portaltela.pt\/noticias\/2026\/04\/08\/salvar-bisoes-da-extincao-na-europa-melhora-biodiversidade-e-captura-carbono\/\" \/>\n<meta property=\"og:site_name\" content=\"Portal Tela Portugal\" \/>\n<meta property=\"article:published_time\" content=\"2026-04-08T05:32:05+00:00\" \/>\n<meta name=\"author\" content=\"Telinha\" \/>\n<meta name=\"twitter:card\" content=\"summary_large_image\" \/>\n<meta name=\"twitter:label1\" content=\"Escrito por\" \/>\n\t<meta name=\"twitter:data1\" content=\"Telinha\" \/>\n\t<meta name=\"twitter:label2\" content=\"Tempo estimado de leitura\" \/>\n\t<meta name=\"twitter:data2\" content=\"2 minutos\" \/>\n<script type=\"application\/ld+json\" class=\"yoast-schema-graph\">{\"@context\":\"https:\/\/schema.org\",\"@graph\":[{\"@type\":\"Article\",\"@id\":\"https:\/\/portaltela.pt\/noticias\/2026\/04\/08\/salvar-bisoes-da-extincao-na-europa-melhora-biodiversidade-e-captura-carbono\/#article\",\"isPartOf\":{\"@id\":\"https:\/\/portaltela.pt\/noticias\/2026\/04\/08\/salvar-bisoes-da-extincao-na-europa-melhora-biodiversidade-e-captura-carbono\/\"},\"author\":{\"name\":\"Telinha\",\"@id\":\"https:\/\/portaltela.pt\/#\/schema\/person\/c4278d4a6028830caff9ee44b42d32ed\"},\"headline\":\"Salvar bis\u00f5es da extin\u00e7\u00e3o na Europa melhora biodiversidade e captura carbono\",\"datePublished\":\"2026-04-08T05:32:05+00:00\",\"mainEntityOfPage\":{\"@id\":\"https:\/\/portaltela.pt\/noticias\/2026\/04\/08\/salvar-bisoes-da-extincao-na-europa-melhora-biodiversidade-e-captura-carbono\/\"},\"wordCount\":373,\"image\":{\"@id\":\"https:\/\/portaltela.pt\/noticias\/2026\/04\/08\/salvar-bisoes-da-extincao-na-europa-melhora-biodiversidade-e-captura-carbono\/#primaryimage\"},\"thumbnailUrl\":\"https:\/\/portaltela.pt\/s.01k8rhncp4jt1\/2026\/04\/1536x864_cmsv2_22f4dc97-12ec-5762-9748-e89df16761e5-9713367.jpg\",\"keywords\":[\"_meio-ambiente\",\"biodiversidade\",\"capta\u00e7\u00e3o de carbono\",\"conserva\u00e7\u00e3o ambiental\",\"conserva\u00e7\u00e3o da natureza e da biodiversidade\",\"Europa\"],\"articleSection\":[\"Meio Ambiente\"],\"inLanguage\":\"pt-PT\"},{\"@type\":\"WebPage\",\"@id\":\"https:\/\/portaltela.pt\/noticias\/2026\/04\/08\/salvar-bisoes-da-extincao-na-europa-melhora-biodiversidade-e-captura-carbono\/\",\"url\":\"https:\/\/portaltela.pt\/noticias\/2026\/04\/08\/salvar-bisoes-da-extincao-na-europa-melhora-biodiversidade-e-captura-carbono\/\",\"name\":\"Salvar bis\u00f5es da extin\u00e7\u00e3o na Europa melhora biodiversidade e captura carbono - Portal Tela Portugal\",\"isPartOf\":{\"@id\":\"https:\/\/portaltela.pt\/#website\"},\"primaryImageOfPage\":{\"@id\":\"https:\/\/portaltela.pt\/noticias\/2026\/04\/08\/salvar-bisoes-da-extincao-na-europa-melhora-biodiversidade-e-captura-carbono\/#primaryimage\"},\"image\":{\"@id\":\"https:\/\/portaltela.pt\/noticias\/2026\/04\/08\/salvar-bisoes-da-extincao-na-europa-melhora-biodiversidade-e-captura-carbono\/#primaryimage\"},\"thumbnailUrl\":\"https:\/\/portaltela.pt\/s.01k8rhncp4jt1\/2026\/04\/1536x864_cmsv2_22f4dc97-12ec-5762-9748-e89df16761e5-9713367.jpg\",\"datePublished\":\"2026-04-08T05:32:05+00:00\",\"author\":{\"@id\":\"https:\/\/portaltela.pt\/#\/schema\/person\/c4278d4a6028830caff9ee44b42d32ed\"},\"breadcrumb\":{\"@id\":\"https:\/\/portaltela.pt\/noticias\/2026\/04\/08\/salvar-bisoes-da-extincao-na-europa-melhora-biodiversidade-e-captura-carbono\/#breadcrumb\"},\"inLanguage\":\"pt-PT\",\"potentialAction\":[{\"@type\":\"ReadAction\",\"target\":[\"https:\/\/portaltela.pt\/noticias\/2026\/04\/08\/salvar-bisoes-da-extincao-na-europa-melhora-biodiversidade-e-captura-carbono\/\"]}]},{\"@type\":\"ImageObject\",\"inLanguage\":\"pt-PT\",\"@id\":\"https:\/\/portaltela.pt\/noticias\/2026\/04\/08\/salvar-bisoes-da-extincao-na-europa-melhora-biodiversidade-e-captura-carbono\/#primaryimage\",\"url\":\"https:\/\/portaltela.pt\/s.01k8rhncp4jt1\/2026\/04\/1536x864_cmsv2_22f4dc97-12ec-5762-9748-e89df16761e5-9713367.jpg\",\"contentUrl\":\"https:\/\/portaltela.pt\/s.01k8rhncp4jt1\/2026\/04\/1536x864_cmsv2_22f4dc97-12ec-5762-9748-e89df16761e5-9713367.jpg\",\"width\":796,\"height\":448,\"caption\":\"Maior mam\u00edfero terrestre selvagem da Europa foi salvo da extin\u00e7\u00e3o iminente\"},{\"@type\":\"BreadcrumbList\",\"@id\":\"https:\/\/portaltela.pt\/noticias\/2026\/04\/08\/salvar-bisoes-da-extincao-na-europa-melhora-biodiversidade-e-captura-carbono\/#breadcrumb\",\"itemListElement\":[{\"@type\":\"ListItem\",\"position\":1,\"name\":\"In\u00edcio\",\"item\":\"https:\/\/portaltela.pt\/\"},{\"@type\":\"ListItem\",\"position\":2,\"name\":\"Salvar bis\u00f5es da extin\u00e7\u00e3o na Europa melhora biodiversidade e captura carbono\"}]},{\"@type\":\"WebSite\",\"@id\":\"https:\/\/portaltela.pt\/#website\",\"url\":\"https:\/\/portaltela.pt\/\",\"name\":\"Portal Tela Portugal\",\"description\":\"\",\"potentialAction\":[{\"@type\":\"SearchAction\",\"target\":{\"@type\":\"EntryPoint\",\"urlTemplate\":\"https:\/\/portaltela.pt\/?s={search_term_string}\"},\"query-input\":{\"@type\":\"PropertyValueSpecification\",\"valueRequired\":true,\"valueName\":\"search_term_string\"}}],\"inLanguage\":\"pt-PT\"},{\"@type\":\"Person\",\"@id\":\"https:\/\/portaltela.pt\/#\/schema\/person\/c4278d4a6028830caff9ee44b42d32ed\",\"name\":\"Telinha\",\"image\":{\"@type\":\"ImageObject\",\"inLanguage\":\"pt-PT\",\"@id\":\"https:\/\/portaltela.pt\/s.01k8rhncp4jt1\/2025\/11\/talking-bot-125x125.png\",\"url\":\"https:\/\/portaltela.pt\/s.01k8rhncp4jt1\/2025\/11\/talking-bot-125x125.png\",\"contentUrl\":\"https:\/\/portaltela.pt\/s.01k8rhncp4jt1\/2025\/11\/talking-bot-125x125.png\",\"caption\":\"Telinha\"},\"sameAs\":[\"https:\/\/portaltela.pt\/\"],\"url\":\"https:\/\/portaltela.pt\/por\/367410592786\/\"}]}<\/script>\n<!-- \/ Yoast SEO plugin. -->","yoast_head_json":{"title":"Salvar bis\u00f5es da extin\u00e7\u00e3o na Europa melhora biodiversidade e captura carbono - Portal Tela Portugal","robots":{"index":"index","follow":"follow","max-snippet":"max-snippet:-1","max-image-preview":"max-image-preview:large","max-video-preview":"max-video-preview:-1"},"og_locale":"pt_PT","og_type":"article","og_title":"Salvar bis\u00f5es da extin\u00e7\u00e3o na Europa melhora biodiversidade e captura carbono - Portal Tela Portugal","og_description":"O bis\u00e3o-europeu, \u00e0 face da extin\u00e7\u00e3o no in\u00edcio do s\u00e9culo XX, regista reintrodu\u00e7\u00f5es no Reino Unido, Rom\u00e9nia, Alemanha, Su\u00ed\u00e7a, Pol\u00f3nia, Bielorr\u00fassia e Litu\u00e2nia; a popula\u00e7\u00e3o passou de 2.579 para 7.000 indiv\u00edduos na \u00faltima d\u00e9cada, gra\u00e7as a programas de recupera\u00e7\u00e3o. Na Rom\u00e9nia, as popula\u00e7\u00f5es reintroduzidas desde 2014 nos C\u00e1rpatos j\u00e1 somam cerca de 170 animais; estudo de 2024 da Universidade de Yale sugere que estes herb\u00edvoros ajudam a capturar e armazenar carbono, em compara\u00e7\u00e3o com a pegada de at\u00e9 84.000 autom\u00f3veis m\u00e9dios nos EUA. No Reino Unido, uma manada reintroduzida em Blean Woods, Kent, em 2022, j\u00e1 \u00e9 associada a impactos positivos na regenera\u00e7\u00e3o de bosques e na gest\u00e3o de habitats de outras esp\u00e9cies. Nos Pa\u00edses Baixos, os bis\u00f5es contribuem para a reprodu\u00e7\u00e3o de aves canoras, com o pelo de bis\u00e3o a ser utilizado na constru\u00e7\u00e3o de ninhos em Zuid-Kennemerland. Os programas de renaturaliza\u00e7\u00e3o, liderados pela Rewilding Europe e pela WWF Rom\u00e9nia, incluem ainda a instala\u00e7\u00e3o de pontes de acesso para ampliar o territ\u00f3rio dispon\u00edvel \u00e0s manadas.","og_url":"https:\/\/portaltela.pt\/noticias\/2026\/04\/08\/salvar-bisoes-da-extincao-na-europa-melhora-biodiversidade-e-captura-carbono\/","og_site_name":"Portal Tela Portugal","article_published_time":"2026-04-08T05:32:05+00:00","author":"Telinha","twitter_card":"summary_large_image","twitter_misc":{"Escrito por":"Telinha","Tempo estimado de leitura":"2 minutos"},"schema":{"@context":"https:\/\/schema.org","@graph":[{"@type":"Article","@id":"https:\/\/portaltela.pt\/noticias\/2026\/04\/08\/salvar-bisoes-da-extincao-na-europa-melhora-biodiversidade-e-captura-carbono\/#article","isPartOf":{"@id":"https:\/\/portaltela.pt\/noticias\/2026\/04\/08\/salvar-bisoes-da-extincao-na-europa-melhora-biodiversidade-e-captura-carbono\/"},"author":{"name":"Telinha","@id":"https:\/\/portaltela.pt\/#\/schema\/person\/c4278d4a6028830caff9ee44b42d32ed"},"headline":"Salvar bis\u00f5es da extin\u00e7\u00e3o na Europa melhora biodiversidade e captura carbono","datePublished":"2026-04-08T05:32:05+00:00","mainEntityOfPage":{"@id":"https:\/\/portaltela.pt\/noticias\/2026\/04\/08\/salvar-bisoes-da-extincao-na-europa-melhora-biodiversidade-e-captura-carbono\/"},"wordCount":373,"image":{"@id":"https:\/\/portaltela.pt\/noticias\/2026\/04\/08\/salvar-bisoes-da-extincao-na-europa-melhora-biodiversidade-e-captura-carbono\/#primaryimage"},"thumbnailUrl":"https:\/\/portaltela.pt\/s.01k8rhncp4jt1\/2026\/04\/1536x864_cmsv2_22f4dc97-12ec-5762-9748-e89df16761e5-9713367.jpg","keywords":["_meio-ambiente","biodiversidade","capta\u00e7\u00e3o de carbono","conserva\u00e7\u00e3o ambiental","conserva\u00e7\u00e3o da natureza e da biodiversidade","Europa"],"articleSection":["Meio Ambiente"],"inLanguage":"pt-PT"},{"@type":"WebPage","@id":"https:\/\/portaltela.pt\/noticias\/2026\/04\/08\/salvar-bisoes-da-extincao-na-europa-melhora-biodiversidade-e-captura-carbono\/","url":"https:\/\/portaltela.pt\/noticias\/2026\/04\/08\/salvar-bisoes-da-extincao-na-europa-melhora-biodiversidade-e-captura-carbono\/","name":"Salvar bis\u00f5es da extin\u00e7\u00e3o na Europa melhora biodiversidade e captura carbono - Portal Tela Portugal","isPartOf":{"@id":"https:\/\/portaltela.pt\/#website"},"primaryImageOfPage":{"@id":"https:\/\/portaltela.pt\/noticias\/2026\/04\/08\/salvar-bisoes-da-extincao-na-europa-melhora-biodiversidade-e-captura-carbono\/#primaryimage"},"image":{"@id":"https:\/\/portaltela.pt\/noticias\/2026\/04\/08\/salvar-bisoes-da-extincao-na-europa-melhora-biodiversidade-e-captura-carbono\/#primaryimage"},"thumbnailUrl":"https:\/\/portaltela.pt\/s.01k8rhncp4jt1\/2026\/04\/1536x864_cmsv2_22f4dc97-12ec-5762-9748-e89df16761e5-9713367.jpg","datePublished":"2026-04-08T05:32:05+00:00","author":{"@id":"https:\/\/portaltela.pt\/#\/schema\/person\/c4278d4a6028830caff9ee44b42d32ed"},"breadcrumb":{"@id":"https:\/\/portaltela.pt\/noticias\/2026\/04\/08\/salvar-bisoes-da-extincao-na-europa-melhora-biodiversidade-e-captura-carbono\/#breadcrumb"},"inLanguage":"pt-PT","potentialAction":[{"@type":"ReadAction","target":["https:\/\/portaltela.pt\/noticias\/2026\/04\/08\/salvar-bisoes-da-extincao-na-europa-melhora-biodiversidade-e-captura-carbono\/"]}]},{"@type":"ImageObject","inLanguage":"pt-PT","@id":"https:\/\/portaltela.pt\/noticias\/2026\/04\/08\/salvar-bisoes-da-extincao-na-europa-melhora-biodiversidade-e-captura-carbono\/#primaryimage","url":"https:\/\/portaltela.pt\/s.01k8rhncp4jt1\/2026\/04\/1536x864_cmsv2_22f4dc97-12ec-5762-9748-e89df16761e5-9713367.jpg","contentUrl":"https:\/\/portaltela.pt\/s.01k8rhncp4jt1\/2026\/04\/1536x864_cmsv2_22f4dc97-12ec-5762-9748-e89df16761e5-9713367.jpg","width":796,"height":448,"caption":"Maior mam\u00edfero terrestre selvagem da Europa foi salvo da extin\u00e7\u00e3o iminente"},{"@type":"BreadcrumbList","@id":"https:\/\/portaltela.pt\/noticias\/2026\/04\/08\/salvar-bisoes-da-extincao-na-europa-melhora-biodiversidade-e-captura-carbono\/#breadcrumb","itemListElement":[{"@type":"ListItem","position":1,"name":"In\u00edcio","item":"https:\/\/portaltela.pt\/"},{"@type":"ListItem","position":2,"name":"Salvar bis\u00f5es da extin\u00e7\u00e3o na Europa melhora biodiversidade e captura carbono"}]},{"@type":"WebSite","@id":"https:\/\/portaltela.pt\/#website","url":"https:\/\/portaltela.pt\/","name":"Portal Tela Portugal","description":"","potentialAction":[{"@type":"SearchAction","target":{"@type":"EntryPoint","urlTemplate":"https:\/\/portaltela.pt\/?s={search_term_string}"},"query-input":{"@type":"PropertyValueSpecification","valueRequired":true,"valueName":"search_term_string"}}],"inLanguage":"pt-PT"},{"@type":"Person","@id":"https:\/\/portaltela.pt\/#\/schema\/person\/c4278d4a6028830caff9ee44b42d32ed","name":"Telinha","image":{"@type":"ImageObject","inLanguage":"pt-PT","@id":"https:\/\/portaltela.pt\/s.01k8rhncp4jt1\/2025\/11\/talking-bot-125x125.png","url":"https:\/\/portaltela.pt\/s.01k8rhncp4jt1\/2025\/11\/talking-bot-125x125.png","contentUrl":"https:\/\/portaltela.pt\/s.01k8rhncp4jt1\/2025\/11\/talking-bot-125x125.png","caption":"Telinha"},"sameAs":["https:\/\/portaltela.pt\/"],"url":"https:\/\/portaltela.pt\/por\/367410592786\/"}]}},"_links":{"self":[{"href":"https:\/\/portaltela.pt\/api\/wp\/v2\/posts\/436123","targetHints":{"allow":["GET"]}}],"collection":[{"href":"https:\/\/portaltela.pt\/api\/wp\/v2\/posts"}],"about":[{"href":"https:\/\/portaltela.pt\/api\/wp\/v2\/types\/post"}],"author":[{"embeddable":true,"href":"https:\/\/portaltela.pt\/api\/wp\/v2\/users\/2"}],"replies":[{"embeddable":true,"href":"https:\/\/portaltela.pt\/api\/wp\/v2\/comments?post=436123"}],"version-history":[{"count":0,"href":"https:\/\/portaltela.pt\/api\/wp\/v2\/posts\/436123\/revisions"}],"wp:featuredmedia":[{"embeddable":true,"href":"https:\/\/portaltela.pt\/api\/wp\/v2\/media\/436124"}],"wp:attachment":[{"href":"https:\/\/portaltela.pt\/api\/wp\/v2\/media?parent=436123"}],"wp:term":[{"taxonomy":"category","embeddable":true,"href":"https:\/\/portaltela.pt\/api\/wp\/v2\/categories?post=436123"},{"taxonomy":"post_tag","embeddable":true,"href":"https:\/\/portaltela.pt\/api\/wp\/v2\/tags?post=436123"}],"curies":[{"name":"wp","href":"https:\/\/api.w.org\/{rel}","templated":true}]}}