{"id":436117,"date":"2026-04-08T02:02:00","date_gmt":"2026-04-08T05:02:00","guid":{"rendered":"https:\/\/portaltela.pt\/noticias\/2026\/04\/08\/seul-afirma-que-coreia-do-norte-disparou-projetil-nao-identificado\/"},"modified":"2026-04-08T02:02:00","modified_gmt":"2026-04-08T05:02:00","slug":"seul-afirma-que-coreia-do-norte-disparou-projetil-nao-identificado","status":"publish","type":"post","link":"https:\/\/portaltela.pt\/seguranca\/2026\/04\/08\/seul-afirma-que-coreia-do-norte-disparou-projetil-nao-identificado\/","title":{"rendered":"Seul afirma que Coreia do Norte disparou proj\u00e9til n\u00e3o identificado"},"content":{"rendered":"<p>O Ex\u00e9rcito da Coreia do Sul afirmou hoje que a Coreia do Norte disparou um proj\u00e9til n\u00e3o identificado. O an\u00fancio indica que o objeto foi lan\u00e7ado recentemente, em dire\u00e7\u00e3o a \u00e1reas monitorizadas pela defesa sul-coreana.<\/p>\n<p>Segundo autoridades sul-coreanas, o lan\u00e7amento est\u00e1 a ser analisado pelas for\u00e7as armadas e por servi\u00e7os de intelig\u00eancia. Ainda n\u00e3o foram divulgadas caracter\u00edsticas t\u00e9cnicas do proj\u00e9til nem o trajeto percorrido.<\/p>\n<p>As informa\u00e7\u00f5es s\u00e3o tratadas como parte de um aumento de tens\u00f5es na regi\u00e3o, com o governo sul-coreano a acompanhar de perto a situa\u00e7\u00e3o e a coordenar com aliados. N\u00e3o houve confirma\u00e7\u00e3o imediata de impactos ou de resposta diplom\u00e1tica.<\/p>\n<p>Observa\u00e7\u00e3o: as informa\u00e7\u00f5es est\u00e3o a ser atualizadas \u00e0 medida que chegam novos dados das ag\u00eancias de defesa.<\/p>\n","protected":false},"excerpt":{"rendered":"<ul>\n<li>Seul afirma que a Coreia do Norte disparou um proj\u00e9til n\u00e3o identificado.<\/li>\n<li>O conte\u00fado completo da not\u00edcia est\u00e1 dispon\u00edvel apenas para subscritores.<\/li>\n<li>N\u00e3o h\u00e1, no momento, detalhes adicionais publicamente dispon\u00edveis.<\/li>\n<li>N\u00e3o foram fornecidos dados sobre data, local ou tipo de proj\u00e9til no material acess\u00edvel.<\/li>\n<\/ul>\n","protected":false},"author":2,"featured_media":436118,"comment_status":"closed","ping_status":"closed","sticky":false,"template":"","format":"standard","meta":{"footnotes":""},"categories":[6912,6779],"tags":[182,1533,2198,3006,4222,5043],"class_list":["post-436117","post","type-post","status-publish","format-standard","has-post-thumbnail","hentry","category-internacionais","category-seguranca","tag-armas","tag-armas-de-fogo","tag-conflitos-internacionais","tag-coreia-do-norte","tag-seguranca-internacional","tag-tensoes-internacionais"],"yoast_head":"<!-- This site is optimized with the Yoast SEO plugin v27.2 - https:\/\/yoast.com\/product\/yoast-seo-wordpress\/ -->\n<title>Seul afirma que Coreia do Norte disparou proj\u00e9til n\u00e3o identificado - Portal Tela Portugal<\/title>\n<meta name=\"robots\" content=\"index, follow, max-snippet:-1, max-image-preview:large, max-video-preview:-1\" \/>\n<meta property=\"og:locale\" content=\"pt_PT\" \/>\n<meta property=\"og:type\" content=\"article\" \/>\n<meta property=\"og:title\" content=\"Seul afirma que Coreia do Norte disparou proj\u00e9til n\u00e3o identificado - Portal Tela Portugal\" \/>\n<meta property=\"og:description\" content=\"Seul afirma que a Coreia do Norte disparou um proj\u00e9til n\u00e3o identificado. O conte\u00fado completo da not\u00edcia est\u00e1 dispon\u00edvel apenas para subscritores. N\u00e3o h\u00e1, no momento, detalhes adicionais publicamente dispon\u00edveis. N\u00e3o foram fornecidos dados sobre data, local ou tipo de proj\u00e9til no material acess\u00edvel.\" \/>\n<meta property=\"og:url\" content=\"https:\/\/portaltela.pt\/noticias\/2026\/04\/08\/seul-afirma-que-coreia-do-norte-disparou-projetil-nao-identificado\/\" \/>\n<meta property=\"og:site_name\" content=\"Portal Tela Portugal\" \/>\n<meta property=\"article:published_time\" content=\"2026-04-08T05:02:00+00:00\" \/>\n<meta name=\"author\" content=\"Telinha\" \/>\n<meta name=\"twitter:card\" content=\"summary_large_image\" \/>\n<meta name=\"twitter:label1\" content=\"Escrito por\" \/>\n\t<meta name=\"twitter:data1\" content=\"Telinha\" \/>\n\t<meta name=\"twitter:label2\" content=\"Tempo estimado de leitura\" \/>\n\t<meta name=\"twitter:data2\" content=\"1 minuto\" \/>\n<script type=\"application\/ld+json\" class=\"yoast-schema-graph\">{\"@context\":\"https:\/\/schema.org\",\"@graph\":[{\"@type\":\"Article\",\"@id\":\"https:\/\/portaltela.pt\/noticias\/2026\/04\/08\/seul-afirma-que-coreia-do-norte-disparou-projetil-nao-identificado\/#article\",\"isPartOf\":{\"@id\":\"https:\/\/portaltela.pt\/noticias\/2026\/04\/08\/seul-afirma-que-coreia-do-norte-disparou-projetil-nao-identificado\/\"},\"author\":{\"name\":\"Telinha\",\"@id\":\"https:\/\/portaltela.pt\/#\/schema\/person\/c4278d4a6028830caff9ee44b42d32ed\"},\"headline\":\"Seul afirma que Coreia do Norte disparou proj\u00e9til n\u00e3o identificado\",\"datePublished\":\"2026-04-08T05:02:00+00:00\",\"mainEntityOfPage\":{\"@id\":\"https:\/\/portaltela.pt\/noticias\/2026\/04\/08\/seul-afirma-que-coreia-do-norte-disparou-projetil-nao-identificado\/\"},\"wordCount\":156,\"image\":{\"@id\":\"https:\/\/portaltela.pt\/noticias\/2026\/04\/08\/seul-afirma-que-coreia-do-norte-disparou-projetil-nao-identificado\/#primaryimage\"},\"thumbnailUrl\":\"https:\/\/portaltela.pt\/s.01k8rhncp4jt1\/2026\/04\/CACHE_780X1200_ANALOG_WATERMARKED_46833779_18834597975805.jpg\",\"keywords\":[\"armas\",\"armas de fogo\",\"conflitos internacionais\",\"Coreia do Norte\",\"seguran\u00e7a internacional\",\"tens\u00f5es internacionais\"],\"articleSection\":[\"Internacionais\",\"Seguran\u00e7a\"],\"inLanguage\":\"pt-PT\"},{\"@type\":\"WebPage\",\"@id\":\"https:\/\/portaltela.pt\/noticias\/2026\/04\/08\/seul-afirma-que-coreia-do-norte-disparou-projetil-nao-identificado\/\",\"url\":\"https:\/\/portaltela.pt\/noticias\/2026\/04\/08\/seul-afirma-que-coreia-do-norte-disparou-projetil-nao-identificado\/\",\"name\":\"Seul afirma que Coreia do Norte disparou proj\u00e9til n\u00e3o identificado - Portal Tela Portugal\",\"isPartOf\":{\"@id\":\"https:\/\/portaltela.pt\/#website\"},\"primaryImageOfPage\":{\"@id\":\"https:\/\/portaltela.pt\/noticias\/2026\/04\/08\/seul-afirma-que-coreia-do-norte-disparou-projetil-nao-identificado\/#primaryimage\"},\"image\":{\"@id\":\"https:\/\/portaltela.pt\/noticias\/2026\/04\/08\/seul-afirma-que-coreia-do-norte-disparou-projetil-nao-identificado\/#primaryimage\"},\"thumbnailUrl\":\"https:\/\/portaltela.pt\/s.01k8rhncp4jt1\/2026\/04\/CACHE_780X1200_ANALOG_WATERMARKED_46833779_18834597975805.jpg\",\"datePublished\":\"2026-04-08T05:02:00+00:00\",\"author\":{\"@id\":\"https:\/\/portaltela.pt\/#\/schema\/person\/c4278d4a6028830caff9ee44b42d32ed\"},\"breadcrumb\":{\"@id\":\"https:\/\/portaltela.pt\/noticias\/2026\/04\/08\/seul-afirma-que-coreia-do-norte-disparou-projetil-nao-identificado\/#breadcrumb\"},\"inLanguage\":\"pt-PT\",\"potentialAction\":[{\"@type\":\"ReadAction\",\"target\":[\"https:\/\/portaltela.pt\/noticias\/2026\/04\/08\/seul-afirma-que-coreia-do-norte-disparou-projetil-nao-identificado\/\"]}]},{\"@type\":\"ImageObject\",\"inLanguage\":\"pt-PT\",\"@id\":\"https:\/\/portaltela.pt\/noticias\/2026\/04\/08\/seul-afirma-que-coreia-do-norte-disparou-projetil-nao-identificado\/#primaryimage\",\"url\":\"https:\/\/portaltela.pt\/s.01k8rhncp4jt1\/2026\/04\/CACHE_780X1200_ANALOG_WATERMARKED_46833779_18834597975805.jpg\",\"contentUrl\":\"https:\/\/portaltela.pt\/s.01k8rhncp4jt1\/2026\/04\/CACHE_780X1200_ANALOG_WATERMARKED_46833779_18834597975805.jpg\",\"width\":768,\"height\":522,\"caption\":\"Seul afirma que Coreia do Norte disparou um proj\u00e9til n\u00e3o identificado\"},{\"@type\":\"BreadcrumbList\",\"@id\":\"https:\/\/portaltela.pt\/noticias\/2026\/04\/08\/seul-afirma-que-coreia-do-norte-disparou-projetil-nao-identificado\/#breadcrumb\",\"itemListElement\":[{\"@type\":\"ListItem\",\"position\":1,\"name\":\"In\u00edcio\",\"item\":\"https:\/\/portaltela.pt\/\"},{\"@type\":\"ListItem\",\"position\":2,\"name\":\"Seul afirma que Coreia do Norte disparou proj\u00e9til n\u00e3o identificado\"}]},{\"@type\":\"WebSite\",\"@id\":\"https:\/\/portaltela.pt\/#website\",\"url\":\"https:\/\/portaltela.pt\/\",\"name\":\"Portal Tela Portugal\",\"description\":\"\",\"potentialAction\":[{\"@type\":\"SearchAction\",\"target\":{\"@type\":\"EntryPoint\",\"urlTemplate\":\"https:\/\/portaltela.pt\/?s={search_term_string}\"},\"query-input\":{\"@type\":\"PropertyValueSpecification\",\"valueRequired\":true,\"valueName\":\"search_term_string\"}}],\"inLanguage\":\"pt-PT\"},{\"@type\":\"Person\",\"@id\":\"https:\/\/portaltela.pt\/#\/schema\/person\/c4278d4a6028830caff9ee44b42d32ed\",\"name\":\"Telinha\",\"image\":{\"@type\":\"ImageObject\",\"inLanguage\":\"pt-PT\",\"@id\":\"https:\/\/portaltela.pt\/s.01k8rhncp4jt1\/2025\/11\/talking-bot-125x125.png\",\"url\":\"https:\/\/portaltela.pt\/s.01k8rhncp4jt1\/2025\/11\/talking-bot-125x125.png\",\"contentUrl\":\"https:\/\/portaltela.pt\/s.01k8rhncp4jt1\/2025\/11\/talking-bot-125x125.png\",\"caption\":\"Telinha\"},\"sameAs\":[\"https:\/\/portaltela.pt\/\"],\"url\":\"https:\/\/portaltela.pt\/por\/367410592786\/\"}]}<\/script>\n<!-- \/ Yoast SEO plugin. -->","yoast_head_json":{"title":"Seul afirma que Coreia do Norte disparou proj\u00e9til n\u00e3o identificado - Portal Tela Portugal","robots":{"index":"index","follow":"follow","max-snippet":"max-snippet:-1","max-image-preview":"max-image-preview:large","max-video-preview":"max-video-preview:-1"},"og_locale":"pt_PT","og_type":"article","og_title":"Seul afirma que Coreia do Norte disparou proj\u00e9til n\u00e3o identificado - Portal Tela Portugal","og_description":"Seul afirma que a Coreia do Norte disparou um proj\u00e9til n\u00e3o identificado. O conte\u00fado completo da not\u00edcia est\u00e1 dispon\u00edvel apenas para subscritores. N\u00e3o h\u00e1, no momento, detalhes adicionais publicamente dispon\u00edveis. N\u00e3o foram fornecidos dados sobre data, local ou tipo de proj\u00e9til no material acess\u00edvel.","og_url":"https:\/\/portaltela.pt\/noticias\/2026\/04\/08\/seul-afirma-que-coreia-do-norte-disparou-projetil-nao-identificado\/","og_site_name":"Portal Tela Portugal","article_published_time":"2026-04-08T05:02:00+00:00","author":"Telinha","twitter_card":"summary_large_image","twitter_misc":{"Escrito por":"Telinha","Tempo estimado de leitura":"1 minuto"},"schema":{"@context":"https:\/\/schema.org","@graph":[{"@type":"Article","@id":"https:\/\/portaltela.pt\/noticias\/2026\/04\/08\/seul-afirma-que-coreia-do-norte-disparou-projetil-nao-identificado\/#article","isPartOf":{"@id":"https:\/\/portaltela.pt\/noticias\/2026\/04\/08\/seul-afirma-que-coreia-do-norte-disparou-projetil-nao-identificado\/"},"author":{"name":"Telinha","@id":"https:\/\/portaltela.pt\/#\/schema\/person\/c4278d4a6028830caff9ee44b42d32ed"},"headline":"Seul afirma que Coreia do Norte disparou proj\u00e9til n\u00e3o identificado","datePublished":"2026-04-08T05:02:00+00:00","mainEntityOfPage":{"@id":"https:\/\/portaltela.pt\/noticias\/2026\/04\/08\/seul-afirma-que-coreia-do-norte-disparou-projetil-nao-identificado\/"},"wordCount":156,"image":{"@id":"https:\/\/portaltela.pt\/noticias\/2026\/04\/08\/seul-afirma-que-coreia-do-norte-disparou-projetil-nao-identificado\/#primaryimage"},"thumbnailUrl":"https:\/\/portaltela.pt\/s.01k8rhncp4jt1\/2026\/04\/CACHE_780X1200_ANALOG_WATERMARKED_46833779_18834597975805.jpg","keywords":["armas","armas de fogo","conflitos internacionais","Coreia do Norte","seguran\u00e7a internacional","tens\u00f5es internacionais"],"articleSection":["Internacionais","Seguran\u00e7a"],"inLanguage":"pt-PT"},{"@type":"WebPage","@id":"https:\/\/portaltela.pt\/noticias\/2026\/04\/08\/seul-afirma-que-coreia-do-norte-disparou-projetil-nao-identificado\/","url":"https:\/\/portaltela.pt\/noticias\/2026\/04\/08\/seul-afirma-que-coreia-do-norte-disparou-projetil-nao-identificado\/","name":"Seul afirma que Coreia do Norte disparou proj\u00e9til n\u00e3o identificado - Portal Tela Portugal","isPartOf":{"@id":"https:\/\/portaltela.pt\/#website"},"primaryImageOfPage":{"@id":"https:\/\/portaltela.pt\/noticias\/2026\/04\/08\/seul-afirma-que-coreia-do-norte-disparou-projetil-nao-identificado\/#primaryimage"},"image":{"@id":"https:\/\/portaltela.pt\/noticias\/2026\/04\/08\/seul-afirma-que-coreia-do-norte-disparou-projetil-nao-identificado\/#primaryimage"},"thumbnailUrl":"https:\/\/portaltela.pt\/s.01k8rhncp4jt1\/2026\/04\/CACHE_780X1200_ANALOG_WATERMARKED_46833779_18834597975805.jpg","datePublished":"2026-04-08T05:02:00+00:00","author":{"@id":"https:\/\/portaltela.pt\/#\/schema\/person\/c4278d4a6028830caff9ee44b42d32ed"},"breadcrumb":{"@id":"https:\/\/portaltela.pt\/noticias\/2026\/04\/08\/seul-afirma-que-coreia-do-norte-disparou-projetil-nao-identificado\/#breadcrumb"},"inLanguage":"pt-PT","potentialAction":[{"@type":"ReadAction","target":["https:\/\/portaltela.pt\/noticias\/2026\/04\/08\/seul-afirma-que-coreia-do-norte-disparou-projetil-nao-identificado\/"]}]},{"@type":"ImageObject","inLanguage":"pt-PT","@id":"https:\/\/portaltela.pt\/noticias\/2026\/04\/08\/seul-afirma-que-coreia-do-norte-disparou-projetil-nao-identificado\/#primaryimage","url":"https:\/\/portaltela.pt\/s.01k8rhncp4jt1\/2026\/04\/CACHE_780X1200_ANALOG_WATERMARKED_46833779_18834597975805.jpg","contentUrl":"https:\/\/portaltela.pt\/s.01k8rhncp4jt1\/2026\/04\/CACHE_780X1200_ANALOG_WATERMARKED_46833779_18834597975805.jpg","width":768,"height":522,"caption":"Seul afirma que Coreia do Norte disparou um proj\u00e9til n\u00e3o identificado"},{"@type":"BreadcrumbList","@id":"https:\/\/portaltela.pt\/noticias\/2026\/04\/08\/seul-afirma-que-coreia-do-norte-disparou-projetil-nao-identificado\/#breadcrumb","itemListElement":[{"@type":"ListItem","position":1,"name":"In\u00edcio","item":"https:\/\/portaltela.pt\/"},{"@type":"ListItem","position":2,"name":"Seul afirma que Coreia do Norte disparou proj\u00e9til n\u00e3o identificado"}]},{"@type":"WebSite","@id":"https:\/\/portaltela.pt\/#website","url":"https:\/\/portaltela.pt\/","name":"Portal Tela Portugal","description":"","potentialAction":[{"@type":"SearchAction","target":{"@type":"EntryPoint","urlTemplate":"https:\/\/portaltela.pt\/?s={search_term_string}"},"query-input":{"@type":"PropertyValueSpecification","valueRequired":true,"valueName":"search_term_string"}}],"inLanguage":"pt-PT"},{"@type":"Person","@id":"https:\/\/portaltela.pt\/#\/schema\/person\/c4278d4a6028830caff9ee44b42d32ed","name":"Telinha","image":{"@type":"ImageObject","inLanguage":"pt-PT","@id":"https:\/\/portaltela.pt\/s.01k8rhncp4jt1\/2025\/11\/talking-bot-125x125.png","url":"https:\/\/portaltela.pt\/s.01k8rhncp4jt1\/2025\/11\/talking-bot-125x125.png","contentUrl":"https:\/\/portaltela.pt\/s.01k8rhncp4jt1\/2025\/11\/talking-bot-125x125.png","caption":"Telinha"},"sameAs":["https:\/\/portaltela.pt\/"],"url":"https:\/\/portaltela.pt\/por\/367410592786\/"}]}},"_links":{"self":[{"href":"https:\/\/portaltela.pt\/api\/wp\/v2\/posts\/436117","targetHints":{"allow":["GET"]}}],"collection":[{"href":"https:\/\/portaltela.pt\/api\/wp\/v2\/posts"}],"about":[{"href":"https:\/\/portaltela.pt\/api\/wp\/v2\/types\/post"}],"author":[{"embeddable":true,"href":"https:\/\/portaltela.pt\/api\/wp\/v2\/users\/2"}],"replies":[{"embeddable":true,"href":"https:\/\/portaltela.pt\/api\/wp\/v2\/comments?post=436117"}],"version-history":[{"count":0,"href":"https:\/\/portaltela.pt\/api\/wp\/v2\/posts\/436117\/revisions"}],"wp:featuredmedia":[{"embeddable":true,"href":"https:\/\/portaltela.pt\/api\/wp\/v2\/media\/436118"}],"wp:attachment":[{"href":"https:\/\/portaltela.pt\/api\/wp\/v2\/media?parent=436117"}],"wp:term":[{"taxonomy":"category","embeddable":true,"href":"https:\/\/portaltela.pt\/api\/wp\/v2\/categories?post=436117"},{"taxonomy":"post_tag","embeddable":true,"href":"https:\/\/portaltela.pt\/api\/wp\/v2\/tags?post=436117"}],"curies":[{"name":"wp","href":"https:\/\/api.w.org\/{rel}","templated":true}]}}