{"id":436102,"date":"2026-04-07T17:48:00","date_gmt":"2026-04-07T20:48:00","guid":{"rendered":"https:\/\/portaltela.pt\/noticias\/2026\/04\/07\/ministra-da-saude-afirma-que-sns-nunca-respondeu-com-tanta-intensidade\/"},"modified":"2026-04-07T17:48:00","modified_gmt":"2026-04-07T20:48:00","slug":"ministra-da-saude-afirma-que-sns-nunca-respondeu-com-tanta-intensidade","status":"publish","type":"post","link":"https:\/\/portaltela.pt\/saude\/2026\/04\/07\/ministra-da-saude-afirma-que-sns-nunca-respondeu-com-tanta-intensidade\/","title":{"rendered":"Ministra da Sa\u00fade afirma que SNS nunca respondeu com tanta intensidade"},"content":{"rendered":"<p>A ministra da Sa\u00fade afirmou hoje que o Servi\u00e7o Nacional de Sa\u00fade (SNS) tem registado uma recupera\u00e7\u00e3o da atividade hospitalar, com melhoria tanto em qualidade como em quantidade, com base nos \u00faltimos dados do sector.<\/p>\n<p>Segundo a governante, as estat\u00edsticas recentes mostram uma evolu\u00e7\u00e3o significativa na presta\u00e7\u00e3o de cuidados hospitalares, refletindo uma resposta mais robusta do SNS.<\/p>\n<p>A declara\u00e7\u00e3o enquadra-se no contexto de monitoriza\u00e7\u00e3o cont\u00ednua do desempenho do SNS, com enfoque na recupera\u00e7\u00e3o dos servi\u00e7os hospitalares e na sua capacidade de resposta aos utentes.<\/p>\n","protected":false},"excerpt":{"rendered":"<ul>\n<li>A ministra da Sa\u00fade elogiou os \u00faltimos dados estat\u00edsticos do setor, ligados \u00e0 recupera\u00e7\u00e3o da atividade hospitalar.<\/li>\n<li>Disse que o Servi\u00e7o Nacional de Sa\u00fade (SNS) \u201cnunca deu uma resposta t\u00e3o intensa em qualidade e quantidade como agora\u201d.<\/li>\n<li>O conte\u00fado completo est\u00e1 dispon\u00edvel apenas para subscritores.<\/li>\n<li>O comunicado foi feito numa ocasi\u00e3o de apresenta\u00e7\u00e3o dos dados do setor.<\/li>\n<\/ul>\n","protected":false},"author":2,"featured_media":436106,"comment_status":"closed","ping_status":"closed","sticky":false,"template":"","format":"standard","meta":{"footnotes":""},"categories":[7371,6745],"tags":[2654,2581,172,271,1221],"class_list":["post-436102","post","type-post","status-publish","format-standard","has-post-thumbnail","hentry","category-medicina","category-saude","tag-cuidados-de-saude-primarios","tag-hospitais","tag-saude","tag-saude-publica","tag-servicos-publicos"],"yoast_head":"<!-- This site is optimized with the Yoast SEO plugin v27.2 - https:\/\/yoast.com\/product\/yoast-seo-wordpress\/ -->\n<title>Ministra da Sa\u00fade afirma que SNS nunca respondeu com tanta intensidade - Portal Tela Portugal<\/title>\n<meta name=\"robots\" content=\"index, follow, max-snippet:-1, max-image-preview:large, max-video-preview:-1\" \/>\n<meta property=\"og:locale\" content=\"pt_PT\" \/>\n<meta property=\"og:type\" content=\"article\" \/>\n<meta property=\"og:title\" content=\"Ministra da Sa\u00fade afirma que SNS nunca respondeu com tanta intensidade - Portal Tela Portugal\" \/>\n<meta property=\"og:description\" content=\"A ministra da Sa\u00fade elogiou os \u00faltimos dados estat\u00edsticos do setor, ligados \u00e0 recupera\u00e7\u00e3o da atividade hospitalar. Disse que o Servi\u00e7o Nacional de Sa\u00fade (SNS) \u201cnunca deu uma resposta t\u00e3o intensa em qualidade e quantidade como agora\u201d. O conte\u00fado completo est\u00e1 dispon\u00edvel apenas para subscritores. O comunicado foi feito numa ocasi\u00e3o de apresenta\u00e7\u00e3o dos dados do setor.\" \/>\n<meta property=\"og:url\" content=\"https:\/\/portaltela.pt\/noticias\/2026\/04\/07\/ministra-da-saude-afirma-que-sns-nunca-respondeu-com-tanta-intensidade\/\" \/>\n<meta property=\"og:site_name\" content=\"Portal Tela Portugal\" \/>\n<meta property=\"article:published_time\" content=\"2026-04-07T20:48:00+00:00\" \/>\n<meta name=\"author\" content=\"Telinha\" \/>\n<meta name=\"twitter:card\" content=\"summary_large_image\" \/>\n<meta name=\"twitter:label1\" content=\"Escrito por\" \/>\n\t<meta name=\"twitter:data1\" content=\"Telinha\" \/>\n<script type=\"application\/ld+json\" class=\"yoast-schema-graph\">{\"@context\":\"https:\/\/schema.org\",\"@graph\":[{\"@type\":\"Article\",\"@id\":\"https:\/\/portaltela.pt\/noticias\/2026\/04\/07\/ministra-da-saude-afirma-que-sns-nunca-respondeu-com-tanta-intensidade\/#article\",\"isPartOf\":{\"@id\":\"https:\/\/portaltela.pt\/noticias\/2026\/04\/07\/ministra-da-saude-afirma-que-sns-nunca-respondeu-com-tanta-intensidade\/\"},\"author\":{\"name\":\"Telinha\",\"@id\":\"https:\/\/portaltela.pt\/#\/schema\/person\/c4278d4a6028830caff9ee44b42d32ed\"},\"headline\":\"Ministra da Sa\u00fade afirma que SNS nunca respondeu com tanta intensidade\",\"datePublished\":\"2026-04-07T20:48:00+00:00\",\"mainEntityOfPage\":{\"@id\":\"https:\/\/portaltela.pt\/noticias\/2026\/04\/07\/ministra-da-saude-afirma-que-sns-nunca-respondeu-com-tanta-intensidade\/\"},\"wordCount\":108,\"image\":{\"@id\":\"https:\/\/portaltela.pt\/noticias\/2026\/04\/07\/ministra-da-saude-afirma-que-sns-nunca-respondeu-com-tanta-intensidade\/#primaryimage\"},\"thumbnailUrl\":\"https:\/\/portaltela.pt\/s.01k8rhncp4jt1\/2026\/04\/CACHE_780X1200_ANALOG_WATERMARKED_46629894_3982237_24022026094848.jpg\",\"keywords\":[\"Cuidados de Sa\u00fade Prim\u00e1rios\",\"hospitais\",\"sa\u00fade\",\"sa\u00fade p\u00fablica\",\"servi\u00e7os p\u00fablicos\"],\"articleSection\":[\"Medicina\",\"Sa\u00fade\"],\"inLanguage\":\"pt-PT\"},{\"@type\":\"WebPage\",\"@id\":\"https:\/\/portaltela.pt\/noticias\/2026\/04\/07\/ministra-da-saude-afirma-que-sns-nunca-respondeu-com-tanta-intensidade\/\",\"url\":\"https:\/\/portaltela.pt\/noticias\/2026\/04\/07\/ministra-da-saude-afirma-que-sns-nunca-respondeu-com-tanta-intensidade\/\",\"name\":\"Ministra da Sa\u00fade afirma que SNS nunca respondeu com tanta intensidade - Portal Tela Portugal\",\"isPartOf\":{\"@id\":\"https:\/\/portaltela.pt\/#website\"},\"primaryImageOfPage\":{\"@id\":\"https:\/\/portaltela.pt\/noticias\/2026\/04\/07\/ministra-da-saude-afirma-que-sns-nunca-respondeu-com-tanta-intensidade\/#primaryimage\"},\"image\":{\"@id\":\"https:\/\/portaltela.pt\/noticias\/2026\/04\/07\/ministra-da-saude-afirma-que-sns-nunca-respondeu-com-tanta-intensidade\/#primaryimage\"},\"thumbnailUrl\":\"https:\/\/portaltela.pt\/s.01k8rhncp4jt1\/2026\/04\/CACHE_780X1200_ANALOG_WATERMARKED_46629894_3982237_24022026094848.jpg\",\"datePublished\":\"2026-04-07T20:48:00+00:00\",\"author\":{\"@id\":\"https:\/\/portaltela.pt\/#\/schema\/person\/c4278d4a6028830caff9ee44b42d32ed\"},\"breadcrumb\":{\"@id\":\"https:\/\/portaltela.pt\/noticias\/2026\/04\/07\/ministra-da-saude-afirma-que-sns-nunca-respondeu-com-tanta-intensidade\/#breadcrumb\"},\"inLanguage\":\"pt-PT\",\"potentialAction\":[{\"@type\":\"ReadAction\",\"target\":[\"https:\/\/portaltela.pt\/noticias\/2026\/04\/07\/ministra-da-saude-afirma-que-sns-nunca-respondeu-com-tanta-intensidade\/\"]}]},{\"@type\":\"ImageObject\",\"inLanguage\":\"pt-PT\",\"@id\":\"https:\/\/portaltela.pt\/noticias\/2026\/04\/07\/ministra-da-saude-afirma-que-sns-nunca-respondeu-com-tanta-intensidade\/#primaryimage\",\"url\":\"https:\/\/portaltela.pt\/s.01k8rhncp4jt1\/2026\/04\/CACHE_780X1200_ANALOG_WATERMARKED_46629894_3982237_24022026094848.jpg\",\"contentUrl\":\"https:\/\/portaltela.pt\/s.01k8rhncp4jt1\/2026\/04\/CACHE_780X1200_ANALOG_WATERMARKED_46629894_3982237_24022026094848.jpg\",\"width\":796,\"height\":448,\"caption\":\"SNS nunca deu resposta t\u00e3o intensa como agora, diz ministra da Sa\u00fade\"},{\"@type\":\"BreadcrumbList\",\"@id\":\"https:\/\/portaltela.pt\/noticias\/2026\/04\/07\/ministra-da-saude-afirma-que-sns-nunca-respondeu-com-tanta-intensidade\/#breadcrumb\",\"itemListElement\":[{\"@type\":\"ListItem\",\"position\":1,\"name\":\"In\u00edcio\",\"item\":\"https:\/\/portaltela.pt\/\"},{\"@type\":\"ListItem\",\"position\":2,\"name\":\"Ministra da Sa\u00fade afirma que SNS nunca respondeu com tanta intensidade\"}]},{\"@type\":\"WebSite\",\"@id\":\"https:\/\/portaltela.pt\/#website\",\"url\":\"https:\/\/portaltela.pt\/\",\"name\":\"Portal Tela Portugal\",\"description\":\"\",\"potentialAction\":[{\"@type\":\"SearchAction\",\"target\":{\"@type\":\"EntryPoint\",\"urlTemplate\":\"https:\/\/portaltela.pt\/?s={search_term_string}\"},\"query-input\":{\"@type\":\"PropertyValueSpecification\",\"valueRequired\":true,\"valueName\":\"search_term_string\"}}],\"inLanguage\":\"pt-PT\"},{\"@type\":\"Person\",\"@id\":\"https:\/\/portaltela.pt\/#\/schema\/person\/c4278d4a6028830caff9ee44b42d32ed\",\"name\":\"Telinha\",\"image\":{\"@type\":\"ImageObject\",\"inLanguage\":\"pt-PT\",\"@id\":\"https:\/\/portaltela.pt\/s.01k8rhncp4jt1\/2025\/11\/talking-bot-125x125.png\",\"url\":\"https:\/\/portaltela.pt\/s.01k8rhncp4jt1\/2025\/11\/talking-bot-125x125.png\",\"contentUrl\":\"https:\/\/portaltela.pt\/s.01k8rhncp4jt1\/2025\/11\/talking-bot-125x125.png\",\"caption\":\"Telinha\"},\"sameAs\":[\"https:\/\/portaltela.pt\/\"],\"url\":\"https:\/\/portaltela.pt\/por\/367410592786\/\"}]}<\/script>\n<!-- \/ Yoast SEO plugin. -->","yoast_head_json":{"title":"Ministra da Sa\u00fade afirma que SNS nunca respondeu com tanta intensidade - Portal Tela Portugal","robots":{"index":"index","follow":"follow","max-snippet":"max-snippet:-1","max-image-preview":"max-image-preview:large","max-video-preview":"max-video-preview:-1"},"og_locale":"pt_PT","og_type":"article","og_title":"Ministra da Sa\u00fade afirma que SNS nunca respondeu com tanta intensidade - Portal Tela Portugal","og_description":"A ministra da Sa\u00fade elogiou os \u00faltimos dados estat\u00edsticos do setor, ligados \u00e0 recupera\u00e7\u00e3o da atividade hospitalar. Disse que o Servi\u00e7o Nacional de Sa\u00fade (SNS) \u201cnunca deu uma resposta t\u00e3o intensa em qualidade e quantidade como agora\u201d. O conte\u00fado completo est\u00e1 dispon\u00edvel apenas para subscritores. O comunicado foi feito numa ocasi\u00e3o de apresenta\u00e7\u00e3o dos dados do setor.","og_url":"https:\/\/portaltela.pt\/noticias\/2026\/04\/07\/ministra-da-saude-afirma-que-sns-nunca-respondeu-com-tanta-intensidade\/","og_site_name":"Portal Tela Portugal","article_published_time":"2026-04-07T20:48:00+00:00","author":"Telinha","twitter_card":"summary_large_image","twitter_misc":{"Escrito por":"Telinha"},"schema":{"@context":"https:\/\/schema.org","@graph":[{"@type":"Article","@id":"https:\/\/portaltela.pt\/noticias\/2026\/04\/07\/ministra-da-saude-afirma-que-sns-nunca-respondeu-com-tanta-intensidade\/#article","isPartOf":{"@id":"https:\/\/portaltela.pt\/noticias\/2026\/04\/07\/ministra-da-saude-afirma-que-sns-nunca-respondeu-com-tanta-intensidade\/"},"author":{"name":"Telinha","@id":"https:\/\/portaltela.pt\/#\/schema\/person\/c4278d4a6028830caff9ee44b42d32ed"},"headline":"Ministra da Sa\u00fade afirma que SNS nunca respondeu com tanta intensidade","datePublished":"2026-04-07T20:48:00+00:00","mainEntityOfPage":{"@id":"https:\/\/portaltela.pt\/noticias\/2026\/04\/07\/ministra-da-saude-afirma-que-sns-nunca-respondeu-com-tanta-intensidade\/"},"wordCount":108,"image":{"@id":"https:\/\/portaltela.pt\/noticias\/2026\/04\/07\/ministra-da-saude-afirma-que-sns-nunca-respondeu-com-tanta-intensidade\/#primaryimage"},"thumbnailUrl":"https:\/\/portaltela.pt\/s.01k8rhncp4jt1\/2026\/04\/CACHE_780X1200_ANALOG_WATERMARKED_46629894_3982237_24022026094848.jpg","keywords":["Cuidados de Sa\u00fade Prim\u00e1rios","hospitais","sa\u00fade","sa\u00fade p\u00fablica","servi\u00e7os p\u00fablicos"],"articleSection":["Medicina","Sa\u00fade"],"inLanguage":"pt-PT"},{"@type":"WebPage","@id":"https:\/\/portaltela.pt\/noticias\/2026\/04\/07\/ministra-da-saude-afirma-que-sns-nunca-respondeu-com-tanta-intensidade\/","url":"https:\/\/portaltela.pt\/noticias\/2026\/04\/07\/ministra-da-saude-afirma-que-sns-nunca-respondeu-com-tanta-intensidade\/","name":"Ministra da Sa\u00fade afirma que SNS nunca respondeu com tanta intensidade - Portal Tela Portugal","isPartOf":{"@id":"https:\/\/portaltela.pt\/#website"},"primaryImageOfPage":{"@id":"https:\/\/portaltela.pt\/noticias\/2026\/04\/07\/ministra-da-saude-afirma-que-sns-nunca-respondeu-com-tanta-intensidade\/#primaryimage"},"image":{"@id":"https:\/\/portaltela.pt\/noticias\/2026\/04\/07\/ministra-da-saude-afirma-que-sns-nunca-respondeu-com-tanta-intensidade\/#primaryimage"},"thumbnailUrl":"https:\/\/portaltela.pt\/s.01k8rhncp4jt1\/2026\/04\/CACHE_780X1200_ANALOG_WATERMARKED_46629894_3982237_24022026094848.jpg","datePublished":"2026-04-07T20:48:00+00:00","author":{"@id":"https:\/\/portaltela.pt\/#\/schema\/person\/c4278d4a6028830caff9ee44b42d32ed"},"breadcrumb":{"@id":"https:\/\/portaltela.pt\/noticias\/2026\/04\/07\/ministra-da-saude-afirma-que-sns-nunca-respondeu-com-tanta-intensidade\/#breadcrumb"},"inLanguage":"pt-PT","potentialAction":[{"@type":"ReadAction","target":["https:\/\/portaltela.pt\/noticias\/2026\/04\/07\/ministra-da-saude-afirma-que-sns-nunca-respondeu-com-tanta-intensidade\/"]}]},{"@type":"ImageObject","inLanguage":"pt-PT","@id":"https:\/\/portaltela.pt\/noticias\/2026\/04\/07\/ministra-da-saude-afirma-que-sns-nunca-respondeu-com-tanta-intensidade\/#primaryimage","url":"https:\/\/portaltela.pt\/s.01k8rhncp4jt1\/2026\/04\/CACHE_780X1200_ANALOG_WATERMARKED_46629894_3982237_24022026094848.jpg","contentUrl":"https:\/\/portaltela.pt\/s.01k8rhncp4jt1\/2026\/04\/CACHE_780X1200_ANALOG_WATERMARKED_46629894_3982237_24022026094848.jpg","width":796,"height":448,"caption":"SNS nunca deu resposta t\u00e3o intensa como agora, diz ministra da Sa\u00fade"},{"@type":"BreadcrumbList","@id":"https:\/\/portaltela.pt\/noticias\/2026\/04\/07\/ministra-da-saude-afirma-que-sns-nunca-respondeu-com-tanta-intensidade\/#breadcrumb","itemListElement":[{"@type":"ListItem","position":1,"name":"In\u00edcio","item":"https:\/\/portaltela.pt\/"},{"@type":"ListItem","position":2,"name":"Ministra da Sa\u00fade afirma que SNS nunca respondeu com tanta intensidade"}]},{"@type":"WebSite","@id":"https:\/\/portaltela.pt\/#website","url":"https:\/\/portaltela.pt\/","name":"Portal Tela Portugal","description":"","potentialAction":[{"@type":"SearchAction","target":{"@type":"EntryPoint","urlTemplate":"https:\/\/portaltela.pt\/?s={search_term_string}"},"query-input":{"@type":"PropertyValueSpecification","valueRequired":true,"valueName":"search_term_string"}}],"inLanguage":"pt-PT"},{"@type":"Person","@id":"https:\/\/portaltela.pt\/#\/schema\/person\/c4278d4a6028830caff9ee44b42d32ed","name":"Telinha","image":{"@type":"ImageObject","inLanguage":"pt-PT","@id":"https:\/\/portaltela.pt\/s.01k8rhncp4jt1\/2025\/11\/talking-bot-125x125.png","url":"https:\/\/portaltela.pt\/s.01k8rhncp4jt1\/2025\/11\/talking-bot-125x125.png","contentUrl":"https:\/\/portaltela.pt\/s.01k8rhncp4jt1\/2025\/11\/talking-bot-125x125.png","caption":"Telinha"},"sameAs":["https:\/\/portaltela.pt\/"],"url":"https:\/\/portaltela.pt\/por\/367410592786\/"}]}},"_links":{"self":[{"href":"https:\/\/portaltela.pt\/api\/wp\/v2\/posts\/436102","targetHints":{"allow":["GET"]}}],"collection":[{"href":"https:\/\/portaltela.pt\/api\/wp\/v2\/posts"}],"about":[{"href":"https:\/\/portaltela.pt\/api\/wp\/v2\/types\/post"}],"author":[{"embeddable":true,"href":"https:\/\/portaltela.pt\/api\/wp\/v2\/users\/2"}],"replies":[{"embeddable":true,"href":"https:\/\/portaltela.pt\/api\/wp\/v2\/comments?post=436102"}],"version-history":[{"count":0,"href":"https:\/\/portaltela.pt\/api\/wp\/v2\/posts\/436102\/revisions"}],"wp:featuredmedia":[{"embeddable":true,"href":"https:\/\/portaltela.pt\/api\/wp\/v2\/media\/436106"}],"wp:attachment":[{"href":"https:\/\/portaltela.pt\/api\/wp\/v2\/media?parent=436102"}],"wp:term":[{"taxonomy":"category","embeddable":true,"href":"https:\/\/portaltela.pt\/api\/wp\/v2\/categories?post=436102"},{"taxonomy":"post_tag","embeddable":true,"href":"https:\/\/portaltela.pt\/api\/wp\/v2\/tags?post=436102"}],"curies":[{"name":"wp","href":"https:\/\/api.w.org\/{rel}","templated":true}]}}