{"id":436086,"date":"2026-04-07T21:47:22","date_gmt":"2026-04-08T00:47:22","guid":{"rendered":"https:\/\/portaltela.pt\/noticias\/2026\/04\/07\/alvaro-pacheco-da-alegria-do-empate-com-o-benfica-ao-luto-pela-mae\/"},"modified":"2026-04-07T21:47:22","modified_gmt":"2026-04-08T00:47:22","slug":"alvaro-pacheco-da-alegria-do-empate-com-o-benfica-ao-luto-pela-mae","status":"publish","type":"post","link":"https:\/\/portaltela.pt\/desporto\/futebol\/2026\/04\/07\/alvaro-pacheco-da-alegria-do-empate-com-o-benfica-ao-luto-pela-mae\/","title":{"rendered":"\u00c1lvaro Pacheco: da alegria do empate com o Benfica ao luto pela m\u00e3e"},"content":{"rendered":"<p>\u00c1lvaro Pacheco, treinador do Casa Pia, somou dois resultados relevantes diante dos grandes. A equipa empatou 1-1 com o Benfica, em Rio Maior, na seguinte jornada ap\u00f3s vencer o FC Porto por 2-1, tamb\u00e9m em Rio Maior. O registo ajuda o Casa Pia a consolidar posi\u00e7\u00f5es interm\u00e9dias na Liga.<\/p>\n<p>O t\u00e9cnico casapiano tem, ao longo da \u00e9poca, conseguido interromper as s\u00e9ries de grandes equipas, somando cinco pontos frente aos tr\u00eas grandes. O empate com o Benfica afastou as \u00e1guias da luta pelo t\u00edtulo por ora, e pode influenciar a corrida por uma vaga europeia, dependendo dos resultados seguintes.<\/p>\n<p>Durante a madrugada, Pacheco recebeu uma nota dolorosa: a m\u00e3e faleceu. Maria Alice Teixeira tinha 92 anos e residia em Felgueiras. As cerim\u00f3nias f\u00fanebres est\u00e3o marcadas para esta quarta-feira, a partir das 16h00, na Igreja Paroquial de Moure. A fam\u00edlia casapiana manifestou apoio ao m\u00edster via publica\u00e7\u00e3o no Instagram.<\/p>\n<h3>Falecimento de Maria Alice Teixeira<\/h3>\n<p>A not\u00edcia da morte da progenitora surgiu ap\u00f3s o empate com o Benfica. O clube Casa Pia reiterou, em publica\u00e7\u00e3o oficial, que a fam\u00edlia est\u00e1 ao lado de Pacheco neste momento dif\u00edcil. Os trabalhos do clube seguem normalmente, sem interrup\u00e7\u00f5es anunciadas.<\/p>\n","protected":false},"excerpt":{"rendered":"<ul>\n<li>\u00c1lvaro Pacheco, treinador do Casa Pia, conduziu a equipa a um empate 1-1 com o Benfica em Rio Maior, mantendo as \u00e1guias sem dependerem do pr\u00f3prio resultado para chegar ao segundo lugar.<\/li>\n<li>O Casa Pia j\u00e1 tinha surpreendido o FC Porto ao vencer por 2-1, tamb\u00e9m em Rio Maior, tornando-se a \u00fanica equipa nacional a bater o clube do norte.<\/li>\n<li>Na madrugada de hoje, o t\u00e9cnico casapiano viu a m\u00e3e, Maria Alice Teixeira, falecer aos 92 anos, em Felgueiras.<\/li>\n<li>As cerim\u00f3nias f\u00fanebres est\u00e3o marcadas para quarta-feira, a partir das 16h00, na Igreja Paroquial de Moure.<\/li>\n<li>A fam\u00edlia do Casa Pia e o clube manifestaram o apoio ao treinador atrav\u00e9s de uma publica\u00e7\u00e3o no Instagram.<\/li>\n<\/ul>\n","protected":false},"author":2,"featured_media":436088,"comment_status":"closed","ping_status":"closed","sticky":false,"template":"","format":"standard","meta":{"footnotes":""},"categories":[21,24],"tags":[7755,4059,1946,2028,32,4323],"class_list":["post-436086","post","type-post","status-publish","format-standard","has-post-thumbnail","hentry","category-desporto","category-futebol","tag-_futebol","tag-1-a-liga","tag-benfica","tag-fc-porto","tag-futebol","tag-rio-maior"],"yoast_head":"<!-- This site is optimized with the Yoast SEO plugin v27.2 - https:\/\/yoast.com\/product\/yoast-seo-wordpress\/ -->\n<title>\u00c1lvaro Pacheco: da alegria do empate com o Benfica ao luto pela m\u00e3e - Portal Tela Portugal<\/title>\n<meta name=\"robots\" content=\"index, follow, max-snippet:-1, max-image-preview:large, max-video-preview:-1\" \/>\n<meta property=\"og:locale\" content=\"pt_PT\" \/>\n<meta property=\"og:type\" content=\"article\" \/>\n<meta property=\"og:title\" content=\"\u00c1lvaro Pacheco: da alegria do empate com o Benfica ao luto pela m\u00e3e - Portal Tela Portugal\" \/>\n<meta property=\"og:description\" content=\"\u00c1lvaro Pacheco, treinador do Casa Pia, conduziu a equipa a um empate 1-1 com o Benfica em Rio Maior, mantendo as \u00e1guias sem dependerem do pr\u00f3prio resultado para chegar ao segundo lugar. O Casa Pia j\u00e1 tinha surpreendido o FC Porto ao vencer por 2-1, tamb\u00e9m em Rio Maior, tornando-se a \u00fanica equipa nacional a bater o clube do norte. Na madrugada de hoje, o t\u00e9cnico casapiano viu a m\u00e3e, Maria Alice Teixeira, falecer aos 92 anos, em Felgueiras. As cerim\u00f3nias f\u00fanebres est\u00e3o marcadas para quarta-feira, a partir das 16h00, na Igreja Paroquial de Moure. A fam\u00edlia do Casa Pia e o clube manifestaram o apoio ao treinador atrav\u00e9s de uma publica\u00e7\u00e3o no Instagram.\" \/>\n<meta property=\"og:url\" content=\"https:\/\/portaltela.pt\/noticias\/2026\/04\/07\/alvaro-pacheco-da-alegria-do-empate-com-o-benfica-ao-luto-pela-mae\/\" \/>\n<meta property=\"og:site_name\" content=\"Portal Tela Portugal\" \/>\n<meta property=\"article:published_time\" content=\"2026-04-08T00:47:22+00:00\" \/>\n<meta name=\"author\" content=\"Telinha\" \/>\n<meta name=\"twitter:card\" content=\"summary_large_image\" \/>\n<meta name=\"twitter:label1\" content=\"Escrito por\" \/>\n\t<meta name=\"twitter:data1\" content=\"Telinha\" \/>\n\t<meta name=\"twitter:label2\" content=\"Tempo estimado de leitura\" \/>\n\t<meta name=\"twitter:data2\" content=\"1 minuto\" \/>\n<script type=\"application\/ld+json\" class=\"yoast-schema-graph\">{\"@context\":\"https:\/\/schema.org\",\"@graph\":[{\"@type\":\"Article\",\"@id\":\"https:\/\/portaltela.pt\/noticias\/2026\/04\/07\/alvaro-pacheco-da-alegria-do-empate-com-o-benfica-ao-luto-pela-mae\/#article\",\"isPartOf\":{\"@id\":\"https:\/\/portaltela.pt\/noticias\/2026\/04\/07\/alvaro-pacheco-da-alegria-do-empate-com-o-benfica-ao-luto-pela-mae\/\"},\"author\":{\"name\":\"Telinha\",\"@id\":\"https:\/\/portaltela.pt\/#\/schema\/person\/c4278d4a6028830caff9ee44b42d32ed\"},\"headline\":\"\u00c1lvaro Pacheco: da alegria do empate com o Benfica ao luto pela m\u00e3e\",\"datePublished\":\"2026-04-08T00:47:22+00:00\",\"mainEntityOfPage\":{\"@id\":\"https:\/\/portaltela.pt\/noticias\/2026\/04\/07\/alvaro-pacheco-da-alegria-do-empate-com-o-benfica-ao-luto-pela-mae\/\"},\"wordCount\":227,\"image\":{\"@id\":\"https:\/\/portaltela.pt\/noticias\/2026\/04\/07\/alvaro-pacheco-da-alegria-do-empate-com-o-benfica-ao-luto-pela-mae\/#primaryimage\"},\"thumbnailUrl\":\"https:\/\/portaltela.pt\/s.01k8rhncp4jt1\/2026\/04\/img_1500x1000uu2026-04-07-23-15-30-2277190.jpg\",\"keywords\":[\"_futebol\",\"1.\u00aa Liga\",\"Benfica\",\"FC Porto\",\"futebol\",\"Rio Maior\"],\"articleSection\":[\"Desporto\",\"Futebol\"],\"inLanguage\":\"pt-PT\"},{\"@type\":\"WebPage\",\"@id\":\"https:\/\/portaltela.pt\/noticias\/2026\/04\/07\/alvaro-pacheco-da-alegria-do-empate-com-o-benfica-ao-luto-pela-mae\/\",\"url\":\"https:\/\/portaltela.pt\/noticias\/2026\/04\/07\/alvaro-pacheco-da-alegria-do-empate-com-o-benfica-ao-luto-pela-mae\/\",\"name\":\"\u00c1lvaro Pacheco: da alegria do empate com o Benfica ao luto pela m\u00e3e - Portal Tela Portugal\",\"isPartOf\":{\"@id\":\"https:\/\/portaltela.pt\/#website\"},\"primaryImageOfPage\":{\"@id\":\"https:\/\/portaltela.pt\/noticias\/2026\/04\/07\/alvaro-pacheco-da-alegria-do-empate-com-o-benfica-ao-luto-pela-mae\/#primaryimage\"},\"image\":{\"@id\":\"https:\/\/portaltela.pt\/noticias\/2026\/04\/07\/alvaro-pacheco-da-alegria-do-empate-com-o-benfica-ao-luto-pela-mae\/#primaryimage\"},\"thumbnailUrl\":\"https:\/\/portaltela.pt\/s.01k8rhncp4jt1\/2026\/04\/img_1500x1000uu2026-04-07-23-15-30-2277190.jpg\",\"datePublished\":\"2026-04-08T00:47:22+00:00\",\"author\":{\"@id\":\"https:\/\/portaltela.pt\/#\/schema\/person\/c4278d4a6028830caff9ee44b42d32ed\"},\"breadcrumb\":{\"@id\":\"https:\/\/portaltela.pt\/noticias\/2026\/04\/07\/alvaro-pacheco-da-alegria-do-empate-com-o-benfica-ao-luto-pela-mae\/#breadcrumb\"},\"inLanguage\":\"pt-PT\",\"potentialAction\":[{\"@type\":\"ReadAction\",\"target\":[\"https:\/\/portaltela.pt\/noticias\/2026\/04\/07\/alvaro-pacheco-da-alegria-do-empate-com-o-benfica-ao-luto-pela-mae\/\"]}]},{\"@type\":\"ImageObject\",\"inLanguage\":\"pt-PT\",\"@id\":\"https:\/\/portaltela.pt\/noticias\/2026\/04\/07\/alvaro-pacheco-da-alegria-do-empate-com-o-benfica-ao-luto-pela-mae\/#primaryimage\",\"url\":\"https:\/\/portaltela.pt\/s.01k8rhncp4jt1\/2026\/04\/img_1500x1000uu2026-04-07-23-15-30-2277190.jpg\",\"contentUrl\":\"https:\/\/portaltela.pt\/s.01k8rhncp4jt1\/2026\/04\/img_1500x1000uu2026-04-07-23-15-30-2277190.jpg\",\"width\":796,\"height\":448,\"caption\":\"\u00c1lvaro Pacheco no jogo de segunda-feira, em Rio Maior\"},{\"@type\":\"BreadcrumbList\",\"@id\":\"https:\/\/portaltela.pt\/noticias\/2026\/04\/07\/alvaro-pacheco-da-alegria-do-empate-com-o-benfica-ao-luto-pela-mae\/#breadcrumb\",\"itemListElement\":[{\"@type\":\"ListItem\",\"position\":1,\"name\":\"In\u00edcio\",\"item\":\"https:\/\/portaltela.pt\/\"},{\"@type\":\"ListItem\",\"position\":2,\"name\":\"\u00c1lvaro Pacheco: da alegria do empate com o Benfica ao luto pela m\u00e3e\"}]},{\"@type\":\"WebSite\",\"@id\":\"https:\/\/portaltela.pt\/#website\",\"url\":\"https:\/\/portaltela.pt\/\",\"name\":\"Portal Tela Portugal\",\"description\":\"\",\"potentialAction\":[{\"@type\":\"SearchAction\",\"target\":{\"@type\":\"EntryPoint\",\"urlTemplate\":\"https:\/\/portaltela.pt\/?s={search_term_string}\"},\"query-input\":{\"@type\":\"PropertyValueSpecification\",\"valueRequired\":true,\"valueName\":\"search_term_string\"}}],\"inLanguage\":\"pt-PT\"},{\"@type\":\"Person\",\"@id\":\"https:\/\/portaltela.pt\/#\/schema\/person\/c4278d4a6028830caff9ee44b42d32ed\",\"name\":\"Telinha\",\"image\":{\"@type\":\"ImageObject\",\"inLanguage\":\"pt-PT\",\"@id\":\"https:\/\/portaltela.pt\/s.01k8rhncp4jt1\/2025\/11\/talking-bot-125x125.png\",\"url\":\"https:\/\/portaltela.pt\/s.01k8rhncp4jt1\/2025\/11\/talking-bot-125x125.png\",\"contentUrl\":\"https:\/\/portaltela.pt\/s.01k8rhncp4jt1\/2025\/11\/talking-bot-125x125.png\",\"caption\":\"Telinha\"},\"sameAs\":[\"https:\/\/portaltela.pt\/\"],\"url\":\"https:\/\/portaltela.pt\/por\/367410592786\/\"}]}<\/script>\n<!-- \/ Yoast SEO plugin. -->","yoast_head_json":{"title":"\u00c1lvaro Pacheco: da alegria do empate com o Benfica ao luto pela m\u00e3e - Portal Tela Portugal","robots":{"index":"index","follow":"follow","max-snippet":"max-snippet:-1","max-image-preview":"max-image-preview:large","max-video-preview":"max-video-preview:-1"},"og_locale":"pt_PT","og_type":"article","og_title":"\u00c1lvaro Pacheco: da alegria do empate com o Benfica ao luto pela m\u00e3e - Portal Tela Portugal","og_description":"\u00c1lvaro Pacheco, treinador do Casa Pia, conduziu a equipa a um empate 1-1 com o Benfica em Rio Maior, mantendo as \u00e1guias sem dependerem do pr\u00f3prio resultado para chegar ao segundo lugar. O Casa Pia j\u00e1 tinha surpreendido o FC Porto ao vencer por 2-1, tamb\u00e9m em Rio Maior, tornando-se a \u00fanica equipa nacional a bater o clube do norte. Na madrugada de hoje, o t\u00e9cnico casapiano viu a m\u00e3e, Maria Alice Teixeira, falecer aos 92 anos, em Felgueiras. As cerim\u00f3nias f\u00fanebres est\u00e3o marcadas para quarta-feira, a partir das 16h00, na Igreja Paroquial de Moure. A fam\u00edlia do Casa Pia e o clube manifestaram o apoio ao treinador atrav\u00e9s de uma publica\u00e7\u00e3o no Instagram.","og_url":"https:\/\/portaltela.pt\/noticias\/2026\/04\/07\/alvaro-pacheco-da-alegria-do-empate-com-o-benfica-ao-luto-pela-mae\/","og_site_name":"Portal Tela Portugal","article_published_time":"2026-04-08T00:47:22+00:00","author":"Telinha","twitter_card":"summary_large_image","twitter_misc":{"Escrito por":"Telinha","Tempo estimado de leitura":"1 minuto"},"schema":{"@context":"https:\/\/schema.org","@graph":[{"@type":"Article","@id":"https:\/\/portaltela.pt\/noticias\/2026\/04\/07\/alvaro-pacheco-da-alegria-do-empate-com-o-benfica-ao-luto-pela-mae\/#article","isPartOf":{"@id":"https:\/\/portaltela.pt\/noticias\/2026\/04\/07\/alvaro-pacheco-da-alegria-do-empate-com-o-benfica-ao-luto-pela-mae\/"},"author":{"name":"Telinha","@id":"https:\/\/portaltela.pt\/#\/schema\/person\/c4278d4a6028830caff9ee44b42d32ed"},"headline":"\u00c1lvaro Pacheco: da alegria do empate com o Benfica ao luto pela m\u00e3e","datePublished":"2026-04-08T00:47:22+00:00","mainEntityOfPage":{"@id":"https:\/\/portaltela.pt\/noticias\/2026\/04\/07\/alvaro-pacheco-da-alegria-do-empate-com-o-benfica-ao-luto-pela-mae\/"},"wordCount":227,"image":{"@id":"https:\/\/portaltela.pt\/noticias\/2026\/04\/07\/alvaro-pacheco-da-alegria-do-empate-com-o-benfica-ao-luto-pela-mae\/#primaryimage"},"thumbnailUrl":"https:\/\/portaltela.pt\/s.01k8rhncp4jt1\/2026\/04\/img_1500x1000uu2026-04-07-23-15-30-2277190.jpg","keywords":["_futebol","1.\u00aa Liga","Benfica","FC Porto","futebol","Rio Maior"],"articleSection":["Desporto","Futebol"],"inLanguage":"pt-PT"},{"@type":"WebPage","@id":"https:\/\/portaltela.pt\/noticias\/2026\/04\/07\/alvaro-pacheco-da-alegria-do-empate-com-o-benfica-ao-luto-pela-mae\/","url":"https:\/\/portaltela.pt\/noticias\/2026\/04\/07\/alvaro-pacheco-da-alegria-do-empate-com-o-benfica-ao-luto-pela-mae\/","name":"\u00c1lvaro Pacheco: da alegria do empate com o Benfica ao luto pela m\u00e3e - Portal Tela Portugal","isPartOf":{"@id":"https:\/\/portaltela.pt\/#website"},"primaryImageOfPage":{"@id":"https:\/\/portaltela.pt\/noticias\/2026\/04\/07\/alvaro-pacheco-da-alegria-do-empate-com-o-benfica-ao-luto-pela-mae\/#primaryimage"},"image":{"@id":"https:\/\/portaltela.pt\/noticias\/2026\/04\/07\/alvaro-pacheco-da-alegria-do-empate-com-o-benfica-ao-luto-pela-mae\/#primaryimage"},"thumbnailUrl":"https:\/\/portaltela.pt\/s.01k8rhncp4jt1\/2026\/04\/img_1500x1000uu2026-04-07-23-15-30-2277190.jpg","datePublished":"2026-04-08T00:47:22+00:00","author":{"@id":"https:\/\/portaltela.pt\/#\/schema\/person\/c4278d4a6028830caff9ee44b42d32ed"},"breadcrumb":{"@id":"https:\/\/portaltela.pt\/noticias\/2026\/04\/07\/alvaro-pacheco-da-alegria-do-empate-com-o-benfica-ao-luto-pela-mae\/#breadcrumb"},"inLanguage":"pt-PT","potentialAction":[{"@type":"ReadAction","target":["https:\/\/portaltela.pt\/noticias\/2026\/04\/07\/alvaro-pacheco-da-alegria-do-empate-com-o-benfica-ao-luto-pela-mae\/"]}]},{"@type":"ImageObject","inLanguage":"pt-PT","@id":"https:\/\/portaltela.pt\/noticias\/2026\/04\/07\/alvaro-pacheco-da-alegria-do-empate-com-o-benfica-ao-luto-pela-mae\/#primaryimage","url":"https:\/\/portaltela.pt\/s.01k8rhncp4jt1\/2026\/04\/img_1500x1000uu2026-04-07-23-15-30-2277190.jpg","contentUrl":"https:\/\/portaltela.pt\/s.01k8rhncp4jt1\/2026\/04\/img_1500x1000uu2026-04-07-23-15-30-2277190.jpg","width":796,"height":448,"caption":"\u00c1lvaro Pacheco no jogo de segunda-feira, em Rio Maior"},{"@type":"BreadcrumbList","@id":"https:\/\/portaltela.pt\/noticias\/2026\/04\/07\/alvaro-pacheco-da-alegria-do-empate-com-o-benfica-ao-luto-pela-mae\/#breadcrumb","itemListElement":[{"@type":"ListItem","position":1,"name":"In\u00edcio","item":"https:\/\/portaltela.pt\/"},{"@type":"ListItem","position":2,"name":"\u00c1lvaro Pacheco: da alegria do empate com o Benfica ao luto pela m\u00e3e"}]},{"@type":"WebSite","@id":"https:\/\/portaltela.pt\/#website","url":"https:\/\/portaltela.pt\/","name":"Portal Tela Portugal","description":"","potentialAction":[{"@type":"SearchAction","target":{"@type":"EntryPoint","urlTemplate":"https:\/\/portaltela.pt\/?s={search_term_string}"},"query-input":{"@type":"PropertyValueSpecification","valueRequired":true,"valueName":"search_term_string"}}],"inLanguage":"pt-PT"},{"@type":"Person","@id":"https:\/\/portaltela.pt\/#\/schema\/person\/c4278d4a6028830caff9ee44b42d32ed","name":"Telinha","image":{"@type":"ImageObject","inLanguage":"pt-PT","@id":"https:\/\/portaltela.pt\/s.01k8rhncp4jt1\/2025\/11\/talking-bot-125x125.png","url":"https:\/\/portaltela.pt\/s.01k8rhncp4jt1\/2025\/11\/talking-bot-125x125.png","contentUrl":"https:\/\/portaltela.pt\/s.01k8rhncp4jt1\/2025\/11\/talking-bot-125x125.png","caption":"Telinha"},"sameAs":["https:\/\/portaltela.pt\/"],"url":"https:\/\/portaltela.pt\/por\/367410592786\/"}]}},"_links":{"self":[{"href":"https:\/\/portaltela.pt\/api\/wp\/v2\/posts\/436086","targetHints":{"allow":["GET"]}}],"collection":[{"href":"https:\/\/portaltela.pt\/api\/wp\/v2\/posts"}],"about":[{"href":"https:\/\/portaltela.pt\/api\/wp\/v2\/types\/post"}],"author":[{"embeddable":true,"href":"https:\/\/portaltela.pt\/api\/wp\/v2\/users\/2"}],"replies":[{"embeddable":true,"href":"https:\/\/portaltela.pt\/api\/wp\/v2\/comments?post=436086"}],"version-history":[{"count":0,"href":"https:\/\/portaltela.pt\/api\/wp\/v2\/posts\/436086\/revisions"}],"wp:featuredmedia":[{"embeddable":true,"href":"https:\/\/portaltela.pt\/api\/wp\/v2\/media\/436088"}],"wp:attachment":[{"href":"https:\/\/portaltela.pt\/api\/wp\/v2\/media?parent=436086"}],"wp:term":[{"taxonomy":"category","embeddable":true,"href":"https:\/\/portaltela.pt\/api\/wp\/v2\/categories?post=436086"},{"taxonomy":"post_tag","embeddable":true,"href":"https:\/\/portaltela.pt\/api\/wp\/v2\/tags?post=436086"}],"curies":[{"name":"wp","href":"https:\/\/api.w.org\/{rel}","templated":true}]}}