{"id":436076,"date":"2026-04-07T21:47:10","date_gmt":"2026-04-08T00:47:10","guid":{"rendered":"https:\/\/portaltela.pt\/noticias\/2026\/04\/07\/povo-de-aveiro-opoe-se-a-demolicao-de-casas\/"},"modified":"2026-04-07T21:47:10","modified_gmt":"2026-04-08T00:47:10","slug":"povo-de-aveiro-opoe-se-a-demolicao-de-casas","status":"publish","type":"post","link":"https:\/\/portaltela.pt\/sociedade\/2026\/04\/07\/povo-de-aveiro-opoe-se-a-demolicao-de-casas\/","title":{"rendered":"Povo de Aveiro op\u00f5e-se \u00e0 demoli\u00e7\u00e3o de casas"},"content":{"rendered":"<p>Ap\u00f3s-estar em Aveiro, o projeto do Eixo Rodovi\u00e1rio Aveiro-\u00c1gueda obriga \u00e0 demoli\u00e7\u00e3o de seis casas, tr\u00eas das quais j\u00e1 habitadas. A obra est\u00e1 inserida no tra\u00e7ado da nova variante rodovi\u00e1ria e envolve propriet\u00e1rios locais cuja habita\u00e7\u00e3o fica no caminho do empreendimento.<\/p>\n<p>S\u00e9rgio Martins, de 61 anos, herdou tr\u00eas anexos que foram convertidos em habita\u00e7\u00f5es no lugar de Carcavelos, Eirol. Uma das casas acolhe a filha com o neto, outra est\u00e1 arrendada e na terceira vive um empres\u00e1rio da constru\u00e7\u00e3o civil, que regressou a Portugal h\u00e1 dois anos e meio. Todas as casas est\u00e3o previstas para ser demolidas.<\/p>\n<p>Os propriet\u00e1rios criticam as indemniza\u00e7\u00f5es, consideradas insuficientes para compensar a perda de patrim\u00f3nio e de rendimentos. A faixa de terreno em causa foi integrada no tra\u00e7ado da futura via, que, segundo o munic\u00edpio, visa melhorar a mobilidade e a acessibilidade na regi\u00e3o.<\/p>\n<h3>Indemniza\u00e7\u00f5es e rea\u00e7\u00e3o dos moradores<\/h3>\n<p>S\u00e9rgio Martins afirma que tem tentado legalizar as estruturas h\u00e1 uma d\u00e9cada, sem sucesso, e aponta para uma proposta de indemniza\u00e7\u00e3o de 125 mil euros para as seis casas. O empres\u00e1rio diz que o valor n\u00e3o cobre o impacto financeiro da demoli\u00e7\u00e3o.<\/p>\n<p>O munic\u00edpio assegura que a obra avan\u00e7a e que as indemniza\u00e7\u00f5es foram definidas dentro de par\u00e2metros legais, em conformidade com as avalia\u00e7\u00f5es t\u00e9cnicas dispon\u00edveis. A autarquia sublinha ainda que o objetivo \u00e9 melhorar a circula\u00e7\u00e3o e a conectividade regional.<\/p>\n<p>Os moradores pretendem recorrer \u00e0s vias legais para contestar as decis\u00f5es de despejo e as parcelas de compensa\u00e7\u00e3o. A defesa pode exigir revis\u00f5es de avalia\u00e7\u00e3o e de cronogramas, conforme avan\u00e7am as dilig\u00eancias judiciais.<\/p>\n<p>A demoli\u00e7\u00e3o das habita\u00e7\u00f5es levanta ainda d\u00favidas sobre o real aproveitamento da via e o impacto no rendimento de moradores locais. As autoridades reiteram que a obra \u00e9 priorit\u00e1ria para a mobilidade regional.<\/p>\n","protected":false},"excerpt":{"rendered":"<ul>\n<li>O projeto do Eixo Rodovi\u00e1rio Aveiro-\u00c1gueda obriga \u00e0 demoli\u00e7\u00e3o de seis casas, tr\u00eas das quais habitadas, em Eirol, Aveiro.<\/li>\n<li>Os propriet\u00e1rios criticam indemniza\u00e7\u00f5es consideradas baixas; o caso de S\u00e9rgio Martins, 61 anos, que herdou tr\u00eas anexos convertidos em moradias, est\u00e1 entre os afetados.<\/li>\n<li>As habita\u00e7\u00f5es situam-se no tra\u00e7ado do empreendimento e ser\u00e3o demolidas; uma \u00e9 ocupada pela filha, outra por uma inquilina e a terceira pelo empres\u00e1rio da constru\u00e7\u00e3o civil.<\/li>\n<li>Martins afirma ter tentado legalizar a situa\u00e7\u00e3o h\u00e1 dez anos e reclama uma indemniza\u00e7\u00e3o de 125 mil euros por tudo; j\u00e1 indicou que pretende recorrer \u00e0 Justi\u00e7a.<\/li>\n<li>As autoridades locais garantem que a obra avan\u00e7a, mantendo o planeamento para a constru\u00e7\u00e3o do eixo rodovi\u00e1rio.<\/li>\n<\/ul>\n","protected":false},"author":2,"featured_media":436079,"comment_status":"closed","ping_status":"closed","sticky":false,"template":"","format":"standard","meta":{"footnotes":""},"categories":[6725,6871],"tags":[7791,7816,1059,6372,2745,2110],"class_list":["post-436076","post","type-post","status-publish","format-standard","has-post-thumbnail","hentry","category-meio-ambiente","category-sociedade","tag-_habitacao","tag-_habitacao-social","tag-aveiro","tag-despejos","tag-indenizacoes","tag-mobilidade"],"yoast_head":"<!-- This site is optimized with the Yoast SEO plugin v27.2 - https:\/\/yoast.com\/product\/yoast-seo-wordpress\/ -->\n<title>Povo de Aveiro op\u00f5e-se \u00e0 demoli\u00e7\u00e3o de casas - Portal Tela Portugal<\/title>\n<meta name=\"robots\" content=\"index, follow, max-snippet:-1, max-image-preview:large, max-video-preview:-1\" \/>\n<meta property=\"og:locale\" content=\"pt_PT\" \/>\n<meta property=\"og:type\" content=\"article\" \/>\n<meta property=\"og:title\" content=\"Povo de Aveiro op\u00f5e-se \u00e0 demoli\u00e7\u00e3o de casas - Portal Tela Portugal\" \/>\n<meta property=\"og:description\" content=\"O projeto do Eixo Rodovi\u00e1rio Aveiro-\u00c1gueda obriga \u00e0 demoli\u00e7\u00e3o de seis casas, tr\u00eas das quais habitadas, em Eirol, Aveiro. Os propriet\u00e1rios criticam indemniza\u00e7\u00f5es consideradas baixas; o caso de S\u00e9rgio Martins, 61 anos, que herdou tr\u00eas anexos convertidos em moradias, est\u00e1 entre os afetados. As habita\u00e7\u00f5es situam-se no tra\u00e7ado do empreendimento e ser\u00e3o demolidas; uma \u00e9 ocupada pela filha, outra por uma inquilina e a terceira pelo empres\u00e1rio da constru\u00e7\u00e3o civil. Martins afirma ter tentado legalizar a situa\u00e7\u00e3o h\u00e1 dez anos e reclama uma indemniza\u00e7\u00e3o de 125 mil euros por tudo; j\u00e1 indicou que pretende recorrer \u00e0 Justi\u00e7a. As autoridades locais garantem que a obra avan\u00e7a, mantendo o planeamento para a constru\u00e7\u00e3o do eixo rodovi\u00e1rio.\" \/>\n<meta property=\"og:url\" content=\"https:\/\/portaltela.pt\/noticias\/2026\/04\/07\/povo-de-aveiro-opoe-se-a-demolicao-de-casas\/\" \/>\n<meta property=\"og:site_name\" content=\"Portal Tela Portugal\" \/>\n<meta property=\"article:published_time\" content=\"2026-04-08T00:47:10+00:00\" \/>\n<meta name=\"author\" content=\"Telinha\" \/>\n<meta name=\"twitter:card\" content=\"summary_large_image\" \/>\n<meta name=\"twitter:label1\" content=\"Escrito por\" \/>\n\t<meta name=\"twitter:data1\" content=\"Telinha\" \/>\n\t<meta name=\"twitter:label2\" content=\"Tempo estimado de leitura\" \/>\n\t<meta name=\"twitter:data2\" content=\"2 minutos\" \/>\n<script type=\"application\/ld+json\" class=\"yoast-schema-graph\">{\"@context\":\"https:\/\/schema.org\",\"@graph\":[{\"@type\":\"Article\",\"@id\":\"https:\/\/portaltela.pt\/noticias\/2026\/04\/07\/povo-de-aveiro-opoe-se-a-demolicao-de-casas\/#article\",\"isPartOf\":{\"@id\":\"https:\/\/portaltela.pt\/noticias\/2026\/04\/07\/povo-de-aveiro-opoe-se-a-demolicao-de-casas\/\"},\"author\":{\"name\":\"Telinha\",\"@id\":\"https:\/\/portaltela.pt\/#\/schema\/person\/c4278d4a6028830caff9ee44b42d32ed\"},\"headline\":\"Povo de Aveiro op\u00f5e-se \u00e0 demoli\u00e7\u00e3o de casas\",\"datePublished\":\"2026-04-08T00:47:10+00:00\",\"mainEntityOfPage\":{\"@id\":\"https:\/\/portaltela.pt\/noticias\/2026\/04\/07\/povo-de-aveiro-opoe-se-a-demolicao-de-casas\/\"},\"wordCount\":342,\"image\":{\"@id\":\"https:\/\/portaltela.pt\/noticias\/2026\/04\/07\/povo-de-aveiro-opoe-se-a-demolicao-de-casas\/#primaryimage\"},\"thumbnailUrl\":\"https:\/\/portaltela.pt\/s.01k8rhncp4jt1\/2026\/04\/img_1280x721uu2026-04-07-15-26-23-2277065.jpg\",\"keywords\":[\"_habita\u00e7\u00e3o\",\"_habita\u00e7\u00e3o social\",\"Aveiro\",\"despejos\",\"indeniza\u00e7\u00f5es\",\"mobilidade\"],\"articleSection\":[\"Meio Ambiente\",\"Sociedade\"],\"inLanguage\":\"pt-PT\"},{\"@type\":\"WebPage\",\"@id\":\"https:\/\/portaltela.pt\/noticias\/2026\/04\/07\/povo-de-aveiro-opoe-se-a-demolicao-de-casas\/\",\"url\":\"https:\/\/portaltela.pt\/noticias\/2026\/04\/07\/povo-de-aveiro-opoe-se-a-demolicao-de-casas\/\",\"name\":\"Povo de Aveiro op\u00f5e-se \u00e0 demoli\u00e7\u00e3o de casas - Portal Tela Portugal\",\"isPartOf\":{\"@id\":\"https:\/\/portaltela.pt\/#website\"},\"primaryImageOfPage\":{\"@id\":\"https:\/\/portaltela.pt\/noticias\/2026\/04\/07\/povo-de-aveiro-opoe-se-a-demolicao-de-casas\/#primaryimage\"},\"image\":{\"@id\":\"https:\/\/portaltela.pt\/noticias\/2026\/04\/07\/povo-de-aveiro-opoe-se-a-demolicao-de-casas\/#primaryimage\"},\"thumbnailUrl\":\"https:\/\/portaltela.pt\/s.01k8rhncp4jt1\/2026\/04\/img_1280x721uu2026-04-07-15-26-23-2277065.jpg\",\"datePublished\":\"2026-04-08T00:47:10+00:00\",\"author\":{\"@id\":\"https:\/\/portaltela.pt\/#\/schema\/person\/c4278d4a6028830caff9ee44b42d32ed\"},\"breadcrumb\":{\"@id\":\"https:\/\/portaltela.pt\/noticias\/2026\/04\/07\/povo-de-aveiro-opoe-se-a-demolicao-de-casas\/#breadcrumb\"},\"inLanguage\":\"pt-PT\",\"potentialAction\":[{\"@type\":\"ReadAction\",\"target\":[\"https:\/\/portaltela.pt\/noticias\/2026\/04\/07\/povo-de-aveiro-opoe-se-a-demolicao-de-casas\/\"]}]},{\"@type\":\"ImageObject\",\"inLanguage\":\"pt-PT\",\"@id\":\"https:\/\/portaltela.pt\/noticias\/2026\/04\/07\/povo-de-aveiro-opoe-se-a-demolicao-de-casas\/#primaryimage\",\"url\":\"https:\/\/portaltela.pt\/s.01k8rhncp4jt1\/2026\/04\/img_1280x721uu2026-04-07-15-26-23-2277065.jpg\",\"contentUrl\":\"https:\/\/portaltela.pt\/s.01k8rhncp4jt1\/2026\/04\/img_1280x721uu2026-04-07-15-26-23-2277065.jpg\",\"width\":796,\"height\":448,\"caption\":\"Sergio Martins ficar\u00e1 sem anexos transformados em moradias\"},{\"@type\":\"BreadcrumbList\",\"@id\":\"https:\/\/portaltela.pt\/noticias\/2026\/04\/07\/povo-de-aveiro-opoe-se-a-demolicao-de-casas\/#breadcrumb\",\"itemListElement\":[{\"@type\":\"ListItem\",\"position\":1,\"name\":\"In\u00edcio\",\"item\":\"https:\/\/portaltela.pt\/\"},{\"@type\":\"ListItem\",\"position\":2,\"name\":\"Povo de Aveiro op\u00f5e-se \u00e0 demoli\u00e7\u00e3o de casas\"}]},{\"@type\":\"WebSite\",\"@id\":\"https:\/\/portaltela.pt\/#website\",\"url\":\"https:\/\/portaltela.pt\/\",\"name\":\"Portal Tela Portugal\",\"description\":\"\",\"potentialAction\":[{\"@type\":\"SearchAction\",\"target\":{\"@type\":\"EntryPoint\",\"urlTemplate\":\"https:\/\/portaltela.pt\/?s={search_term_string}\"},\"query-input\":{\"@type\":\"PropertyValueSpecification\",\"valueRequired\":true,\"valueName\":\"search_term_string\"}}],\"inLanguage\":\"pt-PT\"},{\"@type\":\"Person\",\"@id\":\"https:\/\/portaltela.pt\/#\/schema\/person\/c4278d4a6028830caff9ee44b42d32ed\",\"name\":\"Telinha\",\"image\":{\"@type\":\"ImageObject\",\"inLanguage\":\"pt-PT\",\"@id\":\"https:\/\/portaltela.pt\/s.01k8rhncp4jt1\/2025\/11\/talking-bot-125x125.png\",\"url\":\"https:\/\/portaltela.pt\/s.01k8rhncp4jt1\/2025\/11\/talking-bot-125x125.png\",\"contentUrl\":\"https:\/\/portaltela.pt\/s.01k8rhncp4jt1\/2025\/11\/talking-bot-125x125.png\",\"caption\":\"Telinha\"},\"sameAs\":[\"https:\/\/portaltela.pt\/\"],\"url\":\"https:\/\/portaltela.pt\/por\/367410592786\/\"}]}<\/script>\n<!-- \/ Yoast SEO plugin. -->","yoast_head_json":{"title":"Povo de Aveiro op\u00f5e-se \u00e0 demoli\u00e7\u00e3o de casas - Portal Tela Portugal","robots":{"index":"index","follow":"follow","max-snippet":"max-snippet:-1","max-image-preview":"max-image-preview:large","max-video-preview":"max-video-preview:-1"},"og_locale":"pt_PT","og_type":"article","og_title":"Povo de Aveiro op\u00f5e-se \u00e0 demoli\u00e7\u00e3o de casas - Portal Tela Portugal","og_description":"O projeto do Eixo Rodovi\u00e1rio Aveiro-\u00c1gueda obriga \u00e0 demoli\u00e7\u00e3o de seis casas, tr\u00eas das quais habitadas, em Eirol, Aveiro. Os propriet\u00e1rios criticam indemniza\u00e7\u00f5es consideradas baixas; o caso de S\u00e9rgio Martins, 61 anos, que herdou tr\u00eas anexos convertidos em moradias, est\u00e1 entre os afetados. As habita\u00e7\u00f5es situam-se no tra\u00e7ado do empreendimento e ser\u00e3o demolidas; uma \u00e9 ocupada pela filha, outra por uma inquilina e a terceira pelo empres\u00e1rio da constru\u00e7\u00e3o civil. Martins afirma ter tentado legalizar a situa\u00e7\u00e3o h\u00e1 dez anos e reclama uma indemniza\u00e7\u00e3o de 125 mil euros por tudo; j\u00e1 indicou que pretende recorrer \u00e0 Justi\u00e7a. As autoridades locais garantem que a obra avan\u00e7a, mantendo o planeamento para a constru\u00e7\u00e3o do eixo rodovi\u00e1rio.","og_url":"https:\/\/portaltela.pt\/noticias\/2026\/04\/07\/povo-de-aveiro-opoe-se-a-demolicao-de-casas\/","og_site_name":"Portal Tela Portugal","article_published_time":"2026-04-08T00:47:10+00:00","author":"Telinha","twitter_card":"summary_large_image","twitter_misc":{"Escrito por":"Telinha","Tempo estimado de leitura":"2 minutos"},"schema":{"@context":"https:\/\/schema.org","@graph":[{"@type":"Article","@id":"https:\/\/portaltela.pt\/noticias\/2026\/04\/07\/povo-de-aveiro-opoe-se-a-demolicao-de-casas\/#article","isPartOf":{"@id":"https:\/\/portaltela.pt\/noticias\/2026\/04\/07\/povo-de-aveiro-opoe-se-a-demolicao-de-casas\/"},"author":{"name":"Telinha","@id":"https:\/\/portaltela.pt\/#\/schema\/person\/c4278d4a6028830caff9ee44b42d32ed"},"headline":"Povo de Aveiro op\u00f5e-se \u00e0 demoli\u00e7\u00e3o de casas","datePublished":"2026-04-08T00:47:10+00:00","mainEntityOfPage":{"@id":"https:\/\/portaltela.pt\/noticias\/2026\/04\/07\/povo-de-aveiro-opoe-se-a-demolicao-de-casas\/"},"wordCount":342,"image":{"@id":"https:\/\/portaltela.pt\/noticias\/2026\/04\/07\/povo-de-aveiro-opoe-se-a-demolicao-de-casas\/#primaryimage"},"thumbnailUrl":"https:\/\/portaltela.pt\/s.01k8rhncp4jt1\/2026\/04\/img_1280x721uu2026-04-07-15-26-23-2277065.jpg","keywords":["_habita\u00e7\u00e3o","_habita\u00e7\u00e3o social","Aveiro","despejos","indeniza\u00e7\u00f5es","mobilidade"],"articleSection":["Meio Ambiente","Sociedade"],"inLanguage":"pt-PT"},{"@type":"WebPage","@id":"https:\/\/portaltela.pt\/noticias\/2026\/04\/07\/povo-de-aveiro-opoe-se-a-demolicao-de-casas\/","url":"https:\/\/portaltela.pt\/noticias\/2026\/04\/07\/povo-de-aveiro-opoe-se-a-demolicao-de-casas\/","name":"Povo de Aveiro op\u00f5e-se \u00e0 demoli\u00e7\u00e3o de casas - Portal Tela Portugal","isPartOf":{"@id":"https:\/\/portaltela.pt\/#website"},"primaryImageOfPage":{"@id":"https:\/\/portaltela.pt\/noticias\/2026\/04\/07\/povo-de-aveiro-opoe-se-a-demolicao-de-casas\/#primaryimage"},"image":{"@id":"https:\/\/portaltela.pt\/noticias\/2026\/04\/07\/povo-de-aveiro-opoe-se-a-demolicao-de-casas\/#primaryimage"},"thumbnailUrl":"https:\/\/portaltela.pt\/s.01k8rhncp4jt1\/2026\/04\/img_1280x721uu2026-04-07-15-26-23-2277065.jpg","datePublished":"2026-04-08T00:47:10+00:00","author":{"@id":"https:\/\/portaltela.pt\/#\/schema\/person\/c4278d4a6028830caff9ee44b42d32ed"},"breadcrumb":{"@id":"https:\/\/portaltela.pt\/noticias\/2026\/04\/07\/povo-de-aveiro-opoe-se-a-demolicao-de-casas\/#breadcrumb"},"inLanguage":"pt-PT","potentialAction":[{"@type":"ReadAction","target":["https:\/\/portaltela.pt\/noticias\/2026\/04\/07\/povo-de-aveiro-opoe-se-a-demolicao-de-casas\/"]}]},{"@type":"ImageObject","inLanguage":"pt-PT","@id":"https:\/\/portaltela.pt\/noticias\/2026\/04\/07\/povo-de-aveiro-opoe-se-a-demolicao-de-casas\/#primaryimage","url":"https:\/\/portaltela.pt\/s.01k8rhncp4jt1\/2026\/04\/img_1280x721uu2026-04-07-15-26-23-2277065.jpg","contentUrl":"https:\/\/portaltela.pt\/s.01k8rhncp4jt1\/2026\/04\/img_1280x721uu2026-04-07-15-26-23-2277065.jpg","width":796,"height":448,"caption":"Sergio Martins ficar\u00e1 sem anexos transformados em moradias"},{"@type":"BreadcrumbList","@id":"https:\/\/portaltela.pt\/noticias\/2026\/04\/07\/povo-de-aveiro-opoe-se-a-demolicao-de-casas\/#breadcrumb","itemListElement":[{"@type":"ListItem","position":1,"name":"In\u00edcio","item":"https:\/\/portaltela.pt\/"},{"@type":"ListItem","position":2,"name":"Povo de Aveiro op\u00f5e-se \u00e0 demoli\u00e7\u00e3o de casas"}]},{"@type":"WebSite","@id":"https:\/\/portaltela.pt\/#website","url":"https:\/\/portaltela.pt\/","name":"Portal Tela Portugal","description":"","potentialAction":[{"@type":"SearchAction","target":{"@type":"EntryPoint","urlTemplate":"https:\/\/portaltela.pt\/?s={search_term_string}"},"query-input":{"@type":"PropertyValueSpecification","valueRequired":true,"valueName":"search_term_string"}}],"inLanguage":"pt-PT"},{"@type":"Person","@id":"https:\/\/portaltela.pt\/#\/schema\/person\/c4278d4a6028830caff9ee44b42d32ed","name":"Telinha","image":{"@type":"ImageObject","inLanguage":"pt-PT","@id":"https:\/\/portaltela.pt\/s.01k8rhncp4jt1\/2025\/11\/talking-bot-125x125.png","url":"https:\/\/portaltela.pt\/s.01k8rhncp4jt1\/2025\/11\/talking-bot-125x125.png","contentUrl":"https:\/\/portaltela.pt\/s.01k8rhncp4jt1\/2025\/11\/talking-bot-125x125.png","caption":"Telinha"},"sameAs":["https:\/\/portaltela.pt\/"],"url":"https:\/\/portaltela.pt\/por\/367410592786\/"}]}},"_links":{"self":[{"href":"https:\/\/portaltela.pt\/api\/wp\/v2\/posts\/436076","targetHints":{"allow":["GET"]}}],"collection":[{"href":"https:\/\/portaltela.pt\/api\/wp\/v2\/posts"}],"about":[{"href":"https:\/\/portaltela.pt\/api\/wp\/v2\/types\/post"}],"author":[{"embeddable":true,"href":"https:\/\/portaltela.pt\/api\/wp\/v2\/users\/2"}],"replies":[{"embeddable":true,"href":"https:\/\/portaltela.pt\/api\/wp\/v2\/comments?post=436076"}],"version-history":[{"count":0,"href":"https:\/\/portaltela.pt\/api\/wp\/v2\/posts\/436076\/revisions"}],"wp:featuredmedia":[{"embeddable":true,"href":"https:\/\/portaltela.pt\/api\/wp\/v2\/media\/436079"}],"wp:attachment":[{"href":"https:\/\/portaltela.pt\/api\/wp\/v2\/media?parent=436076"}],"wp:term":[{"taxonomy":"category","embeddable":true,"href":"https:\/\/portaltela.pt\/api\/wp\/v2\/categories?post=436076"},{"taxonomy":"post_tag","embeddable":true,"href":"https:\/\/portaltela.pt\/api\/wp\/v2\/tags?post=436076"}],"curies":[{"name":"wp","href":"https:\/\/api.w.org\/{rel}","templated":true}]}}