{"id":436066,"date":"2026-04-07T21:32:22","date_gmt":"2026-04-08T00:32:22","guid":{"rendered":"https:\/\/portaltela.pt\/noticias\/2026\/04\/07\/sobrelotacao-regressa-as-prisoes-portuguesas-apos-seis-anos\/"},"modified":"2026-04-07T21:32:22","modified_gmt":"2026-04-08T00:32:22","slug":"sobrelotacao-regressa-as-prisoes-portuguesas-apos-seis-anos","status":"publish","type":"post","link":"https:\/\/portaltela.pt\/seguranca\/2026\/04\/07\/sobrelotacao-regressa-as-prisoes-portuguesas-apos-seis-anos\/","title":{"rendered":"Sobrelota\u00e7\u00e3o regressa \u00e0s pris\u00f5es portuguesas ap\u00f3s seis anos"},"content":{"rendered":"<p>O sistema prisional portugu\u00eas voltou a registar sobrelota\u00e7\u00e3o ao fim de 2025. De acordo com o Relat\u00f3rio Anual de Seguran\u00e7a Interna (RASI), estavam 13136 reclusos nas 49 pris\u00f5es nacionais, 92,8% dos quais homens, com uma taxa de ocupa\u00e7\u00e3o de 103,4%. O aumento foi de 776 presos face ao final de 2024.<\/p>\n<p>A evolu\u00e7\u00e3o hist\u00f3rica mostra que, desde 2019, n\u00e3o ocorria sobrelota\u00e7\u00e3o. Entre 2020 e 2022 a popula\u00e7\u00e3o prisional baixou devido a liberta\u00e7\u00f5es durante a pandemia de Covid-19. A partir de 2023, o n\u00famero de detidos tem vindo a recuperar progressivamente.<\/p>\n<p>A subida \u00e9 atribu\u00edda sobretudo ao aumento dos presos preventivos, que encerraram 2025 com um total de 3179. Este vector de conten\u00e7\u00e3o processual contribuiu para o novo patamar de ocupa\u00e7\u00e3o, segundo o RASI.<\/p>\n<h3>Aumento de presos preventivos<\/h3>\n<p>A situa\u00e7\u00e3o atual refor\u00e7a a import\u00e2ncia de estrat\u00e9gias de gest\u00e3o de tribunais e de medidas de alternativas \u00e0 pris\u00e3o. O relat\u00f3rio destaca ainda a necessidade de monitorizar o desempenho do sistema de justi\u00e7a criminal para evitar novos picos de ocupa\u00e7\u00e3o.<\/p>\n","protected":false},"excerpt":{"rendered":"<ul>\n<li>No final de 2025, havia 13.136 reclusos nas pris\u00f5es portuguesas, sendo 92,8% homens.<\/li>\n<li>A ocupa\u00e7\u00e3o das pris\u00f5es atingiu 103,4%, voltando a ficar acima da capacidade ap\u00f3s seis anos.<\/li>\n<li>O n\u00famero de presos aumentou em 776 face ao final de 2024.<\/li>\n<li>O crescimento deve-se, principalmente, ao aumento de preventivos, que somaram 3.179 no fim de 2025.<\/li>\n<li>Os dados constam do Relat\u00f3rio Anual de Seguran\u00e7a Interna (RASI).<\/li>\n<\/ul>\n","protected":false},"author":2,"featured_media":436068,"comment_status":"closed","ping_status":"closed","sticky":false,"template":"","format":"standard","meta":{"footnotes":""},"categories":[6815,6779],"tags":[6484,2633,803,4343,250,6208],"class_list":["post-436066","post","type-post","status-publish","format-standard","has-post-thumbnail","hentry","category-justica","category-seguranca","tag-direito-penal","tag-direitos-humanos","tag-justica","tag-prisoes","tag-seguranca-publica","tag-tribunais"],"yoast_head":"<!-- This site is optimized with the Yoast SEO plugin v27.2 - https:\/\/yoast.com\/product\/yoast-seo-wordpress\/ -->\n<title>Sobrelota\u00e7\u00e3o regressa \u00e0s pris\u00f5es portuguesas ap\u00f3s seis anos - Portal Tela Portugal<\/title>\n<meta name=\"robots\" content=\"index, follow, max-snippet:-1, max-image-preview:large, max-video-preview:-1\" \/>\n<meta property=\"og:locale\" content=\"pt_PT\" \/>\n<meta property=\"og:type\" content=\"article\" \/>\n<meta property=\"og:title\" content=\"Sobrelota\u00e7\u00e3o regressa \u00e0s pris\u00f5es portuguesas ap\u00f3s seis anos - Portal Tela Portugal\" \/>\n<meta property=\"og:description\" content=\"No final de 2025, havia 13.136 reclusos nas pris\u00f5es portuguesas, sendo 92,8% homens. A ocupa\u00e7\u00e3o das pris\u00f5es atingiu 103,4%, voltando a ficar acima da capacidade ap\u00f3s seis anos. O n\u00famero de presos aumentou em 776 face ao final de 2024. O crescimento deve-se, principalmente, ao aumento de preventivos, que somaram 3.179 no fim de 2025. Os dados constam do Relat\u00f3rio Anual de Seguran\u00e7a Interna (RASI).\" \/>\n<meta property=\"og:url\" content=\"https:\/\/portaltela.pt\/noticias\/2026\/04\/07\/sobrelotacao-regressa-as-prisoes-portuguesas-apos-seis-anos\/\" \/>\n<meta property=\"og:site_name\" content=\"Portal Tela Portugal\" \/>\n<meta property=\"article:published_time\" content=\"2026-04-08T00:32:22+00:00\" \/>\n<meta name=\"author\" content=\"Telinha\" \/>\n<meta name=\"twitter:card\" content=\"summary_large_image\" \/>\n<meta name=\"twitter:label1\" content=\"Escrito por\" \/>\n\t<meta name=\"twitter:data1\" content=\"Telinha\" \/>\n\t<meta name=\"twitter:label2\" content=\"Tempo estimado de leitura\" \/>\n\t<meta name=\"twitter:data2\" content=\"1 minuto\" \/>\n<script type=\"application\/ld+json\" class=\"yoast-schema-graph\">{\"@context\":\"https:\/\/schema.org\",\"@graph\":[{\"@type\":\"Article\",\"@id\":\"https:\/\/portaltela.pt\/noticias\/2026\/04\/07\/sobrelotacao-regressa-as-prisoes-portuguesas-apos-seis-anos\/#article\",\"isPartOf\":{\"@id\":\"https:\/\/portaltela.pt\/noticias\/2026\/04\/07\/sobrelotacao-regressa-as-prisoes-portuguesas-apos-seis-anos\/\"},\"author\":{\"name\":\"Telinha\",\"@id\":\"https:\/\/portaltela.pt\/#\/schema\/person\/c4278d4a6028830caff9ee44b42d32ed\"},\"headline\":\"Sobrelota\u00e7\u00e3o regressa \u00e0s pris\u00f5es portuguesas ap\u00f3s seis anos\",\"datePublished\":\"2026-04-08T00:32:22+00:00\",\"mainEntityOfPage\":{\"@id\":\"https:\/\/portaltela.pt\/noticias\/2026\/04\/07\/sobrelotacao-regressa-as-prisoes-portuguesas-apos-seis-anos\/\"},\"wordCount\":188,\"image\":{\"@id\":\"https:\/\/portaltela.pt\/noticias\/2026\/04\/07\/sobrelotacao-regressa-as-prisoes-portuguesas-apos-seis-anos\/#primaryimage\"},\"thumbnailUrl\":\"https:\/\/portaltela.pt\/s.01k8rhncp4jt1\/2026\/04\/img_1500x1000uu2026-04-07-15-30-06-2277068-im-639111726318482601.jpg\",\"keywords\":[\"Direito Penal\",\"direitos humanos\",\"justi\u00e7a\",\"pris\u00f5es\",\"seguran\u00e7a p\u00fablica\",\"Tribunais\"],\"articleSection\":[\"Justi\u00e7a\",\"Seguran\u00e7a\"],\"inLanguage\":\"pt-PT\"},{\"@type\":\"WebPage\",\"@id\":\"https:\/\/portaltela.pt\/noticias\/2026\/04\/07\/sobrelotacao-regressa-as-prisoes-portuguesas-apos-seis-anos\/\",\"url\":\"https:\/\/portaltela.pt\/noticias\/2026\/04\/07\/sobrelotacao-regressa-as-prisoes-portuguesas-apos-seis-anos\/\",\"name\":\"Sobrelota\u00e7\u00e3o regressa \u00e0s pris\u00f5es portuguesas ap\u00f3s seis anos - Portal Tela Portugal\",\"isPartOf\":{\"@id\":\"https:\/\/portaltela.pt\/#website\"},\"primaryImageOfPage\":{\"@id\":\"https:\/\/portaltela.pt\/noticias\/2026\/04\/07\/sobrelotacao-regressa-as-prisoes-portuguesas-apos-seis-anos\/#primaryimage\"},\"image\":{\"@id\":\"https:\/\/portaltela.pt\/noticias\/2026\/04\/07\/sobrelotacao-regressa-as-prisoes-portuguesas-apos-seis-anos\/#primaryimage\"},\"thumbnailUrl\":\"https:\/\/portaltela.pt\/s.01k8rhncp4jt1\/2026\/04\/img_1500x1000uu2026-04-07-15-30-06-2277068-im-639111726318482601.jpg\",\"datePublished\":\"2026-04-08T00:32:22+00:00\",\"author\":{\"@id\":\"https:\/\/portaltela.pt\/#\/schema\/person\/c4278d4a6028830caff9ee44b42d32ed\"},\"breadcrumb\":{\"@id\":\"https:\/\/portaltela.pt\/noticias\/2026\/04\/07\/sobrelotacao-regressa-as-prisoes-portuguesas-apos-seis-anos\/#breadcrumb\"},\"inLanguage\":\"pt-PT\",\"potentialAction\":[{\"@type\":\"ReadAction\",\"target\":[\"https:\/\/portaltela.pt\/noticias\/2026\/04\/07\/sobrelotacao-regressa-as-prisoes-portuguesas-apos-seis-anos\/\"]}]},{\"@type\":\"ImageObject\",\"inLanguage\":\"pt-PT\",\"@id\":\"https:\/\/portaltela.pt\/noticias\/2026\/04\/07\/sobrelotacao-regressa-as-prisoes-portuguesas-apos-seis-anos\/#primaryimage\",\"url\":\"https:\/\/portaltela.pt\/s.01k8rhncp4jt1\/2026\/04\/img_1500x1000uu2026-04-07-15-30-06-2277068-im-639111726318482601.jpg\",\"contentUrl\":\"https:\/\/portaltela.pt\/s.01k8rhncp4jt1\/2026\/04\/img_1500x1000uu2026-04-07-15-30-06-2277068-im-639111726318482601.jpg\",\"width\":796,\"height\":448,\"caption\":\"Havia 13136 presos nas cadeias nacionais, a 31 de dezembro de 2025\"},{\"@type\":\"BreadcrumbList\",\"@id\":\"https:\/\/portaltela.pt\/noticias\/2026\/04\/07\/sobrelotacao-regressa-as-prisoes-portuguesas-apos-seis-anos\/#breadcrumb\",\"itemListElement\":[{\"@type\":\"ListItem\",\"position\":1,\"name\":\"In\u00edcio\",\"item\":\"https:\/\/portaltela.pt\/\"},{\"@type\":\"ListItem\",\"position\":2,\"name\":\"Sobrelota\u00e7\u00e3o regressa \u00e0s pris\u00f5es portuguesas ap\u00f3s seis anos\"}]},{\"@type\":\"WebSite\",\"@id\":\"https:\/\/portaltela.pt\/#website\",\"url\":\"https:\/\/portaltela.pt\/\",\"name\":\"Portal Tela Portugal\",\"description\":\"\",\"potentialAction\":[{\"@type\":\"SearchAction\",\"target\":{\"@type\":\"EntryPoint\",\"urlTemplate\":\"https:\/\/portaltela.pt\/?s={search_term_string}\"},\"query-input\":{\"@type\":\"PropertyValueSpecification\",\"valueRequired\":true,\"valueName\":\"search_term_string\"}}],\"inLanguage\":\"pt-PT\"},{\"@type\":\"Person\",\"@id\":\"https:\/\/portaltela.pt\/#\/schema\/person\/c4278d4a6028830caff9ee44b42d32ed\",\"name\":\"Telinha\",\"image\":{\"@type\":\"ImageObject\",\"inLanguage\":\"pt-PT\",\"@id\":\"https:\/\/portaltela.pt\/s.01k8rhncp4jt1\/2025\/11\/talking-bot-125x125.png\",\"url\":\"https:\/\/portaltela.pt\/s.01k8rhncp4jt1\/2025\/11\/talking-bot-125x125.png\",\"contentUrl\":\"https:\/\/portaltela.pt\/s.01k8rhncp4jt1\/2025\/11\/talking-bot-125x125.png\",\"caption\":\"Telinha\"},\"sameAs\":[\"https:\/\/portaltela.pt\/\"],\"url\":\"https:\/\/portaltela.pt\/por\/367410592786\/\"}]}<\/script>\n<!-- \/ Yoast SEO plugin. -->","yoast_head_json":{"title":"Sobrelota\u00e7\u00e3o regressa \u00e0s pris\u00f5es portuguesas ap\u00f3s seis anos - Portal Tela Portugal","robots":{"index":"index","follow":"follow","max-snippet":"max-snippet:-1","max-image-preview":"max-image-preview:large","max-video-preview":"max-video-preview:-1"},"og_locale":"pt_PT","og_type":"article","og_title":"Sobrelota\u00e7\u00e3o regressa \u00e0s pris\u00f5es portuguesas ap\u00f3s seis anos - Portal Tela Portugal","og_description":"No final de 2025, havia 13.136 reclusos nas pris\u00f5es portuguesas, sendo 92,8% homens. A ocupa\u00e7\u00e3o das pris\u00f5es atingiu 103,4%, voltando a ficar acima da capacidade ap\u00f3s seis anos. O n\u00famero de presos aumentou em 776 face ao final de 2024. O crescimento deve-se, principalmente, ao aumento de preventivos, que somaram 3.179 no fim de 2025. Os dados constam do Relat\u00f3rio Anual de Seguran\u00e7a Interna (RASI).","og_url":"https:\/\/portaltela.pt\/noticias\/2026\/04\/07\/sobrelotacao-regressa-as-prisoes-portuguesas-apos-seis-anos\/","og_site_name":"Portal Tela Portugal","article_published_time":"2026-04-08T00:32:22+00:00","author":"Telinha","twitter_card":"summary_large_image","twitter_misc":{"Escrito por":"Telinha","Tempo estimado de leitura":"1 minuto"},"schema":{"@context":"https:\/\/schema.org","@graph":[{"@type":"Article","@id":"https:\/\/portaltela.pt\/noticias\/2026\/04\/07\/sobrelotacao-regressa-as-prisoes-portuguesas-apos-seis-anos\/#article","isPartOf":{"@id":"https:\/\/portaltela.pt\/noticias\/2026\/04\/07\/sobrelotacao-regressa-as-prisoes-portuguesas-apos-seis-anos\/"},"author":{"name":"Telinha","@id":"https:\/\/portaltela.pt\/#\/schema\/person\/c4278d4a6028830caff9ee44b42d32ed"},"headline":"Sobrelota\u00e7\u00e3o regressa \u00e0s pris\u00f5es portuguesas ap\u00f3s seis anos","datePublished":"2026-04-08T00:32:22+00:00","mainEntityOfPage":{"@id":"https:\/\/portaltela.pt\/noticias\/2026\/04\/07\/sobrelotacao-regressa-as-prisoes-portuguesas-apos-seis-anos\/"},"wordCount":188,"image":{"@id":"https:\/\/portaltela.pt\/noticias\/2026\/04\/07\/sobrelotacao-regressa-as-prisoes-portuguesas-apos-seis-anos\/#primaryimage"},"thumbnailUrl":"https:\/\/portaltela.pt\/s.01k8rhncp4jt1\/2026\/04\/img_1500x1000uu2026-04-07-15-30-06-2277068-im-639111726318482601.jpg","keywords":["Direito Penal","direitos humanos","justi\u00e7a","pris\u00f5es","seguran\u00e7a p\u00fablica","Tribunais"],"articleSection":["Justi\u00e7a","Seguran\u00e7a"],"inLanguage":"pt-PT"},{"@type":"WebPage","@id":"https:\/\/portaltela.pt\/noticias\/2026\/04\/07\/sobrelotacao-regressa-as-prisoes-portuguesas-apos-seis-anos\/","url":"https:\/\/portaltela.pt\/noticias\/2026\/04\/07\/sobrelotacao-regressa-as-prisoes-portuguesas-apos-seis-anos\/","name":"Sobrelota\u00e7\u00e3o regressa \u00e0s pris\u00f5es portuguesas ap\u00f3s seis anos - Portal Tela Portugal","isPartOf":{"@id":"https:\/\/portaltela.pt\/#website"},"primaryImageOfPage":{"@id":"https:\/\/portaltela.pt\/noticias\/2026\/04\/07\/sobrelotacao-regressa-as-prisoes-portuguesas-apos-seis-anos\/#primaryimage"},"image":{"@id":"https:\/\/portaltela.pt\/noticias\/2026\/04\/07\/sobrelotacao-regressa-as-prisoes-portuguesas-apos-seis-anos\/#primaryimage"},"thumbnailUrl":"https:\/\/portaltela.pt\/s.01k8rhncp4jt1\/2026\/04\/img_1500x1000uu2026-04-07-15-30-06-2277068-im-639111726318482601.jpg","datePublished":"2026-04-08T00:32:22+00:00","author":{"@id":"https:\/\/portaltela.pt\/#\/schema\/person\/c4278d4a6028830caff9ee44b42d32ed"},"breadcrumb":{"@id":"https:\/\/portaltela.pt\/noticias\/2026\/04\/07\/sobrelotacao-regressa-as-prisoes-portuguesas-apos-seis-anos\/#breadcrumb"},"inLanguage":"pt-PT","potentialAction":[{"@type":"ReadAction","target":["https:\/\/portaltela.pt\/noticias\/2026\/04\/07\/sobrelotacao-regressa-as-prisoes-portuguesas-apos-seis-anos\/"]}]},{"@type":"ImageObject","inLanguage":"pt-PT","@id":"https:\/\/portaltela.pt\/noticias\/2026\/04\/07\/sobrelotacao-regressa-as-prisoes-portuguesas-apos-seis-anos\/#primaryimage","url":"https:\/\/portaltela.pt\/s.01k8rhncp4jt1\/2026\/04\/img_1500x1000uu2026-04-07-15-30-06-2277068-im-639111726318482601.jpg","contentUrl":"https:\/\/portaltela.pt\/s.01k8rhncp4jt1\/2026\/04\/img_1500x1000uu2026-04-07-15-30-06-2277068-im-639111726318482601.jpg","width":796,"height":448,"caption":"Havia 13136 presos nas cadeias nacionais, a 31 de dezembro de 2025"},{"@type":"BreadcrumbList","@id":"https:\/\/portaltela.pt\/noticias\/2026\/04\/07\/sobrelotacao-regressa-as-prisoes-portuguesas-apos-seis-anos\/#breadcrumb","itemListElement":[{"@type":"ListItem","position":1,"name":"In\u00edcio","item":"https:\/\/portaltela.pt\/"},{"@type":"ListItem","position":2,"name":"Sobrelota\u00e7\u00e3o regressa \u00e0s pris\u00f5es portuguesas ap\u00f3s seis anos"}]},{"@type":"WebSite","@id":"https:\/\/portaltela.pt\/#website","url":"https:\/\/portaltela.pt\/","name":"Portal Tela Portugal","description":"","potentialAction":[{"@type":"SearchAction","target":{"@type":"EntryPoint","urlTemplate":"https:\/\/portaltela.pt\/?s={search_term_string}"},"query-input":{"@type":"PropertyValueSpecification","valueRequired":true,"valueName":"search_term_string"}}],"inLanguage":"pt-PT"},{"@type":"Person","@id":"https:\/\/portaltela.pt\/#\/schema\/person\/c4278d4a6028830caff9ee44b42d32ed","name":"Telinha","image":{"@type":"ImageObject","inLanguage":"pt-PT","@id":"https:\/\/portaltela.pt\/s.01k8rhncp4jt1\/2025\/11\/talking-bot-125x125.png","url":"https:\/\/portaltela.pt\/s.01k8rhncp4jt1\/2025\/11\/talking-bot-125x125.png","contentUrl":"https:\/\/portaltela.pt\/s.01k8rhncp4jt1\/2025\/11\/talking-bot-125x125.png","caption":"Telinha"},"sameAs":["https:\/\/portaltela.pt\/"],"url":"https:\/\/portaltela.pt\/por\/367410592786\/"}]}},"_links":{"self":[{"href":"https:\/\/portaltela.pt\/api\/wp\/v2\/posts\/436066","targetHints":{"allow":["GET"]}}],"collection":[{"href":"https:\/\/portaltela.pt\/api\/wp\/v2\/posts"}],"about":[{"href":"https:\/\/portaltela.pt\/api\/wp\/v2\/types\/post"}],"author":[{"embeddable":true,"href":"https:\/\/portaltela.pt\/api\/wp\/v2\/users\/2"}],"replies":[{"embeddable":true,"href":"https:\/\/portaltela.pt\/api\/wp\/v2\/comments?post=436066"}],"version-history":[{"count":0,"href":"https:\/\/portaltela.pt\/api\/wp\/v2\/posts\/436066\/revisions"}],"wp:featuredmedia":[{"embeddable":true,"href":"https:\/\/portaltela.pt\/api\/wp\/v2\/media\/436068"}],"wp:attachment":[{"href":"https:\/\/portaltela.pt\/api\/wp\/v2\/media?parent=436066"}],"wp:term":[{"taxonomy":"category","embeddable":true,"href":"https:\/\/portaltela.pt\/api\/wp\/v2\/categories?post=436066"},{"taxonomy":"post_tag","embeddable":true,"href":"https:\/\/portaltela.pt\/api\/wp\/v2\/tags?post=436066"}],"curies":[{"name":"wp","href":"https:\/\/api.w.org\/{rel}","templated":true}]}}