{"id":436036,"date":"2026-04-07T20:02:08","date_gmt":"2026-04-07T23:02:08","guid":{"rendered":"https:\/\/portaltela.pt\/noticias\/2026\/04\/07\/andre-gomes-deve-reassumir-baliza-do-casa-pia\/"},"modified":"2026-04-07T20:02:08","modified_gmt":"2026-04-07T23:02:08","slug":"andre-gomes-deve-reassumir-baliza-do-casa-pia","status":"publish","type":"post","link":"https:\/\/portaltela.pt\/desporto\/futebol\/2026\/04\/07\/andre-gomes-deve-reassumir-baliza-do-casa-pia\/","title":{"rendered":"Andr\u00e9 Gomes deve reassumir baliza do Casa Pia"},"content":{"rendered":"<p>Andr\u00e9 Gomes deve reassumir a baliza do Alverca na rece\u00e7\u00e3o ao Casa Pia, ap\u00f3s falhar o jogo em Vila do Conde por problemas f\u00edsicos. O guarda-redes de 21 anos, emprestado pelo Benfica, foi suplente de Matheus Mendes no plano contra o Rio Ave.<\/p>\n<p>Cust\u00f3dio Castro j\u00e1 come\u00e7ou a preparar o encontro com os gansos, sem contar com os lesionados Juli\u00e1n Martinez, Francisco Chissumba e Fabr\u00edcio Garcia, al\u00e9m de Sabit e Tom\u00e1s Mendes, ambos fora at\u00e9 ao final da \u00e9poca.<\/p>\n<p>O plantel tem treinado principalmente em Palmela, por n\u00e3o dispor do relvado do est\u00e1dio. O Alverca avan\u00e7a com o novo relvado natural de treinos no Centro de Forma\u00e7\u00e3o Desportiva, com in\u00edcio de obras at\u00e9 ao final do m\u00eas.<\/p>\n<h3>Novo relvado avan\u00e7a este m\u00eas<\/h3>\n<p>As obras do relvado de treinos v\u00e3o decorrer num per\u00edodo de cerca de 50 dias. A infraestrutura visa acolher treinos da equipa principal e jogos\/treinos da futura equipa de sub-23, mantendo o foco no projeto da Liga Revela\u00e7\u00e3o.<\/p>\n<p>A SAD mant\u00e9m o interesse no desenvolvimento da infraestrutura, que j\u00e1 esteve em linha de prioridades, mesmo sem confirma\u00e7\u00e3o de participa\u00e7\u00e3o nesta \u00e9poca. A conclus\u00e3o do espa\u00e7o permitir\u00e1, segundo o clube, maior regularidade de treinos.<\/p>\n","protected":false},"excerpt":{"rendered":"<ul>\n<li>Andr\u00e9 Gomes, guarda-redes de 21 anos cedido pelo Benfica, deve reassumir a baliza do Alverca na rece\u00e7\u00e3o ao Casa Pia, ap\u00f3s falhar o jogo em Vila do Conde por problemas f\u00edsicos.<\/li>\n<li>O brasileiro foi rendido por Matheus Mendes no onze inicial frente ao Rio Ave; regresso previsto a tempo do pr\u00f3ximo encontro.<\/li>\n<li>Cust\u00f3dio Castro n\u00e3o poder\u00e1 contar com Juli\u00e1n Martinez, Francisco Chissumba, Fabr\u00edcio Garcia, Sabit e Tom\u00e1s Mendes para o duelo com os gansos, com estes dois \u00faltimos afastados at\u00e9 ao final da temporada.<\/li>\n<li>O novo relvado natural de treinos do Centro de Forma\u00e7\u00e3o Desportiva de Alverca come\u00e7a at\u00e9 ao fim deste m\u00eas, com a conclus\u00e3o prevista em cinquenta dias.<\/li>\n<li>O projeto da Liga Revela\u00e7\u00e3o mant\u00e9m-se na mente da SAD; a equipa foi inscrita para esta \u00e9poca, mas n\u00e3o participou por falta de condi\u00e7\u00f5es log\u00edsticas, com o plantel a treinar maioritariamente em Palmela para proteger o relvado do est\u00e1dio.<\/li>\n<\/ul>\n","protected":false},"author":2,"featured_media":436040,"comment_status":"closed","ping_status":"closed","sticky":false,"template":"","format":"standard","meta":{"footnotes":""},"categories":[21,24],"tags":[4143,1230,5176,32,1066,2190],"class_list":["post-436036","post","type-post","status-publish","format-standard","has-post-thumbnail","hentry","category-desporto","category-futebol","tag-1-liga","tag-alverca","tag-casa-pia","tag-futebol","tag-palmela","tag-rio-ave"],"yoast_head":"<!-- This site is optimized with the Yoast SEO plugin v27.2 - https:\/\/yoast.com\/product\/yoast-seo-wordpress\/ -->\n<title>Andr\u00e9 Gomes deve reassumir baliza do Casa Pia - Portal Tela Portugal<\/title>\n<meta name=\"robots\" content=\"index, follow, max-snippet:-1, max-image-preview:large, max-video-preview:-1\" \/>\n<meta property=\"og:locale\" content=\"pt_PT\" \/>\n<meta property=\"og:type\" content=\"article\" \/>\n<meta property=\"og:title\" content=\"Andr\u00e9 Gomes deve reassumir baliza do Casa Pia - Portal Tela Portugal\" \/>\n<meta property=\"og:description\" content=\"Andr\u00e9 Gomes, guarda-redes de 21 anos cedido pelo Benfica, deve reassumir a baliza do Alverca na rece\u00e7\u00e3o ao Casa Pia, ap\u00f3s falhar o jogo em Vila do Conde por problemas f\u00edsicos. O brasileiro foi rendido por Matheus Mendes no onze inicial frente ao Rio Ave; regresso previsto a tempo do pr\u00f3ximo encontro. Cust\u00f3dio Castro n\u00e3o poder\u00e1 contar com Juli\u00e1n Martinez, Francisco Chissumba, Fabr\u00edcio Garcia, Sabit e Tom\u00e1s Mendes para o duelo com os gansos, com estes dois \u00faltimos afastados at\u00e9 ao final da temporada. O novo relvado natural de treinos do Centro de Forma\u00e7\u00e3o Desportiva de Alverca come\u00e7a at\u00e9 ao fim deste m\u00eas, com a conclus\u00e3o prevista em cinquenta dias. O projeto da Liga Revela\u00e7\u00e3o mant\u00e9m-se na mente da SAD; a equipa foi inscrita para esta \u00e9poca, mas n\u00e3o participou por falta de condi\u00e7\u00f5es log\u00edsticas, com o plantel a treinar maioritariamente em Palmela para proteger o relvado do est\u00e1dio.\" \/>\n<meta property=\"og:url\" content=\"https:\/\/portaltela.pt\/noticias\/2026\/04\/07\/andre-gomes-deve-reassumir-baliza-do-casa-pia\/\" \/>\n<meta property=\"og:site_name\" content=\"Portal Tela Portugal\" \/>\n<meta property=\"article:published_time\" content=\"2026-04-07T23:02:08+00:00\" \/>\n<meta name=\"author\" content=\"Telinha\" \/>\n<meta name=\"twitter:card\" content=\"summary_large_image\" \/>\n<meta name=\"twitter:label1\" content=\"Escrito por\" \/>\n\t<meta name=\"twitter:data1\" content=\"Telinha\" \/>\n\t<meta name=\"twitter:label2\" content=\"Tempo estimado de leitura\" \/>\n\t<meta name=\"twitter:data2\" content=\"1 minuto\" \/>\n<script type=\"application\/ld+json\" class=\"yoast-schema-graph\">{\"@context\":\"https:\/\/schema.org\",\"@graph\":[{\"@type\":\"Article\",\"@id\":\"https:\/\/portaltela.pt\/noticias\/2026\/04\/07\/andre-gomes-deve-reassumir-baliza-do-casa-pia\/#article\",\"isPartOf\":{\"@id\":\"https:\/\/portaltela.pt\/noticias\/2026\/04\/07\/andre-gomes-deve-reassumir-baliza-do-casa-pia\/\"},\"author\":{\"name\":\"Telinha\",\"@id\":\"https:\/\/portaltela.pt\/#\/schema\/person\/c4278d4a6028830caff9ee44b42d32ed\"},\"headline\":\"Andr\u00e9 Gomes deve reassumir baliza do Casa Pia\",\"datePublished\":\"2026-04-07T23:02:08+00:00\",\"mainEntityOfPage\":{\"@id\":\"https:\/\/portaltela.pt\/noticias\/2026\/04\/07\/andre-gomes-deve-reassumir-baliza-do-casa-pia\/\"},\"wordCount\":227,\"image\":{\"@id\":\"https:\/\/portaltela.pt\/noticias\/2026\/04\/07\/andre-gomes-deve-reassumir-baliza-do-casa-pia\/#primaryimage\"},\"thumbnailUrl\":\"https:\/\/portaltela.pt\/s.01k8rhncp4jt1\/2026\/04\/img_920x518uu2026-02-10-18-02-24-2420808.jpg\",\"keywords\":[\"1. Liga\",\"Alverca\",\"Casa Pia\",\"futebol\",\"Palmela\",\"Rio Ave\"],\"articleSection\":[\"Desporto\",\"Futebol\"],\"inLanguage\":\"pt-PT\"},{\"@type\":\"WebPage\",\"@id\":\"https:\/\/portaltela.pt\/noticias\/2026\/04\/07\/andre-gomes-deve-reassumir-baliza-do-casa-pia\/\",\"url\":\"https:\/\/portaltela.pt\/noticias\/2026\/04\/07\/andre-gomes-deve-reassumir-baliza-do-casa-pia\/\",\"name\":\"Andr\u00e9 Gomes deve reassumir baliza do Casa Pia - Portal Tela Portugal\",\"isPartOf\":{\"@id\":\"https:\/\/portaltela.pt\/#website\"},\"primaryImageOfPage\":{\"@id\":\"https:\/\/portaltela.pt\/noticias\/2026\/04\/07\/andre-gomes-deve-reassumir-baliza-do-casa-pia\/#primaryimage\"},\"image\":{\"@id\":\"https:\/\/portaltela.pt\/noticias\/2026\/04\/07\/andre-gomes-deve-reassumir-baliza-do-casa-pia\/#primaryimage\"},\"thumbnailUrl\":\"https:\/\/portaltela.pt\/s.01k8rhncp4jt1\/2026\/04\/img_920x518uu2026-02-10-18-02-24-2420808.jpg\",\"datePublished\":\"2026-04-07T23:02:08+00:00\",\"author\":{\"@id\":\"https:\/\/portaltela.pt\/#\/schema\/person\/c4278d4a6028830caff9ee44b42d32ed\"},\"breadcrumb\":{\"@id\":\"https:\/\/portaltela.pt\/noticias\/2026\/04\/07\/andre-gomes-deve-reassumir-baliza-do-casa-pia\/#breadcrumb\"},\"inLanguage\":\"pt-PT\",\"potentialAction\":[{\"@type\":\"ReadAction\",\"target\":[\"https:\/\/portaltela.pt\/noticias\/2026\/04\/07\/andre-gomes-deve-reassumir-baliza-do-casa-pia\/\"]}]},{\"@type\":\"ImageObject\",\"inLanguage\":\"pt-PT\",\"@id\":\"https:\/\/portaltela.pt\/noticias\/2026\/04\/07\/andre-gomes-deve-reassumir-baliza-do-casa-pia\/#primaryimage\",\"url\":\"https:\/\/portaltela.pt\/s.01k8rhncp4jt1\/2026\/04\/img_920x518uu2026-02-10-18-02-24-2420808.jpg\",\"contentUrl\":\"https:\/\/portaltela.pt\/s.01k8rhncp4jt1\/2026\/04\/img_920x518uu2026-02-10-18-02-24-2420808.jpg\",\"width\":796,\"height\":448,\"caption\":\"Andr\u00e9 Gomes est\u00e1 emprestado pelo Benfica\"},{\"@type\":\"BreadcrumbList\",\"@id\":\"https:\/\/portaltela.pt\/noticias\/2026\/04\/07\/andre-gomes-deve-reassumir-baliza-do-casa-pia\/#breadcrumb\",\"itemListElement\":[{\"@type\":\"ListItem\",\"position\":1,\"name\":\"In\u00edcio\",\"item\":\"https:\/\/portaltela.pt\/\"},{\"@type\":\"ListItem\",\"position\":2,\"name\":\"Andr\u00e9 Gomes deve reassumir baliza do Casa Pia\"}]},{\"@type\":\"WebSite\",\"@id\":\"https:\/\/portaltela.pt\/#website\",\"url\":\"https:\/\/portaltela.pt\/\",\"name\":\"Portal Tela Portugal\",\"description\":\"\",\"potentialAction\":[{\"@type\":\"SearchAction\",\"target\":{\"@type\":\"EntryPoint\",\"urlTemplate\":\"https:\/\/portaltela.pt\/?s={search_term_string}\"},\"query-input\":{\"@type\":\"PropertyValueSpecification\",\"valueRequired\":true,\"valueName\":\"search_term_string\"}}],\"inLanguage\":\"pt-PT\"},{\"@type\":\"Person\",\"@id\":\"https:\/\/portaltela.pt\/#\/schema\/person\/c4278d4a6028830caff9ee44b42d32ed\",\"name\":\"Telinha\",\"image\":{\"@type\":\"ImageObject\",\"inLanguage\":\"pt-PT\",\"@id\":\"https:\/\/portaltela.pt\/s.01k8rhncp4jt1\/2025\/11\/talking-bot-125x125.png\",\"url\":\"https:\/\/portaltela.pt\/s.01k8rhncp4jt1\/2025\/11\/talking-bot-125x125.png\",\"contentUrl\":\"https:\/\/portaltela.pt\/s.01k8rhncp4jt1\/2025\/11\/talking-bot-125x125.png\",\"caption\":\"Telinha\"},\"sameAs\":[\"https:\/\/portaltela.pt\/\"],\"url\":\"https:\/\/portaltela.pt\/por\/367410592786\/\"}]}<\/script>\n<!-- \/ Yoast SEO plugin. -->","yoast_head_json":{"title":"Andr\u00e9 Gomes deve reassumir baliza do Casa Pia - Portal Tela Portugal","robots":{"index":"index","follow":"follow","max-snippet":"max-snippet:-1","max-image-preview":"max-image-preview:large","max-video-preview":"max-video-preview:-1"},"og_locale":"pt_PT","og_type":"article","og_title":"Andr\u00e9 Gomes deve reassumir baliza do Casa Pia - Portal Tela Portugal","og_description":"Andr\u00e9 Gomes, guarda-redes de 21 anos cedido pelo Benfica, deve reassumir a baliza do Alverca na rece\u00e7\u00e3o ao Casa Pia, ap\u00f3s falhar o jogo em Vila do Conde por problemas f\u00edsicos. O brasileiro foi rendido por Matheus Mendes no onze inicial frente ao Rio Ave; regresso previsto a tempo do pr\u00f3ximo encontro. Cust\u00f3dio Castro n\u00e3o poder\u00e1 contar com Juli\u00e1n Martinez, Francisco Chissumba, Fabr\u00edcio Garcia, Sabit e Tom\u00e1s Mendes para o duelo com os gansos, com estes dois \u00faltimos afastados at\u00e9 ao final da temporada. O novo relvado natural de treinos do Centro de Forma\u00e7\u00e3o Desportiva de Alverca come\u00e7a at\u00e9 ao fim deste m\u00eas, com a conclus\u00e3o prevista em cinquenta dias. O projeto da Liga Revela\u00e7\u00e3o mant\u00e9m-se na mente da SAD; a equipa foi inscrita para esta \u00e9poca, mas n\u00e3o participou por falta de condi\u00e7\u00f5es log\u00edsticas, com o plantel a treinar maioritariamente em Palmela para proteger o relvado do est\u00e1dio.","og_url":"https:\/\/portaltela.pt\/noticias\/2026\/04\/07\/andre-gomes-deve-reassumir-baliza-do-casa-pia\/","og_site_name":"Portal Tela Portugal","article_published_time":"2026-04-07T23:02:08+00:00","author":"Telinha","twitter_card":"summary_large_image","twitter_misc":{"Escrito por":"Telinha","Tempo estimado de leitura":"1 minuto"},"schema":{"@context":"https:\/\/schema.org","@graph":[{"@type":"Article","@id":"https:\/\/portaltela.pt\/noticias\/2026\/04\/07\/andre-gomes-deve-reassumir-baliza-do-casa-pia\/#article","isPartOf":{"@id":"https:\/\/portaltela.pt\/noticias\/2026\/04\/07\/andre-gomes-deve-reassumir-baliza-do-casa-pia\/"},"author":{"name":"Telinha","@id":"https:\/\/portaltela.pt\/#\/schema\/person\/c4278d4a6028830caff9ee44b42d32ed"},"headline":"Andr\u00e9 Gomes deve reassumir baliza do Casa Pia","datePublished":"2026-04-07T23:02:08+00:00","mainEntityOfPage":{"@id":"https:\/\/portaltela.pt\/noticias\/2026\/04\/07\/andre-gomes-deve-reassumir-baliza-do-casa-pia\/"},"wordCount":227,"image":{"@id":"https:\/\/portaltela.pt\/noticias\/2026\/04\/07\/andre-gomes-deve-reassumir-baliza-do-casa-pia\/#primaryimage"},"thumbnailUrl":"https:\/\/portaltela.pt\/s.01k8rhncp4jt1\/2026\/04\/img_920x518uu2026-02-10-18-02-24-2420808.jpg","keywords":["1. Liga","Alverca","Casa Pia","futebol","Palmela","Rio Ave"],"articleSection":["Desporto","Futebol"],"inLanguage":"pt-PT"},{"@type":"WebPage","@id":"https:\/\/portaltela.pt\/noticias\/2026\/04\/07\/andre-gomes-deve-reassumir-baliza-do-casa-pia\/","url":"https:\/\/portaltela.pt\/noticias\/2026\/04\/07\/andre-gomes-deve-reassumir-baliza-do-casa-pia\/","name":"Andr\u00e9 Gomes deve reassumir baliza do Casa Pia - Portal Tela Portugal","isPartOf":{"@id":"https:\/\/portaltela.pt\/#website"},"primaryImageOfPage":{"@id":"https:\/\/portaltela.pt\/noticias\/2026\/04\/07\/andre-gomes-deve-reassumir-baliza-do-casa-pia\/#primaryimage"},"image":{"@id":"https:\/\/portaltela.pt\/noticias\/2026\/04\/07\/andre-gomes-deve-reassumir-baliza-do-casa-pia\/#primaryimage"},"thumbnailUrl":"https:\/\/portaltela.pt\/s.01k8rhncp4jt1\/2026\/04\/img_920x518uu2026-02-10-18-02-24-2420808.jpg","datePublished":"2026-04-07T23:02:08+00:00","author":{"@id":"https:\/\/portaltela.pt\/#\/schema\/person\/c4278d4a6028830caff9ee44b42d32ed"},"breadcrumb":{"@id":"https:\/\/portaltela.pt\/noticias\/2026\/04\/07\/andre-gomes-deve-reassumir-baliza-do-casa-pia\/#breadcrumb"},"inLanguage":"pt-PT","potentialAction":[{"@type":"ReadAction","target":["https:\/\/portaltela.pt\/noticias\/2026\/04\/07\/andre-gomes-deve-reassumir-baliza-do-casa-pia\/"]}]},{"@type":"ImageObject","inLanguage":"pt-PT","@id":"https:\/\/portaltela.pt\/noticias\/2026\/04\/07\/andre-gomes-deve-reassumir-baliza-do-casa-pia\/#primaryimage","url":"https:\/\/portaltela.pt\/s.01k8rhncp4jt1\/2026\/04\/img_920x518uu2026-02-10-18-02-24-2420808.jpg","contentUrl":"https:\/\/portaltela.pt\/s.01k8rhncp4jt1\/2026\/04\/img_920x518uu2026-02-10-18-02-24-2420808.jpg","width":796,"height":448,"caption":"Andr\u00e9 Gomes est\u00e1 emprestado pelo Benfica"},{"@type":"BreadcrumbList","@id":"https:\/\/portaltela.pt\/noticias\/2026\/04\/07\/andre-gomes-deve-reassumir-baliza-do-casa-pia\/#breadcrumb","itemListElement":[{"@type":"ListItem","position":1,"name":"In\u00edcio","item":"https:\/\/portaltela.pt\/"},{"@type":"ListItem","position":2,"name":"Andr\u00e9 Gomes deve reassumir baliza do Casa Pia"}]},{"@type":"WebSite","@id":"https:\/\/portaltela.pt\/#website","url":"https:\/\/portaltela.pt\/","name":"Portal Tela Portugal","description":"","potentialAction":[{"@type":"SearchAction","target":{"@type":"EntryPoint","urlTemplate":"https:\/\/portaltela.pt\/?s={search_term_string}"},"query-input":{"@type":"PropertyValueSpecification","valueRequired":true,"valueName":"search_term_string"}}],"inLanguage":"pt-PT"},{"@type":"Person","@id":"https:\/\/portaltela.pt\/#\/schema\/person\/c4278d4a6028830caff9ee44b42d32ed","name":"Telinha","image":{"@type":"ImageObject","inLanguage":"pt-PT","@id":"https:\/\/portaltela.pt\/s.01k8rhncp4jt1\/2025\/11\/talking-bot-125x125.png","url":"https:\/\/portaltela.pt\/s.01k8rhncp4jt1\/2025\/11\/talking-bot-125x125.png","contentUrl":"https:\/\/portaltela.pt\/s.01k8rhncp4jt1\/2025\/11\/talking-bot-125x125.png","caption":"Telinha"},"sameAs":["https:\/\/portaltela.pt\/"],"url":"https:\/\/portaltela.pt\/por\/367410592786\/"}]}},"_links":{"self":[{"href":"https:\/\/portaltela.pt\/api\/wp\/v2\/posts\/436036","targetHints":{"allow":["GET"]}}],"collection":[{"href":"https:\/\/portaltela.pt\/api\/wp\/v2\/posts"}],"about":[{"href":"https:\/\/portaltela.pt\/api\/wp\/v2\/types\/post"}],"author":[{"embeddable":true,"href":"https:\/\/portaltela.pt\/api\/wp\/v2\/users\/2"}],"replies":[{"embeddable":true,"href":"https:\/\/portaltela.pt\/api\/wp\/v2\/comments?post=436036"}],"version-history":[{"count":0,"href":"https:\/\/portaltela.pt\/api\/wp\/v2\/posts\/436036\/revisions"}],"wp:featuredmedia":[{"embeddable":true,"href":"https:\/\/portaltela.pt\/api\/wp\/v2\/media\/436040"}],"wp:attachment":[{"href":"https:\/\/portaltela.pt\/api\/wp\/v2\/media?parent=436036"}],"wp:term":[{"taxonomy":"category","embeddable":true,"href":"https:\/\/portaltela.pt\/api\/wp\/v2\/categories?post=436036"},{"taxonomy":"post_tag","embeddable":true,"href":"https:\/\/portaltela.pt\/api\/wp\/v2\/tags?post=436036"}],"curies":[{"name":"wp","href":"https:\/\/api.w.org\/{rel}","templated":true}]}}