{"id":436004,"date":"2026-04-07T19:16:57","date_gmt":"2026-04-07T22:16:57","guid":{"rendered":"https:\/\/portaltela.pt\/noticias\/2026\/04\/07\/martinelli-diz-ter-conversado-muito-com-gyokeres-durante-a-semana\/"},"modified":"2026-04-07T19:16:57","modified_gmt":"2026-04-07T22:16:57","slug":"martinelli-diz-ter-conversado-muito-com-gyokeres-durante-a-semana","status":"publish","type":"post","link":"https:\/\/portaltela.pt\/desporto\/futebol\/2026\/04\/07\/martinelli-diz-ter-conversado-muito-com-gyokeres-durante-a-semana\/","title":{"rendered":"Martinelli diz ter conversado muito com Gy\u00f6keres durante a semana"},"content":{"rendered":"<p>O Arsenal venceu o Sporting por 1-0 em Lisboa, na primeira m\u00e3o dos quartos de final da Liga Europa, com Kai Havertz a marcar nos descontos ap\u00f3s um passe decisivo de Gabriel Martinelli, que entrou aos 76 minutos. A equipa londrina saiu na frente na eliminat\u00f3ria.<\/p>\n<p>Martinelli, atleta brasileiro do Arsenal, destacou que ajudou a equipa com o passe para o golo final, preservando a hip\u00f3tese de passagem \u00e0s semis, num jogo disputado em Alvalade. O jogador referiu ter entrado para alterar o ritmo do encontro.<\/p>\n<p>No decorrer do jogo, o Arsenal assumiu uma postura dominante desde o in\u00edcio, enfrentando a defesa do Sporting que resistiu at\u00e9 aos minutos finais. A equipa de Lisboa tentou responder, mas o golo surgiu j\u00e1 em tempo de descontos.<\/p>\n<p>Os elogios de Martinelli foram tamb\u00e9m dirigidos a Viktor Gy\u00f6keres, colega sueco que esteve envolvido na prepara\u00e7\u00e3o do encontro, com o extremo a ter sido bem descrito pela equipa por facilitar a integra\u00e7\u00e3o do novo jogador e pela capacidade de recuperar bolas.<\/p>\n<p>Quanto \u00e0 primeira temporada de Gy\u00f6keres, o Arsenal reconhece o esfor\u00e7o do avan\u00e7ado em adaptar-se ao clube, destacando a disponibilidade para atuar em v\u00e1rias competi\u00e7\u00e3o e a ambi\u00e7\u00e3o de contribuir com golos, tanto dentro como fora de campo.<\/p>\n","protected":false},"excerpt":{"rendered":"<ul>\n<li>No final do Sporting-Arsenal, vit\u00f3ria dos ingleses por 0-1 com o passe de Martinelli para o golo de Havertz nos descontos, ap\u00f3s ele entrar aos 76 minutos.<\/li>\n<li>A eliminat\u00f3ria ainda n\u00e3o est\u00e1 fechada, segundo afirmou Martinelli em declara\u00e7\u00f5es \u00e0 Sport TV.<\/li>\n<li>O extremo brasileiro elogiou Viktor Gy\u00f6keres, referindo que a equipa conversou bastante durante a semana sobre o Sporting.<\/li>\n<li>Gy\u00f6keres \u00e9 descrito pela equipa como jogador dispon\u00edvel para ajudar dentro e fora de campo, e como respons\u00e1vel por fazer golos para o grupo.<\/li>\n<li>Martinelli disse ter confian\u00e7a no seu momento e que quer jogar sempre, independentemente da competi\u00e7\u00e3o, contribuindo para o sucesso da equipa.<\/li>\n<\/ul>\n","protected":false},"author":2,"featured_media":436005,"comment_status":"closed","ping_status":"closed","sticky":false,"template":"","format":"standard","meta":{"footnotes":""},"categories":[21,24],"tags":[7755,5544,3338,6487,242,5683],"class_list":["post-436004","post","type-post","status-publish","format-standard","has-post-thumbnail","hentry","category-desporto","category-futebol","tag-_futebol","tag-europa-league","tag-futebol-internacional","tag-gyokeres","tag-jogadores","tag-remates-a-baliza"],"yoast_head":"<!-- This site is optimized with the Yoast SEO plugin v27.2 - https:\/\/yoast.com\/product\/yoast-seo-wordpress\/ -->\n<title>Martinelli diz ter conversado muito com Gy\u00f6keres durante a semana - Portal Tela Portugal<\/title>\n<meta name=\"robots\" content=\"index, follow, max-snippet:-1, max-image-preview:large, max-video-preview:-1\" \/>\n<meta property=\"og:locale\" content=\"pt_PT\" \/>\n<meta property=\"og:type\" content=\"article\" \/>\n<meta property=\"og:title\" content=\"Martinelli diz ter conversado muito com Gy\u00f6keres durante a semana - Portal Tela Portugal\" \/>\n<meta property=\"og:description\" content=\"No final do Sporting-Arsenal, vit\u00f3ria dos ingleses por 0-1 com o passe de Martinelli para o golo de Havertz nos descontos, ap\u00f3s ele entrar aos 76 minutos. A eliminat\u00f3ria ainda n\u00e3o est\u00e1 fechada, segundo afirmou Martinelli em declara\u00e7\u00f5es \u00e0 Sport TV. O extremo brasileiro elogiou Viktor Gy\u00f6keres, referindo que a equipa conversou bastante durante a semana sobre o Sporting. Gy\u00f6keres \u00e9 descrito pela equipa como jogador dispon\u00edvel para ajudar dentro e fora de campo, e como respons\u00e1vel por fazer golos para o grupo. Martinelli disse ter confian\u00e7a no seu momento e que quer jogar sempre, independentemente da competi\u00e7\u00e3o, contribuindo para o sucesso da equipa.\" \/>\n<meta property=\"og:url\" content=\"https:\/\/portaltela.pt\/noticias\/2026\/04\/07\/martinelli-diz-ter-conversado-muito-com-gyokeres-durante-a-semana\/\" \/>\n<meta property=\"og:site_name\" content=\"Portal Tela Portugal\" \/>\n<meta property=\"article:published_time\" content=\"2026-04-07T22:16:57+00:00\" \/>\n<meta name=\"author\" content=\"Telinha\" \/>\n<meta name=\"twitter:card\" content=\"summary_large_image\" \/>\n<meta name=\"twitter:label1\" content=\"Escrito por\" \/>\n\t<meta name=\"twitter:data1\" content=\"Telinha\" \/>\n\t<meta name=\"twitter:label2\" content=\"Tempo estimado de leitura\" \/>\n\t<meta name=\"twitter:data2\" content=\"1 minuto\" \/>\n<script type=\"application\/ld+json\" class=\"yoast-schema-graph\">{\"@context\":\"https:\/\/schema.org\",\"@graph\":[{\"@type\":\"Article\",\"@id\":\"https:\/\/portaltela.pt\/noticias\/2026\/04\/07\/martinelli-diz-ter-conversado-muito-com-gyokeres-durante-a-semana\/#article\",\"isPartOf\":{\"@id\":\"https:\/\/portaltela.pt\/noticias\/2026\/04\/07\/martinelli-diz-ter-conversado-muito-com-gyokeres-durante-a-semana\/\"},\"author\":{\"name\":\"Telinha\",\"@id\":\"https:\/\/portaltela.pt\/#\/schema\/person\/c4278d4a6028830caff9ee44b42d32ed\"},\"headline\":\"Martinelli diz ter conversado muito com Gy\u00f6keres durante a semana\",\"datePublished\":\"2026-04-07T22:16:57+00:00\",\"mainEntityOfPage\":{\"@id\":\"https:\/\/portaltela.pt\/noticias\/2026\/04\/07\/martinelli-diz-ter-conversado-muito-com-gyokeres-durante-a-semana\/\"},\"wordCount\":229,\"image\":{\"@id\":\"https:\/\/portaltela.pt\/noticias\/2026\/04\/07\/martinelli-diz-ter-conversado-muito-com-gyokeres-durante-a-semana\/#primaryimage\"},\"thumbnailUrl\":\"https:\/\/portaltela.pt\/s.01k8rhncp4jt1\/2026\/04\/img_920x518uu2026-04-07-23-00-24-2431702-im-639111996451599657.jpg\",\"keywords\":[\"_futebol\",\"Europa League\",\"futebol internacional\",\"Gy\u00f6keres\",\"jogadores\",\"Remates \u00e0 baliza\"],\"articleSection\":[\"Desporto\",\"Futebol\"],\"inLanguage\":\"pt-PT\"},{\"@type\":\"WebPage\",\"@id\":\"https:\/\/portaltela.pt\/noticias\/2026\/04\/07\/martinelli-diz-ter-conversado-muito-com-gyokeres-durante-a-semana\/\",\"url\":\"https:\/\/portaltela.pt\/noticias\/2026\/04\/07\/martinelli-diz-ter-conversado-muito-com-gyokeres-durante-a-semana\/\",\"name\":\"Martinelli diz ter conversado muito com Gy\u00f6keres durante a semana - Portal Tela Portugal\",\"isPartOf\":{\"@id\":\"https:\/\/portaltela.pt\/#website\"},\"primaryImageOfPage\":{\"@id\":\"https:\/\/portaltela.pt\/noticias\/2026\/04\/07\/martinelli-diz-ter-conversado-muito-com-gyokeres-durante-a-semana\/#primaryimage\"},\"image\":{\"@id\":\"https:\/\/portaltela.pt\/noticias\/2026\/04\/07\/martinelli-diz-ter-conversado-muito-com-gyokeres-durante-a-semana\/#primaryimage\"},\"thumbnailUrl\":\"https:\/\/portaltela.pt\/s.01k8rhncp4jt1\/2026\/04\/img_920x518uu2026-04-07-23-00-24-2431702-im-639111996451599657.jpg\",\"datePublished\":\"2026-04-07T22:16:57+00:00\",\"author\":{\"@id\":\"https:\/\/portaltela.pt\/#\/schema\/person\/c4278d4a6028830caff9ee44b42d32ed\"},\"breadcrumb\":{\"@id\":\"https:\/\/portaltela.pt\/noticias\/2026\/04\/07\/martinelli-diz-ter-conversado-muito-com-gyokeres-durante-a-semana\/#breadcrumb\"},\"inLanguage\":\"pt-PT\",\"potentialAction\":[{\"@type\":\"ReadAction\",\"target\":[\"https:\/\/portaltela.pt\/noticias\/2026\/04\/07\/martinelli-diz-ter-conversado-muito-com-gyokeres-durante-a-semana\/\"]}]},{\"@type\":\"ImageObject\",\"inLanguage\":\"pt-PT\",\"@id\":\"https:\/\/portaltela.pt\/noticias\/2026\/04\/07\/martinelli-diz-ter-conversado-muito-com-gyokeres-durante-a-semana\/#primaryimage\",\"url\":\"https:\/\/portaltela.pt\/s.01k8rhncp4jt1\/2026\/04\/img_920x518uu2026-04-07-23-00-24-2431702-im-639111996451599657.jpg\",\"contentUrl\":\"https:\/\/portaltela.pt\/s.01k8rhncp4jt1\/2026\/04\/img_920x518uu2026-04-07-23-00-24-2431702-im-639111996451599657.jpg\",\"width\":796,\"height\":448,\"caption\":\"Martinelli corre atr\u00e1s de Fresneda\"},{\"@type\":\"BreadcrumbList\",\"@id\":\"https:\/\/portaltela.pt\/noticias\/2026\/04\/07\/martinelli-diz-ter-conversado-muito-com-gyokeres-durante-a-semana\/#breadcrumb\",\"itemListElement\":[{\"@type\":\"ListItem\",\"position\":1,\"name\":\"In\u00edcio\",\"item\":\"https:\/\/portaltela.pt\/\"},{\"@type\":\"ListItem\",\"position\":2,\"name\":\"Martinelli diz ter conversado muito com Gy\u00f6keres durante a semana\"}]},{\"@type\":\"WebSite\",\"@id\":\"https:\/\/portaltela.pt\/#website\",\"url\":\"https:\/\/portaltela.pt\/\",\"name\":\"Portal Tela Portugal\",\"description\":\"\",\"potentialAction\":[{\"@type\":\"SearchAction\",\"target\":{\"@type\":\"EntryPoint\",\"urlTemplate\":\"https:\/\/portaltela.pt\/?s={search_term_string}\"},\"query-input\":{\"@type\":\"PropertyValueSpecification\",\"valueRequired\":true,\"valueName\":\"search_term_string\"}}],\"inLanguage\":\"pt-PT\"},{\"@type\":\"Person\",\"@id\":\"https:\/\/portaltela.pt\/#\/schema\/person\/c4278d4a6028830caff9ee44b42d32ed\",\"name\":\"Telinha\",\"image\":{\"@type\":\"ImageObject\",\"inLanguage\":\"pt-PT\",\"@id\":\"https:\/\/portaltela.pt\/s.01k8rhncp4jt1\/2025\/11\/talking-bot-125x125.png\",\"url\":\"https:\/\/portaltela.pt\/s.01k8rhncp4jt1\/2025\/11\/talking-bot-125x125.png\",\"contentUrl\":\"https:\/\/portaltela.pt\/s.01k8rhncp4jt1\/2025\/11\/talking-bot-125x125.png\",\"caption\":\"Telinha\"},\"sameAs\":[\"https:\/\/portaltela.pt\/\"],\"url\":\"https:\/\/portaltela.pt\/por\/367410592786\/\"}]}<\/script>\n<!-- \/ Yoast SEO plugin. -->","yoast_head_json":{"title":"Martinelli diz ter conversado muito com Gy\u00f6keres durante a semana - Portal Tela Portugal","robots":{"index":"index","follow":"follow","max-snippet":"max-snippet:-1","max-image-preview":"max-image-preview:large","max-video-preview":"max-video-preview:-1"},"og_locale":"pt_PT","og_type":"article","og_title":"Martinelli diz ter conversado muito com Gy\u00f6keres durante a semana - Portal Tela Portugal","og_description":"No final do Sporting-Arsenal, vit\u00f3ria dos ingleses por 0-1 com o passe de Martinelli para o golo de Havertz nos descontos, ap\u00f3s ele entrar aos 76 minutos. A eliminat\u00f3ria ainda n\u00e3o est\u00e1 fechada, segundo afirmou Martinelli em declara\u00e7\u00f5es \u00e0 Sport TV. O extremo brasileiro elogiou Viktor Gy\u00f6keres, referindo que a equipa conversou bastante durante a semana sobre o Sporting. Gy\u00f6keres \u00e9 descrito pela equipa como jogador dispon\u00edvel para ajudar dentro e fora de campo, e como respons\u00e1vel por fazer golos para o grupo. Martinelli disse ter confian\u00e7a no seu momento e que quer jogar sempre, independentemente da competi\u00e7\u00e3o, contribuindo para o sucesso da equipa.","og_url":"https:\/\/portaltela.pt\/noticias\/2026\/04\/07\/martinelli-diz-ter-conversado-muito-com-gyokeres-durante-a-semana\/","og_site_name":"Portal Tela Portugal","article_published_time":"2026-04-07T22:16:57+00:00","author":"Telinha","twitter_card":"summary_large_image","twitter_misc":{"Escrito por":"Telinha","Tempo estimado de leitura":"1 minuto"},"schema":{"@context":"https:\/\/schema.org","@graph":[{"@type":"Article","@id":"https:\/\/portaltela.pt\/noticias\/2026\/04\/07\/martinelli-diz-ter-conversado-muito-com-gyokeres-durante-a-semana\/#article","isPartOf":{"@id":"https:\/\/portaltela.pt\/noticias\/2026\/04\/07\/martinelli-diz-ter-conversado-muito-com-gyokeres-durante-a-semana\/"},"author":{"name":"Telinha","@id":"https:\/\/portaltela.pt\/#\/schema\/person\/c4278d4a6028830caff9ee44b42d32ed"},"headline":"Martinelli diz ter conversado muito com Gy\u00f6keres durante a semana","datePublished":"2026-04-07T22:16:57+00:00","mainEntityOfPage":{"@id":"https:\/\/portaltela.pt\/noticias\/2026\/04\/07\/martinelli-diz-ter-conversado-muito-com-gyokeres-durante-a-semana\/"},"wordCount":229,"image":{"@id":"https:\/\/portaltela.pt\/noticias\/2026\/04\/07\/martinelli-diz-ter-conversado-muito-com-gyokeres-durante-a-semana\/#primaryimage"},"thumbnailUrl":"https:\/\/portaltela.pt\/s.01k8rhncp4jt1\/2026\/04\/img_920x518uu2026-04-07-23-00-24-2431702-im-639111996451599657.jpg","keywords":["_futebol","Europa League","futebol internacional","Gy\u00f6keres","jogadores","Remates \u00e0 baliza"],"articleSection":["Desporto","Futebol"],"inLanguage":"pt-PT"},{"@type":"WebPage","@id":"https:\/\/portaltela.pt\/noticias\/2026\/04\/07\/martinelli-diz-ter-conversado-muito-com-gyokeres-durante-a-semana\/","url":"https:\/\/portaltela.pt\/noticias\/2026\/04\/07\/martinelli-diz-ter-conversado-muito-com-gyokeres-durante-a-semana\/","name":"Martinelli diz ter conversado muito com Gy\u00f6keres durante a semana - Portal Tela Portugal","isPartOf":{"@id":"https:\/\/portaltela.pt\/#website"},"primaryImageOfPage":{"@id":"https:\/\/portaltela.pt\/noticias\/2026\/04\/07\/martinelli-diz-ter-conversado-muito-com-gyokeres-durante-a-semana\/#primaryimage"},"image":{"@id":"https:\/\/portaltela.pt\/noticias\/2026\/04\/07\/martinelli-diz-ter-conversado-muito-com-gyokeres-durante-a-semana\/#primaryimage"},"thumbnailUrl":"https:\/\/portaltela.pt\/s.01k8rhncp4jt1\/2026\/04\/img_920x518uu2026-04-07-23-00-24-2431702-im-639111996451599657.jpg","datePublished":"2026-04-07T22:16:57+00:00","author":{"@id":"https:\/\/portaltela.pt\/#\/schema\/person\/c4278d4a6028830caff9ee44b42d32ed"},"breadcrumb":{"@id":"https:\/\/portaltela.pt\/noticias\/2026\/04\/07\/martinelli-diz-ter-conversado-muito-com-gyokeres-durante-a-semana\/#breadcrumb"},"inLanguage":"pt-PT","potentialAction":[{"@type":"ReadAction","target":["https:\/\/portaltela.pt\/noticias\/2026\/04\/07\/martinelli-diz-ter-conversado-muito-com-gyokeres-durante-a-semana\/"]}]},{"@type":"ImageObject","inLanguage":"pt-PT","@id":"https:\/\/portaltela.pt\/noticias\/2026\/04\/07\/martinelli-diz-ter-conversado-muito-com-gyokeres-durante-a-semana\/#primaryimage","url":"https:\/\/portaltela.pt\/s.01k8rhncp4jt1\/2026\/04\/img_920x518uu2026-04-07-23-00-24-2431702-im-639111996451599657.jpg","contentUrl":"https:\/\/portaltela.pt\/s.01k8rhncp4jt1\/2026\/04\/img_920x518uu2026-04-07-23-00-24-2431702-im-639111996451599657.jpg","width":796,"height":448,"caption":"Martinelli corre atr\u00e1s de Fresneda"},{"@type":"BreadcrumbList","@id":"https:\/\/portaltela.pt\/noticias\/2026\/04\/07\/martinelli-diz-ter-conversado-muito-com-gyokeres-durante-a-semana\/#breadcrumb","itemListElement":[{"@type":"ListItem","position":1,"name":"In\u00edcio","item":"https:\/\/portaltela.pt\/"},{"@type":"ListItem","position":2,"name":"Martinelli diz ter conversado muito com Gy\u00f6keres durante a semana"}]},{"@type":"WebSite","@id":"https:\/\/portaltela.pt\/#website","url":"https:\/\/portaltela.pt\/","name":"Portal Tela Portugal","description":"","potentialAction":[{"@type":"SearchAction","target":{"@type":"EntryPoint","urlTemplate":"https:\/\/portaltela.pt\/?s={search_term_string}"},"query-input":{"@type":"PropertyValueSpecification","valueRequired":true,"valueName":"search_term_string"}}],"inLanguage":"pt-PT"},{"@type":"Person","@id":"https:\/\/portaltela.pt\/#\/schema\/person\/c4278d4a6028830caff9ee44b42d32ed","name":"Telinha","image":{"@type":"ImageObject","inLanguage":"pt-PT","@id":"https:\/\/portaltela.pt\/s.01k8rhncp4jt1\/2025\/11\/talking-bot-125x125.png","url":"https:\/\/portaltela.pt\/s.01k8rhncp4jt1\/2025\/11\/talking-bot-125x125.png","contentUrl":"https:\/\/portaltela.pt\/s.01k8rhncp4jt1\/2025\/11\/talking-bot-125x125.png","caption":"Telinha"},"sameAs":["https:\/\/portaltela.pt\/"],"url":"https:\/\/portaltela.pt\/por\/367410592786\/"}]}},"_links":{"self":[{"href":"https:\/\/portaltela.pt\/api\/wp\/v2\/posts\/436004","targetHints":{"allow":["GET"]}}],"collection":[{"href":"https:\/\/portaltela.pt\/api\/wp\/v2\/posts"}],"about":[{"href":"https:\/\/portaltela.pt\/api\/wp\/v2\/types\/post"}],"author":[{"embeddable":true,"href":"https:\/\/portaltela.pt\/api\/wp\/v2\/users\/2"}],"replies":[{"embeddable":true,"href":"https:\/\/portaltela.pt\/api\/wp\/v2\/comments?post=436004"}],"version-history":[{"count":0,"href":"https:\/\/portaltela.pt\/api\/wp\/v2\/posts\/436004\/revisions"}],"wp:featuredmedia":[{"embeddable":true,"href":"https:\/\/portaltela.pt\/api\/wp\/v2\/media\/436005"}],"wp:attachment":[{"href":"https:\/\/portaltela.pt\/api\/wp\/v2\/media?parent=436004"}],"wp:term":[{"taxonomy":"category","embeddable":true,"href":"https:\/\/portaltela.pt\/api\/wp\/v2\/categories?post=436004"},{"taxonomy":"post_tag","embeddable":true,"href":"https:\/\/portaltela.pt\/api\/wp\/v2\/tags?post=436004"}],"curies":[{"name":"wp","href":"https:\/\/api.w.org\/{rel}","templated":true}]}}