{"id":435979,"date":"2026-04-07T18:17:29","date_gmt":"2026-04-07T21:17:29","guid":{"rendered":"https:\/\/portaltela.pt\/noticias\/2026\/04\/07\/bayern-vence-no-bernabeu-e-avanca-as-meias-da-champions\/"},"modified":"2026-04-07T18:17:29","modified_gmt":"2026-04-07T21:17:29","slug":"bayern-vence-no-bernabeu-e-avanca-as-meias-da-champions","status":"publish","type":"post","link":"https:\/\/portaltela.pt\/desporto\/futebol\/2026\/04\/07\/bayern-vence-no-bernabeu-e-avanca-as-meias-da-champions\/","title":{"rendered":"Bayern vence no Bernab\u00e9u e avan\u00e7a \u00e0s meias da Champions"},"content":{"rendered":"<p>O Bayern Munique venceu o Real Madrid por 2-1, esta ter\u00e7a-feira, no Bernab\u00e9u, na primeira m\u00e3o dos quartos de final da Liga dos Campe\u00f5es. Luis D\u00edaz e Harry Kane marcaram, colocando o campe\u00e3o alem\u00e3o em vantagem; Mbapp\u00e9 reduziu aos 72 minutos, mantendo tudo em aberto para a segunda m\u00e3o.<\/p>\n<p>A primeira parte foi estruturada, com o nulo a persistir at\u00e9 perto do intervalo. Aos 41 minutos, Luis D\u00edaz adiantou o Bayern, que entrou mais pressionante no segundo tempo. O Real Madrid tentou responder, mas Kane amplificou a vantagem logo no in\u00edcio da segunda metade.<\/p>\n<p>Kane chegou aos 11 golos na Liga dos Campe\u00f5es nesta edi\u00e7\u00e3o, confirmando a boa fase do Bayern. O Madrid quase reagiu, mas ficou a aguardar o desenrolar da eliminat\u00f3ria na pr\u00f3xima semana em Munique. Raphael Guerreiro esteve no banco do Bayern. Lunin e Neuer mostraram-se decisivos em momentos-chave.<\/p>\n","protected":false},"excerpt":{"rendered":"<ul>\n<li>O Bayern Munique venceu o Real Madrid por 2-1 no Santiago Bernab\u00e9u, numa primeira m\u00e3o da eliminat\u00f3ria da Liga dos Campe\u00f5es, mantendo-se com vantagem para o regresso.<\/li>\n<li>Luis D\u00edaz abriu o marcador aos 41 minutos, colocando o Bayern em posi\u00e7\u00e3o favor\u00e1vel ao intervalo.<\/li>\n<li>Harry Kane marcou pela 11\u00aa vez na presente edi\u00e7\u00e3o da competi\u00e7\u00e3o, aos segundos ap\u00f3s o recome\u00e7o, aumentando a vantagem b\u00e1vara.<\/li>\n<li>Mbapp\u00e9 reduziu para o Real Madrid aos 72 minutos, mantendo a eliminat\u00f3ria aberta para a segunda m\u00e3o.<\/li>\n<li>O encontro foi disputado de forma f\u00edsica e equilibrada, com potencial ainda por definir no confronto da pr\u00f3xima semana em Munique; Raphael Guerreiro esteve no banco pelo Bayern.<\/li>\n<\/ul>\n","protected":false},"author":2,"featured_media":435983,"comment_status":"closed","ping_status":"closed","sticky":false,"template":"","format":"standard","meta":{"footnotes":""},"categories":[21,24],"tags":[3577,152,32,3626,3375],"class_list":["post-435979","post","type-post","status-publish","format-standard","has-post-thumbnail","hentry","category-desporto","category-futebol","tag-champions-league","tag-desporto","tag-futebol","tag-luis-diaz","tag-mbappe"],"yoast_head":"<!-- This site is optimized with the Yoast SEO plugin v27.2 - https:\/\/yoast.com\/product\/yoast-seo-wordpress\/ -->\n<title>Bayern vence no Bernab\u00e9u e avan\u00e7a \u00e0s meias da Champions - Portal Tela Portugal<\/title>\n<meta name=\"robots\" content=\"index, follow, max-snippet:-1, max-image-preview:large, max-video-preview:-1\" \/>\n<meta property=\"og:locale\" content=\"pt_PT\" \/>\n<meta property=\"og:type\" content=\"article\" \/>\n<meta property=\"og:title\" content=\"Bayern vence no Bernab\u00e9u e avan\u00e7a \u00e0s meias da Champions - Portal Tela Portugal\" \/>\n<meta property=\"og:description\" content=\"O Bayern Munique venceu o Real Madrid por 2-1 no Santiago Bernab\u00e9u, numa primeira m\u00e3o da eliminat\u00f3ria da Liga dos Campe\u00f5es, mantendo-se com vantagem para o regresso. Luis D\u00edaz abriu o marcador aos 41 minutos, colocando o Bayern em posi\u00e7\u00e3o favor\u00e1vel ao intervalo. Harry Kane marcou pela 11\u00aa vez na presente edi\u00e7\u00e3o da competi\u00e7\u00e3o, aos segundos ap\u00f3s o recome\u00e7o, aumentando a vantagem b\u00e1vara. Mbapp\u00e9 reduziu para o Real Madrid aos 72 minutos, mantendo a eliminat\u00f3ria aberta para a segunda m\u00e3o. O encontro foi disputado de forma f\u00edsica e equilibrada, com potencial ainda por definir no confronto da pr\u00f3xima semana em Munique; Raphael Guerreiro esteve no banco pelo Bayern.\" \/>\n<meta property=\"og:url\" content=\"https:\/\/portaltela.pt\/noticias\/2026\/04\/07\/bayern-vence-no-bernabeu-e-avanca-as-meias-da-champions\/\" \/>\n<meta property=\"og:site_name\" content=\"Portal Tela Portugal\" \/>\n<meta property=\"article:published_time\" content=\"2026-04-07T21:17:29+00:00\" \/>\n<meta name=\"author\" content=\"Telinha\" \/>\n<meta name=\"twitter:card\" content=\"summary_large_image\" \/>\n<meta name=\"twitter:label1\" content=\"Escrito por\" \/>\n\t<meta name=\"twitter:data1\" content=\"Telinha\" \/>\n\t<meta name=\"twitter:label2\" content=\"Tempo estimado de leitura\" \/>\n\t<meta name=\"twitter:data2\" content=\"1 minuto\" \/>\n<script type=\"application\/ld+json\" class=\"yoast-schema-graph\">{\"@context\":\"https:\/\/schema.org\",\"@graph\":[{\"@type\":\"Article\",\"@id\":\"https:\/\/portaltela.pt\/noticias\/2026\/04\/07\/bayern-vence-no-bernabeu-e-avanca-as-meias-da-champions\/#article\",\"isPartOf\":{\"@id\":\"https:\/\/portaltela.pt\/noticias\/2026\/04\/07\/bayern-vence-no-bernabeu-e-avanca-as-meias-da-champions\/\"},\"author\":{\"name\":\"Telinha\",\"@id\":\"https:\/\/portaltela.pt\/#\/schema\/person\/c4278d4a6028830caff9ee44b42d32ed\"},\"headline\":\"Bayern vence no Bernab\u00e9u e avan\u00e7a \u00e0s meias da Champions\",\"datePublished\":\"2026-04-07T21:17:29+00:00\",\"mainEntityOfPage\":{\"@id\":\"https:\/\/portaltela.pt\/noticias\/2026\/04\/07\/bayern-vence-no-bernabeu-e-avanca-as-meias-da-champions\/\"},\"wordCount\":165,\"image\":{\"@id\":\"https:\/\/portaltela.pt\/noticias\/2026\/04\/07\/bayern-vence-no-bernabeu-e-avanca-as-meias-da-champions\/#primaryimage\"},\"thumbnailUrl\":\"https:\/\/portaltela.pt\/s.01k8rhncp4jt1\/2026\/04\/image-414.jpg\",\"keywords\":[\"Champions League\",\"desporto\",\"futebol\",\"Luis D\u00edaz\",\"Mbapp\u00e9\"],\"articleSection\":[\"Desporto\",\"Futebol\"],\"inLanguage\":\"pt-PT\"},{\"@type\":\"WebPage\",\"@id\":\"https:\/\/portaltela.pt\/noticias\/2026\/04\/07\/bayern-vence-no-bernabeu-e-avanca-as-meias-da-champions\/\",\"url\":\"https:\/\/portaltela.pt\/noticias\/2026\/04\/07\/bayern-vence-no-bernabeu-e-avanca-as-meias-da-champions\/\",\"name\":\"Bayern vence no Bernab\u00e9u e avan\u00e7a \u00e0s meias da Champions - Portal Tela Portugal\",\"isPartOf\":{\"@id\":\"https:\/\/portaltela.pt\/#website\"},\"primaryImageOfPage\":{\"@id\":\"https:\/\/portaltela.pt\/noticias\/2026\/04\/07\/bayern-vence-no-bernabeu-e-avanca-as-meias-da-champions\/#primaryimage\"},\"image\":{\"@id\":\"https:\/\/portaltela.pt\/noticias\/2026\/04\/07\/bayern-vence-no-bernabeu-e-avanca-as-meias-da-champions\/#primaryimage\"},\"thumbnailUrl\":\"https:\/\/portaltela.pt\/s.01k8rhncp4jt1\/2026\/04\/image-414.jpg\",\"datePublished\":\"2026-04-07T21:17:29+00:00\",\"author\":{\"@id\":\"https:\/\/portaltela.pt\/#\/schema\/person\/c4278d4a6028830caff9ee44b42d32ed\"},\"breadcrumb\":{\"@id\":\"https:\/\/portaltela.pt\/noticias\/2026\/04\/07\/bayern-vence-no-bernabeu-e-avanca-as-meias-da-champions\/#breadcrumb\"},\"inLanguage\":\"pt-PT\",\"potentialAction\":[{\"@type\":\"ReadAction\",\"target\":[\"https:\/\/portaltela.pt\/noticias\/2026\/04\/07\/bayern-vence-no-bernabeu-e-avanca-as-meias-da-champions\/\"]}]},{\"@type\":\"ImageObject\",\"inLanguage\":\"pt-PT\",\"@id\":\"https:\/\/portaltela.pt\/noticias\/2026\/04\/07\/bayern-vence-no-bernabeu-e-avanca-as-meias-da-champions\/#primaryimage\",\"url\":\"https:\/\/portaltela.pt\/s.01k8rhncp4jt1\/2026\/04\/image-414.jpg\",\"contentUrl\":\"https:\/\/portaltela.pt\/s.01k8rhncp4jt1\/2026\/04\/image-414.jpg\",\"width\":796,\"height\":448,\"caption\":\"Harry Kane marcou no Bernab\u00e9u o 11.\u00ba golo na atual edi\u00e7\u00e3o da Champions\"},{\"@type\":\"BreadcrumbList\",\"@id\":\"https:\/\/portaltela.pt\/noticias\/2026\/04\/07\/bayern-vence-no-bernabeu-e-avanca-as-meias-da-champions\/#breadcrumb\",\"itemListElement\":[{\"@type\":\"ListItem\",\"position\":1,\"name\":\"In\u00edcio\",\"item\":\"https:\/\/portaltela.pt\/\"},{\"@type\":\"ListItem\",\"position\":2,\"name\":\"Bayern vence no Bernab\u00e9u e avan\u00e7a \u00e0s meias da Champions\"}]},{\"@type\":\"WebSite\",\"@id\":\"https:\/\/portaltela.pt\/#website\",\"url\":\"https:\/\/portaltela.pt\/\",\"name\":\"Portal Tela Portugal\",\"description\":\"\",\"potentialAction\":[{\"@type\":\"SearchAction\",\"target\":{\"@type\":\"EntryPoint\",\"urlTemplate\":\"https:\/\/portaltela.pt\/?s={search_term_string}\"},\"query-input\":{\"@type\":\"PropertyValueSpecification\",\"valueRequired\":true,\"valueName\":\"search_term_string\"}}],\"inLanguage\":\"pt-PT\"},{\"@type\":\"Person\",\"@id\":\"https:\/\/portaltela.pt\/#\/schema\/person\/c4278d4a6028830caff9ee44b42d32ed\",\"name\":\"Telinha\",\"image\":{\"@type\":\"ImageObject\",\"inLanguage\":\"pt-PT\",\"@id\":\"https:\/\/portaltela.pt\/s.01k8rhncp4jt1\/2025\/11\/talking-bot-125x125.png\",\"url\":\"https:\/\/portaltela.pt\/s.01k8rhncp4jt1\/2025\/11\/talking-bot-125x125.png\",\"contentUrl\":\"https:\/\/portaltela.pt\/s.01k8rhncp4jt1\/2025\/11\/talking-bot-125x125.png\",\"caption\":\"Telinha\"},\"sameAs\":[\"https:\/\/portaltela.pt\/\"],\"url\":\"https:\/\/portaltela.pt\/por\/367410592786\/\"}]}<\/script>\n<!-- \/ Yoast SEO plugin. -->","yoast_head_json":{"title":"Bayern vence no Bernab\u00e9u e avan\u00e7a \u00e0s meias da Champions - Portal Tela Portugal","robots":{"index":"index","follow":"follow","max-snippet":"max-snippet:-1","max-image-preview":"max-image-preview:large","max-video-preview":"max-video-preview:-1"},"og_locale":"pt_PT","og_type":"article","og_title":"Bayern vence no Bernab\u00e9u e avan\u00e7a \u00e0s meias da Champions - Portal Tela Portugal","og_description":"O Bayern Munique venceu o Real Madrid por 2-1 no Santiago Bernab\u00e9u, numa primeira m\u00e3o da eliminat\u00f3ria da Liga dos Campe\u00f5es, mantendo-se com vantagem para o regresso. Luis D\u00edaz abriu o marcador aos 41 minutos, colocando o Bayern em posi\u00e7\u00e3o favor\u00e1vel ao intervalo. Harry Kane marcou pela 11\u00aa vez na presente edi\u00e7\u00e3o da competi\u00e7\u00e3o, aos segundos ap\u00f3s o recome\u00e7o, aumentando a vantagem b\u00e1vara. Mbapp\u00e9 reduziu para o Real Madrid aos 72 minutos, mantendo a eliminat\u00f3ria aberta para a segunda m\u00e3o. O encontro foi disputado de forma f\u00edsica e equilibrada, com potencial ainda por definir no confronto da pr\u00f3xima semana em Munique; Raphael Guerreiro esteve no banco pelo Bayern.","og_url":"https:\/\/portaltela.pt\/noticias\/2026\/04\/07\/bayern-vence-no-bernabeu-e-avanca-as-meias-da-champions\/","og_site_name":"Portal Tela Portugal","article_published_time":"2026-04-07T21:17:29+00:00","author":"Telinha","twitter_card":"summary_large_image","twitter_misc":{"Escrito por":"Telinha","Tempo estimado de leitura":"1 minuto"},"schema":{"@context":"https:\/\/schema.org","@graph":[{"@type":"Article","@id":"https:\/\/portaltela.pt\/noticias\/2026\/04\/07\/bayern-vence-no-bernabeu-e-avanca-as-meias-da-champions\/#article","isPartOf":{"@id":"https:\/\/portaltela.pt\/noticias\/2026\/04\/07\/bayern-vence-no-bernabeu-e-avanca-as-meias-da-champions\/"},"author":{"name":"Telinha","@id":"https:\/\/portaltela.pt\/#\/schema\/person\/c4278d4a6028830caff9ee44b42d32ed"},"headline":"Bayern vence no Bernab\u00e9u e avan\u00e7a \u00e0s meias da Champions","datePublished":"2026-04-07T21:17:29+00:00","mainEntityOfPage":{"@id":"https:\/\/portaltela.pt\/noticias\/2026\/04\/07\/bayern-vence-no-bernabeu-e-avanca-as-meias-da-champions\/"},"wordCount":165,"image":{"@id":"https:\/\/portaltela.pt\/noticias\/2026\/04\/07\/bayern-vence-no-bernabeu-e-avanca-as-meias-da-champions\/#primaryimage"},"thumbnailUrl":"https:\/\/portaltela.pt\/s.01k8rhncp4jt1\/2026\/04\/image-414.jpg","keywords":["Champions League","desporto","futebol","Luis D\u00edaz","Mbapp\u00e9"],"articleSection":["Desporto","Futebol"],"inLanguage":"pt-PT"},{"@type":"WebPage","@id":"https:\/\/portaltela.pt\/noticias\/2026\/04\/07\/bayern-vence-no-bernabeu-e-avanca-as-meias-da-champions\/","url":"https:\/\/portaltela.pt\/noticias\/2026\/04\/07\/bayern-vence-no-bernabeu-e-avanca-as-meias-da-champions\/","name":"Bayern vence no Bernab\u00e9u e avan\u00e7a \u00e0s meias da Champions - Portal Tela Portugal","isPartOf":{"@id":"https:\/\/portaltela.pt\/#website"},"primaryImageOfPage":{"@id":"https:\/\/portaltela.pt\/noticias\/2026\/04\/07\/bayern-vence-no-bernabeu-e-avanca-as-meias-da-champions\/#primaryimage"},"image":{"@id":"https:\/\/portaltela.pt\/noticias\/2026\/04\/07\/bayern-vence-no-bernabeu-e-avanca-as-meias-da-champions\/#primaryimage"},"thumbnailUrl":"https:\/\/portaltela.pt\/s.01k8rhncp4jt1\/2026\/04\/image-414.jpg","datePublished":"2026-04-07T21:17:29+00:00","author":{"@id":"https:\/\/portaltela.pt\/#\/schema\/person\/c4278d4a6028830caff9ee44b42d32ed"},"breadcrumb":{"@id":"https:\/\/portaltela.pt\/noticias\/2026\/04\/07\/bayern-vence-no-bernabeu-e-avanca-as-meias-da-champions\/#breadcrumb"},"inLanguage":"pt-PT","potentialAction":[{"@type":"ReadAction","target":["https:\/\/portaltela.pt\/noticias\/2026\/04\/07\/bayern-vence-no-bernabeu-e-avanca-as-meias-da-champions\/"]}]},{"@type":"ImageObject","inLanguage":"pt-PT","@id":"https:\/\/portaltela.pt\/noticias\/2026\/04\/07\/bayern-vence-no-bernabeu-e-avanca-as-meias-da-champions\/#primaryimage","url":"https:\/\/portaltela.pt\/s.01k8rhncp4jt1\/2026\/04\/image-414.jpg","contentUrl":"https:\/\/portaltela.pt\/s.01k8rhncp4jt1\/2026\/04\/image-414.jpg","width":796,"height":448,"caption":"Harry Kane marcou no Bernab\u00e9u o 11.\u00ba golo na atual edi\u00e7\u00e3o da Champions"},{"@type":"BreadcrumbList","@id":"https:\/\/portaltela.pt\/noticias\/2026\/04\/07\/bayern-vence-no-bernabeu-e-avanca-as-meias-da-champions\/#breadcrumb","itemListElement":[{"@type":"ListItem","position":1,"name":"In\u00edcio","item":"https:\/\/portaltela.pt\/"},{"@type":"ListItem","position":2,"name":"Bayern vence no Bernab\u00e9u e avan\u00e7a \u00e0s meias da Champions"}]},{"@type":"WebSite","@id":"https:\/\/portaltela.pt\/#website","url":"https:\/\/portaltela.pt\/","name":"Portal Tela Portugal","description":"","potentialAction":[{"@type":"SearchAction","target":{"@type":"EntryPoint","urlTemplate":"https:\/\/portaltela.pt\/?s={search_term_string}"},"query-input":{"@type":"PropertyValueSpecification","valueRequired":true,"valueName":"search_term_string"}}],"inLanguage":"pt-PT"},{"@type":"Person","@id":"https:\/\/portaltela.pt\/#\/schema\/person\/c4278d4a6028830caff9ee44b42d32ed","name":"Telinha","image":{"@type":"ImageObject","inLanguage":"pt-PT","@id":"https:\/\/portaltela.pt\/s.01k8rhncp4jt1\/2025\/11\/talking-bot-125x125.png","url":"https:\/\/portaltela.pt\/s.01k8rhncp4jt1\/2025\/11\/talking-bot-125x125.png","contentUrl":"https:\/\/portaltela.pt\/s.01k8rhncp4jt1\/2025\/11\/talking-bot-125x125.png","caption":"Telinha"},"sameAs":["https:\/\/portaltela.pt\/"],"url":"https:\/\/portaltela.pt\/por\/367410592786\/"}]}},"_links":{"self":[{"href":"https:\/\/portaltela.pt\/api\/wp\/v2\/posts\/435979","targetHints":{"allow":["GET"]}}],"collection":[{"href":"https:\/\/portaltela.pt\/api\/wp\/v2\/posts"}],"about":[{"href":"https:\/\/portaltela.pt\/api\/wp\/v2\/types\/post"}],"author":[{"embeddable":true,"href":"https:\/\/portaltela.pt\/api\/wp\/v2\/users\/2"}],"replies":[{"embeddable":true,"href":"https:\/\/portaltela.pt\/api\/wp\/v2\/comments?post=435979"}],"version-history":[{"count":0,"href":"https:\/\/portaltela.pt\/api\/wp\/v2\/posts\/435979\/revisions"}],"wp:featuredmedia":[{"embeddable":true,"href":"https:\/\/portaltela.pt\/api\/wp\/v2\/media\/435983"}],"wp:attachment":[{"href":"https:\/\/portaltela.pt\/api\/wp\/v2\/media?parent=435979"}],"wp:term":[{"taxonomy":"category","embeddable":true,"href":"https:\/\/portaltela.pt\/api\/wp\/v2\/categories?post=435979"},{"taxonomy":"post_tag","embeddable":true,"href":"https:\/\/portaltela.pt\/api\/wp\/v2\/tags?post=435979"}],"curies":[{"name":"wp","href":"https:\/\/api.w.org\/{rel}","templated":true}]}}