{"id":435963,"date":"2026-04-07T17:45:00","date_gmt":"2026-04-07T20:45:00","guid":{"rendered":"https:\/\/portaltela.pt\/noticias\/2026\/04\/07\/numero-de-mortos-pelas-chuvas-em-angola-sobe-para-45\/"},"modified":"2026-04-07T17:45:00","modified_gmt":"2026-04-07T20:45:00","slug":"numero-de-mortos-pelas-chuvas-em-angola-sobe-para-45","status":"publish","type":"post","link":"https:\/\/portaltela.pt\/clima\/2026\/04\/07\/numero-de-mortos-pelas-chuvas-em-angola-sobe-para-45\/","title":{"rendered":"N\u00famero de mortos pelas chuvas em Angola sobe para 45"},"content":{"rendered":"<p>O n\u00famero de mortos nas cheias em Angola subiu para 45, segundo o Servi\u00e7o de Prote\u00e7\u00e3o Civil e Bombeiros. O balan\u00e7o, atualizado hoje, aponta 39 \u00f3bitos em Benguela e Luanda, al\u00e9m de cinco desaparecidos e 15 feridos.<\/p>\n<p>As autoridades indicam que as regi\u00f5es afetadas ainda lidam com as consequ\u00eancias das chuvas intensas, que provocaram desabamentos e inunda\u00e7\u00f5es em v\u00e1rias zonas do pa\u00eds.<\/p>\n<p>Quem est\u00e1 envolvido \u00e9 o Servi\u00e7o de Prote\u00e7\u00e3o Civil e Bombeiros, juntamente com as autoridades locais. A causa identificada \u00e9 o aguaceiro intenso que se manteve nas \u00faltimas dias, levando a danos materiais e interrup\u00e7\u00f5es em alguns servi\u00e7os.<\/p>\n","protected":false},"excerpt":{"rendered":"<ul>\n<li>Subiu para 45 o n\u00famero de mortos em consequ\u00eancia das chuvas em Angola.<\/li>\n<li>O Servi\u00e7o de Prote\u00e7\u00e3o Civil e Bombeiros atualizou o balan\u00e7o para Benguela e Luanda.<\/li>\n<li>Presentes no balan\u00e7o, h\u00e1 39 mortos, 5 desaparecidos e 15 feridos.<\/li>\n<li>A atualiza\u00e7\u00e3o foca-se nas prov\u00edncias de Benguela e Luanda.<\/li>\n<\/ul>\n","protected":false},"author":2,"featured_media":435967,"comment_status":"closed","ping_status":"closed","sticky":false,"template":"","format":"standard","meta":{"footnotes":""},"categories":[7380],"tags":[7767,4837,6063,2051,320],"class_list":["post-435963","post","type-post","status-publish","format-standard","has-post-thumbnail","hentry","category-clima","tag-_meio-ambiente","tag-angola","tag-desastres","tag-inundacao","tag-protecao-civil"],"yoast_head":"<!-- This site is optimized with the Yoast SEO plugin v27.2 - https:\/\/yoast.com\/product\/yoast-seo-wordpress\/ -->\n<title>N\u00famero de mortos pelas chuvas em Angola sobe para 45 - Portal Tela Portugal<\/title>\n<meta name=\"robots\" content=\"index, follow, max-snippet:-1, max-image-preview:large, max-video-preview:-1\" \/>\n<meta property=\"og:locale\" content=\"pt_PT\" \/>\n<meta property=\"og:type\" content=\"article\" \/>\n<meta property=\"og:title\" content=\"N\u00famero de mortos pelas chuvas em Angola sobe para 45 - Portal Tela Portugal\" \/>\n<meta property=\"og:description\" content=\"Subiu para 45 o n\u00famero de mortos em consequ\u00eancia das chuvas em Angola. O Servi\u00e7o de Prote\u00e7\u00e3o Civil e Bombeiros atualizou o balan\u00e7o para Benguela e Luanda. Presentes no balan\u00e7o, h\u00e1 39 mortos, 5 desaparecidos e 15 feridos. A atualiza\u00e7\u00e3o foca-se nas prov\u00edncias de Benguela e Luanda.\" \/>\n<meta property=\"og:url\" content=\"https:\/\/portaltela.pt\/noticias\/2026\/04\/07\/numero-de-mortos-pelas-chuvas-em-angola-sobe-para-45\/\" \/>\n<meta property=\"og:site_name\" content=\"Portal Tela Portugal\" \/>\n<meta property=\"article:published_time\" content=\"2026-04-07T20:45:00+00:00\" \/>\n<meta name=\"author\" content=\"Telinha\" \/>\n<meta name=\"twitter:card\" content=\"summary_large_image\" \/>\n<meta name=\"twitter:label1\" content=\"Escrito por\" \/>\n\t<meta name=\"twitter:data1\" content=\"Telinha\" \/>\n\t<meta name=\"twitter:label2\" content=\"Tempo estimado de leitura\" \/>\n\t<meta name=\"twitter:data2\" content=\"1 minuto\" \/>\n<script type=\"application\/ld+json\" class=\"yoast-schema-graph\">{\"@context\":\"https:\/\/schema.org\",\"@graph\":[{\"@type\":\"Article\",\"@id\":\"https:\/\/portaltela.pt\/noticias\/2026\/04\/07\/numero-de-mortos-pelas-chuvas-em-angola-sobe-para-45\/#article\",\"isPartOf\":{\"@id\":\"https:\/\/portaltela.pt\/noticias\/2026\/04\/07\/numero-de-mortos-pelas-chuvas-em-angola-sobe-para-45\/\"},\"author\":{\"name\":\"Telinha\",\"@id\":\"https:\/\/portaltela.pt\/#\/schema\/person\/c4278d4a6028830caff9ee44b42d32ed\"},\"headline\":\"N\u00famero de mortos pelas chuvas em Angola sobe para 45\",\"datePublished\":\"2026-04-07T20:45:00+00:00\",\"mainEntityOfPage\":{\"@id\":\"https:\/\/portaltela.pt\/noticias\/2026\/04\/07\/numero-de-mortos-pelas-chuvas-em-angola-sobe-para-45\/\"},\"wordCount\":119,\"image\":{\"@id\":\"https:\/\/portaltela.pt\/noticias\/2026\/04\/07\/numero-de-mortos-pelas-chuvas-em-angola-sobe-para-45\/#primaryimage\"},\"thumbnailUrl\":\"https:\/\/portaltela.pt\/s.01k8rhncp4jt1\/2026\/04\/CACHE_780X1200_ANALOG_WATERMARKED_40640477_452813919961933.jpg\",\"keywords\":[\"_meio-ambiente\",\"Angola\",\"desastres\",\"inunda\u00e7\u00e3o\",\"prote\u00e7\u00e3o civil\"],\"articleSection\":[\"Clima\"],\"inLanguage\":\"pt-PT\"},{\"@type\":\"WebPage\",\"@id\":\"https:\/\/portaltela.pt\/noticias\/2026\/04\/07\/numero-de-mortos-pelas-chuvas-em-angola-sobe-para-45\/\",\"url\":\"https:\/\/portaltela.pt\/noticias\/2026\/04\/07\/numero-de-mortos-pelas-chuvas-em-angola-sobe-para-45\/\",\"name\":\"N\u00famero de mortos pelas chuvas em Angola sobe para 45 - Portal Tela Portugal\",\"isPartOf\":{\"@id\":\"https:\/\/portaltela.pt\/#website\"},\"primaryImageOfPage\":{\"@id\":\"https:\/\/portaltela.pt\/noticias\/2026\/04\/07\/numero-de-mortos-pelas-chuvas-em-angola-sobe-para-45\/#primaryimage\"},\"image\":{\"@id\":\"https:\/\/portaltela.pt\/noticias\/2026\/04\/07\/numero-de-mortos-pelas-chuvas-em-angola-sobe-para-45\/#primaryimage\"},\"thumbnailUrl\":\"https:\/\/portaltela.pt\/s.01k8rhncp4jt1\/2026\/04\/CACHE_780X1200_ANALOG_WATERMARKED_40640477_452813919961933.jpg\",\"datePublished\":\"2026-04-07T20:45:00+00:00\",\"author\":{\"@id\":\"https:\/\/portaltela.pt\/#\/schema\/person\/c4278d4a6028830caff9ee44b42d32ed\"},\"breadcrumb\":{\"@id\":\"https:\/\/portaltela.pt\/noticias\/2026\/04\/07\/numero-de-mortos-pelas-chuvas-em-angola-sobe-para-45\/#breadcrumb\"},\"inLanguage\":\"pt-PT\",\"potentialAction\":[{\"@type\":\"ReadAction\",\"target\":[\"https:\/\/portaltela.pt\/noticias\/2026\/04\/07\/numero-de-mortos-pelas-chuvas-em-angola-sobe-para-45\/\"]}]},{\"@type\":\"ImageObject\",\"inLanguage\":\"pt-PT\",\"@id\":\"https:\/\/portaltela.pt\/noticias\/2026\/04\/07\/numero-de-mortos-pelas-chuvas-em-angola-sobe-para-45\/#primaryimage\",\"url\":\"https:\/\/portaltela.pt\/s.01k8rhncp4jt1\/2026\/04\/CACHE_780X1200_ANALOG_WATERMARKED_40640477_452813919961933.jpg\",\"contentUrl\":\"https:\/\/portaltela.pt\/s.01k8rhncp4jt1\/2026\/04\/CACHE_780X1200_ANALOG_WATERMARKED_40640477_452813919961933.jpg\",\"width\":796,\"height\":448,\"caption\":\"Photo\"},{\"@type\":\"BreadcrumbList\",\"@id\":\"https:\/\/portaltela.pt\/noticias\/2026\/04\/07\/numero-de-mortos-pelas-chuvas-em-angola-sobe-para-45\/#breadcrumb\",\"itemListElement\":[{\"@type\":\"ListItem\",\"position\":1,\"name\":\"In\u00edcio\",\"item\":\"https:\/\/portaltela.pt\/\"},{\"@type\":\"ListItem\",\"position\":2,\"name\":\"N\u00famero de mortos pelas chuvas em Angola sobe para 45\"}]},{\"@type\":\"WebSite\",\"@id\":\"https:\/\/portaltela.pt\/#website\",\"url\":\"https:\/\/portaltela.pt\/\",\"name\":\"Portal Tela Portugal\",\"description\":\"\",\"potentialAction\":[{\"@type\":\"SearchAction\",\"target\":{\"@type\":\"EntryPoint\",\"urlTemplate\":\"https:\/\/portaltela.pt\/?s={search_term_string}\"},\"query-input\":{\"@type\":\"PropertyValueSpecification\",\"valueRequired\":true,\"valueName\":\"search_term_string\"}}],\"inLanguage\":\"pt-PT\"},{\"@type\":\"Person\",\"@id\":\"https:\/\/portaltela.pt\/#\/schema\/person\/c4278d4a6028830caff9ee44b42d32ed\",\"name\":\"Telinha\",\"image\":{\"@type\":\"ImageObject\",\"inLanguage\":\"pt-PT\",\"@id\":\"https:\/\/portaltela.pt\/s.01k8rhncp4jt1\/2025\/11\/talking-bot-125x125.png\",\"url\":\"https:\/\/portaltela.pt\/s.01k8rhncp4jt1\/2025\/11\/talking-bot-125x125.png\",\"contentUrl\":\"https:\/\/portaltela.pt\/s.01k8rhncp4jt1\/2025\/11\/talking-bot-125x125.png\",\"caption\":\"Telinha\"},\"sameAs\":[\"https:\/\/portaltela.pt\/\"],\"url\":\"https:\/\/portaltela.pt\/por\/367410592786\/\"}]}<\/script>\n<!-- \/ Yoast SEO plugin. -->","yoast_head_json":{"title":"N\u00famero de mortos pelas chuvas em Angola sobe para 45 - Portal Tela Portugal","robots":{"index":"index","follow":"follow","max-snippet":"max-snippet:-1","max-image-preview":"max-image-preview:large","max-video-preview":"max-video-preview:-1"},"og_locale":"pt_PT","og_type":"article","og_title":"N\u00famero de mortos pelas chuvas em Angola sobe para 45 - Portal Tela Portugal","og_description":"Subiu para 45 o n\u00famero de mortos em consequ\u00eancia das chuvas em Angola. O Servi\u00e7o de Prote\u00e7\u00e3o Civil e Bombeiros atualizou o balan\u00e7o para Benguela e Luanda. Presentes no balan\u00e7o, h\u00e1 39 mortos, 5 desaparecidos e 15 feridos. A atualiza\u00e7\u00e3o foca-se nas prov\u00edncias de Benguela e Luanda.","og_url":"https:\/\/portaltela.pt\/noticias\/2026\/04\/07\/numero-de-mortos-pelas-chuvas-em-angola-sobe-para-45\/","og_site_name":"Portal Tela Portugal","article_published_time":"2026-04-07T20:45:00+00:00","author":"Telinha","twitter_card":"summary_large_image","twitter_misc":{"Escrito por":"Telinha","Tempo estimado de leitura":"1 minuto"},"schema":{"@context":"https:\/\/schema.org","@graph":[{"@type":"Article","@id":"https:\/\/portaltela.pt\/noticias\/2026\/04\/07\/numero-de-mortos-pelas-chuvas-em-angola-sobe-para-45\/#article","isPartOf":{"@id":"https:\/\/portaltela.pt\/noticias\/2026\/04\/07\/numero-de-mortos-pelas-chuvas-em-angola-sobe-para-45\/"},"author":{"name":"Telinha","@id":"https:\/\/portaltela.pt\/#\/schema\/person\/c4278d4a6028830caff9ee44b42d32ed"},"headline":"N\u00famero de mortos pelas chuvas em Angola sobe para 45","datePublished":"2026-04-07T20:45:00+00:00","mainEntityOfPage":{"@id":"https:\/\/portaltela.pt\/noticias\/2026\/04\/07\/numero-de-mortos-pelas-chuvas-em-angola-sobe-para-45\/"},"wordCount":119,"image":{"@id":"https:\/\/portaltela.pt\/noticias\/2026\/04\/07\/numero-de-mortos-pelas-chuvas-em-angola-sobe-para-45\/#primaryimage"},"thumbnailUrl":"https:\/\/portaltela.pt\/s.01k8rhncp4jt1\/2026\/04\/CACHE_780X1200_ANALOG_WATERMARKED_40640477_452813919961933.jpg","keywords":["_meio-ambiente","Angola","desastres","inunda\u00e7\u00e3o","prote\u00e7\u00e3o civil"],"articleSection":["Clima"],"inLanguage":"pt-PT"},{"@type":"WebPage","@id":"https:\/\/portaltela.pt\/noticias\/2026\/04\/07\/numero-de-mortos-pelas-chuvas-em-angola-sobe-para-45\/","url":"https:\/\/portaltela.pt\/noticias\/2026\/04\/07\/numero-de-mortos-pelas-chuvas-em-angola-sobe-para-45\/","name":"N\u00famero de mortos pelas chuvas em Angola sobe para 45 - Portal Tela Portugal","isPartOf":{"@id":"https:\/\/portaltela.pt\/#website"},"primaryImageOfPage":{"@id":"https:\/\/portaltela.pt\/noticias\/2026\/04\/07\/numero-de-mortos-pelas-chuvas-em-angola-sobe-para-45\/#primaryimage"},"image":{"@id":"https:\/\/portaltela.pt\/noticias\/2026\/04\/07\/numero-de-mortos-pelas-chuvas-em-angola-sobe-para-45\/#primaryimage"},"thumbnailUrl":"https:\/\/portaltela.pt\/s.01k8rhncp4jt1\/2026\/04\/CACHE_780X1200_ANALOG_WATERMARKED_40640477_452813919961933.jpg","datePublished":"2026-04-07T20:45:00+00:00","author":{"@id":"https:\/\/portaltela.pt\/#\/schema\/person\/c4278d4a6028830caff9ee44b42d32ed"},"breadcrumb":{"@id":"https:\/\/portaltela.pt\/noticias\/2026\/04\/07\/numero-de-mortos-pelas-chuvas-em-angola-sobe-para-45\/#breadcrumb"},"inLanguage":"pt-PT","potentialAction":[{"@type":"ReadAction","target":["https:\/\/portaltela.pt\/noticias\/2026\/04\/07\/numero-de-mortos-pelas-chuvas-em-angola-sobe-para-45\/"]}]},{"@type":"ImageObject","inLanguage":"pt-PT","@id":"https:\/\/portaltela.pt\/noticias\/2026\/04\/07\/numero-de-mortos-pelas-chuvas-em-angola-sobe-para-45\/#primaryimage","url":"https:\/\/portaltela.pt\/s.01k8rhncp4jt1\/2026\/04\/CACHE_780X1200_ANALOG_WATERMARKED_40640477_452813919961933.jpg","contentUrl":"https:\/\/portaltela.pt\/s.01k8rhncp4jt1\/2026\/04\/CACHE_780X1200_ANALOG_WATERMARKED_40640477_452813919961933.jpg","width":796,"height":448,"caption":"Photo"},{"@type":"BreadcrumbList","@id":"https:\/\/portaltela.pt\/noticias\/2026\/04\/07\/numero-de-mortos-pelas-chuvas-em-angola-sobe-para-45\/#breadcrumb","itemListElement":[{"@type":"ListItem","position":1,"name":"In\u00edcio","item":"https:\/\/portaltela.pt\/"},{"@type":"ListItem","position":2,"name":"N\u00famero de mortos pelas chuvas em Angola sobe para 45"}]},{"@type":"WebSite","@id":"https:\/\/portaltela.pt\/#website","url":"https:\/\/portaltela.pt\/","name":"Portal Tela Portugal","description":"","potentialAction":[{"@type":"SearchAction","target":{"@type":"EntryPoint","urlTemplate":"https:\/\/portaltela.pt\/?s={search_term_string}"},"query-input":{"@type":"PropertyValueSpecification","valueRequired":true,"valueName":"search_term_string"}}],"inLanguage":"pt-PT"},{"@type":"Person","@id":"https:\/\/portaltela.pt\/#\/schema\/person\/c4278d4a6028830caff9ee44b42d32ed","name":"Telinha","image":{"@type":"ImageObject","inLanguage":"pt-PT","@id":"https:\/\/portaltela.pt\/s.01k8rhncp4jt1\/2025\/11\/talking-bot-125x125.png","url":"https:\/\/portaltela.pt\/s.01k8rhncp4jt1\/2025\/11\/talking-bot-125x125.png","contentUrl":"https:\/\/portaltela.pt\/s.01k8rhncp4jt1\/2025\/11\/talking-bot-125x125.png","caption":"Telinha"},"sameAs":["https:\/\/portaltela.pt\/"],"url":"https:\/\/portaltela.pt\/por\/367410592786\/"}]}},"_links":{"self":[{"href":"https:\/\/portaltela.pt\/api\/wp\/v2\/posts\/435963","targetHints":{"allow":["GET"]}}],"collection":[{"href":"https:\/\/portaltela.pt\/api\/wp\/v2\/posts"}],"about":[{"href":"https:\/\/portaltela.pt\/api\/wp\/v2\/types\/post"}],"author":[{"embeddable":true,"href":"https:\/\/portaltela.pt\/api\/wp\/v2\/users\/2"}],"replies":[{"embeddable":true,"href":"https:\/\/portaltela.pt\/api\/wp\/v2\/comments?post=435963"}],"version-history":[{"count":0,"href":"https:\/\/portaltela.pt\/api\/wp\/v2\/posts\/435963\/revisions"}],"wp:featuredmedia":[{"embeddable":true,"href":"https:\/\/portaltela.pt\/api\/wp\/v2\/media\/435967"}],"wp:attachment":[{"href":"https:\/\/portaltela.pt\/api\/wp\/v2\/media?parent=435963"}],"wp:term":[{"taxonomy":"category","embeddable":true,"href":"https:\/\/portaltela.pt\/api\/wp\/v2\/categories?post=435963"},{"taxonomy":"post_tag","embeddable":true,"href":"https:\/\/portaltela.pt\/api\/wp\/v2\/tags?post=435963"}],"curies":[{"name":"wp","href":"https:\/\/api.w.org\/{rel}","templated":true}]}}