{"id":435950,"date":"2026-04-07T17:46:33","date_gmt":"2026-04-07T20:46:33","guid":{"rendered":"https:\/\/portaltela.pt\/noticias\/2026\/04\/07\/capitania-do-funchal-emite-aviso-de-mau-tempo-para-o-arquipelago-da-madeira\/"},"modified":"2026-04-07T17:46:33","modified_gmt":"2026-04-07T20:46:33","slug":"capitania-do-funchal-emite-aviso-de-mau-tempo-para-o-arquipelago-da-madeira","status":"publish","type":"post","link":"https:\/\/portaltela.pt\/tempo\/2026\/04\/07\/capitania-do-funchal-emite-aviso-de-mau-tempo-para-o-arquipelago-da-madeira\/","title":{"rendered":"Capitania do Funchal emite aviso de mau tempo para o arquip\u00e9lago da Madeira"},"content":{"rendered":"<p>A Capitania do Funchal emitiu um aviso de mau tempo para o arquip\u00e9lago da Madeira. A informa\u00e7\u00e3o dispon\u00edvel n\u00e3o especifica a evolu\u00e7\u00e3o meteorol\u00f3gica nem as \u00e1reas mais afetadas.<\/p>\n<p>No conte\u00fado enviado, n\u00e3o h\u00e1 detalhes sobre a dura\u00e7\u00e3o do aviso, as previs\u00f5es espec\u00edficas ou as medidas de prote\u00e7\u00e3o recomendadas \u00e0s autoridades locais e aos cidad\u00e3os.<\/p>\n<p>Al\u00e9m disso, o portal indica que o conte\u00fado completo est\u00e1 acess\u00edvel apenas para subscritores, sem divulgar informa\u00e7\u00f5es adicionais no texto p\u00fablico.<\/p>\n","protected":false},"excerpt":{"rendered":"<ul>\n<li>Capitania do Funchal emitiu aviso de mau tempo para o arquip\u00e9lago da Madeira.<\/li>\n<li>O conte\u00fado completo n\u00e3o est\u00e1 dispon\u00edvel para leitores n\u00e3o subscritores.<\/li>\n<li>O extrato fornecido n\u00e3o inclui dados adicionais sobre a dura\u00e7\u00e3o ou a intensidade do mau tempo.<\/li>\n<li>A not\u00edcia n\u00e3o apresenta outras informa\u00e7\u00f5es verific\u00e1veis no material enviado.<\/li>\n<\/ul>\n","protected":false},"author":2,"featured_media":435951,"comment_status":"closed","ping_status":"closed","sticky":false,"template":"","format":"standard","meta":{"footnotes":""},"categories":[7365],"tags":[3658,5159,6545,859,45,7790],"class_list":["post-435950","post","type-post","status-publish","format-standard","has-post-thumbnail","hentry","category-tempo","tag-aviso-amarelo","tag-aviso-de-mau-tempo","tag-avisos","tag-madeira","tag-meio-ambiente","tag-tempestades"],"yoast_head":"<!-- This site is optimized with the Yoast SEO plugin v27.2 - https:\/\/yoast.com\/product\/yoast-seo-wordpress\/ -->\n<title>Capitania do Funchal emite aviso de mau tempo para o arquip\u00e9lago da Madeira - Portal Tela Portugal<\/title>\n<meta name=\"robots\" content=\"index, follow, max-snippet:-1, max-image-preview:large, max-video-preview:-1\" \/>\n<meta property=\"og:locale\" content=\"pt_PT\" \/>\n<meta property=\"og:type\" content=\"article\" \/>\n<meta property=\"og:title\" content=\"Capitania do Funchal emite aviso de mau tempo para o arquip\u00e9lago da Madeira - Portal Tela Portugal\" \/>\n<meta property=\"og:description\" content=\"Capitania do Funchal emitiu aviso de mau tempo para o arquip\u00e9lago da Madeira. O conte\u00fado completo n\u00e3o est\u00e1 dispon\u00edvel para leitores n\u00e3o subscritores. O extrato fornecido n\u00e3o inclui dados adicionais sobre a dura\u00e7\u00e3o ou a intensidade do mau tempo. A not\u00edcia n\u00e3o apresenta outras informa\u00e7\u00f5es verific\u00e1veis no material enviado.\" \/>\n<meta property=\"og:url\" content=\"https:\/\/portaltela.pt\/noticias\/2026\/04\/07\/capitania-do-funchal-emite-aviso-de-mau-tempo-para-o-arquipelago-da-madeira\/\" \/>\n<meta property=\"og:site_name\" content=\"Portal Tela Portugal\" \/>\n<meta property=\"article:published_time\" content=\"2026-04-07T20:46:33+00:00\" \/>\n<meta name=\"author\" content=\"Telinha\" \/>\n<meta name=\"twitter:card\" content=\"summary_large_image\" \/>\n<meta name=\"twitter:label1\" content=\"Escrito por\" \/>\n\t<meta name=\"twitter:data1\" content=\"Telinha\" \/>\n<script type=\"application\/ld+json\" class=\"yoast-schema-graph\">{\"@context\":\"https:\/\/schema.org\",\"@graph\":[{\"@type\":\"Article\",\"@id\":\"https:\/\/portaltela.pt\/noticias\/2026\/04\/07\/capitania-do-funchal-emite-aviso-de-mau-tempo-para-o-arquipelago-da-madeira\/#article\",\"isPartOf\":{\"@id\":\"https:\/\/portaltela.pt\/noticias\/2026\/04\/07\/capitania-do-funchal-emite-aviso-de-mau-tempo-para-o-arquipelago-da-madeira\/\"},\"author\":{\"name\":\"Telinha\",\"@id\":\"https:\/\/portaltela.pt\/#\/schema\/person\/c4278d4a6028830caff9ee44b42d32ed\"},\"headline\":\"Capitania do Funchal emite aviso de mau tempo para o arquip\u00e9lago da Madeira\",\"datePublished\":\"2026-04-07T20:46:33+00:00\",\"mainEntityOfPage\":{\"@id\":\"https:\/\/portaltela.pt\/noticias\/2026\/04\/07\/capitania-do-funchal-emite-aviso-de-mau-tempo-para-o-arquipelago-da-madeira\/\"},\"wordCount\":107,\"image\":{\"@id\":\"https:\/\/portaltela.pt\/noticias\/2026\/04\/07\/capitania-do-funchal-emite-aviso-de-mau-tempo-para-o-arquipelago-da-madeira\/#primaryimage\"},\"thumbnailUrl\":\"https:\/\/portaltela.pt\/s.01k8rhncp4jt1\/2026\/04\/CACHE_780X1200_ANALOG_WATERMARKED_23793413_2176344_15122019052850-1.jpg\",\"keywords\":[\"aviso amarelo\",\"aviso de mau tempo\",\"avisos\",\"Madeira\",\"meio-ambiente\",\"tempestades\"],\"articleSection\":[\"Tempo\"],\"inLanguage\":\"pt-PT\"},{\"@type\":\"WebPage\",\"@id\":\"https:\/\/portaltela.pt\/noticias\/2026\/04\/07\/capitania-do-funchal-emite-aviso-de-mau-tempo-para-o-arquipelago-da-madeira\/\",\"url\":\"https:\/\/portaltela.pt\/noticias\/2026\/04\/07\/capitania-do-funchal-emite-aviso-de-mau-tempo-para-o-arquipelago-da-madeira\/\",\"name\":\"Capitania do Funchal emite aviso de mau tempo para o arquip\u00e9lago da Madeira - Portal Tela Portugal\",\"isPartOf\":{\"@id\":\"https:\/\/portaltela.pt\/#website\"},\"primaryImageOfPage\":{\"@id\":\"https:\/\/portaltela.pt\/noticias\/2026\/04\/07\/capitania-do-funchal-emite-aviso-de-mau-tempo-para-o-arquipelago-da-madeira\/#primaryimage\"},\"image\":{\"@id\":\"https:\/\/portaltela.pt\/noticias\/2026\/04\/07\/capitania-do-funchal-emite-aviso-de-mau-tempo-para-o-arquipelago-da-madeira\/#primaryimage\"},\"thumbnailUrl\":\"https:\/\/portaltela.pt\/s.01k8rhncp4jt1\/2026\/04\/CACHE_780X1200_ANALOG_WATERMARKED_23793413_2176344_15122019052850-1.jpg\",\"datePublished\":\"2026-04-07T20:46:33+00:00\",\"author\":{\"@id\":\"https:\/\/portaltela.pt\/#\/schema\/person\/c4278d4a6028830caff9ee44b42d32ed\"},\"breadcrumb\":{\"@id\":\"https:\/\/portaltela.pt\/noticias\/2026\/04\/07\/capitania-do-funchal-emite-aviso-de-mau-tempo-para-o-arquipelago-da-madeira\/#breadcrumb\"},\"inLanguage\":\"pt-PT\",\"potentialAction\":[{\"@type\":\"ReadAction\",\"target\":[\"https:\/\/portaltela.pt\/noticias\/2026\/04\/07\/capitania-do-funchal-emite-aviso-de-mau-tempo-para-o-arquipelago-da-madeira\/\"]}]},{\"@type\":\"ImageObject\",\"inLanguage\":\"pt-PT\",\"@id\":\"https:\/\/portaltela.pt\/noticias\/2026\/04\/07\/capitania-do-funchal-emite-aviso-de-mau-tempo-para-o-arquipelago-da-madeira\/#primaryimage\",\"url\":\"https:\/\/portaltela.pt\/s.01k8rhncp4jt1\/2026\/04\/CACHE_780X1200_ANALOG_WATERMARKED_23793413_2176344_15122019052850-1.jpg\",\"contentUrl\":\"https:\/\/portaltela.pt\/s.01k8rhncp4jt1\/2026\/04\/CACHE_780X1200_ANALOG_WATERMARKED_23793413_2176344_15122019052850-1.jpg\",\"width\":768,\"height\":512,\"caption\":\"Capitania do Funchal emite aviso de mau tempo para arquip\u00e9lago da Madeira\"},{\"@type\":\"BreadcrumbList\",\"@id\":\"https:\/\/portaltela.pt\/noticias\/2026\/04\/07\/capitania-do-funchal-emite-aviso-de-mau-tempo-para-o-arquipelago-da-madeira\/#breadcrumb\",\"itemListElement\":[{\"@type\":\"ListItem\",\"position\":1,\"name\":\"In\u00edcio\",\"item\":\"https:\/\/portaltela.pt\/\"},{\"@type\":\"ListItem\",\"position\":2,\"name\":\"Capitania do Funchal emite aviso de mau tempo para o arquip\u00e9lago da Madeira\"}]},{\"@type\":\"WebSite\",\"@id\":\"https:\/\/portaltela.pt\/#website\",\"url\":\"https:\/\/portaltela.pt\/\",\"name\":\"Portal Tela Portugal\",\"description\":\"\",\"potentialAction\":[{\"@type\":\"SearchAction\",\"target\":{\"@type\":\"EntryPoint\",\"urlTemplate\":\"https:\/\/portaltela.pt\/?s={search_term_string}\"},\"query-input\":{\"@type\":\"PropertyValueSpecification\",\"valueRequired\":true,\"valueName\":\"search_term_string\"}}],\"inLanguage\":\"pt-PT\"},{\"@type\":\"Person\",\"@id\":\"https:\/\/portaltela.pt\/#\/schema\/person\/c4278d4a6028830caff9ee44b42d32ed\",\"name\":\"Telinha\",\"image\":{\"@type\":\"ImageObject\",\"inLanguage\":\"pt-PT\",\"@id\":\"https:\/\/portaltela.pt\/s.01k8rhncp4jt1\/2025\/11\/talking-bot-125x125.png\",\"url\":\"https:\/\/portaltela.pt\/s.01k8rhncp4jt1\/2025\/11\/talking-bot-125x125.png\",\"contentUrl\":\"https:\/\/portaltela.pt\/s.01k8rhncp4jt1\/2025\/11\/talking-bot-125x125.png\",\"caption\":\"Telinha\"},\"sameAs\":[\"https:\/\/portaltela.pt\/\"],\"url\":\"https:\/\/portaltela.pt\/por\/367410592786\/\"}]}<\/script>\n<!-- \/ Yoast SEO plugin. -->","yoast_head_json":{"title":"Capitania do Funchal emite aviso de mau tempo para o arquip\u00e9lago da Madeira - Portal Tela Portugal","robots":{"index":"index","follow":"follow","max-snippet":"max-snippet:-1","max-image-preview":"max-image-preview:large","max-video-preview":"max-video-preview:-1"},"og_locale":"pt_PT","og_type":"article","og_title":"Capitania do Funchal emite aviso de mau tempo para o arquip\u00e9lago da Madeira - Portal Tela Portugal","og_description":"Capitania do Funchal emitiu aviso de mau tempo para o arquip\u00e9lago da Madeira. O conte\u00fado completo n\u00e3o est\u00e1 dispon\u00edvel para leitores n\u00e3o subscritores. O extrato fornecido n\u00e3o inclui dados adicionais sobre a dura\u00e7\u00e3o ou a intensidade do mau tempo. A not\u00edcia n\u00e3o apresenta outras informa\u00e7\u00f5es verific\u00e1veis no material enviado.","og_url":"https:\/\/portaltela.pt\/noticias\/2026\/04\/07\/capitania-do-funchal-emite-aviso-de-mau-tempo-para-o-arquipelago-da-madeira\/","og_site_name":"Portal Tela Portugal","article_published_time":"2026-04-07T20:46:33+00:00","author":"Telinha","twitter_card":"summary_large_image","twitter_misc":{"Escrito por":"Telinha"},"schema":{"@context":"https:\/\/schema.org","@graph":[{"@type":"Article","@id":"https:\/\/portaltela.pt\/noticias\/2026\/04\/07\/capitania-do-funchal-emite-aviso-de-mau-tempo-para-o-arquipelago-da-madeira\/#article","isPartOf":{"@id":"https:\/\/portaltela.pt\/noticias\/2026\/04\/07\/capitania-do-funchal-emite-aviso-de-mau-tempo-para-o-arquipelago-da-madeira\/"},"author":{"name":"Telinha","@id":"https:\/\/portaltela.pt\/#\/schema\/person\/c4278d4a6028830caff9ee44b42d32ed"},"headline":"Capitania do Funchal emite aviso de mau tempo para o arquip\u00e9lago da Madeira","datePublished":"2026-04-07T20:46:33+00:00","mainEntityOfPage":{"@id":"https:\/\/portaltela.pt\/noticias\/2026\/04\/07\/capitania-do-funchal-emite-aviso-de-mau-tempo-para-o-arquipelago-da-madeira\/"},"wordCount":107,"image":{"@id":"https:\/\/portaltela.pt\/noticias\/2026\/04\/07\/capitania-do-funchal-emite-aviso-de-mau-tempo-para-o-arquipelago-da-madeira\/#primaryimage"},"thumbnailUrl":"https:\/\/portaltela.pt\/s.01k8rhncp4jt1\/2026\/04\/CACHE_780X1200_ANALOG_WATERMARKED_23793413_2176344_15122019052850-1.jpg","keywords":["aviso amarelo","aviso de mau tempo","avisos","Madeira","meio-ambiente","tempestades"],"articleSection":["Tempo"],"inLanguage":"pt-PT"},{"@type":"WebPage","@id":"https:\/\/portaltela.pt\/noticias\/2026\/04\/07\/capitania-do-funchal-emite-aviso-de-mau-tempo-para-o-arquipelago-da-madeira\/","url":"https:\/\/portaltela.pt\/noticias\/2026\/04\/07\/capitania-do-funchal-emite-aviso-de-mau-tempo-para-o-arquipelago-da-madeira\/","name":"Capitania do Funchal emite aviso de mau tempo para o arquip\u00e9lago da Madeira - Portal Tela Portugal","isPartOf":{"@id":"https:\/\/portaltela.pt\/#website"},"primaryImageOfPage":{"@id":"https:\/\/portaltela.pt\/noticias\/2026\/04\/07\/capitania-do-funchal-emite-aviso-de-mau-tempo-para-o-arquipelago-da-madeira\/#primaryimage"},"image":{"@id":"https:\/\/portaltela.pt\/noticias\/2026\/04\/07\/capitania-do-funchal-emite-aviso-de-mau-tempo-para-o-arquipelago-da-madeira\/#primaryimage"},"thumbnailUrl":"https:\/\/portaltela.pt\/s.01k8rhncp4jt1\/2026\/04\/CACHE_780X1200_ANALOG_WATERMARKED_23793413_2176344_15122019052850-1.jpg","datePublished":"2026-04-07T20:46:33+00:00","author":{"@id":"https:\/\/portaltela.pt\/#\/schema\/person\/c4278d4a6028830caff9ee44b42d32ed"},"breadcrumb":{"@id":"https:\/\/portaltela.pt\/noticias\/2026\/04\/07\/capitania-do-funchal-emite-aviso-de-mau-tempo-para-o-arquipelago-da-madeira\/#breadcrumb"},"inLanguage":"pt-PT","potentialAction":[{"@type":"ReadAction","target":["https:\/\/portaltela.pt\/noticias\/2026\/04\/07\/capitania-do-funchal-emite-aviso-de-mau-tempo-para-o-arquipelago-da-madeira\/"]}]},{"@type":"ImageObject","inLanguage":"pt-PT","@id":"https:\/\/portaltela.pt\/noticias\/2026\/04\/07\/capitania-do-funchal-emite-aviso-de-mau-tempo-para-o-arquipelago-da-madeira\/#primaryimage","url":"https:\/\/portaltela.pt\/s.01k8rhncp4jt1\/2026\/04\/CACHE_780X1200_ANALOG_WATERMARKED_23793413_2176344_15122019052850-1.jpg","contentUrl":"https:\/\/portaltela.pt\/s.01k8rhncp4jt1\/2026\/04\/CACHE_780X1200_ANALOG_WATERMARKED_23793413_2176344_15122019052850-1.jpg","width":768,"height":512,"caption":"Capitania do Funchal emite aviso de mau tempo para arquip\u00e9lago da Madeira"},{"@type":"BreadcrumbList","@id":"https:\/\/portaltela.pt\/noticias\/2026\/04\/07\/capitania-do-funchal-emite-aviso-de-mau-tempo-para-o-arquipelago-da-madeira\/#breadcrumb","itemListElement":[{"@type":"ListItem","position":1,"name":"In\u00edcio","item":"https:\/\/portaltela.pt\/"},{"@type":"ListItem","position":2,"name":"Capitania do Funchal emite aviso de mau tempo para o arquip\u00e9lago da Madeira"}]},{"@type":"WebSite","@id":"https:\/\/portaltela.pt\/#website","url":"https:\/\/portaltela.pt\/","name":"Portal Tela Portugal","description":"","potentialAction":[{"@type":"SearchAction","target":{"@type":"EntryPoint","urlTemplate":"https:\/\/portaltela.pt\/?s={search_term_string}"},"query-input":{"@type":"PropertyValueSpecification","valueRequired":true,"valueName":"search_term_string"}}],"inLanguage":"pt-PT"},{"@type":"Person","@id":"https:\/\/portaltela.pt\/#\/schema\/person\/c4278d4a6028830caff9ee44b42d32ed","name":"Telinha","image":{"@type":"ImageObject","inLanguage":"pt-PT","@id":"https:\/\/portaltela.pt\/s.01k8rhncp4jt1\/2025\/11\/talking-bot-125x125.png","url":"https:\/\/portaltela.pt\/s.01k8rhncp4jt1\/2025\/11\/talking-bot-125x125.png","contentUrl":"https:\/\/portaltela.pt\/s.01k8rhncp4jt1\/2025\/11\/talking-bot-125x125.png","caption":"Telinha"},"sameAs":["https:\/\/portaltela.pt\/"],"url":"https:\/\/portaltela.pt\/por\/367410592786\/"}]}},"_links":{"self":[{"href":"https:\/\/portaltela.pt\/api\/wp\/v2\/posts\/435950","targetHints":{"allow":["GET"]}}],"collection":[{"href":"https:\/\/portaltela.pt\/api\/wp\/v2\/posts"}],"about":[{"href":"https:\/\/portaltela.pt\/api\/wp\/v2\/types\/post"}],"author":[{"embeddable":true,"href":"https:\/\/portaltela.pt\/api\/wp\/v2\/users\/2"}],"replies":[{"embeddable":true,"href":"https:\/\/portaltela.pt\/api\/wp\/v2\/comments?post=435950"}],"version-history":[{"count":0,"href":"https:\/\/portaltela.pt\/api\/wp\/v2\/posts\/435950\/revisions"}],"wp:featuredmedia":[{"embeddable":true,"href":"https:\/\/portaltela.pt\/api\/wp\/v2\/media\/435951"}],"wp:attachment":[{"href":"https:\/\/portaltela.pt\/api\/wp\/v2\/media?parent=435950"}],"wp:term":[{"taxonomy":"category","embeddable":true,"href":"https:\/\/portaltela.pt\/api\/wp\/v2\/categories?post=435950"},{"taxonomy":"post_tag","embeddable":true,"href":"https:\/\/portaltela.pt\/api\/wp\/v2\/tags?post=435950"}],"curies":[{"name":"wp","href":"https:\/\/api.w.org\/{rel}","templated":true}]}}