{"id":435892,"date":"2026-04-07T16:32:37","date_gmt":"2026-04-07T19:32:37","guid":{"rendered":"https:\/\/portaltela.pt\/noticias\/2026\/04\/07\/p-ferreira-convoca-assembleia-para-decidir-transformacao-em-sad\/"},"modified":"2026-04-07T16:32:37","modified_gmt":"2026-04-07T19:32:37","slug":"p-ferreira-convoca-assembleia-para-decidir-transformacao-em-sad","status":"publish","type":"post","link":"https:\/\/portaltela.pt\/desporto\/futebol\/2026\/04\/07\/p-ferreira-convoca-assembleia-para-decidir-transformacao-em-sad\/","title":{"rendered":"P. Ferreira convoca assembleia para decidir transforma\u00e7\u00e3o em SAD"},"content":{"rendered":"<p>O P. Ferreira convocou uma Assembleia Geral Extraordin\u00e1ria para o dia 24 de abril, \u00e0s 20h, no Parque de Exposi\u00e7\u00f5es Capital do M\u00f3vel. A chamada foi publicada pelo presidente da Mesa, Jos\u00e9 Ant\u00f3nio Carneiro. Funcionar\u00e1 como reuni\u00e3o magna de s\u00f3cios.<\/p>\n<p>A ordem de trabalhos inclui, em primeiro lugar, a leitura e aprova\u00e7\u00e3o da ata da assembleia anterior. O segundo ponto \u00e9 mais relevante e pode definir o futuro da equipa, sob a forma de SAD.<\/p>\n<h3>Transforma\u00e7\u00e3o em SAD e mandato ao presidente<\/h3>\n<p>O segundo ponto prev\u00ea a discuss\u00e3o e delibera\u00e7\u00e3o sobre a transmiss\u00e3o de 49,90 por cento at\u00e9 um m\u00e1ximo de 80 por cento do capital social da SAD, ap\u00f3s a transforma\u00e7\u00e3o do clube. Inclui ainda a atribui\u00e7\u00e3o de mandato ao presidente da dire\u00e7\u00e3o para outorgar contratos e documenta\u00e7\u00e3o necess\u00e1rios.<\/p>\n<p>Rui Abreu, atual l\u00edder do clube, ficaria encarregado de conduzir a transforma\u00e7\u00e3o parcial para SAD e de estabelecer um protocolo de colabora\u00e7\u00e3o entre o clube e a futura SAD. A delibera\u00e7\u00e3o pode definir etapas futuras.<\/p>\n","protected":false},"excerpt":{"rendered":"<ul>\n<li>Jos\u00e9 Ant\u00f3nio Carneiro, presidente da Mesa da Assembleia Geral do P. Ferreira, convocou uma Assembleia Geral Extraordin\u00e1ria para 24 de abril, \u00e0s 20 horas, no Parque de Exposi\u00e7\u00f5es Capital do M\u00f3vel.<\/li>\n<li>A ordem de trabalhos inclui a leitura e aprova\u00e7\u00e3o da ata da assembleia geral anterior.<\/li>\n<li>O segundo ponto, complexo, poder\u00e1 definir o futuro do clube ao discutir e deliberar sobre a transmiss\u00e3o de 49,90 por cento at\u00e9 um m\u00e1ximo de 80 por cento do capital social da SAD ap\u00f3s a transforma\u00e7\u00e3o.<\/li>\n<li>Ser\u00e1 tamb\u00e9m atribu\u00eddo ao presidente da dire\u00e7\u00e3o o mandato para outorgar todos os contratos e documenta\u00e7\u00e3o necess\u00e1rios para a execu\u00e7\u00e3o dessa delibera\u00e7\u00e3o.<\/li>\n<li>A decis\u00e3o permitir\u00e1 que Rui Abreu execute a transforma\u00e7\u00e3o parcial do P. Ferreira em SAD e produza um protocolo de colabora\u00e7\u00e3o entre o clube e a SAD.<\/li>\n<\/ul>\n","protected":false},"author":2,"featured_media":435893,"comment_status":"closed","ping_status":"closed","sticky":false,"template":"","format":"standard","meta":{"footnotes":""},"categories":[21,24],"tags":[7755,4143,218,1747,1499,4014],"class_list":["post-435892","post","type-post","status-publish","format-standard","has-post-thumbnail","hentry","category-desporto","category-futebol","tag-_futebol","tag-1-liga","tag-desportivo","tag-futebol-profissional","tag-pacos-de-ferreira","tag-sad"],"yoast_head":"<!-- This site is optimized with the Yoast SEO plugin v27.2 - https:\/\/yoast.com\/product\/yoast-seo-wordpress\/ -->\n<title>P. Ferreira convoca assembleia para decidir transforma\u00e7\u00e3o em SAD - Portal Tela Portugal<\/title>\n<meta name=\"robots\" content=\"index, follow, max-snippet:-1, max-image-preview:large, max-video-preview:-1\" \/>\n<meta property=\"og:locale\" content=\"pt_PT\" \/>\n<meta property=\"og:type\" content=\"article\" \/>\n<meta property=\"og:title\" content=\"P. Ferreira convoca assembleia para decidir transforma\u00e7\u00e3o em SAD - Portal Tela Portugal\" \/>\n<meta property=\"og:description\" content=\"Jos\u00e9 Ant\u00f3nio Carneiro, presidente da Mesa da Assembleia Geral do P. Ferreira, convocou uma Assembleia Geral Extraordin\u00e1ria para 24 de abril, \u00e0s 20 horas, no Parque de Exposi\u00e7\u00f5es Capital do M\u00f3vel. A ordem de trabalhos inclui a leitura e aprova\u00e7\u00e3o da ata da assembleia geral anterior. O segundo ponto, complexo, poder\u00e1 definir o futuro do clube ao discutir e deliberar sobre a transmiss\u00e3o de 49,90 por cento at\u00e9 um m\u00e1ximo de 80 por cento do capital social da SAD ap\u00f3s a transforma\u00e7\u00e3o. Ser\u00e1 tamb\u00e9m atribu\u00eddo ao presidente da dire\u00e7\u00e3o o mandato para outorgar todos os contratos e documenta\u00e7\u00e3o necess\u00e1rios para a execu\u00e7\u00e3o dessa delibera\u00e7\u00e3o. A decis\u00e3o permitir\u00e1 que Rui Abreu execute a transforma\u00e7\u00e3o parcial do P. Ferreira em SAD e produza um protocolo de colabora\u00e7\u00e3o entre o clube e a SAD.\" \/>\n<meta property=\"og:url\" content=\"https:\/\/portaltela.pt\/noticias\/2026\/04\/07\/p-ferreira-convoca-assembleia-para-decidir-transformacao-em-sad\/\" \/>\n<meta property=\"og:site_name\" content=\"Portal Tela Portugal\" \/>\n<meta property=\"article:published_time\" content=\"2026-04-07T19:32:37+00:00\" \/>\n<meta name=\"author\" content=\"Telinha\" \/>\n<meta name=\"twitter:card\" content=\"summary_large_image\" \/>\n<meta name=\"twitter:label1\" content=\"Escrito por\" \/>\n\t<meta name=\"twitter:data1\" content=\"Telinha\" \/>\n\t<meta name=\"twitter:label2\" content=\"Tempo estimado de leitura\" \/>\n\t<meta name=\"twitter:data2\" content=\"1 minuto\" \/>\n<script type=\"application\/ld+json\" class=\"yoast-schema-graph\">{\"@context\":\"https:\/\/schema.org\",\"@graph\":[{\"@type\":\"Article\",\"@id\":\"https:\/\/portaltela.pt\/noticias\/2026\/04\/07\/p-ferreira-convoca-assembleia-para-decidir-transformacao-em-sad\/#article\",\"isPartOf\":{\"@id\":\"https:\/\/portaltela.pt\/noticias\/2026\/04\/07\/p-ferreira-convoca-assembleia-para-decidir-transformacao-em-sad\/\"},\"author\":{\"name\":\"Telinha\",\"@id\":\"https:\/\/portaltela.pt\/#\/schema\/person\/c4278d4a6028830caff9ee44b42d32ed\"},\"headline\":\"P. Ferreira convoca assembleia para decidir transforma\u00e7\u00e3o em SAD\",\"datePublished\":\"2026-04-07T19:32:37+00:00\",\"mainEntityOfPage\":{\"@id\":\"https:\/\/portaltela.pt\/noticias\/2026\/04\/07\/p-ferreira-convoca-assembleia-para-decidir-transformacao-em-sad\/\"},\"wordCount\":193,\"image\":{\"@id\":\"https:\/\/portaltela.pt\/noticias\/2026\/04\/07\/p-ferreira-convoca-assembleia-para-decidir-transformacao-em-sad\/#primaryimage\"},\"thumbnailUrl\":\"https:\/\/portaltela.pt\/s.01k8rhncp4jt1\/2026\/04\/img_920x518uu2026-04-07-19-50-02-2431656-im-639111882220472927.jpg\",\"keywords\":[\"_futebol\",\"1. Liga\",\"desportivo\",\"Futebol Profissional\",\"Pa\u00e7os de Ferreira\",\"SAD\"],\"articleSection\":[\"Desporto\",\"Futebol\"],\"inLanguage\":\"pt-PT\"},{\"@type\":\"WebPage\",\"@id\":\"https:\/\/portaltela.pt\/noticias\/2026\/04\/07\/p-ferreira-convoca-assembleia-para-decidir-transformacao-em-sad\/\",\"url\":\"https:\/\/portaltela.pt\/noticias\/2026\/04\/07\/p-ferreira-convoca-assembleia-para-decidir-transformacao-em-sad\/\",\"name\":\"P. Ferreira convoca assembleia para decidir transforma\u00e7\u00e3o em SAD - Portal Tela Portugal\",\"isPartOf\":{\"@id\":\"https:\/\/portaltela.pt\/#website\"},\"primaryImageOfPage\":{\"@id\":\"https:\/\/portaltela.pt\/noticias\/2026\/04\/07\/p-ferreira-convoca-assembleia-para-decidir-transformacao-em-sad\/#primaryimage\"},\"image\":{\"@id\":\"https:\/\/portaltela.pt\/noticias\/2026\/04\/07\/p-ferreira-convoca-assembleia-para-decidir-transformacao-em-sad\/#primaryimage\"},\"thumbnailUrl\":\"https:\/\/portaltela.pt\/s.01k8rhncp4jt1\/2026\/04\/img_920x518uu2026-04-07-19-50-02-2431656-im-639111882220472927.jpg\",\"datePublished\":\"2026-04-07T19:32:37+00:00\",\"author\":{\"@id\":\"https:\/\/portaltela.pt\/#\/schema\/person\/c4278d4a6028830caff9ee44b42d32ed\"},\"breadcrumb\":{\"@id\":\"https:\/\/portaltela.pt\/noticias\/2026\/04\/07\/p-ferreira-convoca-assembleia-para-decidir-transformacao-em-sad\/#breadcrumb\"},\"inLanguage\":\"pt-PT\",\"potentialAction\":[{\"@type\":\"ReadAction\",\"target\":[\"https:\/\/portaltela.pt\/noticias\/2026\/04\/07\/p-ferreira-convoca-assembleia-para-decidir-transformacao-em-sad\/\"]}]},{\"@type\":\"ImageObject\",\"inLanguage\":\"pt-PT\",\"@id\":\"https:\/\/portaltela.pt\/noticias\/2026\/04\/07\/p-ferreira-convoca-assembleia-para-decidir-transformacao-em-sad\/#primaryimage\",\"url\":\"https:\/\/portaltela.pt\/s.01k8rhncp4jt1\/2026\/04\/img_920x518uu2026-04-07-19-50-02-2431656-im-639111882220472927.jpg\",\"contentUrl\":\"https:\/\/portaltela.pt\/s.01k8rhncp4jt1\/2026\/04\/img_920x518uu2026-04-07-19-50-02-2431656-im-639111882220472927.jpg\",\"width\":796,\"height\":448,\"caption\":\"P. Ferreira convoca Assembleia Geral para decidir transforma\u00e7\u00e3o em SAD\"},{\"@type\":\"BreadcrumbList\",\"@id\":\"https:\/\/portaltela.pt\/noticias\/2026\/04\/07\/p-ferreira-convoca-assembleia-para-decidir-transformacao-em-sad\/#breadcrumb\",\"itemListElement\":[{\"@type\":\"ListItem\",\"position\":1,\"name\":\"In\u00edcio\",\"item\":\"https:\/\/portaltela.pt\/\"},{\"@type\":\"ListItem\",\"position\":2,\"name\":\"P. Ferreira convoca assembleia para decidir transforma\u00e7\u00e3o em SAD\"}]},{\"@type\":\"WebSite\",\"@id\":\"https:\/\/portaltela.pt\/#website\",\"url\":\"https:\/\/portaltela.pt\/\",\"name\":\"Portal Tela Portugal\",\"description\":\"\",\"potentialAction\":[{\"@type\":\"SearchAction\",\"target\":{\"@type\":\"EntryPoint\",\"urlTemplate\":\"https:\/\/portaltela.pt\/?s={search_term_string}\"},\"query-input\":{\"@type\":\"PropertyValueSpecification\",\"valueRequired\":true,\"valueName\":\"search_term_string\"}}],\"inLanguage\":\"pt-PT\"},{\"@type\":\"Person\",\"@id\":\"https:\/\/portaltela.pt\/#\/schema\/person\/c4278d4a6028830caff9ee44b42d32ed\",\"name\":\"Telinha\",\"image\":{\"@type\":\"ImageObject\",\"inLanguage\":\"pt-PT\",\"@id\":\"https:\/\/portaltela.pt\/s.01k8rhncp4jt1\/2025\/11\/talking-bot-125x125.png\",\"url\":\"https:\/\/portaltela.pt\/s.01k8rhncp4jt1\/2025\/11\/talking-bot-125x125.png\",\"contentUrl\":\"https:\/\/portaltela.pt\/s.01k8rhncp4jt1\/2025\/11\/talking-bot-125x125.png\",\"caption\":\"Telinha\"},\"sameAs\":[\"https:\/\/portaltela.pt\/\"],\"url\":\"https:\/\/portaltela.pt\/por\/367410592786\/\"}]}<\/script>\n<!-- \/ Yoast SEO plugin. -->","yoast_head_json":{"title":"P. Ferreira convoca assembleia para decidir transforma\u00e7\u00e3o em SAD - Portal Tela Portugal","robots":{"index":"index","follow":"follow","max-snippet":"max-snippet:-1","max-image-preview":"max-image-preview:large","max-video-preview":"max-video-preview:-1"},"og_locale":"pt_PT","og_type":"article","og_title":"P. Ferreira convoca assembleia para decidir transforma\u00e7\u00e3o em SAD - Portal Tela Portugal","og_description":"Jos\u00e9 Ant\u00f3nio Carneiro, presidente da Mesa da Assembleia Geral do P. Ferreira, convocou uma Assembleia Geral Extraordin\u00e1ria para 24 de abril, \u00e0s 20 horas, no Parque de Exposi\u00e7\u00f5es Capital do M\u00f3vel. A ordem de trabalhos inclui a leitura e aprova\u00e7\u00e3o da ata da assembleia geral anterior. O segundo ponto, complexo, poder\u00e1 definir o futuro do clube ao discutir e deliberar sobre a transmiss\u00e3o de 49,90 por cento at\u00e9 um m\u00e1ximo de 80 por cento do capital social da SAD ap\u00f3s a transforma\u00e7\u00e3o. Ser\u00e1 tamb\u00e9m atribu\u00eddo ao presidente da dire\u00e7\u00e3o o mandato para outorgar todos os contratos e documenta\u00e7\u00e3o necess\u00e1rios para a execu\u00e7\u00e3o dessa delibera\u00e7\u00e3o. A decis\u00e3o permitir\u00e1 que Rui Abreu execute a transforma\u00e7\u00e3o parcial do P. Ferreira em SAD e produza um protocolo de colabora\u00e7\u00e3o entre o clube e a SAD.","og_url":"https:\/\/portaltela.pt\/noticias\/2026\/04\/07\/p-ferreira-convoca-assembleia-para-decidir-transformacao-em-sad\/","og_site_name":"Portal Tela Portugal","article_published_time":"2026-04-07T19:32:37+00:00","author":"Telinha","twitter_card":"summary_large_image","twitter_misc":{"Escrito por":"Telinha","Tempo estimado de leitura":"1 minuto"},"schema":{"@context":"https:\/\/schema.org","@graph":[{"@type":"Article","@id":"https:\/\/portaltela.pt\/noticias\/2026\/04\/07\/p-ferreira-convoca-assembleia-para-decidir-transformacao-em-sad\/#article","isPartOf":{"@id":"https:\/\/portaltela.pt\/noticias\/2026\/04\/07\/p-ferreira-convoca-assembleia-para-decidir-transformacao-em-sad\/"},"author":{"name":"Telinha","@id":"https:\/\/portaltela.pt\/#\/schema\/person\/c4278d4a6028830caff9ee44b42d32ed"},"headline":"P. Ferreira convoca assembleia para decidir transforma\u00e7\u00e3o em SAD","datePublished":"2026-04-07T19:32:37+00:00","mainEntityOfPage":{"@id":"https:\/\/portaltela.pt\/noticias\/2026\/04\/07\/p-ferreira-convoca-assembleia-para-decidir-transformacao-em-sad\/"},"wordCount":193,"image":{"@id":"https:\/\/portaltela.pt\/noticias\/2026\/04\/07\/p-ferreira-convoca-assembleia-para-decidir-transformacao-em-sad\/#primaryimage"},"thumbnailUrl":"https:\/\/portaltela.pt\/s.01k8rhncp4jt1\/2026\/04\/img_920x518uu2026-04-07-19-50-02-2431656-im-639111882220472927.jpg","keywords":["_futebol","1. Liga","desportivo","Futebol Profissional","Pa\u00e7os de Ferreira","SAD"],"articleSection":["Desporto","Futebol"],"inLanguage":"pt-PT"},{"@type":"WebPage","@id":"https:\/\/portaltela.pt\/noticias\/2026\/04\/07\/p-ferreira-convoca-assembleia-para-decidir-transformacao-em-sad\/","url":"https:\/\/portaltela.pt\/noticias\/2026\/04\/07\/p-ferreira-convoca-assembleia-para-decidir-transformacao-em-sad\/","name":"P. Ferreira convoca assembleia para decidir transforma\u00e7\u00e3o em SAD - Portal Tela Portugal","isPartOf":{"@id":"https:\/\/portaltela.pt\/#website"},"primaryImageOfPage":{"@id":"https:\/\/portaltela.pt\/noticias\/2026\/04\/07\/p-ferreira-convoca-assembleia-para-decidir-transformacao-em-sad\/#primaryimage"},"image":{"@id":"https:\/\/portaltela.pt\/noticias\/2026\/04\/07\/p-ferreira-convoca-assembleia-para-decidir-transformacao-em-sad\/#primaryimage"},"thumbnailUrl":"https:\/\/portaltela.pt\/s.01k8rhncp4jt1\/2026\/04\/img_920x518uu2026-04-07-19-50-02-2431656-im-639111882220472927.jpg","datePublished":"2026-04-07T19:32:37+00:00","author":{"@id":"https:\/\/portaltela.pt\/#\/schema\/person\/c4278d4a6028830caff9ee44b42d32ed"},"breadcrumb":{"@id":"https:\/\/portaltela.pt\/noticias\/2026\/04\/07\/p-ferreira-convoca-assembleia-para-decidir-transformacao-em-sad\/#breadcrumb"},"inLanguage":"pt-PT","potentialAction":[{"@type":"ReadAction","target":["https:\/\/portaltela.pt\/noticias\/2026\/04\/07\/p-ferreira-convoca-assembleia-para-decidir-transformacao-em-sad\/"]}]},{"@type":"ImageObject","inLanguage":"pt-PT","@id":"https:\/\/portaltela.pt\/noticias\/2026\/04\/07\/p-ferreira-convoca-assembleia-para-decidir-transformacao-em-sad\/#primaryimage","url":"https:\/\/portaltela.pt\/s.01k8rhncp4jt1\/2026\/04\/img_920x518uu2026-04-07-19-50-02-2431656-im-639111882220472927.jpg","contentUrl":"https:\/\/portaltela.pt\/s.01k8rhncp4jt1\/2026\/04\/img_920x518uu2026-04-07-19-50-02-2431656-im-639111882220472927.jpg","width":796,"height":448,"caption":"P. Ferreira convoca Assembleia Geral para decidir transforma\u00e7\u00e3o em SAD"},{"@type":"BreadcrumbList","@id":"https:\/\/portaltela.pt\/noticias\/2026\/04\/07\/p-ferreira-convoca-assembleia-para-decidir-transformacao-em-sad\/#breadcrumb","itemListElement":[{"@type":"ListItem","position":1,"name":"In\u00edcio","item":"https:\/\/portaltela.pt\/"},{"@type":"ListItem","position":2,"name":"P. Ferreira convoca assembleia para decidir transforma\u00e7\u00e3o em SAD"}]},{"@type":"WebSite","@id":"https:\/\/portaltela.pt\/#website","url":"https:\/\/portaltela.pt\/","name":"Portal Tela Portugal","description":"","potentialAction":[{"@type":"SearchAction","target":{"@type":"EntryPoint","urlTemplate":"https:\/\/portaltela.pt\/?s={search_term_string}"},"query-input":{"@type":"PropertyValueSpecification","valueRequired":true,"valueName":"search_term_string"}}],"inLanguage":"pt-PT"},{"@type":"Person","@id":"https:\/\/portaltela.pt\/#\/schema\/person\/c4278d4a6028830caff9ee44b42d32ed","name":"Telinha","image":{"@type":"ImageObject","inLanguage":"pt-PT","@id":"https:\/\/portaltela.pt\/s.01k8rhncp4jt1\/2025\/11\/talking-bot-125x125.png","url":"https:\/\/portaltela.pt\/s.01k8rhncp4jt1\/2025\/11\/talking-bot-125x125.png","contentUrl":"https:\/\/portaltela.pt\/s.01k8rhncp4jt1\/2025\/11\/talking-bot-125x125.png","caption":"Telinha"},"sameAs":["https:\/\/portaltela.pt\/"],"url":"https:\/\/portaltela.pt\/por\/367410592786\/"}]}},"_links":{"self":[{"href":"https:\/\/portaltela.pt\/api\/wp\/v2\/posts\/435892","targetHints":{"allow":["GET"]}}],"collection":[{"href":"https:\/\/portaltela.pt\/api\/wp\/v2\/posts"}],"about":[{"href":"https:\/\/portaltela.pt\/api\/wp\/v2\/types\/post"}],"author":[{"embeddable":true,"href":"https:\/\/portaltela.pt\/api\/wp\/v2\/users\/2"}],"replies":[{"embeddable":true,"href":"https:\/\/portaltela.pt\/api\/wp\/v2\/comments?post=435892"}],"version-history":[{"count":0,"href":"https:\/\/portaltela.pt\/api\/wp\/v2\/posts\/435892\/revisions"}],"wp:featuredmedia":[{"embeddable":true,"href":"https:\/\/portaltela.pt\/api\/wp\/v2\/media\/435893"}],"wp:attachment":[{"href":"https:\/\/portaltela.pt\/api\/wp\/v2\/media?parent=435892"}],"wp:term":[{"taxonomy":"category","embeddable":true,"href":"https:\/\/portaltela.pt\/api\/wp\/v2\/categories?post=435892"},{"taxonomy":"post_tag","embeddable":true,"href":"https:\/\/portaltela.pt\/api\/wp\/v2\/tags?post=435892"}],"curies":[{"name":"wp","href":"https:\/\/api.w.org\/{rel}","templated":true}]}}